{"id":16167,"date":"2019-09-16T11:45:33","date_gmt":"2019-09-16T09:45:33","guid":{"rendered":"http:\/\/www.altercampagne.net\/?p=16167"},"modified":"2021-05-06T10:44:39","modified_gmt":"2021-05-06T08:44:39","slug":"photos-de-laltertour-2020","status":"publish","type":"post","link":"https:\/\/www.altercampagne.net\/?p=16167","title":{"rendered":"Photos de l&rsquo;AlterTour 2019"},"content":{"rendered":"\n<p>Les photos de l&rsquo;AlterTour sont en ligne ! <\/p>\n\n\n\n<p> Les photos nous ont \u00e9t\u00e9 envoy\u00e9es par les Altercyclistes au fil de  l\u2019AlterTour.&nbsp;Si vous souhaitez contribuer au partage de vos photos, vous  pouvez les envoyer via le service&nbsp;<a rel=\"noreferrer noopener\" aria-label=\" (s\u2019ouvre dans un nouvel onglet)\" href=\"https:\/\/framadrop.org\/\" target=\"_blank\">https:\/\/framadrop.org\/<\/a>ou <a rel=\"noreferrer noopener\" aria-label=\"https:\/\/apropos.fromsmash.com\/ (s\u2019ouvre dans un nouvel onglet)\" href=\"https:\/\/apropos.fromsmash.com\/\" target=\"_blank\">https:\/\/apropos.fromsmash.com\/<\/a> ou <a href=\"https:\/\/www.wetransfer.com\/\">https:\/\/www.wetransfer.com\/<\/a>&nbsp;\u00e0 l\u2019adresse :&nbsp;coordination@altertour.net <\/p>\n\n\n\n<p><a rel=\"noreferrer noopener\" aria-label=\"Du 12 au 19 juillet - De Daumeray \u00e0 Couff\u00e9 (s\u2019ouvre dans un nouvel onglet)\" href=\"https:\/\/nclood.zaclys.com\/index.php\/apps\/gallery\/s\/jQamTyzGP4KmDop\" target=\"_blank\">Du 12 au 19 juillet &#8211; De Daumeray \u00e0 Couff\u00e9<\/a> &#8211; <strong>\u00a9 <\/strong>Guillaume Gallois<\/p>\n\n\n\n<p><a rel=\"noreferrer noopener\" aria-label=\"Du 18 au 24 juillet - De Nantes \u00e0 Saint Hilaire (s\u2019ouvre dans un nouvel onglet)\" href=\"https:\/\/nclood.zaclys.com\/index.php\/apps\/gallery\/s\/3Jaq3xAbmTByRxB\" target=\"_blank\">Du 18 au 24 juillet &#8211; De Nantes \u00e0 Saint Hilaire<\/a> &#8211; \u00a9 Cl\u00e9a Mosa\u00efque,&nbsp;<a rel=\"noreferrer noopener\" href=\"http:\/\/www.cleamosaique.com\/\" target=\"_blank\">www.cleamosaique.com<\/a><\/p>\n\n\n\n<p><a rel=\"noreferrer noopener\" aria-label=\"Du 27 juillet au 2 ao\u00fbt - De La Rochelle \u00e0 Saint Estephe (s\u2019ouvre dans un nouvel onglet)\" href=\"https:\/\/my.pcloud.com\/publink\/show?code=kZNQE4kZPHi3e3zqHYVN6H4CD0o3O0TsbOwX\" target=\"_blank\">Du 27 juillet au 2 ao\u00fbt &#8211; De La Rochelle \u00e0 Saint Estephe<\/a> &#8211; Anne<\/p>\n\n\n\n<p><a href=\"https:\/\/nclood.zaclys.com\/index.php\/apps\/gallery\/s\/oSRgtKeRc5d6MRn\" target=\"_blank\" rel=\"noreferrer noopener\" aria-label=\"Du 27 juillet au 9 ao\u00fbt - De Dompierre sur Mer au Buisson de Cadouin (s\u2019ouvre dans un nouvel onglet)\">Du 27 juillet au 9 ao\u00fbt &#8211; De Dompierre sur Mer au Buisson de Cadouin<\/a> &#8211;  \u00a9 Joana, <a rel=\"noreferrer noopener\" href=\"https:\/\/galeries.lacouleurdurendezvous.fr\/\" target=\"_blank\">galeries.lacouleurdurendezvous.fr<\/a><\/p>\n\n\n\n<p><a rel=\"noreferrer noopener\" href=\"https:\/\/nclood.zaclys.com\/index.php\/apps\/gallery\/s\/odPWATN4Gfc4Wjx\" target=\"_blank\">Du 04 au 08 ao\u00fbt &#8211; De St Pierre de Frugie \u00e0 Bergerac<\/a> \u2013 Virginie<\/p>\n\n\n\n<p><a rel=\"noreferrer noopener\" aria-label=\"Du 10 au 17 ao\u00fbt - Du Buisson de Cadouin \u00e0 Bourret (s\u2019ouvre dans un nouvel onglet)\" href=\"https:\/\/nclood.zaclys.com\/index.php\/apps\/gallery\/s\/Sfxd2NgriJXQTE5\" target=\"_blank\">Du 10 au 17 ao\u00fbt &#8211; Du Buisson de Cadouin \u00e0 Bourret<\/a> &#8211; Samy Archim\u00e8de<\/p>\n\n\n\n<p><a href=\"https:\/\/nclood.zaclys.com\/index.php\/apps\/gallery\/s\/JcpoyozMcSeKiFH\" target=\"_blank\" rel=\"noreferrer noopener\" aria-label=\"Du 12 au 25 ao\u00fbt - De Salvezou \u00e0 Pau (s\u2019ouvre dans un nouvel onglet)\">Du 12 au 25 ao\u00fbt &#8211; De Salvezou \u00e0 Pau<\/a> &#8211; C\u00e9line M<\/p>\n\n\n\n<p><a href=\"https:\/\/nclood.zaclys.com\/index.php\/apps\/gallery\/s\/tXnZ8F62Hsow7GK\" target=\"_blank\" rel=\"noreferrer noopener\" aria-label=\"Du 13 au 21 ao\u00fbt - De Brengues \u00e0 Montesquiou (s\u2019ouvre dans un nouvel onglet)\">Du 13 au 21 ao\u00fbt &#8211; De Brengues \u00e0 Montesquiou<\/a> &#8211; Ren\u00e9<\/p>\n\n\n\n<p><a href=\"https:\/\/nclood.zaclys.com\/index.php\/apps\/gallery\/s\/p98GkMFoXAXLdWM\" target=\"_blank\" rel=\"noreferrer noopener\" aria-label=\"Du 17 au 21 ao\u00fbt - De Septfonds \u00e0 Montesquiou (s\u2019ouvre dans un nouvel onglet)\">Du 17 au 21 ao\u00fbt &#8211; De Septfonds \u00e0 Montesquiou<\/a> &#8211; \u00c9tienne<\/p>\n\n\n\n<p><a rel=\"noreferrer noopener\" aria-label=\"Du 18 au 24 ao\u00fbt - De Bourret \u00e0 Pau (s\u2019ouvre dans un nouvel onglet)\" href=\"https:\/\/nclood.zaclys.com\/index.php\/apps\/gallery\/s\/zWwrdcwEoXrDJLb\" target=\"_blank\">Du 18 au 24 ao\u00fbt &#8211; De Bourret \u00e0 Pau<\/a> &#8211; <strong>\u00a9 <\/strong>Lucia&nbsp;Palenzuela,&nbsp;<a rel=\"noreferrer noopener\" href=\"https:\/\/luciapalenzuela.com\/\" target=\"_blank\">https:\/\/luciapalenzuela.com\/<\/a><\/p>\n\n\n\n<p><a rel=\"noreferrer noopener\" aria-label=\"Du 20 au 21 ao\u00fbt- De Montegut \u00e0 Montesquiou (s\u2019ouvre dans un nouvel onglet)\" href=\"https:\/\/nclood.zaclys.com\/index.php\/apps\/gallery\/s\/sja6P8Tq3ezL5Bt\" target=\"_blank\">Du 20 au 21 ao\u00fbt- De Montegut \u00e0 Montesquiou<\/a> &#8211; <strong>\u00a9 <\/strong>Capitaine R\u00e9mi &nbsp;<a rel=\"noreferrer noopener\" href=\"https:\/\/capitaineremi.com\/\" target=\"_blank\">https:\/\/capitaineremi.com\/<\/a><\/p>\n","protected":false},"excerpt":{"rendered":"<p>Les photos de l&rsquo;AlterTour sont en ligne ! Les photos nous ont \u00e9t\u00e9 envoy\u00e9es par les Altercyclistes au fil de l\u2019AlterTour.&nbsp;Si vous souhaitez contribuer au partage de vos photos, vous pouvez les envoyer via le service&nbsp;https:\/\/framadrop.org\/ou https:\/\/apropos.fromsmash.com\/ ou https:\/\/www.wetransfer.com\/&nbsp;\u00e0 l\u2019adresse :&nbsp;coordination@altertour.net Du 12 au 19 juillet &#8211; De Daumeray \u00e0 &#8230; <\/p>\n<div><a href=\"https:\/\/www.altercampagne.net\/?p=16167\" class=\"more-link\">Read More<\/a><\/div>\n","protected":false},"author":214,"featured_media":16168,"comment_status":"closed","ping_status":"closed","sticky":false,"template":"","format":"standard","meta":{"footnotes":""},"categories":[4313,3773],"tags":[],"class_list":["post-16167","post","type-post","status-publish","format-standard","has-post-thumbnail","hentry","category-altertour","category-edition-2019"],"yoast_head":"<!-- This site is optimized with the Yoast SEO plugin v27.3 - https:\/\/yoast.com\/product\/yoast-seo-wordpress\/ -->\n<title>Photos de l&#039;AlterTour 2019 - AlterTour<\/title>\n<meta name=\"robots\" content=\"index, follow, max-snippet:-1, max-image-preview:large, max-video-preview:-1\" \/>\n<link rel=\"canonical\" href=\"https:\/\/www.altercampagne.net\/?p=16167\" \/>\n<meta property=\"og:locale\" content=\"fr_FR\" \/>\n<meta property=\"og:type\" content=\"article\" \/>\n<meta property=\"og:title\" content=\"Photos de l&#039;AlterTour 2019 - AlterTour\" \/>\n<meta property=\"og:description\" content=\"Les photos de l&rsquo;AlterTour sont en ligne ! Les photos nous ont \u00e9t\u00e9 envoy\u00e9es par les Altercyclistes au fil de l\u2019AlterTour.&nbsp;Si vous souhaitez contribuer au partage de vos photos, vous pouvez les envoyer via le service&nbsp;https:\/\/framadrop.org\/ou https:\/\/apropos.fromsmash.com\/ ou https:\/\/www.wetransfer.com\/&nbsp;\u00e0 l\u2019adresse :&nbsp;coordination@altertour.net Du 12 au 19 juillet &#8211; De Daumeray \u00e0 ... Read More\" \/>\n<meta property=\"og:url\" content=\"https:\/\/www.altercampagne.net\/?p=16167\" \/>\n<meta property=\"og:site_name\" content=\"AlterTour\" \/>\n<meta property=\"article:published_time\" content=\"2019-09-16T09:45:33+00:00\" \/>\n<meta property=\"article:modified_time\" content=\"2021-05-06T08:44:39+00:00\" \/>\n<meta property=\"og:image\" content=\"https:\/\/www.altercampagne.net\/wp-content\/uploads\/2019\/10\/AT2019-photos.jpg\" \/>\n\t<meta property=\"og:image:width\" content=\"800\" \/>\n\t<meta property=\"og:image:height\" content=\"418\" \/>\n\t<meta property=\"og:image:type\" content=\"image\/jpeg\" \/>\n<meta name=\"author\" content=\"Mathieu\" \/>\n<meta name=\"twitter:card\" content=\"summary_large_image\" \/>\n<meta name=\"twitter:label1\" content=\"\u00c9crit par\" \/>\n\t<meta name=\"twitter:data1\" content=\"Mathieu\" \/>\n\t<meta name=\"twitter:label2\" content=\"Dur\u00e9e de lecture estim\u00e9e\" \/>\n\t<meta name=\"twitter:data2\" content=\"1 minute\" \/>\n<script type=\"application\/ld+json\" class=\"yoast-schema-graph\">{\"@context\":\"https:\\\/\\\/schema.org\",\"@graph\":[{\"@type\":\"Article\",\"@id\":\"https:\\\/\\\/www.altercampagne.net\\\/?p=16167#article\",\"isPartOf\":{\"@id\":\"https:\\\/\\\/www.altercampagne.net\\\/?p=16167\"},\"author\":{\"name\":\"Mathieu\",\"@id\":\"https:\\\/\\\/www.altercampagne.net\\\/#\\\/schema\\\/person\\\/0f261460c09e430caa0f9bcffa319109\"},\"headline\":\"Photos de l&rsquo;AlterTour 2019\",\"datePublished\":\"2019-09-16T09:45:33+00:00\",\"dateModified\":\"2021-05-06T08:44:39+00:00\",\"mainEntityOfPage\":{\"@id\":\"https:\\\/\\\/www.altercampagne.net\\\/?p=16167\"},\"wordCount\":213,\"image\":{\"@id\":\"https:\\\/\\\/www.altercampagne.net\\\/?p=16167#primaryimage\"},\"thumbnailUrl\":\"https:\\\/\\\/www.altercampagne.net\\\/wp-content\\\/uploads\\\/2019\\\/10\\\/AT2019-photos.jpg\",\"articleSection\":[\"AlterTour\",\"Edition 2019\"],\"inLanguage\":\"fr-FR\"},{\"@type\":\"WebPage\",\"@id\":\"https:\\\/\\\/www.altercampagne.net\\\/?p=16167\",\"url\":\"https:\\\/\\\/www.altercampagne.net\\\/?p=16167\",\"name\":\"Photos de l'AlterTour 2019 - AlterTour\",\"isPartOf\":{\"@id\":\"https:\\\/\\\/www.altercampagne.net\\\/#website\"},\"primaryImageOfPage\":{\"@id\":\"https:\\\/\\\/www.altercampagne.net\\\/?p=16167#primaryimage\"},\"image\":{\"@id\":\"https:\\\/\\\/www.altercampagne.net\\\/?p=16167#primaryimage\"},\"thumbnailUrl\":\"https:\\\/\\\/www.altercampagne.net\\\/wp-content\\\/uploads\\\/2019\\\/10\\\/AT2019-photos.jpg\",\"datePublished\":\"2019-09-16T09:45:33+00:00\",\"dateModified\":\"2021-05-06T08:44:39+00:00\",\"author\":{\"@id\":\"https:\\\/\\\/www.altercampagne.net\\\/#\\\/schema\\\/person\\\/0f261460c09e430caa0f9bcffa319109\"},\"breadcrumb\":{\"@id\":\"https:\\\/\\\/www.altercampagne.net\\\/?p=16167#breadcrumb\"},\"inLanguage\":\"fr-FR\",\"potentialAction\":[{\"@type\":\"ReadAction\",\"target\":[\"https:\\\/\\\/www.altercampagne.net\\\/?p=16167\"]}]},{\"@type\":\"ImageObject\",\"inLanguage\":\"fr-FR\",\"@id\":\"https:\\\/\\\/www.altercampagne.net\\\/?p=16167#primaryimage\",\"url\":\"https:\\\/\\\/www.altercampagne.net\\\/wp-content\\\/uploads\\\/2019\\\/10\\\/AT2019-photos.jpg\",\"contentUrl\":\"https:\\\/\\\/www.altercampagne.net\\\/wp-content\\\/uploads\\\/2019\\\/10\\\/AT2019-photos.jpg\",\"width\":800,\"height\":418},{\"@type\":\"BreadcrumbList\",\"@id\":\"https:\\\/\\\/www.altercampagne.net\\\/?p=16167#breadcrumb\",\"itemListElement\":[{\"@type\":\"ListItem\",\"position\":1,\"name\":\"Accueil\",\"item\":\"https:\\\/\\\/www.altercampagne.net\\\/\"},{\"@type\":\"ListItem\",\"position\":2,\"name\":\"Photos de l&rsquo;AlterTour 2019\"}]},{\"@type\":\"WebSite\",\"@id\":\"https:\\\/\\\/www.altercampagne.net\\\/#website\",\"url\":\"https:\\\/\\\/www.altercampagne.net\\\/\",\"name\":\"AlterTour\",\"description\":\"Reliez les Alternatives \u00e0 v\u00e9lo\",\"potentialAction\":[{\"@type\":\"SearchAction\",\"target\":{\"@type\":\"EntryPoint\",\"urlTemplate\":\"https:\\\/\\\/www.altercampagne.net\\\/?s={search_term_string}\"},\"query-input\":{\"@type\":\"PropertyValueSpecification\",\"valueRequired\":true,\"valueName\":\"search_term_string\"}}],\"inLanguage\":\"fr-FR\"},{\"@type\":\"Person\",\"@id\":\"https:\\\/\\\/www.altercampagne.net\\\/#\\\/schema\\\/person\\\/0f261460c09e430caa0f9bcffa319109\",\"name\":\"Mathieu\",\"image\":{\"@type\":\"ImageObject\",\"inLanguage\":\"fr-FR\",\"@id\":\"https:\\\/\\\/secure.gravatar.com\\\/avatar\\\/aa9d3d24c83f2141e5e2709d0f63d09a99f6be6bb7a50abc4915838d9f54501a?s=96&d=mm&r=g\",\"url\":\"https:\\\/\\\/secure.gravatar.com\\\/avatar\\\/aa9d3d24c83f2141e5e2709d0f63d09a99f6be6bb7a50abc4915838d9f54501a?s=96&d=mm&r=g\",\"contentUrl\":\"https:\\\/\\\/secure.gravatar.com\\\/avatar\\\/aa9d3d24c83f2141e5e2709d0f63d09a99f6be6bb7a50abc4915838d9f54501a?s=96&d=mm&r=g\",\"caption\":\"Mathieu\"},\"url\":\"https:\\\/\\\/www.altercampagne.net\\\/?author=214\"}]}<\/script>\n<!-- \/ Yoast SEO plugin. -->","yoast_head_json":{"title":"Photos de l'AlterTour 2019 - AlterTour","robots":{"index":"index","follow":"follow","max-snippet":"max-snippet:-1","max-image-preview":"max-image-preview:large","max-video-preview":"max-video-preview:-1"},"canonical":"https:\/\/www.altercampagne.net\/?p=16167","og_locale":"fr_FR","og_type":"article","og_title":"Photos de l'AlterTour 2019 - AlterTour","og_description":"Les photos de l&rsquo;AlterTour sont en ligne ! Les photos nous ont \u00e9t\u00e9 envoy\u00e9es par les Altercyclistes au fil de l\u2019AlterTour.&nbsp;Si vous souhaitez contribuer au partage de vos photos, vous pouvez les envoyer via le service&nbsp;https:\/\/framadrop.org\/ou https:\/\/apropos.fromsmash.com\/ ou https:\/\/www.wetransfer.com\/&nbsp;\u00e0 l\u2019adresse :&nbsp;coordination@altertour.net Du 12 au 19 juillet &#8211; De Daumeray \u00e0 ... Read More","og_url":"https:\/\/www.altercampagne.net\/?p=16167","og_site_name":"AlterTour","article_published_time":"2019-09-16T09:45:33+00:00","article_modified_time":"2021-05-06T08:44:39+00:00","og_image":[{"width":800,"height":418,"url":"https:\/\/www.altercampagne.net\/wp-content\/uploads\/2019\/10\/AT2019-photos.jpg","type":"image\/jpeg"}],"author":"Mathieu","twitter_card":"summary_large_image","twitter_misc":{"\u00c9crit par":"Mathieu","Dur\u00e9e de lecture estim\u00e9e":"1 minute"},"schema":{"@context":"https:\/\/schema.org","@graph":[{"@type":"Article","@id":"https:\/\/www.altercampagne.net\/?p=16167#article","isPartOf":{"@id":"https:\/\/www.altercampagne.net\/?p=16167"},"author":{"name":"Mathieu","@id":"https:\/\/www.altercampagne.net\/#\/schema\/person\/0f261460c09e430caa0f9bcffa319109"},"headline":"Photos de l&rsquo;AlterTour 2019","datePublished":"2019-09-16T09:45:33+00:00","dateModified":"2021-05-06T08:44:39+00:00","mainEntityOfPage":{"@id":"https:\/\/www.altercampagne.net\/?p=16167"},"wordCount":213,"image":{"@id":"https:\/\/www.altercampagne.net\/?p=16167#primaryimage"},"thumbnailUrl":"https:\/\/www.altercampagne.net\/wp-content\/uploads\/2019\/10\/AT2019-photos.jpg","articleSection":["AlterTour","Edition 2019"],"inLanguage":"fr-FR"},{"@type":"WebPage","@id":"https:\/\/www.altercampagne.net\/?p=16167","url":"https:\/\/www.altercampagne.net\/?p=16167","name":"Photos de l'AlterTour 2019 - AlterTour","isPartOf":{"@id":"https:\/\/www.altercampagne.net\/#website"},"primaryImageOfPage":{"@id":"https:\/\/www.altercampagne.net\/?p=16167#primaryimage"},"image":{"@id":"https:\/\/www.altercampagne.net\/?p=16167#primaryimage"},"thumbnailUrl":"https:\/\/www.altercampagne.net\/wp-content\/uploads\/2019\/10\/AT2019-photos.jpg","datePublished":"2019-09-16T09:45:33+00:00","dateModified":"2021-05-06T08:44:39+00:00","author":{"@id":"https:\/\/www.altercampagne.net\/#\/schema\/person\/0f261460c09e430caa0f9bcffa319109"},"breadcrumb":{"@id":"https:\/\/www.altercampagne.net\/?p=16167#breadcrumb"},"inLanguage":"fr-FR","potentialAction":[{"@type":"ReadAction","target":["https:\/\/www.altercampagne.net\/?p=16167"]}]},{"@type":"ImageObject","inLanguage":"fr-FR","@id":"https:\/\/www.altercampagne.net\/?p=16167#primaryimage","url":"https:\/\/www.altercampagne.net\/wp-content\/uploads\/2019\/10\/AT2019-photos.jpg","contentUrl":"https:\/\/www.altercampagne.net\/wp-content\/uploads\/2019\/10\/AT2019-photos.jpg","width":800,"height":418},{"@type":"BreadcrumbList","@id":"https:\/\/www.altercampagne.net\/?p=16167#breadcrumb","itemListElement":[{"@type":"ListItem","position":1,"name":"Accueil","item":"https:\/\/www.altercampagne.net\/"},{"@type":"ListItem","position":2,"name":"Photos de l&rsquo;AlterTour 2019"}]},{"@type":"WebSite","@id":"https:\/\/www.altercampagne.net\/#website","url":"https:\/\/www.altercampagne.net\/","name":"AlterTour","description":"Reliez les Alternatives \u00e0 v\u00e9lo","potentialAction":[{"@type":"SearchAction","target":{"@type":"EntryPoint","urlTemplate":"https:\/\/www.altercampagne.net\/?s={search_term_string}"},"query-input":{"@type":"PropertyValueSpecification","valueRequired":true,"valueName":"search_term_string"}}],"inLanguage":"fr-FR"},{"@type":"Person","@id":"https:\/\/www.altercampagne.net\/#\/schema\/person\/0f261460c09e430caa0f9bcffa319109","name":"Mathieu","image":{"@type":"ImageObject","inLanguage":"fr-FR","@id":"https:\/\/secure.gravatar.com\/avatar\/aa9d3d24c83f2141e5e2709d0f63d09a99f6be6bb7a50abc4915838d9f54501a?s=96&d=mm&r=g","url":"https:\/\/secure.gravatar.com\/avatar\/aa9d3d24c83f2141e5e2709d0f63d09a99f6be6bb7a50abc4915838d9f54501a?s=96&d=mm&r=g","contentUrl":"https:\/\/secure.gravatar.com\/avatar\/aa9d3d24c83f2141e5e2709d0f63d09a99f6be6bb7a50abc4915838d9f54501a?s=96&d=mm&r=g","caption":"Mathieu"},"url":"https:\/\/www.altercampagne.net\/?author=214"}]}},"_links":{"self":[{"href":"https:\/\/www.altercampagne.net\/index.php?rest_route=\/wp\/v2\/posts\/16167","targetHints":{"allow":["GET"]}}],"collection":[{"href":"https:\/\/www.altercampagne.net\/index.php?rest_route=\/wp\/v2\/posts"}],"about":[{"href":"https:\/\/www.altercampagne.net\/index.php?rest_route=\/wp\/v2\/types\/post"}],"author":[{"embeddable":true,"href":"https:\/\/www.altercampagne.net\/index.php?rest_route=\/wp\/v2\/users\/214"}],"replies":[{"embeddable":true,"href":"https:\/\/www.altercampagne.net\/index.php?rest_route=%2Fwp%2Fv2%2Fcomments&post=16167"}],"version-history":[{"count":1,"href":"https:\/\/www.altercampagne.net\/index.php?rest_route=\/wp\/v2\/posts\/16167\/revisions"}],"predecessor-version":[{"id":21734,"href":"https:\/\/www.altercampagne.net\/index.php?rest_route=\/wp\/v2\/posts\/16167\/revisions\/21734"}],"wp:featuredmedia":[{"embeddable":true,"href":"https:\/\/www.altercampagne.net\/index.php?rest_route=\/wp\/v2\/media\/16168"}],"wp:attachment":[{"href":"https:\/\/www.altercampagne.net\/index.php?rest_route=%2Fwp%2Fv2%2Fmedia&parent=16167"}],"wp:term":[{"taxonomy":"category","embeddable":true,"href":"https:\/\/www.altercampagne.net\/index.php?rest_route=%2Fwp%2Fv2%2Fcategories&post=16167"},{"taxonomy":"post_tag","embeddable":true,"href":"https:\/\/www.altercampagne.net\/index.php?rest_route=%2Fwp%2Fv2%2Ftags&post=16167"}],"curies":[{"name":"wp","href":"https:\/\/api.w.org\/{rel}","templated":true}]}}