{"id":16219,"date":"2019-10-23T10:04:46","date_gmt":"2019-10-23T08:04:46","guid":{"rendered":"http:\/\/www.altercampagne.net\/?p=16219"},"modified":"2021-05-06T10:43:32","modified_gmt":"2021-05-06T08:43:32","slug":"rdv-les-16-et-17-novembre-a-paris-pour-lag-et-la-reunion-dorganisation-de-laltertour-2020","status":"publish","type":"post","link":"https:\/\/www.altercampagne.net\/?p=16219","title":{"rendered":"RDV les 16 et 17 novembre \u00e0 Paris pour l&rsquo;AG et la r\u00e9union d&rsquo;organisation de l&rsquo;AlterTour 2020"},"content":{"rendered":"\n<p><strong> L&rsquo;assembl\u00e9e g\u00e9n\u00e9rale de l&rsquo;AlterTour et le prochain week-end de pr\u00e9paration auront lieu tr\u00e8s bient\u00f4t, viens y participer avec nous !<\/strong><\/p>\n\n\n\n<h4 class=\"wp-block-heading\">Pourquoi l&rsquo;Assembl\u00e9e g\u00e9n\u00e9rale ?<\/h4>\n\n\n\n<p>&#8211; pour faire le bilan de l&rsquo;ann\u00e9e 2018-2019 : pr\u00e9senter le bilan moral et financier, et pr\u00e9parer la suite.<br>&#8211; pour nommer le prochain coll\u00e8ge solidaire<br>&#8211; pour se retrouver ! avec tous les membres de l&rsquo;AlterTour, les anciens, les amis&#8230;<\/p>\n\n\n\n<h4 class=\"wp-block-heading\">Et un week-end de pr\u00e9paration ?<\/h4>\n\n\n\n<p>&#8211; pour faire le point sur la recherche d&rsquo;alternatives pour le Bi\u00e8reTour et l&rsquo;AlterTour 2020<br>&#8211; pour faire avancer les groupes de travail qui se sont lanc\u00e9s en septembre<br>&#8211; pour faire la f\u00eate !<\/p>\n\n\n\n<h4 class=\"wp-block-heading\">En pratique<\/h4>\n\n\n\n<p><strong>Le lieu<\/strong>: on se retrouve \u00e0 la Conf\u00e9d\u00e9ration Paysanne, 104 rue de Robespierre, 93100 Bagnolet.<\/p>\n\n\n\n<p> Tu peux juste venir faire un coucou, rester 1h, 1 journ\u00e9e ou tout le week-end ! <\/p>\n\n\n\n<p>Si tu viens de loin, tu peux te faire h\u00e9berger chez les participant\u00b7e\u00b7s parisien\u00b7ne\u00b7s, <strong><a rel=\"noreferrer noopener\" aria-label=\"inscrit-toi ici (s\u2019ouvre dans un nouvel onglet)\" href=\"https:\/\/framaforms.org\/ag-et-reunion-de-preparation-de-laltertour-2020-1571817764\" target=\"_blank\">inscris-toi ici<\/a><\/strong> et emm\u00e8ne ton duvet !<\/p>\n\n\n\n<p>Pour manger, chacun apporte sa contribution culinaire pour faire une auberge espagnole <\/p>\n\n\n\n<h4 class=\"wp-block-heading\">Le programme du week-end<\/h4>\n\n\n\n<p>Samedi <\/p>\n\n\n\n<p><strong>Samedi 16 novembre<\/strong><\/p>\n\n\n\n<p>09h00 : Pr\u00e9paration de l&rsquo;AlterTour 2020<\/p>\n\n\n\n<p>D\u00e9jeuner<\/p>\n\n\n\n<p>14h30  &#8211; Assembl\u00e9e G\u00e9n\u00e9rale de l&rsquo;association<\/p>\n\n\n\n<ul class=\"wp-block-list\"><li><strong>&nbsp;<\/strong>Pr\u00e9sentation du bilan moral<\/li><li>Pr\u00e9sentation du bilan des accueillants<\/li><li>Pr\u00e9sentation du bilan financier<\/li><li>Renouvellement du coll\u00e8ge solidaire<\/li><\/ul>\n\n\n\n<p>18h00 : Ap\u00e9ro !<\/p>\n\n\n\n<p><strong>Dimanche 17 novembre<\/strong><\/p>\n\n\n\n<p>09h00 : Pr\u00e9paration de l&rsquo;AlterTour 2020<\/p>\n\n\n\n<p>pr\u00e9cisions du programme \u00e0 venir<\/p>\n\n\n\n<p>17h00 : Fin !<\/p>\n\n\n\n<p><\/p>\n\n\n\n<p>Cr\u00e9dit Photo :  Samy Archim\u00e8de<\/p>\n","protected":false},"excerpt":{"rendered":"<p>L&rsquo;assembl\u00e9e g\u00e9n\u00e9rale de l&rsquo;AlterTour et le prochain week-end de pr\u00e9paration auront lieu tr\u00e8s bient\u00f4t, viens y participer avec nous ! Pourquoi l&rsquo;Assembl\u00e9e g\u00e9n\u00e9rale ? &#8211; pour faire le bilan de l&rsquo;ann\u00e9e 2018-2019 : pr\u00e9senter le bilan moral et financier, et pr\u00e9parer la suite.&#8211; pour nommer le prochain coll\u00e8ge solidaire&#8211; pour &#8230; <\/p>\n<div><a href=\"https:\/\/www.altercampagne.net\/?p=16219\" class=\"more-link\">Read More<\/a><\/div>\n","protected":false},"author":214,"featured_media":16220,"comment_status":"closed","ping_status":"closed","sticky":false,"template":"","format":"standard","meta":{"footnotes":""},"categories":[4313,3967,3539],"tags":[],"class_list":["post-16219","post","type-post","status-publish","format-standard","has-post-thumbnail","hentry","category-altertour","category-edition-2020","category-we-de-preparation"],"yoast_head":"<!-- This site is optimized with the Yoast SEO plugin v27.3 - https:\/\/yoast.com\/product\/yoast-seo-wordpress\/ -->\n<title>RDV les 16 et 17 novembre \u00e0 Paris pour l&#039;AG et la r\u00e9union d&#039;organisation de l&#039;AlterTour 2020 - AlterTour<\/title>\n<meta name=\"robots\" content=\"index, follow, max-snippet:-1, max-image-preview:large, max-video-preview:-1\" \/>\n<link rel=\"canonical\" href=\"https:\/\/www.altercampagne.net\/?p=16219\" \/>\n<meta property=\"og:locale\" content=\"fr_FR\" \/>\n<meta property=\"og:type\" content=\"article\" \/>\n<meta property=\"og:title\" content=\"RDV les 16 et 17 novembre \u00e0 Paris pour l&#039;AG et la r\u00e9union d&#039;organisation de l&#039;AlterTour 2020 - AlterTour\" \/>\n<meta property=\"og:description\" content=\"L&rsquo;assembl\u00e9e g\u00e9n\u00e9rale de l&rsquo;AlterTour et le prochain week-end de pr\u00e9paration auront lieu tr\u00e8s bient\u00f4t, viens y participer avec nous ! Pourquoi l&rsquo;Assembl\u00e9e g\u00e9n\u00e9rale ? &#8211; pour faire le bilan de l&rsquo;ann\u00e9e 2018-2019 : pr\u00e9senter le bilan moral et financier, et pr\u00e9parer la suite.&#8211; pour nommer le prochain coll\u00e8ge solidaire&#8211; pour ... Read More\" \/>\n<meta property=\"og:url\" content=\"https:\/\/www.altercampagne.net\/?p=16219\" \/>\n<meta property=\"og:site_name\" content=\"AlterTour\" \/>\n<meta property=\"article:published_time\" content=\"2019-10-23T08:04:46+00:00\" \/>\n<meta property=\"article:modified_time\" content=\"2021-05-06T08:43:32+00:00\" \/>\n<meta property=\"og:image\" content=\"https:\/\/www.altercampagne.net\/wp-content\/uploads\/2019\/10\/2019-09-21-P1060344.jpg\" \/>\n\t<meta property=\"og:image:width\" content=\"900\" \/>\n\t<meta property=\"og:image:height\" content=\"470\" \/>\n\t<meta property=\"og:image:type\" content=\"image\/jpeg\" \/>\n<meta name=\"author\" content=\"Mathieu\" \/>\n<meta name=\"twitter:card\" content=\"summary_large_image\" \/>\n<meta name=\"twitter:label1\" content=\"\u00c9crit par\" \/>\n\t<meta name=\"twitter:data1\" content=\"Mathieu\" \/>\n\t<meta name=\"twitter:label2\" content=\"Dur\u00e9e de lecture estim\u00e9e\" \/>\n\t<meta name=\"twitter:data2\" content=\"1 minute\" \/>\n<script type=\"application\/ld+json\" class=\"yoast-schema-graph\">{\"@context\":\"https:\\\/\\\/schema.org\",\"@graph\":[{\"@type\":\"Article\",\"@id\":\"https:\\\/\\\/www.altercampagne.net\\\/?p=16219#article\",\"isPartOf\":{\"@id\":\"https:\\\/\\\/www.altercampagne.net\\\/?p=16219\"},\"author\":{\"name\":\"Mathieu\",\"@id\":\"https:\\\/\\\/www.altercampagne.net\\\/#\\\/schema\\\/person\\\/0f261460c09e430caa0f9bcffa319109\"},\"headline\":\"RDV les 16 et 17 novembre \u00e0 Paris pour l&rsquo;AG et la r\u00e9union d&rsquo;organisation de l&rsquo;AlterTour 2020\",\"datePublished\":\"2019-10-23T08:04:46+00:00\",\"dateModified\":\"2021-05-06T08:43:32+00:00\",\"mainEntityOfPage\":{\"@id\":\"https:\\\/\\\/www.altercampagne.net\\\/?p=16219\"},\"wordCount\":278,\"image\":{\"@id\":\"https:\\\/\\\/www.altercampagne.net\\\/?p=16219#primaryimage\"},\"thumbnailUrl\":\"https:\\\/\\\/www.altercampagne.net\\\/wp-content\\\/uploads\\\/2019\\\/10\\\/2019-09-21-P1060344.jpg\",\"articleSection\":[\"AlterTour\",\"Edition 2020\",\"WE de pr\u00e9paration\"],\"inLanguage\":\"fr-FR\"},{\"@type\":\"WebPage\",\"@id\":\"https:\\\/\\\/www.altercampagne.net\\\/?p=16219\",\"url\":\"https:\\\/\\\/www.altercampagne.net\\\/?p=16219\",\"name\":\"RDV les 16 et 17 novembre \u00e0 Paris pour l'AG et la r\u00e9union d'organisation de l'AlterTour 2020 - AlterTour\",\"isPartOf\":{\"@id\":\"https:\\\/\\\/www.altercampagne.net\\\/#website\"},\"primaryImageOfPage\":{\"@id\":\"https:\\\/\\\/www.altercampagne.net\\\/?p=16219#primaryimage\"},\"image\":{\"@id\":\"https:\\\/\\\/www.altercampagne.net\\\/?p=16219#primaryimage\"},\"thumbnailUrl\":\"https:\\\/\\\/www.altercampagne.net\\\/wp-content\\\/uploads\\\/2019\\\/10\\\/2019-09-21-P1060344.jpg\",\"datePublished\":\"2019-10-23T08:04:46+00:00\",\"dateModified\":\"2021-05-06T08:43:32+00:00\",\"author\":{\"@id\":\"https:\\\/\\\/www.altercampagne.net\\\/#\\\/schema\\\/person\\\/0f261460c09e430caa0f9bcffa319109\"},\"breadcrumb\":{\"@id\":\"https:\\\/\\\/www.altercampagne.net\\\/?p=16219#breadcrumb\"},\"inLanguage\":\"fr-FR\",\"potentialAction\":[{\"@type\":\"ReadAction\",\"target\":[\"https:\\\/\\\/www.altercampagne.net\\\/?p=16219\"]}]},{\"@type\":\"ImageObject\",\"inLanguage\":\"fr-FR\",\"@id\":\"https:\\\/\\\/www.altercampagne.net\\\/?p=16219#primaryimage\",\"url\":\"https:\\\/\\\/www.altercampagne.net\\\/wp-content\\\/uploads\\\/2019\\\/10\\\/2019-09-21-P1060344.jpg\",\"contentUrl\":\"https:\\\/\\\/www.altercampagne.net\\\/wp-content\\\/uploads\\\/2019\\\/10\\\/2019-09-21-P1060344.jpg\",\"width\":900,\"height\":470},{\"@type\":\"BreadcrumbList\",\"@id\":\"https:\\\/\\\/www.altercampagne.net\\\/?p=16219#breadcrumb\",\"itemListElement\":[{\"@type\":\"ListItem\",\"position\":1,\"name\":\"Accueil\",\"item\":\"https:\\\/\\\/www.altercampagne.net\\\/\"},{\"@type\":\"ListItem\",\"position\":2,\"name\":\"RDV les 16 et 17 novembre \u00e0 Paris pour l&rsquo;AG et la r\u00e9union d&rsquo;organisation de l&rsquo;AlterTour 2020\"}]},{\"@type\":\"WebSite\",\"@id\":\"https:\\\/\\\/www.altercampagne.net\\\/#website\",\"url\":\"https:\\\/\\\/www.altercampagne.net\\\/\",\"name\":\"AlterTour\",\"description\":\"Reliez les Alternatives \u00e0 v\u00e9lo\",\"potentialAction\":[{\"@type\":\"SearchAction\",\"target\":{\"@type\":\"EntryPoint\",\"urlTemplate\":\"https:\\\/\\\/www.altercampagne.net\\\/?s={search_term_string}\"},\"query-input\":{\"@type\":\"PropertyValueSpecification\",\"valueRequired\":true,\"valueName\":\"search_term_string\"}}],\"inLanguage\":\"fr-FR\"},{\"@type\":\"Person\",\"@id\":\"https:\\\/\\\/www.altercampagne.net\\\/#\\\/schema\\\/person\\\/0f261460c09e430caa0f9bcffa319109\",\"name\":\"Mathieu\",\"image\":{\"@type\":\"ImageObject\",\"inLanguage\":\"fr-FR\",\"@id\":\"https:\\\/\\\/secure.gravatar.com\\\/avatar\\\/aa9d3d24c83f2141e5e2709d0f63d09a99f6be6bb7a50abc4915838d9f54501a?s=96&d=mm&r=g\",\"url\":\"https:\\\/\\\/secure.gravatar.com\\\/avatar\\\/aa9d3d24c83f2141e5e2709d0f63d09a99f6be6bb7a50abc4915838d9f54501a?s=96&d=mm&r=g\",\"contentUrl\":\"https:\\\/\\\/secure.gravatar.com\\\/avatar\\\/aa9d3d24c83f2141e5e2709d0f63d09a99f6be6bb7a50abc4915838d9f54501a?s=96&d=mm&r=g\",\"caption\":\"Mathieu\"},\"url\":\"https:\\\/\\\/www.altercampagne.net\\\/?author=214\"}]}<\/script>\n<!-- \/ Yoast SEO plugin. -->","yoast_head_json":{"title":"RDV les 16 et 17 novembre \u00e0 Paris pour l'AG et la r\u00e9union d'organisation de l'AlterTour 2020 - AlterTour","robots":{"index":"index","follow":"follow","max-snippet":"max-snippet:-1","max-image-preview":"max-image-preview:large","max-video-preview":"max-video-preview:-1"},"canonical":"https:\/\/www.altercampagne.net\/?p=16219","og_locale":"fr_FR","og_type":"article","og_title":"RDV les 16 et 17 novembre \u00e0 Paris pour l'AG et la r\u00e9union d'organisation de l'AlterTour 2020 - AlterTour","og_description":"L&rsquo;assembl\u00e9e g\u00e9n\u00e9rale de l&rsquo;AlterTour et le prochain week-end de pr\u00e9paration auront lieu tr\u00e8s bient\u00f4t, viens y participer avec nous ! Pourquoi l&rsquo;Assembl\u00e9e g\u00e9n\u00e9rale ? &#8211; pour faire le bilan de l&rsquo;ann\u00e9e 2018-2019 : pr\u00e9senter le bilan moral et financier, et pr\u00e9parer la suite.&#8211; pour nommer le prochain coll\u00e8ge solidaire&#8211; pour ... Read More","og_url":"https:\/\/www.altercampagne.net\/?p=16219","og_site_name":"AlterTour","article_published_time":"2019-10-23T08:04:46+00:00","article_modified_time":"2021-05-06T08:43:32+00:00","og_image":[{"width":900,"height":470,"url":"https:\/\/www.altercampagne.net\/wp-content\/uploads\/2019\/10\/2019-09-21-P1060344.jpg","type":"image\/jpeg"}],"author":"Mathieu","twitter_card":"summary_large_image","twitter_misc":{"\u00c9crit par":"Mathieu","Dur\u00e9e de lecture estim\u00e9e":"1 minute"},"schema":{"@context":"https:\/\/schema.org","@graph":[{"@type":"Article","@id":"https:\/\/www.altercampagne.net\/?p=16219#article","isPartOf":{"@id":"https:\/\/www.altercampagne.net\/?p=16219"},"author":{"name":"Mathieu","@id":"https:\/\/www.altercampagne.net\/#\/schema\/person\/0f261460c09e430caa0f9bcffa319109"},"headline":"RDV les 16 et 17 novembre \u00e0 Paris pour l&rsquo;AG et la r\u00e9union d&rsquo;organisation de l&rsquo;AlterTour 2020","datePublished":"2019-10-23T08:04:46+00:00","dateModified":"2021-05-06T08:43:32+00:00","mainEntityOfPage":{"@id":"https:\/\/www.altercampagne.net\/?p=16219"},"wordCount":278,"image":{"@id":"https:\/\/www.altercampagne.net\/?p=16219#primaryimage"},"thumbnailUrl":"https:\/\/www.altercampagne.net\/wp-content\/uploads\/2019\/10\/2019-09-21-P1060344.jpg","articleSection":["AlterTour","Edition 2020","WE de pr\u00e9paration"],"inLanguage":"fr-FR"},{"@type":"WebPage","@id":"https:\/\/www.altercampagne.net\/?p=16219","url":"https:\/\/www.altercampagne.net\/?p=16219","name":"RDV les 16 et 17 novembre \u00e0 Paris pour l'AG et la r\u00e9union d'organisation de l'AlterTour 2020 - AlterTour","isPartOf":{"@id":"https:\/\/www.altercampagne.net\/#website"},"primaryImageOfPage":{"@id":"https:\/\/www.altercampagne.net\/?p=16219#primaryimage"},"image":{"@id":"https:\/\/www.altercampagne.net\/?p=16219#primaryimage"},"thumbnailUrl":"https:\/\/www.altercampagne.net\/wp-content\/uploads\/2019\/10\/2019-09-21-P1060344.jpg","datePublished":"2019-10-23T08:04:46+00:00","dateModified":"2021-05-06T08:43:32+00:00","author":{"@id":"https:\/\/www.altercampagne.net\/#\/schema\/person\/0f261460c09e430caa0f9bcffa319109"},"breadcrumb":{"@id":"https:\/\/www.altercampagne.net\/?p=16219#breadcrumb"},"inLanguage":"fr-FR","potentialAction":[{"@type":"ReadAction","target":["https:\/\/www.altercampagne.net\/?p=16219"]}]},{"@type":"ImageObject","inLanguage":"fr-FR","@id":"https:\/\/www.altercampagne.net\/?p=16219#primaryimage","url":"https:\/\/www.altercampagne.net\/wp-content\/uploads\/2019\/10\/2019-09-21-P1060344.jpg","contentUrl":"https:\/\/www.altercampagne.net\/wp-content\/uploads\/2019\/10\/2019-09-21-P1060344.jpg","width":900,"height":470},{"@type":"BreadcrumbList","@id":"https:\/\/www.altercampagne.net\/?p=16219#breadcrumb","itemListElement":[{"@type":"ListItem","position":1,"name":"Accueil","item":"https:\/\/www.altercampagne.net\/"},{"@type":"ListItem","position":2,"name":"RDV les 16 et 17 novembre \u00e0 Paris pour l&rsquo;AG et la r\u00e9union d&rsquo;organisation de l&rsquo;AlterTour 2020"}]},{"@type":"WebSite","@id":"https:\/\/www.altercampagne.net\/#website","url":"https:\/\/www.altercampagne.net\/","name":"AlterTour","description":"Reliez les Alternatives \u00e0 v\u00e9lo","potentialAction":[{"@type":"SearchAction","target":{"@type":"EntryPoint","urlTemplate":"https:\/\/www.altercampagne.net\/?s={search_term_string}"},"query-input":{"@type":"PropertyValueSpecification","valueRequired":true,"valueName":"search_term_string"}}],"inLanguage":"fr-FR"},{"@type":"Person","@id":"https:\/\/www.altercampagne.net\/#\/schema\/person\/0f261460c09e430caa0f9bcffa319109","name":"Mathieu","image":{"@type":"ImageObject","inLanguage":"fr-FR","@id":"https:\/\/secure.gravatar.com\/avatar\/aa9d3d24c83f2141e5e2709d0f63d09a99f6be6bb7a50abc4915838d9f54501a?s=96&d=mm&r=g","url":"https:\/\/secure.gravatar.com\/avatar\/aa9d3d24c83f2141e5e2709d0f63d09a99f6be6bb7a50abc4915838d9f54501a?s=96&d=mm&r=g","contentUrl":"https:\/\/secure.gravatar.com\/avatar\/aa9d3d24c83f2141e5e2709d0f63d09a99f6be6bb7a50abc4915838d9f54501a?s=96&d=mm&r=g","caption":"Mathieu"},"url":"https:\/\/www.altercampagne.net\/?author=214"}]}},"_links":{"self":[{"href":"https:\/\/www.altercampagne.net\/index.php?rest_route=\/wp\/v2\/posts\/16219","targetHints":{"allow":["GET"]}}],"collection":[{"href":"https:\/\/www.altercampagne.net\/index.php?rest_route=\/wp\/v2\/posts"}],"about":[{"href":"https:\/\/www.altercampagne.net\/index.php?rest_route=\/wp\/v2\/types\/post"}],"author":[{"embeddable":true,"href":"https:\/\/www.altercampagne.net\/index.php?rest_route=\/wp\/v2\/users\/214"}],"replies":[{"embeddable":true,"href":"https:\/\/www.altercampagne.net\/index.php?rest_route=%2Fwp%2Fv2%2Fcomments&post=16219"}],"version-history":[{"count":1,"href":"https:\/\/www.altercampagne.net\/index.php?rest_route=\/wp\/v2\/posts\/16219\/revisions"}],"predecessor-version":[{"id":21731,"href":"https:\/\/www.altercampagne.net\/index.php?rest_route=\/wp\/v2\/posts\/16219\/revisions\/21731"}],"wp:featuredmedia":[{"embeddable":true,"href":"https:\/\/www.altercampagne.net\/index.php?rest_route=\/wp\/v2\/media\/16220"}],"wp:attachment":[{"href":"https:\/\/www.altercampagne.net\/index.php?rest_route=%2Fwp%2Fv2%2Fmedia&parent=16219"}],"wp:term":[{"taxonomy":"category","embeddable":true,"href":"https:\/\/www.altercampagne.net\/index.php?rest_route=%2Fwp%2Fv2%2Fcategories&post=16219"},{"taxonomy":"post_tag","embeddable":true,"href":"https:\/\/www.altercampagne.net\/index.php?rest_route=%2Fwp%2Fv2%2Ftags&post=16219"}],"curies":[{"name":"wp","href":"https:\/\/api.w.org\/{rel}","templated":true}]}}