{"id":16369,"date":"2019-11-17T12:07:50","date_gmt":"2019-11-17T11:07:50","guid":{"rendered":"http:\/\/www.altercampagne.net\/?p=16369"},"modified":"2021-05-06T10:43:32","modified_gmt":"2021-05-06T08:43:32","slug":"un-petit-mot-avant-de-partir-2","status":"publish","type":"post","link":"https:\/\/www.altercampagne.net\/?p=16369","title":{"rendered":"Je repars le coeur tout chaud"},"content":{"rendered":"\n<p><strong>L\u2019AlterTour est fait de personnes ! Qui donnent de leur temps, de leur \u00e9nergie, de leurs id\u00e9es, qui d\u00e9couvrent et grandissent au cours de l\u2019aventure, et un jour s\u2019en vont semer un peu plus loin\u2026 Avant de leur dire bonne route, nous leur donnons la parole !<\/strong><\/p>\n\n\n\n<p>Un petit mot avant de partir&#8230; c&rsquo;est l&rsquo;occasion de se retourner, et de regarder ces 3 ann\u00e9es.<\/p>\n\n\n\n<h4 class=\"wp-block-heading\">L\u2019AlterTour m\u2019a transform\u00e9e<\/h4>\n\n\n\n<p>Mon 1<sup>er<\/sup>jour \u00e0 l\u2019AlterTour on barbouillait des publicit\u00e9s dans le centre ville de Lille. L\u2019AlterTour m\u2019a initi\u00e9e la d\u00e9sob\u00e9issance civile. Depuis, je suis all\u00e9e bloquer le si\u00e8ge de la SoG\u00e9, et la Tour Total \u00e0 La D\u00e9fense. L\u2019AlterTour m\u2019a emmen\u00e9e sur des ZAD, et des lieux de r\u00e9sistance. L\u2019AlterTour m\u2019a fait changer mes habitudes&nbsp;: en apprenant \u00e0 cuisiner v\u00e9g\u00e9tarien, j\u2019ai drastiquement r\u00e9duit ma consommation de viande. L\u2019AlterTour m\u2019a surtout fait d\u00e9couvrir des projets enthousiasmants, petits et grands&nbsp;: Los-en-go\u00ebl, Ardelaine, Saillans, Ungersheim\u2026 Et surtout l\u2019AlterTour m\u2019a fait rencontrer des gens inspirants&nbsp;: chacun de vous dans l&rsquo;orga, les membres du Coll\u00e8ge Solidaire et ceux qui nous ont pr\u00e9c\u00e9d\u00e9s et j&rsquo;ai aussi une pens\u00e9e pour Ren\u00e9 et Monique.<\/p>\n\n\n\n<h4 class=\"wp-block-heading\">L\u2019AlterTour m\u2019a \u00e9norm\u00e9ment appris&nbsp;<\/h4>\n\n\n\n<p><strong>Avec l\u2019AtlerTour, j\u2019ai d\u00e9couvert le monde de la communication, et ca a \u00e9t\u00e9 passionnant.<\/strong> A chaque nouveau projet, une nouvelle terre \u00e0 explorer. La refonte du site, l\u2019animation du blog, la cr\u00e9ation d\u2019une affiche, d\u2019un flyer, la r\u00e9daction d\u2019articles pour le recueil, les relations presse, la cr\u00e9ation d\u2019une newsletter\u2026 Autant d\u2019occasions d\u2019apprendre pour faire conna\u00eetre notre beau projet. En interne aussi, r\u00e9fl\u00e9chir notre usage des mailing listes pour le bien \u00eatre des membres de l\u2019orga, \u00e0 notre espace membre pour davantage d\u2019horizontalit\u00e9.&nbsp;<\/p>\n\n\n\n<p><strong>J\u2019ai d\u00e9couvert aussi l\u2019autogestion.<\/strong> Aaah l\u2019autogestion. Mais surtout tous les petits points d\u2019attention qui permettent que cela se passe bien (les gestes, les r\u00f4les, les petits cartons de couleurs). Aujourd\u2019hui je me prends \u00e0 agiter les mains en l\u2019air au boulot et \u00e0 proposer la r\u00e9partition des r\u00f4les en r\u00e9union chez EELV. Le d\u00e9bat mouvant, le bocal \u00e0 poissons, les couleurs du consensus\u2026 J\u2019ai appris une ribambelle de m\u00e9thodes d\u2019animation pour discuter, r\u00e9fl\u00e9chir, d\u00e9cider ensemble. Je mets ca dans ma besace et je n\u2019oublierai pas de m\u2019en resservir.<\/p>\n\n\n\n<h4 class=\"wp-block-heading\">Je suis heureuse de la pierre que j\u2019y ai apport\u00e9e<\/h4>\n\n\n\n<p>Venue de la plan\u00e8te scoute, j\u2019ai eu beaucoup de joie \u00e0 mettre au service de l\u2019Orga ce que je savais faire\u00a0: des ateliers de formation pour transmettre les comp\u00e9tences, des guides pour transmettre notre savoir-faire, des sketchs pour expliquer une ann\u00e9e \u00e0 l\u2019orga \u2013 sp\u00e9ciale d\u00e9dicace \u00e0 Elsa.<\/p>\n\n\n\n<p><strong>Au Coll\u00e8ge Solidaire aussi, je suis heureuse d\u2019avoir contribu\u00e9&nbsp;\u00e0 diff\u00e9rents chantiers<\/strong>&nbsp;: la r\u00e9partition du travail avec des r\u00e9f\u00e9rents th\u00e9matiques, l\u2019\u00e9mergence de nouveaux projets comme le BiereTour, et enfin l\u2019accompagnement de Mathieu notre salari\u00e9 (la reconnaissance de ses heures de travail, i.e. l\u2019augmentation de son volume horaire et le paiement des heures suppl\u00e9mentaires, la gestion de la charge et le travail avec les b\u00e9n\u00e9voles).<\/p>\n\n\n\n<p><strong>Apr\u00e8s 3 ans au CS, je sens aujourd\u2019hui que c\u2019est le moment de passer la main. <\/strong>Parce j\u2019habite de l\u2019autre c\u00f4t\u00e9 de la Manche depuis 1 an d\u00e9j\u00e0, et que l\u00e0-bas un paquet de rebellions m\u2019attendent. Parce que je suis convaincue qu\u2019il est bon pour l\u2019asso que les responsabilit\u00e9s tournent. Parce que cette asso est pleine de nouvelles envies et \u00e9nergies qui sauront mener cette barque vers de nouveaux horizons.&nbsp;<\/p>\n\n\n\n<p>Vous ne vous d\u00e9barassez pas totalement de moi, car je continuerai \u00e0 vous \u00e9crire une fois par mois et \u00e0 accompagner Hugues, notre nouveau r\u00e9f\u00e9rent communication.&nbsp;<\/p>\n\n\n\n<p>Avant de finir, je voudrais faire une mention sp\u00e9ciale \u00e0 Virginie, avec qui on a fait un \u00e9norme boulot sur le site et la communication \u2013 travail dont on b\u00e9n\u00e9ficie encore aujourd\u2019hui. A Mathieu, pour ces inombrables heures de r\u00e9union t\u00e9l\u00e9phonique, pour la com, pour l\u2019animation de l\u2019association, pour imaginer le future de l\u2019AlterTour et refaire le monde. Tu m\u2019as tellement appris, merci. A Marine, pour l\u2019aide \u00e0 la prise de recul et ces grandes discussions qui m\u2019ont fait avancer. A Vincent, partenaire de choc pendant ces 3 ans, pour \u00e9crire un guide, animer une r\u00e9union, explorer les recoins de l\u2019autogestion.. Chapeau\u00a0!<\/p>\n\n\n\n<h4 class=\"wp-block-heading\">Alors voil\u00e0, je poursuis la route&#8230;<\/h4>\n\n\n\n<p>Et d\u00e9j\u00e0 je suis un peu chose, je sens que vous allez me manquer. Je retiendrai&nbsp;:&nbsp;<\/p>\n\n\n\n<ul class=\"wp-block-list\"><li>La joie de retrouver vos mines r\u00e9jouies le vendredi soir, autour d\u2019une petite bi\u00e8re brass\u00e9e par Fabien ou Mat.&nbsp;<\/li><li>Le plaisir de prendre des responsabilit\u00e9s pour mener l\u2019AlterTour, ce projet que j\u2019aime tant<\/li><li>La libert\u00e9, l\u2019espace pour proposer, r\u00eaver, r\u00e9-inventer<\/li><li>Le bonheur de porter avec vous ce projet collectif. <strong>Dans ce coll\u00e8ge, il y avait de la solidarit\u00e9. Je vous dirais qu\u2019il y avait aussi de la fraternit\u00e9.<\/strong><\/li><\/ul>\n\n\n\n<p>Enfin cher AlterTour, toi qui m\u2019a fait devenir un peu qui je suis aujourd\u2019hui, je voudrais finir par un seul mot&nbsp;: MERCI.&nbsp;<\/p>\n\n\n\n<p class=\"has-text-align-right\"><strong>Julie<\/strong><\/p>\n\n\n\n<h4 class=\"wp-block-heading\">Ils quittent le coll\u00e8ge solidaire cette ann\u00e9e, un grand MERCI !<\/h4>\n\n\n\n<figure class=\"wp-block-image\"><img loading=\"lazy\" decoding=\"async\" width=\"812\" height=\"424\" src=\"http:\/\/www.altercampagne.net\/wp-content\/uploads\/2019\/11\/2019-11_17-Ils-quittent-le-CS-en-2020.png\" alt=\"\" class=\"wp-image-16370\" srcset=\"https:\/\/www.altercampagne.net\/wp-content\/uploads\/2019\/11\/2019-11_17-Ils-quittent-le-CS-en-2020.png 812w, https:\/\/www.altercampagne.net\/wp-content\/uploads\/2019\/11\/2019-11_17-Ils-quittent-le-CS-en-2020-300x157.png 300w, https:\/\/www.altercampagne.net\/wp-content\/uploads\/2019\/11\/2019-11_17-Ils-quittent-le-CS-en-2020-768x401.png 768w, https:\/\/www.altercampagne.net\/wp-content\/uploads\/2019\/11\/2019-11_17-Ils-quittent-le-CS-en-2020-610x319.png 610w, https:\/\/www.altercampagne.net\/wp-content\/uploads\/2019\/11\/2019-11_17-Ils-quittent-le-CS-en-2020-100x52.png 100w\" sizes=\"auto, (max-width: 812px) 100vw, 812px\" \/><\/figure>\n","protected":false},"excerpt":{"rendered":"<p>Un petit mot avant de partir&#8230; c&rsquo;est l&rsquo;occasion de se retourner, et de regarder ces 3 ann\u00e9es. Mon 1erjour \u00e0 l\u2019AlterTour on barbouillait des publicit\u00e9s dans le centre ville de Lille. L\u2019AlterTour m\u2019a initi\u00e9e la d\u00e9sob\u00e9issance civile. Depuis, je suis all\u00e9e bloquer le si\u00e8ge de la SoG\u00e9, et la Tour Total \u00e0 La D\u00e9fense. <\/p>\n","protected":false},"author":192,"featured_media":16423,"comment_status":"closed","ping_status":"closed","sticky":false,"template":"","format":"standard","meta":{"footnotes":""},"categories":[4313,3539,4054],"tags":[],"class_list":["post-16369","post","type-post","status-publish","format-standard","has-post-thumbnail","hentry","category-altertour","category-we-de-preparation","category-temoignages"],"yoast_head":"<!-- This site is optimized with the Yoast SEO plugin v27.3 - https:\/\/yoast.com\/product\/yoast-seo-wordpress\/ -->\n<title>Je repars le coeur tout chaud - AlterTour<\/title>\n<meta name=\"robots\" content=\"index, follow, max-snippet:-1, max-image-preview:large, max-video-preview:-1\" \/>\n<link rel=\"canonical\" href=\"https:\/\/www.altercampagne.net\/?p=16369\" \/>\n<meta property=\"og:locale\" content=\"fr_FR\" \/>\n<meta property=\"og:type\" content=\"article\" \/>\n<meta property=\"og:title\" content=\"Je repars le coeur tout chaud - AlterTour\" \/>\n<meta property=\"og:description\" content=\"Un petit mot avant de partir... c&#039;est l&#039;occasion de se retourner, et de regarder ces 3 ann\u00e9es. Mon 1erjour \u00e0 l\u2019AlterTour on barbouillait des publicit\u00e9s dans le centre ville de Lille. L\u2019AlterTour m\u2019a initi\u00e9e la d\u00e9sob\u00e9issance civile. Depuis, je suis all\u00e9e bloquer le si\u00e8ge de la SoG\u00e9, et la Tour Total \u00e0 La D\u00e9fense.\" \/>\n<meta property=\"og:url\" content=\"https:\/\/www.altercampagne.net\/?p=16369\" \/>\n<meta property=\"og:site_name\" content=\"AlterTour\" \/>\n<meta property=\"article:published_time\" content=\"2019-11-17T11:07:50+00:00\" \/>\n<meta property=\"article:modified_time\" content=\"2021-05-06T08:43:32+00:00\" \/>\n<meta property=\"og:image\" content=\"https:\/\/www.altercampagne.net\/wp-content\/uploads\/2019\/11\/Julie-L.jpg\" \/>\n\t<meta property=\"og:image:width\" content=\"600\" \/>\n\t<meta property=\"og:image:height\" content=\"314\" \/>\n\t<meta property=\"og:image:type\" content=\"image\/jpeg\" \/>\n<meta name=\"author\" content=\"Julie\" \/>\n<meta name=\"twitter:card\" content=\"summary_large_image\" \/>\n<meta name=\"twitter:label1\" content=\"\u00c9crit par\" \/>\n\t<meta name=\"twitter:data1\" content=\"Julie\" \/>\n\t<meta name=\"twitter:label2\" content=\"Dur\u00e9e de lecture estim\u00e9e\" \/>\n\t<meta name=\"twitter:data2\" content=\"5 minutes\" \/>\n<script type=\"application\/ld+json\" class=\"yoast-schema-graph\">{\"@context\":\"https:\\\/\\\/schema.org\",\"@graph\":[{\"@type\":\"Article\",\"@id\":\"https:\\\/\\\/www.altercampagne.net\\\/?p=16369#article\",\"isPartOf\":{\"@id\":\"https:\\\/\\\/www.altercampagne.net\\\/?p=16369\"},\"author\":{\"name\":\"Julie\",\"@id\":\"https:\\\/\\\/www.altercampagne.net\\\/#\\\/schema\\\/person\\\/ea52458af5ca10d56e01a1b53249ddc4\"},\"headline\":\"Je repars le coeur tout chaud\",\"datePublished\":\"2019-11-17T11:07:50+00:00\",\"dateModified\":\"2021-05-06T08:43:32+00:00\",\"mainEntityOfPage\":{\"@id\":\"https:\\\/\\\/www.altercampagne.net\\\/?p=16369\"},\"wordCount\":951,\"image\":{\"@id\":\"https:\\\/\\\/www.altercampagne.net\\\/?p=16369#primaryimage\"},\"thumbnailUrl\":\"https:\\\/\\\/www.altercampagne.net\\\/wp-content\\\/uploads\\\/2019\\\/11\\\/Julie-L.jpg\",\"articleSection\":[\"AlterTour\",\"WE de pr\u00e9paration\",\"T\u00e9moignages\"],\"inLanguage\":\"fr-FR\"},{\"@type\":\"WebPage\",\"@id\":\"https:\\\/\\\/www.altercampagne.net\\\/?p=16369\",\"url\":\"https:\\\/\\\/www.altercampagne.net\\\/?p=16369\",\"name\":\"Je repars le coeur tout chaud - AlterTour\",\"isPartOf\":{\"@id\":\"https:\\\/\\\/www.altercampagne.net\\\/#website\"},\"primaryImageOfPage\":{\"@id\":\"https:\\\/\\\/www.altercampagne.net\\\/?p=16369#primaryimage\"},\"image\":{\"@id\":\"https:\\\/\\\/www.altercampagne.net\\\/?p=16369#primaryimage\"},\"thumbnailUrl\":\"https:\\\/\\\/www.altercampagne.net\\\/wp-content\\\/uploads\\\/2019\\\/11\\\/Julie-L.jpg\",\"datePublished\":\"2019-11-17T11:07:50+00:00\",\"dateModified\":\"2021-05-06T08:43:32+00:00\",\"author\":{\"@id\":\"https:\\\/\\\/www.altercampagne.net\\\/#\\\/schema\\\/person\\\/ea52458af5ca10d56e01a1b53249ddc4\"},\"breadcrumb\":{\"@id\":\"https:\\\/\\\/www.altercampagne.net\\\/?p=16369#breadcrumb\"},\"inLanguage\":\"fr-FR\",\"potentialAction\":[{\"@type\":\"ReadAction\",\"target\":[\"https:\\\/\\\/www.altercampagne.net\\\/?p=16369\"]}]},{\"@type\":\"ImageObject\",\"inLanguage\":\"fr-FR\",\"@id\":\"https:\\\/\\\/www.altercampagne.net\\\/?p=16369#primaryimage\",\"url\":\"https:\\\/\\\/www.altercampagne.net\\\/wp-content\\\/uploads\\\/2019\\\/11\\\/Julie-L.jpg\",\"contentUrl\":\"https:\\\/\\\/www.altercampagne.net\\\/wp-content\\\/uploads\\\/2019\\\/11\\\/Julie-L.jpg\",\"width\":600,\"height\":314},{\"@type\":\"BreadcrumbList\",\"@id\":\"https:\\\/\\\/www.altercampagne.net\\\/?p=16369#breadcrumb\",\"itemListElement\":[{\"@type\":\"ListItem\",\"position\":1,\"name\":\"Accueil\",\"item\":\"https:\\\/\\\/www.altercampagne.net\\\/\"},{\"@type\":\"ListItem\",\"position\":2,\"name\":\"Je repars le coeur tout chaud\"}]},{\"@type\":\"WebSite\",\"@id\":\"https:\\\/\\\/www.altercampagne.net\\\/#website\",\"url\":\"https:\\\/\\\/www.altercampagne.net\\\/\",\"name\":\"AlterTour\",\"description\":\"Reliez les Alternatives \u00e0 v\u00e9lo\",\"potentialAction\":[{\"@type\":\"SearchAction\",\"target\":{\"@type\":\"EntryPoint\",\"urlTemplate\":\"https:\\\/\\\/www.altercampagne.net\\\/?s={search_term_string}\"},\"query-input\":{\"@type\":\"PropertyValueSpecification\",\"valueRequired\":true,\"valueName\":\"search_term_string\"}}],\"inLanguage\":\"fr-FR\"},{\"@type\":\"Person\",\"@id\":\"https:\\\/\\\/www.altercampagne.net\\\/#\\\/schema\\\/person\\\/ea52458af5ca10d56e01a1b53249ddc4\",\"name\":\"Julie\",\"image\":{\"@type\":\"ImageObject\",\"inLanguage\":\"fr-FR\",\"@id\":\"https:\\\/\\\/secure.gravatar.com\\\/avatar\\\/33c4c11c34e0f9cccad9f436c1a60f900028dcdb26df84756951418faf70fa39?s=96&d=mm&r=g\",\"url\":\"https:\\\/\\\/secure.gravatar.com\\\/avatar\\\/33c4c11c34e0f9cccad9f436c1a60f900028dcdb26df84756951418faf70fa39?s=96&d=mm&r=g\",\"contentUrl\":\"https:\\\/\\\/secure.gravatar.com\\\/avatar\\\/33c4c11c34e0f9cccad9f436c1a60f900028dcdb26df84756951418faf70fa39?s=96&d=mm&r=g\",\"caption\":\"Julie\"},\"url\":\"https:\\\/\\\/www.altercampagne.net\\\/?author=192\"}]}<\/script>\n<!-- \/ Yoast SEO plugin. -->","yoast_head_json":{"title":"Je repars le coeur tout chaud - AlterTour","robots":{"index":"index","follow":"follow","max-snippet":"max-snippet:-1","max-image-preview":"max-image-preview:large","max-video-preview":"max-video-preview:-1"},"canonical":"https:\/\/www.altercampagne.net\/?p=16369","og_locale":"fr_FR","og_type":"article","og_title":"Je repars le coeur tout chaud - AlterTour","og_description":"Un petit mot avant de partir... c'est l'occasion de se retourner, et de regarder ces 3 ann\u00e9es. Mon 1erjour \u00e0 l\u2019AlterTour on barbouillait des publicit\u00e9s dans le centre ville de Lille. L\u2019AlterTour m\u2019a initi\u00e9e la d\u00e9sob\u00e9issance civile. Depuis, je suis all\u00e9e bloquer le si\u00e8ge de la SoG\u00e9, et la Tour Total \u00e0 La D\u00e9fense.","og_url":"https:\/\/www.altercampagne.net\/?p=16369","og_site_name":"AlterTour","article_published_time":"2019-11-17T11:07:50+00:00","article_modified_time":"2021-05-06T08:43:32+00:00","og_image":[{"width":600,"height":314,"url":"https:\/\/www.altercampagne.net\/wp-content\/uploads\/2019\/11\/Julie-L.jpg","type":"image\/jpeg"}],"author":"Julie","twitter_card":"summary_large_image","twitter_misc":{"\u00c9crit par":"Julie","Dur\u00e9e de lecture estim\u00e9e":"5 minutes"},"schema":{"@context":"https:\/\/schema.org","@graph":[{"@type":"Article","@id":"https:\/\/www.altercampagne.net\/?p=16369#article","isPartOf":{"@id":"https:\/\/www.altercampagne.net\/?p=16369"},"author":{"name":"Julie","@id":"https:\/\/www.altercampagne.net\/#\/schema\/person\/ea52458af5ca10d56e01a1b53249ddc4"},"headline":"Je repars le coeur tout chaud","datePublished":"2019-11-17T11:07:50+00:00","dateModified":"2021-05-06T08:43:32+00:00","mainEntityOfPage":{"@id":"https:\/\/www.altercampagne.net\/?p=16369"},"wordCount":951,"image":{"@id":"https:\/\/www.altercampagne.net\/?p=16369#primaryimage"},"thumbnailUrl":"https:\/\/www.altercampagne.net\/wp-content\/uploads\/2019\/11\/Julie-L.jpg","articleSection":["AlterTour","WE de pr\u00e9paration","T\u00e9moignages"],"inLanguage":"fr-FR"},{"@type":"WebPage","@id":"https:\/\/www.altercampagne.net\/?p=16369","url":"https:\/\/www.altercampagne.net\/?p=16369","name":"Je repars le coeur tout chaud - AlterTour","isPartOf":{"@id":"https:\/\/www.altercampagne.net\/#website"},"primaryImageOfPage":{"@id":"https:\/\/www.altercampagne.net\/?p=16369#primaryimage"},"image":{"@id":"https:\/\/www.altercampagne.net\/?p=16369#primaryimage"},"thumbnailUrl":"https:\/\/www.altercampagne.net\/wp-content\/uploads\/2019\/11\/Julie-L.jpg","datePublished":"2019-11-17T11:07:50+00:00","dateModified":"2021-05-06T08:43:32+00:00","author":{"@id":"https:\/\/www.altercampagne.net\/#\/schema\/person\/ea52458af5ca10d56e01a1b53249ddc4"},"breadcrumb":{"@id":"https:\/\/www.altercampagne.net\/?p=16369#breadcrumb"},"inLanguage":"fr-FR","potentialAction":[{"@type":"ReadAction","target":["https:\/\/www.altercampagne.net\/?p=16369"]}]},{"@type":"ImageObject","inLanguage":"fr-FR","@id":"https:\/\/www.altercampagne.net\/?p=16369#primaryimage","url":"https:\/\/www.altercampagne.net\/wp-content\/uploads\/2019\/11\/Julie-L.jpg","contentUrl":"https:\/\/www.altercampagne.net\/wp-content\/uploads\/2019\/11\/Julie-L.jpg","width":600,"height":314},{"@type":"BreadcrumbList","@id":"https:\/\/www.altercampagne.net\/?p=16369#breadcrumb","itemListElement":[{"@type":"ListItem","position":1,"name":"Accueil","item":"https:\/\/www.altercampagne.net\/"},{"@type":"ListItem","position":2,"name":"Je repars le coeur tout chaud"}]},{"@type":"WebSite","@id":"https:\/\/www.altercampagne.net\/#website","url":"https:\/\/www.altercampagne.net\/","name":"AlterTour","description":"Reliez les Alternatives \u00e0 v\u00e9lo","potentialAction":[{"@type":"SearchAction","target":{"@type":"EntryPoint","urlTemplate":"https:\/\/www.altercampagne.net\/?s={search_term_string}"},"query-input":{"@type":"PropertyValueSpecification","valueRequired":true,"valueName":"search_term_string"}}],"inLanguage":"fr-FR"},{"@type":"Person","@id":"https:\/\/www.altercampagne.net\/#\/schema\/person\/ea52458af5ca10d56e01a1b53249ddc4","name":"Julie","image":{"@type":"ImageObject","inLanguage":"fr-FR","@id":"https:\/\/secure.gravatar.com\/avatar\/33c4c11c34e0f9cccad9f436c1a60f900028dcdb26df84756951418faf70fa39?s=96&d=mm&r=g","url":"https:\/\/secure.gravatar.com\/avatar\/33c4c11c34e0f9cccad9f436c1a60f900028dcdb26df84756951418faf70fa39?s=96&d=mm&r=g","contentUrl":"https:\/\/secure.gravatar.com\/avatar\/33c4c11c34e0f9cccad9f436c1a60f900028dcdb26df84756951418faf70fa39?s=96&d=mm&r=g","caption":"Julie"},"url":"https:\/\/www.altercampagne.net\/?author=192"}]}},"_links":{"self":[{"href":"https:\/\/www.altercampagne.net\/index.php?rest_route=\/wp\/v2\/posts\/16369","targetHints":{"allow":["GET"]}}],"collection":[{"href":"https:\/\/www.altercampagne.net\/index.php?rest_route=\/wp\/v2\/posts"}],"about":[{"href":"https:\/\/www.altercampagne.net\/index.php?rest_route=\/wp\/v2\/types\/post"}],"author":[{"embeddable":true,"href":"https:\/\/www.altercampagne.net\/index.php?rest_route=\/wp\/v2\/users\/192"}],"replies":[{"embeddable":true,"href":"https:\/\/www.altercampagne.net\/index.php?rest_route=%2Fwp%2Fv2%2Fcomments&post=16369"}],"version-history":[{"count":2,"href":"https:\/\/www.altercampagne.net\/index.php?rest_route=\/wp\/v2\/posts\/16369\/revisions"}],"predecessor-version":[{"id":19857,"href":"https:\/\/www.altercampagne.net\/index.php?rest_route=\/wp\/v2\/posts\/16369\/revisions\/19857"}],"wp:featuredmedia":[{"embeddable":true,"href":"https:\/\/www.altercampagne.net\/index.php?rest_route=\/wp\/v2\/media\/16423"}],"wp:attachment":[{"href":"https:\/\/www.altercampagne.net\/index.php?rest_route=%2Fwp%2Fv2%2Fmedia&parent=16369"}],"wp:term":[{"taxonomy":"category","embeddable":true,"href":"https:\/\/www.altercampagne.net\/index.php?rest_route=%2Fwp%2Fv2%2Fcategories&post=16369"},{"taxonomy":"post_tag","embeddable":true,"href":"https:\/\/www.altercampagne.net\/index.php?rest_route=%2Fwp%2Fv2%2Ftags&post=16369"}],"curies":[{"name":"wp","href":"https:\/\/api.w.org\/{rel}","templated":true}]}}