{"id":16484,"date":"2019-11-17T23:12:32","date_gmt":"2019-11-17T22:12:32","guid":{"rendered":"http:\/\/www.altercampagne.net\/?p=16484"},"modified":"2021-05-06T10:43:32","modified_gmt":"2021-05-06T08:43:32","slug":"cest-avec-grande-emotion-que-je-prends-conge-de-laltertour","status":"publish","type":"post","link":"https:\/\/www.altercampagne.net\/?p=16484","title":{"rendered":"C\u2019est avec grande \u00e9motion que je prends cong\u00e9 de l\u2019AlterTour."},"content":{"rendered":"\n<p><strong>L\u2019AlterTour est fait de personnes ! Qui donnent de leur temps, de leur \u00e9nergie, de leurs id\u00e9es, qui d\u00e9couvrent et grandissent au cours de l\u2019aventure, et un jour s\u2019en vont semer un peu plus loin\u2026 Avant de leur dire bonne route, nous leur donnons la parole !<\/strong><\/p>\n\n\n\n<h4 class=\"wp-block-heading\">Le temps est venu<\/h4>\n\n\n\n<p>C\u2019est avec grande \u00e9motion que je prends cong\u00e9 de l\u2019AlterTour. Il m\u2019a permis de vivre des exp\u00e9riences et des situations exceptionnelles qui m\u2019ont marqu\u00e9 pour le restant de la vie. Apr\u00e8s 8 participations, ma vie a chang\u00e9 et le temps est venu pour moi de m\u2019engager dans d\u2019autres projets.<\/p>\n\n\n\n<h4 class=\"wp-block-heading\">L\u2019\u00e9poque o\u00f9 r\u00e9gnait une certaine folie&#8230;<\/h4>\n\n\n\n<p>L\u2019AlterTour est devenu une grosse machine et je regrette l\u2019\u00e9poque o\u00f9 r\u00e9gnait une certaine folie, une l\u00e9g\u00e8ret\u00e9, un brin de fantaisie, une insouciance que j\u2019ai eu de la peine \u00e0 retrouver cette ann\u00e9e. Venus en famille, nous avons eu de la difficult\u00e9 \u00e0 trouver nos rep\u00e8res dans un groupe aussi gros, alors je pr\u00e9f\u00e8re partir avec la nostalgie des anciennes ann\u00e9es, et \u00e9viter de comparer pour se dire \u00ab\u00a0c\u2019\u00e9tait mieux avant&#8230;\u00a0\u00bb.<\/p>\n\n\n\n<h4 class=\"wp-block-heading\">Je me r\u00e9jouis de voir qu\u2019une rel\u00e8ve arrive, <\/h4>\n\n\n\n<p>que la nouvelle g\u00e9n\u00e9ration est l\u00e0 pour reprendre le flambeau. Je regrette cependant de ne plus revoir toutes ces personnes qui se sont donn\u00e9es corps et \u00e2me pour l\u2019AlterTour. Je pense bien s\u00fbr \u00e0 Justine, mais aussi \u00e0 Romain, Coline, Claire Brrr, Yome et tant d\u2019autres.<strong> Je veux ici leur rendre hommage, car ils ont impr\u00e9gn\u00e9 l\u2019AlterTour de leur engagement.<\/strong> Je souhaite aux nouveaux membres du coll\u00e8ge solidaire de poursuivre l\u2019aventure avec autant de passion. <\/p>\n\n\n\n<p>Peut-\u00eatre reviendrai-je un jour p\u00e9daler avec vous&nbsp;?<\/p>\n\n\n\n<p style=\"text-align:right\"><strong>Philippe<\/strong><\/p>\n\n\n\n<h4 class=\"wp-block-heading\">Ils quittent le coll\u00e8ge solidaire cette ann\u00e9e, un grand MERCI ! <\/h4>\n\n\n\n<figure class=\"wp-block-image\"><img loading=\"lazy\" decoding=\"async\" width=\"812\" height=\"424\" src=\"http:\/\/www.altercampagne.net\/wp-content\/uploads\/2019\/11\/2019-11_17-Ils-quittent-le-CS-en-2020.png\" alt=\"\" class=\"wp-image-16370\" srcset=\"https:\/\/www.altercampagne.net\/wp-content\/uploads\/2019\/11\/2019-11_17-Ils-quittent-le-CS-en-2020.png 812w, https:\/\/www.altercampagne.net\/wp-content\/uploads\/2019\/11\/2019-11_17-Ils-quittent-le-CS-en-2020-300x157.png 300w, https:\/\/www.altercampagne.net\/wp-content\/uploads\/2019\/11\/2019-11_17-Ils-quittent-le-CS-en-2020-768x401.png 768w, https:\/\/www.altercampagne.net\/wp-content\/uploads\/2019\/11\/2019-11_17-Ils-quittent-le-CS-en-2020-610x319.png 610w, https:\/\/www.altercampagne.net\/wp-content\/uploads\/2019\/11\/2019-11_17-Ils-quittent-le-CS-en-2020-100x52.png 100w\" sizes=\"auto, (max-width: 812px) 100vw, 812px\" \/><\/figure>\n","protected":false},"excerpt":{"rendered":"<p> Il m\u2019a permis de vivre des exp\u00e9riences et des situations exceptionnelles qui m\u2019ont marqu\u00e9 pour le restant de la vie. Apr\u00e8s 8 participations, ma vie a chang\u00e9 et le temps est venu pour moi de m\u2019engager dans d\u2019autres projets.<\/p>\n","protected":false},"author":215,"featured_media":16485,"comment_status":"closed","ping_status":"closed","sticky":false,"template":"","format":"standard","meta":{"footnotes":""},"categories":[4313,3967,4054],"tags":[],"class_list":["post-16484","post","type-post","status-publish","format-standard","has-post-thumbnail","hentry","category-altertour","category-edition-2020","category-temoignages"],"yoast_head":"<!-- This site is optimized with the Yoast SEO plugin v27.3 - https:\/\/yoast.com\/product\/yoast-seo-wordpress\/ -->\n<title>C\u2019est avec grande \u00e9motion que je prends cong\u00e9 de l\u2019AlterTour. - AlterTour<\/title>\n<meta name=\"robots\" content=\"index, follow, max-snippet:-1, max-image-preview:large, max-video-preview:-1\" \/>\n<link rel=\"canonical\" href=\"https:\/\/www.altercampagne.net\/?p=16484\" \/>\n<meta property=\"og:locale\" content=\"fr_FR\" \/>\n<meta property=\"og:type\" content=\"article\" \/>\n<meta property=\"og:title\" content=\"C\u2019est avec grande \u00e9motion que je prends cong\u00e9 de l\u2019AlterTour. - AlterTour\" \/>\n<meta property=\"og:description\" content=\"Il m\u2019a permis de vivre des exp\u00e9riences et des situations exceptionnelles qui m\u2019ont marqu\u00e9 pour le restant de la vie. Apr\u00e8s 8 participations, ma vie a chang\u00e9 et le temps est venu pour moi de m\u2019engager dans d\u2019autres projets.\" \/>\n<meta property=\"og:url\" content=\"https:\/\/www.altercampagne.net\/?p=16484\" \/>\n<meta property=\"og:site_name\" content=\"AlterTour\" \/>\n<meta property=\"article:published_time\" content=\"2019-11-17T22:12:32+00:00\" \/>\n<meta property=\"article:modified_time\" content=\"2021-05-06T08:43:32+00:00\" \/>\n<meta property=\"og:image\" content=\"https:\/\/www.altercampagne.net\/wp-content\/uploads\/2019\/11\/Philippe-1000x522.jpg\" \/>\n\t<meta property=\"og:image:width\" content=\"726\" \/>\n\t<meta property=\"og:image:height\" content=\"379\" \/>\n\t<meta property=\"og:image:type\" content=\"image\/jpeg\" \/>\n<meta name=\"author\" content=\"AlterTour\" \/>\n<meta name=\"twitter:card\" content=\"summary_large_image\" \/>\n<meta name=\"twitter:label1\" content=\"\u00c9crit par\" \/>\n\t<meta name=\"twitter:data1\" content=\"AlterTour\" \/>\n\t<meta name=\"twitter:label2\" content=\"Dur\u00e9e de lecture estim\u00e9e\" \/>\n\t<meta name=\"twitter:data2\" content=\"2 minutes\" \/>\n<script type=\"application\/ld+json\" class=\"yoast-schema-graph\">{\"@context\":\"https:\\\/\\\/schema.org\",\"@graph\":[{\"@type\":\"Article\",\"@id\":\"https:\\\/\\\/www.altercampagne.net\\\/?p=16484#article\",\"isPartOf\":{\"@id\":\"https:\\\/\\\/www.altercampagne.net\\\/?p=16484\"},\"author\":{\"name\":\"AlterTour\",\"@id\":\"https:\\\/\\\/www.altercampagne.net\\\/#\\\/schema\\\/person\\\/e5b68c803196f649c2152249d262d94a\"},\"headline\":\"C\u2019est avec grande \u00e9motion que je prends cong\u00e9 de l\u2019AlterTour.\",\"datePublished\":\"2019-11-17T22:12:32+00:00\",\"dateModified\":\"2021-05-06T08:43:32+00:00\",\"mainEntityOfPage\":{\"@id\":\"https:\\\/\\\/www.altercampagne.net\\\/?p=16484\"},\"wordCount\":328,\"image\":{\"@id\":\"https:\\\/\\\/www.altercampagne.net\\\/?p=16484#primaryimage\"},\"thumbnailUrl\":\"https:\\\/\\\/www.altercampagne.net\\\/wp-content\\\/uploads\\\/2019\\\/11\\\/Philippe-1000x522.jpg\",\"articleSection\":[\"AlterTour\",\"Edition 2020\",\"T\u00e9moignages\"],\"inLanguage\":\"fr-FR\"},{\"@type\":\"WebPage\",\"@id\":\"https:\\\/\\\/www.altercampagne.net\\\/?p=16484\",\"url\":\"https:\\\/\\\/www.altercampagne.net\\\/?p=16484\",\"name\":\"C\u2019est avec grande \u00e9motion que je prends cong\u00e9 de l\u2019AlterTour. - AlterTour\",\"isPartOf\":{\"@id\":\"https:\\\/\\\/www.altercampagne.net\\\/#website\"},\"primaryImageOfPage\":{\"@id\":\"https:\\\/\\\/www.altercampagne.net\\\/?p=16484#primaryimage\"},\"image\":{\"@id\":\"https:\\\/\\\/www.altercampagne.net\\\/?p=16484#primaryimage\"},\"thumbnailUrl\":\"https:\\\/\\\/www.altercampagne.net\\\/wp-content\\\/uploads\\\/2019\\\/11\\\/Philippe-1000x522.jpg\",\"datePublished\":\"2019-11-17T22:12:32+00:00\",\"dateModified\":\"2021-05-06T08:43:32+00:00\",\"author\":{\"@id\":\"https:\\\/\\\/www.altercampagne.net\\\/#\\\/schema\\\/person\\\/e5b68c803196f649c2152249d262d94a\"},\"breadcrumb\":{\"@id\":\"https:\\\/\\\/www.altercampagne.net\\\/?p=16484#breadcrumb\"},\"inLanguage\":\"fr-FR\",\"potentialAction\":[{\"@type\":\"ReadAction\",\"target\":[\"https:\\\/\\\/www.altercampagne.net\\\/?p=16484\"]}]},{\"@type\":\"ImageObject\",\"inLanguage\":\"fr-FR\",\"@id\":\"https:\\\/\\\/www.altercampagne.net\\\/?p=16484#primaryimage\",\"url\":\"https:\\\/\\\/www.altercampagne.net\\\/wp-content\\\/uploads\\\/2019\\\/11\\\/Philippe-1000x522.jpg\",\"contentUrl\":\"https:\\\/\\\/www.altercampagne.net\\\/wp-content\\\/uploads\\\/2019\\\/11\\\/Philippe-1000x522.jpg\",\"width\":726,\"height\":379},{\"@type\":\"BreadcrumbList\",\"@id\":\"https:\\\/\\\/www.altercampagne.net\\\/?p=16484#breadcrumb\",\"itemListElement\":[{\"@type\":\"ListItem\",\"position\":1,\"name\":\"Accueil\",\"item\":\"https:\\\/\\\/www.altercampagne.net\\\/\"},{\"@type\":\"ListItem\",\"position\":2,\"name\":\"C\u2019est avec grande \u00e9motion que je prends cong\u00e9 de l\u2019AlterTour.\"}]},{\"@type\":\"WebSite\",\"@id\":\"https:\\\/\\\/www.altercampagne.net\\\/#website\",\"url\":\"https:\\\/\\\/www.altercampagne.net\\\/\",\"name\":\"AlterTour\",\"description\":\"Reliez les Alternatives \u00e0 v\u00e9lo\",\"potentialAction\":[{\"@type\":\"SearchAction\",\"target\":{\"@type\":\"EntryPoint\",\"urlTemplate\":\"https:\\\/\\\/www.altercampagne.net\\\/?s={search_term_string}\"},\"query-input\":{\"@type\":\"PropertyValueSpecification\",\"valueRequired\":true,\"valueName\":\"search_term_string\"}}],\"inLanguage\":\"fr-FR\"},{\"@type\":\"Person\",\"@id\":\"https:\\\/\\\/www.altercampagne.net\\\/#\\\/schema\\\/person\\\/e5b68c803196f649c2152249d262d94a\",\"name\":\"AlterTour\",\"image\":{\"@type\":\"ImageObject\",\"inLanguage\":\"fr-FR\",\"@id\":\"https:\\\/\\\/secure.gravatar.com\\\/avatar\\\/3f2ed77f8506b8ea264ad5938bb0114bfa10f35b64086a66dfbb6e9f58ad9693?s=96&d=mm&r=g\",\"url\":\"https:\\\/\\\/secure.gravatar.com\\\/avatar\\\/3f2ed77f8506b8ea264ad5938bb0114bfa10f35b64086a66dfbb6e9f58ad9693?s=96&d=mm&r=g\",\"contentUrl\":\"https:\\\/\\\/secure.gravatar.com\\\/avatar\\\/3f2ed77f8506b8ea264ad5938bb0114bfa10f35b64086a66dfbb6e9f58ad9693?s=96&d=mm&r=g\",\"caption\":\"AlterTour\"},\"url\":\"https:\\\/\\\/www.altercampagne.net\\\/?author=215\"}]}<\/script>\n<!-- \/ Yoast SEO plugin. -->","yoast_head_json":{"title":"C\u2019est avec grande \u00e9motion que je prends cong\u00e9 de l\u2019AlterTour. - AlterTour","robots":{"index":"index","follow":"follow","max-snippet":"max-snippet:-1","max-image-preview":"max-image-preview:large","max-video-preview":"max-video-preview:-1"},"canonical":"https:\/\/www.altercampagne.net\/?p=16484","og_locale":"fr_FR","og_type":"article","og_title":"C\u2019est avec grande \u00e9motion que je prends cong\u00e9 de l\u2019AlterTour. - AlterTour","og_description":"Il m\u2019a permis de vivre des exp\u00e9riences et des situations exceptionnelles qui m\u2019ont marqu\u00e9 pour le restant de la vie. Apr\u00e8s 8 participations, ma vie a chang\u00e9 et le temps est venu pour moi de m\u2019engager dans d\u2019autres projets.","og_url":"https:\/\/www.altercampagne.net\/?p=16484","og_site_name":"AlterTour","article_published_time":"2019-11-17T22:12:32+00:00","article_modified_time":"2021-05-06T08:43:32+00:00","og_image":[{"width":726,"height":379,"url":"https:\/\/www.altercampagne.net\/wp-content\/uploads\/2019\/11\/Philippe-1000x522.jpg","type":"image\/jpeg"}],"author":"AlterTour","twitter_card":"summary_large_image","twitter_misc":{"\u00c9crit par":"AlterTour","Dur\u00e9e de lecture estim\u00e9e":"2 minutes"},"schema":{"@context":"https:\/\/schema.org","@graph":[{"@type":"Article","@id":"https:\/\/www.altercampagne.net\/?p=16484#article","isPartOf":{"@id":"https:\/\/www.altercampagne.net\/?p=16484"},"author":{"name":"AlterTour","@id":"https:\/\/www.altercampagne.net\/#\/schema\/person\/e5b68c803196f649c2152249d262d94a"},"headline":"C\u2019est avec grande \u00e9motion que je prends cong\u00e9 de l\u2019AlterTour.","datePublished":"2019-11-17T22:12:32+00:00","dateModified":"2021-05-06T08:43:32+00:00","mainEntityOfPage":{"@id":"https:\/\/www.altercampagne.net\/?p=16484"},"wordCount":328,"image":{"@id":"https:\/\/www.altercampagne.net\/?p=16484#primaryimage"},"thumbnailUrl":"https:\/\/www.altercampagne.net\/wp-content\/uploads\/2019\/11\/Philippe-1000x522.jpg","articleSection":["AlterTour","Edition 2020","T\u00e9moignages"],"inLanguage":"fr-FR"},{"@type":"WebPage","@id":"https:\/\/www.altercampagne.net\/?p=16484","url":"https:\/\/www.altercampagne.net\/?p=16484","name":"C\u2019est avec grande \u00e9motion que je prends cong\u00e9 de l\u2019AlterTour. - AlterTour","isPartOf":{"@id":"https:\/\/www.altercampagne.net\/#website"},"primaryImageOfPage":{"@id":"https:\/\/www.altercampagne.net\/?p=16484#primaryimage"},"image":{"@id":"https:\/\/www.altercampagne.net\/?p=16484#primaryimage"},"thumbnailUrl":"https:\/\/www.altercampagne.net\/wp-content\/uploads\/2019\/11\/Philippe-1000x522.jpg","datePublished":"2019-11-17T22:12:32+00:00","dateModified":"2021-05-06T08:43:32+00:00","author":{"@id":"https:\/\/www.altercampagne.net\/#\/schema\/person\/e5b68c803196f649c2152249d262d94a"},"breadcrumb":{"@id":"https:\/\/www.altercampagne.net\/?p=16484#breadcrumb"},"inLanguage":"fr-FR","potentialAction":[{"@type":"ReadAction","target":["https:\/\/www.altercampagne.net\/?p=16484"]}]},{"@type":"ImageObject","inLanguage":"fr-FR","@id":"https:\/\/www.altercampagne.net\/?p=16484#primaryimage","url":"https:\/\/www.altercampagne.net\/wp-content\/uploads\/2019\/11\/Philippe-1000x522.jpg","contentUrl":"https:\/\/www.altercampagne.net\/wp-content\/uploads\/2019\/11\/Philippe-1000x522.jpg","width":726,"height":379},{"@type":"BreadcrumbList","@id":"https:\/\/www.altercampagne.net\/?p=16484#breadcrumb","itemListElement":[{"@type":"ListItem","position":1,"name":"Accueil","item":"https:\/\/www.altercampagne.net\/"},{"@type":"ListItem","position":2,"name":"C\u2019est avec grande \u00e9motion que je prends cong\u00e9 de l\u2019AlterTour."}]},{"@type":"WebSite","@id":"https:\/\/www.altercampagne.net\/#website","url":"https:\/\/www.altercampagne.net\/","name":"AlterTour","description":"Reliez les Alternatives \u00e0 v\u00e9lo","potentialAction":[{"@type":"SearchAction","target":{"@type":"EntryPoint","urlTemplate":"https:\/\/www.altercampagne.net\/?s={search_term_string}"},"query-input":{"@type":"PropertyValueSpecification","valueRequired":true,"valueName":"search_term_string"}}],"inLanguage":"fr-FR"},{"@type":"Person","@id":"https:\/\/www.altercampagne.net\/#\/schema\/person\/e5b68c803196f649c2152249d262d94a","name":"AlterTour","image":{"@type":"ImageObject","inLanguage":"fr-FR","@id":"https:\/\/secure.gravatar.com\/avatar\/3f2ed77f8506b8ea264ad5938bb0114bfa10f35b64086a66dfbb6e9f58ad9693?s=96&d=mm&r=g","url":"https:\/\/secure.gravatar.com\/avatar\/3f2ed77f8506b8ea264ad5938bb0114bfa10f35b64086a66dfbb6e9f58ad9693?s=96&d=mm&r=g","contentUrl":"https:\/\/secure.gravatar.com\/avatar\/3f2ed77f8506b8ea264ad5938bb0114bfa10f35b64086a66dfbb6e9f58ad9693?s=96&d=mm&r=g","caption":"AlterTour"},"url":"https:\/\/www.altercampagne.net\/?author=215"}]}},"_links":{"self":[{"href":"https:\/\/www.altercampagne.net\/index.php?rest_route=\/wp\/v2\/posts\/16484","targetHints":{"allow":["GET"]}}],"collection":[{"href":"https:\/\/www.altercampagne.net\/index.php?rest_route=\/wp\/v2\/posts"}],"about":[{"href":"https:\/\/www.altercampagne.net\/index.php?rest_route=\/wp\/v2\/types\/post"}],"author":[{"embeddable":true,"href":"https:\/\/www.altercampagne.net\/index.php?rest_route=\/wp\/v2\/users\/215"}],"replies":[{"embeddable":true,"href":"https:\/\/www.altercampagne.net\/index.php?rest_route=%2Fwp%2Fv2%2Fcomments&post=16484"}],"version-history":[{"count":1,"href":"https:\/\/www.altercampagne.net\/index.php?rest_route=\/wp\/v2\/posts\/16484\/revisions"}],"predecessor-version":[{"id":21730,"href":"https:\/\/www.altercampagne.net\/index.php?rest_route=\/wp\/v2\/posts\/16484\/revisions\/21730"}],"wp:featuredmedia":[{"embeddable":true,"href":"https:\/\/www.altercampagne.net\/index.php?rest_route=\/wp\/v2\/media\/16485"}],"wp:attachment":[{"href":"https:\/\/www.altercampagne.net\/index.php?rest_route=%2Fwp%2Fv2%2Fmedia&parent=16484"}],"wp:term":[{"taxonomy":"category","embeddable":true,"href":"https:\/\/www.altercampagne.net\/index.php?rest_route=%2Fwp%2Fv2%2Fcategories&post=16484"},{"taxonomy":"post_tag","embeddable":true,"href":"https:\/\/www.altercampagne.net\/index.php?rest_route=%2Fwp%2Fv2%2Ftags&post=16484"}],"curies":[{"name":"wp","href":"https:\/\/api.w.org\/{rel}","templated":true}]}}