{"id":1656,"date":"2015-07-14T15:11:24","date_gmt":"2015-07-14T13:11:24","guid":{"rendered":"http:\/\/www.altercampagne.net\/?p=1656"},"modified":"2020-02-24T15:15:01","modified_gmt":"2020-02-24T14:15:01","slug":"1656","status":"publish","type":"post","link":"https:\/\/www.altercampagne.net\/?p=1656","title":{"rendered":"Faut pas nous gazer les houilles !"},"content":{"rendered":"<p><a href=\"http:\/\/www.altercampagne.net\/wp-content\/uploads\/2015\/05\/2015-08-18-Houille-ouille-ouille.jpg\"><img loading=\"lazy\" decoding=\"async\" class=\" wp-image-1261 size-medium alignright\" src=\"http:\/\/www.altercampagne.net\/wp-content\/uploads\/2015\/05\/2015-08-18-Houille-ouille-ouille-300x219.jpg\" alt=\"Houille ouille ouille AlterTour 2015\" width=\"300\" height=\"219\" srcset=\"https:\/\/www.altercampagne.net\/wp-content\/uploads\/2015\/05\/2015-08-18-Houille-ouille-ouille-300x219.jpg 300w, https:\/\/www.altercampagne.net\/wp-content\/uploads\/2015\/05\/2015-08-18-Houille-ouille-ouille.jpg 960w\" sizes=\"auto, (max-width: 300px) 100vw, 300px\" \/><\/a>\u00ab&nbsp;Faut pas me gazer les houilles&nbsp;!&nbsp;\u00bb. Le site du <i>Collectif Houille-Ouille-Ouille 59-62 <\/i>a le m\u00e9rite d\u2019\u00eatre clair. En 2012, quelques militants du Nord Pas-de-Calais apprennent l\u2019attribution de 2 permis d\u2019exploration, l\u2019un dans le Valenciennois, l\u2019autre de B\u00e9thune \u00e0 Marquion&nbsp;! Et ce, sans aucune information \u00e0 la population&nbsp;!<\/p>\n<p>Ils organisent alors des r\u00e9unions d\u2019information sur toute la r\u00e9gion, \u00e0 destination des habitants. Et ce malgr\u00e9 les b\u00e2tons dans les roues des maires des communes de Divion, d\u2019Avion et des entreprises&nbsp;<i>GazoNor&nbsp;<\/i>et&nbsp;<i>EGL Forage<\/i>.&nbsp;Gr\u00e2ce \u00e0 ces actions d\u2019information, les habitants d\u00e9couvrent \u00e0 leur tour ces projets d\u2019extraction, se mettent \u00e0 leur tour en col\u00e8re et, \u00e0 leur tour, r\u00e9sistent localement. Aujourd\u2019hui, la lutte continue, alors m\u00eame que GazoNor a annonc\u00e9 un report de 2 ou 3 ans des projets. Comme quoi, l\u2019\u00e9ducation populaire, \u00e7a fonctionne&nbsp;!<\/p>\n<p><b><i>\u00ab&nbsp;Arr\u00eatons de br\u00fbler du fossile pour produire de l\u2019\u00e9nergie&nbsp;\u00bb<\/i><\/b><\/p>\n<p><i>\u00abNotre collectif fait partie de la Coalition Climat de Lille, cr\u00e9\u00e9e en vue de la COP21&nbsp;: nous sommes donc compl\u00e8tement impliqu\u00e9s dans la lutte contre ce syst\u00e8me qui d\u00e9truit notre plan\u00e8te. Quand on parle d\u2019\u00e9nergie, la probl\u00e9matique du climat intervient toujours. Dans nos actions, au-del\u00e0 de la lutte contre l\u2019extraction des gaz de couche de charbon, nous militons \u00e9videmment pour que l\u2019on arr\u00eate de br\u00fbler du fossile pour produire de l\u2019\u00e9nergie. Lorsque les habitants viennent aux r\u00e9unions publiques, nous \u00e9changeons d\u2019abord sur les questions li\u00e9es aux forages. Et progressivement, au fil des discussions, le sujet du climat et la fa\u00e7on dont nous exploitons nos ressources arrivent sur le tapis&nbsp;: c\u2019est int\u00e9ressant car nous d\u00e9battons avec des personnes qui ne sont pas forc\u00e9ment tr\u00e8s sensibilis\u00e9es ou engag\u00e9es sur ce th\u00e8me.\u00bb<\/i><\/p>\n<p class=\"right\" style=\"text-align: right;\"><b>Christine POILLY, membre de Houille-Ouille-Ouille 59-62<\/b><\/p>\n<p>Extrait du Recueil des Alternatives de l&rsquo;AlterTour 2015, disponible dans le num\u00e9ro de juin de la <a title=\"Revue Silence\" href=\"http:\/\/www.revuesilence.net\/\" target=\"_blank\" rel=\"noopener noreferrer\">Revue Silence<\/a><\/p>\n<p>Le collectif Houille Ouille Ouille accueillera l\u2019AlterTour les 18 et 19 ao\u00fbt 2015 \u00e0 Loos-en-Gohelle. Lien vers l\u2019<a href=\"http:\/\/www.altercampagne.net\/?page_id=172&amp;route=43\">\u00e9tape du 18 ao\u00fbt 2015<\/a><\/p>\n","protected":false},"excerpt":{"rendered":"<p>\u00ab&nbsp;Faut pas me gazer les houilles&nbsp;!&nbsp;\u00bb. Le site du Collectif Houille-Ouille-Ouille 59-62 a le m\u00e9rite d\u2019\u00eatre clair. En 2012, quelques militants du Nord Pas-de-Calais apprennent l\u2019attribution de 2 permis d\u2019exploration, l\u2019un dans le Valenciennois, l\u2019autre de B\u00e9thune \u00e0 Marquion&nbsp;! Et ce, sans aucune information \u00e0 la population&nbsp;! Ils organisent alors &#8230; <\/p>\n<div><a href=\"https:\/\/www.altercampagne.net\/?p=1656\" class=\"more-link\">Read More<\/a><\/div>\n","protected":false},"author":214,"featured_media":0,"comment_status":"closed","ping_status":"closed","sticky":false,"template":"","format":"standard","meta":{"footnotes":""},"categories":[3476,3460,3542],"tags":[44,192,201,233,287,288,289,290,291,292,323,1502,1601],"class_list":["post-1656","post","type-post","status-publish","format-standard","hentry","category-hauts-de-france","category-edition-2015","category-lutte","tag-climat","tag-altertour-2015","tag-collectif-houille-ouille-ouille","tag-cop21","tag-gaz-de-schiste","tag-gaz-de-houiille","tag-gaz-de-couche","tag-gazonor","tag-egl-forage","tag-loos-en-goelle","tag-pas-de-calais","tag-loos-en-gohelle","tag-christine-poilly","no-post-thumbnail"],"yoast_head":"<!-- This site is optimized with the Yoast SEO plugin v27.3 - https:\/\/yoast.com\/product\/yoast-seo-wordpress\/ -->\n<title>Faut pas nous gazer les houilles ! - AlterTour<\/title>\n<meta name=\"robots\" content=\"index, follow, max-snippet:-1, max-image-preview:large, max-video-preview:-1\" \/>\n<link rel=\"canonical\" href=\"https:\/\/www.altercampagne.net\/?p=1656\" \/>\n<meta property=\"og:locale\" content=\"fr_FR\" \/>\n<meta property=\"og:type\" content=\"article\" \/>\n<meta property=\"og:title\" content=\"Faut pas nous gazer les houilles ! - AlterTour\" \/>\n<meta property=\"og:description\" content=\"\u00ab&nbsp;Faut pas me gazer les houilles&nbsp;!&nbsp;\u00bb. Le site du Collectif Houille-Ouille-Ouille 59-62 a le m\u00e9rite d\u2019\u00eatre clair. En 2012, quelques militants du Nord Pas-de-Calais apprennent l\u2019attribution de 2 permis d\u2019exploration, l\u2019un dans le Valenciennois, l\u2019autre de B\u00e9thune \u00e0 Marquion&nbsp;! Et ce, sans aucune information \u00e0 la population&nbsp;! Ils organisent alors ... Read More\" \/>\n<meta property=\"og:url\" content=\"https:\/\/www.altercampagne.net\/?p=1656\" \/>\n<meta property=\"og:site_name\" content=\"AlterTour\" \/>\n<meta property=\"article:published_time\" content=\"2015-07-14T13:11:24+00:00\" \/>\n<meta property=\"article:modified_time\" content=\"2020-02-24T14:15:01+00:00\" \/>\n<meta property=\"og:image\" content=\"http:\/\/www.altercampagne.net\/wp-content\/uploads\/2015\/05\/2015-08-18-Houille-ouille-ouille-300x219.jpg\" \/>\n<meta name=\"author\" content=\"Mathieu\" \/>\n<meta name=\"twitter:card\" content=\"summary_large_image\" \/>\n<meta name=\"twitter:label1\" content=\"\u00c9crit par\" \/>\n\t<meta name=\"twitter:data1\" content=\"Mathieu\" \/>\n\t<meta name=\"twitter:label2\" content=\"Dur\u00e9e de lecture estim\u00e9e\" \/>\n\t<meta name=\"twitter:data2\" content=\"2 minutes\" \/>\n<script type=\"application\/ld+json\" class=\"yoast-schema-graph\">{\"@context\":\"https:\\\/\\\/schema.org\",\"@graph\":[{\"@type\":\"Article\",\"@id\":\"https:\\\/\\\/www.altercampagne.net\\\/?p=1656#article\",\"isPartOf\":{\"@id\":\"https:\\\/\\\/www.altercampagne.net\\\/?p=1656\"},\"author\":{\"name\":\"Mathieu\",\"@id\":\"https:\\\/\\\/www.altercampagne.net\\\/#\\\/schema\\\/person\\\/0f261460c09e430caa0f9bcffa319109\"},\"headline\":\"Faut pas nous gazer les houilles !\",\"datePublished\":\"2015-07-14T13:11:24+00:00\",\"dateModified\":\"2020-02-24T14:15:01+00:00\",\"mainEntityOfPage\":{\"@id\":\"https:\\\/\\\/www.altercampagne.net\\\/?p=1656\"},\"wordCount\":376,\"image\":{\"@id\":\"https:\\\/\\\/www.altercampagne.net\\\/?p=1656#primaryimage\"},\"thumbnailUrl\":\"http:\\\/\\\/www.altercampagne.net\\\/wp-content\\\/uploads\\\/2015\\\/05\\\/2015-08-18-Houille-ouille-ouille-300x219.jpg\",\"keywords\":[\"climat\",\"AlterTour 2015\",\"Collectif Houille Ouille Ouille\",\"cop21\",\"gaz de schiste\",\"gaz de houiille\",\"gaz de couche\",\"gazonor\",\"EGL Forage\",\"loos-en-goelle\",\"pas de calais\",\"Loos-en-Gohelle\",\"Christine POILLY\"],\"articleSection\":[\"Hauts-de-France\",\"\u00c9dition 2015\",\"Lutte\"],\"inLanguage\":\"fr-FR\"},{\"@type\":\"WebPage\",\"@id\":\"https:\\\/\\\/www.altercampagne.net\\\/?p=1656\",\"url\":\"https:\\\/\\\/www.altercampagne.net\\\/?p=1656\",\"name\":\"Faut pas nous gazer les houilles ! - AlterTour\",\"isPartOf\":{\"@id\":\"https:\\\/\\\/www.altercampagne.net\\\/#website\"},\"primaryImageOfPage\":{\"@id\":\"https:\\\/\\\/www.altercampagne.net\\\/?p=1656#primaryimage\"},\"image\":{\"@id\":\"https:\\\/\\\/www.altercampagne.net\\\/?p=1656#primaryimage\"},\"thumbnailUrl\":\"http:\\\/\\\/www.altercampagne.net\\\/wp-content\\\/uploads\\\/2015\\\/05\\\/2015-08-18-Houille-ouille-ouille-300x219.jpg\",\"datePublished\":\"2015-07-14T13:11:24+00:00\",\"dateModified\":\"2020-02-24T14:15:01+00:00\",\"author\":{\"@id\":\"https:\\\/\\\/www.altercampagne.net\\\/#\\\/schema\\\/person\\\/0f261460c09e430caa0f9bcffa319109\"},\"breadcrumb\":{\"@id\":\"https:\\\/\\\/www.altercampagne.net\\\/?p=1656#breadcrumb\"},\"inLanguage\":\"fr-FR\",\"potentialAction\":[{\"@type\":\"ReadAction\",\"target\":[\"https:\\\/\\\/www.altercampagne.net\\\/?p=1656\"]}]},{\"@type\":\"ImageObject\",\"inLanguage\":\"fr-FR\",\"@id\":\"https:\\\/\\\/www.altercampagne.net\\\/?p=1656#primaryimage\",\"url\":\"https:\\\/\\\/www.altercampagne.net\\\/wp-content\\\/uploads\\\/2015\\\/05\\\/2015-08-18-Houille-ouille-ouille.jpg\",\"contentUrl\":\"https:\\\/\\\/www.altercampagne.net\\\/wp-content\\\/uploads\\\/2015\\\/05\\\/2015-08-18-Houille-ouille-ouille.jpg\",\"width\":960,\"height\":700,\"caption\":\"Houille ouille ouille AlterTour 2015\"},{\"@type\":\"BreadcrumbList\",\"@id\":\"https:\\\/\\\/www.altercampagne.net\\\/?p=1656#breadcrumb\",\"itemListElement\":[{\"@type\":\"ListItem\",\"position\":1,\"name\":\"Accueil\",\"item\":\"https:\\\/\\\/www.altercampagne.net\\\/\"},{\"@type\":\"ListItem\",\"position\":2,\"name\":\"Faut pas nous gazer les houilles !\"}]},{\"@type\":\"WebSite\",\"@id\":\"https:\\\/\\\/www.altercampagne.net\\\/#website\",\"url\":\"https:\\\/\\\/www.altercampagne.net\\\/\",\"name\":\"AlterTour\",\"description\":\"Reliez les Alternatives \u00e0 v\u00e9lo\",\"potentialAction\":[{\"@type\":\"SearchAction\",\"target\":{\"@type\":\"EntryPoint\",\"urlTemplate\":\"https:\\\/\\\/www.altercampagne.net\\\/?s={search_term_string}\"},\"query-input\":{\"@type\":\"PropertyValueSpecification\",\"valueRequired\":true,\"valueName\":\"search_term_string\"}}],\"inLanguage\":\"fr-FR\"},{\"@type\":\"Person\",\"@id\":\"https:\\\/\\\/www.altercampagne.net\\\/#\\\/schema\\\/person\\\/0f261460c09e430caa0f9bcffa319109\",\"name\":\"Mathieu\",\"image\":{\"@type\":\"ImageObject\",\"inLanguage\":\"fr-FR\",\"@id\":\"https:\\\/\\\/secure.gravatar.com\\\/avatar\\\/aa9d3d24c83f2141e5e2709d0f63d09a99f6be6bb7a50abc4915838d9f54501a?s=96&d=mm&r=g\",\"url\":\"https:\\\/\\\/secure.gravatar.com\\\/avatar\\\/aa9d3d24c83f2141e5e2709d0f63d09a99f6be6bb7a50abc4915838d9f54501a?s=96&d=mm&r=g\",\"contentUrl\":\"https:\\\/\\\/secure.gravatar.com\\\/avatar\\\/aa9d3d24c83f2141e5e2709d0f63d09a99f6be6bb7a50abc4915838d9f54501a?s=96&d=mm&r=g\",\"caption\":\"Mathieu\"},\"url\":\"https:\\\/\\\/www.altercampagne.net\\\/?author=214\"}]}<\/script>\n<!-- \/ Yoast SEO plugin. -->","yoast_head_json":{"title":"Faut pas nous gazer les houilles ! - AlterTour","robots":{"index":"index","follow":"follow","max-snippet":"max-snippet:-1","max-image-preview":"max-image-preview:large","max-video-preview":"max-video-preview:-1"},"canonical":"https:\/\/www.altercampagne.net\/?p=1656","og_locale":"fr_FR","og_type":"article","og_title":"Faut pas nous gazer les houilles ! - AlterTour","og_description":"\u00ab&nbsp;Faut pas me gazer les houilles&nbsp;!&nbsp;\u00bb. Le site du Collectif Houille-Ouille-Ouille 59-62 a le m\u00e9rite d\u2019\u00eatre clair. En 2012, quelques militants du Nord Pas-de-Calais apprennent l\u2019attribution de 2 permis d\u2019exploration, l\u2019un dans le Valenciennois, l\u2019autre de B\u00e9thune \u00e0 Marquion&nbsp;! Et ce, sans aucune information \u00e0 la population&nbsp;! Ils organisent alors ... Read More","og_url":"https:\/\/www.altercampagne.net\/?p=1656","og_site_name":"AlterTour","article_published_time":"2015-07-14T13:11:24+00:00","article_modified_time":"2020-02-24T14:15:01+00:00","og_image":[{"url":"http:\/\/www.altercampagne.net\/wp-content\/uploads\/2015\/05\/2015-08-18-Houille-ouille-ouille-300x219.jpg","type":"","width":"","height":""}],"author":"Mathieu","twitter_card":"summary_large_image","twitter_misc":{"\u00c9crit par":"Mathieu","Dur\u00e9e de lecture estim\u00e9e":"2 minutes"},"schema":{"@context":"https:\/\/schema.org","@graph":[{"@type":"Article","@id":"https:\/\/www.altercampagne.net\/?p=1656#article","isPartOf":{"@id":"https:\/\/www.altercampagne.net\/?p=1656"},"author":{"name":"Mathieu","@id":"https:\/\/www.altercampagne.net\/#\/schema\/person\/0f261460c09e430caa0f9bcffa319109"},"headline":"Faut pas nous gazer les houilles !","datePublished":"2015-07-14T13:11:24+00:00","dateModified":"2020-02-24T14:15:01+00:00","mainEntityOfPage":{"@id":"https:\/\/www.altercampagne.net\/?p=1656"},"wordCount":376,"image":{"@id":"https:\/\/www.altercampagne.net\/?p=1656#primaryimage"},"thumbnailUrl":"http:\/\/www.altercampagne.net\/wp-content\/uploads\/2015\/05\/2015-08-18-Houille-ouille-ouille-300x219.jpg","keywords":["climat","AlterTour 2015","Collectif Houille Ouille Ouille","cop21","gaz de schiste","gaz de houiille","gaz de couche","gazonor","EGL Forage","loos-en-goelle","pas de calais","Loos-en-Gohelle","Christine POILLY"],"articleSection":["Hauts-de-France","\u00c9dition 2015","Lutte"],"inLanguage":"fr-FR"},{"@type":"WebPage","@id":"https:\/\/www.altercampagne.net\/?p=1656","url":"https:\/\/www.altercampagne.net\/?p=1656","name":"Faut pas nous gazer les houilles ! - AlterTour","isPartOf":{"@id":"https:\/\/www.altercampagne.net\/#website"},"primaryImageOfPage":{"@id":"https:\/\/www.altercampagne.net\/?p=1656#primaryimage"},"image":{"@id":"https:\/\/www.altercampagne.net\/?p=1656#primaryimage"},"thumbnailUrl":"http:\/\/www.altercampagne.net\/wp-content\/uploads\/2015\/05\/2015-08-18-Houille-ouille-ouille-300x219.jpg","datePublished":"2015-07-14T13:11:24+00:00","dateModified":"2020-02-24T14:15:01+00:00","author":{"@id":"https:\/\/www.altercampagne.net\/#\/schema\/person\/0f261460c09e430caa0f9bcffa319109"},"breadcrumb":{"@id":"https:\/\/www.altercampagne.net\/?p=1656#breadcrumb"},"inLanguage":"fr-FR","potentialAction":[{"@type":"ReadAction","target":["https:\/\/www.altercampagne.net\/?p=1656"]}]},{"@type":"ImageObject","inLanguage":"fr-FR","@id":"https:\/\/www.altercampagne.net\/?p=1656#primaryimage","url":"https:\/\/www.altercampagne.net\/wp-content\/uploads\/2015\/05\/2015-08-18-Houille-ouille-ouille.jpg","contentUrl":"https:\/\/www.altercampagne.net\/wp-content\/uploads\/2015\/05\/2015-08-18-Houille-ouille-ouille.jpg","width":960,"height":700,"caption":"Houille ouille ouille AlterTour 2015"},{"@type":"BreadcrumbList","@id":"https:\/\/www.altercampagne.net\/?p=1656#breadcrumb","itemListElement":[{"@type":"ListItem","position":1,"name":"Accueil","item":"https:\/\/www.altercampagne.net\/"},{"@type":"ListItem","position":2,"name":"Faut pas nous gazer les houilles !"}]},{"@type":"WebSite","@id":"https:\/\/www.altercampagne.net\/#website","url":"https:\/\/www.altercampagne.net\/","name":"AlterTour","description":"Reliez les Alternatives \u00e0 v\u00e9lo","potentialAction":[{"@type":"SearchAction","target":{"@type":"EntryPoint","urlTemplate":"https:\/\/www.altercampagne.net\/?s={search_term_string}"},"query-input":{"@type":"PropertyValueSpecification","valueRequired":true,"valueName":"search_term_string"}}],"inLanguage":"fr-FR"},{"@type":"Person","@id":"https:\/\/www.altercampagne.net\/#\/schema\/person\/0f261460c09e430caa0f9bcffa319109","name":"Mathieu","image":{"@type":"ImageObject","inLanguage":"fr-FR","@id":"https:\/\/secure.gravatar.com\/avatar\/aa9d3d24c83f2141e5e2709d0f63d09a99f6be6bb7a50abc4915838d9f54501a?s=96&d=mm&r=g","url":"https:\/\/secure.gravatar.com\/avatar\/aa9d3d24c83f2141e5e2709d0f63d09a99f6be6bb7a50abc4915838d9f54501a?s=96&d=mm&r=g","contentUrl":"https:\/\/secure.gravatar.com\/avatar\/aa9d3d24c83f2141e5e2709d0f63d09a99f6be6bb7a50abc4915838d9f54501a?s=96&d=mm&r=g","caption":"Mathieu"},"url":"https:\/\/www.altercampagne.net\/?author=214"}]}},"_links":{"self":[{"href":"https:\/\/www.altercampagne.net\/index.php?rest_route=\/wp\/v2\/posts\/1656","targetHints":{"allow":["GET"]}}],"collection":[{"href":"https:\/\/www.altercampagne.net\/index.php?rest_route=\/wp\/v2\/posts"}],"about":[{"href":"https:\/\/www.altercampagne.net\/index.php?rest_route=\/wp\/v2\/types\/post"}],"author":[{"embeddable":true,"href":"https:\/\/www.altercampagne.net\/index.php?rest_route=\/wp\/v2\/users\/214"}],"replies":[{"embeddable":true,"href":"https:\/\/www.altercampagne.net\/index.php?rest_route=%2Fwp%2Fv2%2Fcomments&post=1656"}],"version-history":[{"count":1,"href":"https:\/\/www.altercampagne.net\/index.php?rest_route=\/wp\/v2\/posts\/1656\/revisions"}],"predecessor-version":[{"id":17348,"href":"https:\/\/www.altercampagne.net\/index.php?rest_route=\/wp\/v2\/posts\/1656\/revisions\/17348"}],"wp:attachment":[{"href":"https:\/\/www.altercampagne.net\/index.php?rest_route=%2Fwp%2Fv2%2Fmedia&parent=1656"}],"wp:term":[{"taxonomy":"category","embeddable":true,"href":"https:\/\/www.altercampagne.net\/index.php?rest_route=%2Fwp%2Fv2%2Fcategories&post=1656"},{"taxonomy":"post_tag","embeddable":true,"href":"https:\/\/www.altercampagne.net\/index.php?rest_route=%2Fwp%2Fv2%2Ftags&post=1656"}],"curies":[{"name":"wp","href":"https:\/\/api.w.org\/{rel}","templated":true}]}}