{"id":16582,"date":"2019-12-05T10:38:54","date_gmt":"2019-12-05T09:38:54","guid":{"rendered":"http:\/\/www.altercampagne.net\/?p=16582"},"modified":"2019-12-05T10:39:40","modified_gmt":"2019-12-05T09:39:40","slug":"enquete-transports-en-ile-de-france","status":"publish","type":"post","link":"https:\/\/www.altercampagne.net\/?p=16582","title":{"rendered":"Enqu\u00eate Transports en \u00cele-de-France"},"content":{"rendered":"\n<p>Voici les premiers r\u00e9sultats de l&rsquo;enqu\u00eate Transports en \u00cele-de-France pilot\u00e9e par \u00cele-de-France Mobilit\u00e9s, r\u00e9alis\u00e9e de janvier 2018 \u00e0 juin 2019\u2013hors p\u00e9riodes de vacances scolaires et hors mouvements sociaux.<\/p>\n\n\n\n<p><strong>Les deux-tiers des d\u00e9placements en \u00cele-de-France font moins de 3 km et durent moins de 30 minutes.<\/strong><\/p>\n\n\n\n<p><strong>Les d\u00e9placements en voiture diminuent<\/strong> de 5% par rapport \u00e0 2010 sur l\u2019ensemble de l\u2019\u00cele-de-France. Les d\u00e9placements en deux-roues motoris\u00e9s baissent fortement. L\u2019ensemble des modes actifs pr\u00e9sente une <strong>croissance<\/strong> de pr\u00e8s de 9% (8% pour les d\u00e9placements \u00e0 pied et <strong>30% pour les v\u00e9los<\/strong>).<\/p>\n\n\n\n<p>Le nombre de v\u00e9los poss\u00e9d\u00e9s par les m\u00e9nages est estim\u00e9 \u00e0 3,7 millions. Les Parisiens sont les moins \u00e9quip\u00e9s en v\u00e9lo, ceux de grande couronne les plus \u00e9quip\u00e9s. Cela s\u2019explique principalement par la difficult\u00e9 \u00e0 garer un v\u00e9lo \u00e0 son domicile. Le <strong>nombre de v\u00e9los \u00e9lectriques a \u00e9t\u00e9 multipli\u00e9 par trois<\/strong> en \u00cele-de-France depuis 2010. Il ne repr\u00e9sente toutefois aujourd\u2019hui que <strong>3% du parc de v\u00e9los<\/strong> poss\u00e9d\u00e9s par les Franciliens.<\/p>\n\n\n\n<p>Chaque jour, on compte <strong>840 000 d\u00e9placements \u00e0 v\u00e9lo, c\u2019est un tiers de plus qu\u2019en 2010<\/strong>. A ces d\u00e9placements s\u2019ajoutent 90 000 d\u00e9placements comprenant des trajets \u00e0 v\u00e9lo combin\u00e9s avec les transports collectifs. Un jour de semaine, 320 000 Franciliens utilisent le v\u00e9lo pour se d\u00e9placer.<\/p>\n\n\n\n<p>L\u2019\u00cele-de-France compte 12,1 millions d\u2019habitants en 2016. Sa population continue de cro\u00eetre, toutefois les tendances diff\u00e8rent selon les territoires. A Paris, la population diminue. Ailleurs, elle continue \u00e0 augmenter. Les enfants sont globalement plus nombreux, sous l\u2019effet du mini baby-boom des ann\u00e9es 2000. Le ph\u00e9nom\u00e8ne le plus marquant est celui du vieillissement de la population. La population \u00e2g\u00e9e de 60 \u00e0 74 ans augmente fortement sur l\u2019ensemble du territoire francilien et celle \u00e2g\u00e9e de 75 ans et plus augmente en grande couronne.<\/p>\n\n\n\n<p>source : EGTH2020-\u00cele-de-France Mobilit\u00e9s-OMNIL-DRIEA&nbsp; \/R\u00e9sultatspartiels2018<\/p>\n\n\n\n<p>Document complet \u00e0 t\u00e9l\u00e9charger : <a href=\"http:\/\/www.omnil.fr\/spip.php?article229\">http:\/\/www.omnil.fr\/spip.php?article229<\/a><\/p>\n","protected":false},"excerpt":{"rendered":"<p>Voici les premiers r\u00e9sultats de l&rsquo;enqu\u00eate Transports en \u00cele-de-France pilot\u00e9e par \u00cele-de-France Mobilit\u00e9s, r\u00e9alis\u00e9e de janvier 2018 \u00e0 juin 2019\u2013hors p\u00e9riodes de vacances scolaires et hors mouvements sociaux. Les deux-tiers des d\u00e9placements en \u00cele-de-France font moins de 3 km et durent moins de 30 minutes. Les d\u00e9placements en voiture diminuent &#8230; <\/p>\n<div><a href=\"https:\/\/www.altercampagne.net\/?p=16582\" class=\"more-link\">Read More<\/a><\/div>\n","protected":false},"author":206,"featured_media":15629,"comment_status":"closed","ping_status":"closed","sticky":false,"template":"","format":"standard","meta":{"footnotes":""},"categories":[3773,3477,3932],"tags":[4055],"class_list":["post-16582","post","type-post","status-publish","format-standard","has-post-thumbnail","hentry","category-edition-2019","category-ile-de-france","category-velo","tag-enquete-transport-ile-de-france"],"yoast_head":"<!-- This site is optimized with the Yoast SEO plugin v27.3 - https:\/\/yoast.com\/product\/yoast-seo-wordpress\/ -->\n<title>Enqu\u00eate Transports en \u00cele-de-France - AlterTour<\/title>\n<meta name=\"robots\" content=\"index, follow, max-snippet:-1, max-image-preview:large, max-video-preview:-1\" \/>\n<link rel=\"canonical\" href=\"https:\/\/www.altercampagne.net\/?p=16582\" \/>\n<meta property=\"og:locale\" content=\"fr_FR\" \/>\n<meta property=\"og:type\" content=\"article\" \/>\n<meta property=\"og:title\" content=\"Enqu\u00eate Transports en \u00cele-de-France - AlterTour\" \/>\n<meta property=\"og:description\" content=\"Voici les premiers r\u00e9sultats de l&rsquo;enqu\u00eate Transports en \u00cele-de-France pilot\u00e9e par \u00cele-de-France Mobilit\u00e9s, r\u00e9alis\u00e9e de janvier 2018 \u00e0 juin 2019\u2013hors p\u00e9riodes de vacances scolaires et hors mouvements sociaux. Les deux-tiers des d\u00e9placements en \u00cele-de-France font moins de 3 km et durent moins de 30 minutes. Les d\u00e9placements en voiture diminuent ... Read More\" \/>\n<meta property=\"og:url\" content=\"https:\/\/www.altercampagne.net\/?p=16582\" \/>\n<meta property=\"og:site_name\" content=\"AlterTour\" \/>\n<meta property=\"article:published_time\" content=\"2019-12-05T09:38:54+00:00\" \/>\n<meta property=\"article:modified_time\" content=\"2019-12-05T09:39:40+00:00\" \/>\n<meta property=\"og:image\" content=\"https:\/\/www.altercampagne.net\/wp-content\/uploads\/2015\/07\/2015-07-30_18.50.jpg\" \/>\n\t<meta property=\"og:image:width\" content=\"902\" \/>\n\t<meta property=\"og:image:height\" content=\"472\" \/>\n\t<meta property=\"og:image:type\" content=\"image\/jpeg\" \/>\n<meta name=\"author\" content=\"Sylvie F\" \/>\n<meta name=\"twitter:card\" content=\"summary_large_image\" \/>\n<meta name=\"twitter:label1\" content=\"\u00c9crit par\" \/>\n\t<meta name=\"twitter:data1\" content=\"Sylvie F\" \/>\n\t<meta name=\"twitter:label2\" content=\"Dur\u00e9e de lecture estim\u00e9e\" \/>\n\t<meta name=\"twitter:data2\" content=\"2 minutes\" \/>\n<script type=\"application\/ld+json\" class=\"yoast-schema-graph\">{\"@context\":\"https:\\\/\\\/schema.org\",\"@graph\":[{\"@type\":\"Article\",\"@id\":\"https:\\\/\\\/www.altercampagne.net\\\/?p=16582#article\",\"isPartOf\":{\"@id\":\"https:\\\/\\\/www.altercampagne.net\\\/?p=16582\"},\"author\":{\"name\":\"Sylvie F\",\"@id\":\"https:\\\/\\\/www.altercampagne.net\\\/#\\\/schema\\\/person\\\/fad5b6595876359c96e756d4d478f820\"},\"headline\":\"Enqu\u00eate Transports en \u00cele-de-France\",\"datePublished\":\"2019-12-05T09:38:54+00:00\",\"dateModified\":\"2019-12-05T09:39:40+00:00\",\"mainEntityOfPage\":{\"@id\":\"https:\\\/\\\/www.altercampagne.net\\\/?p=16582\"},\"wordCount\":335,\"image\":{\"@id\":\"https:\\\/\\\/www.altercampagne.net\\\/?p=16582#primaryimage\"},\"thumbnailUrl\":\"https:\\\/\\\/www.altercampagne.net\\\/wp-content\\\/uploads\\\/2015\\\/07\\\/2015-07-30_18.50.jpg\",\"keywords\":[\"enqu\u00eate transport Ile-de-France\"],\"articleSection\":[\"Edition 2019\",\"\u00cele-de-France\",\"V\u00e9lo\"],\"inLanguage\":\"fr-FR\"},{\"@type\":\"WebPage\",\"@id\":\"https:\\\/\\\/www.altercampagne.net\\\/?p=16582\",\"url\":\"https:\\\/\\\/www.altercampagne.net\\\/?p=16582\",\"name\":\"Enqu\u00eate Transports en \u00cele-de-France - AlterTour\",\"isPartOf\":{\"@id\":\"https:\\\/\\\/www.altercampagne.net\\\/#website\"},\"primaryImageOfPage\":{\"@id\":\"https:\\\/\\\/www.altercampagne.net\\\/?p=16582#primaryimage\"},\"image\":{\"@id\":\"https:\\\/\\\/www.altercampagne.net\\\/?p=16582#primaryimage\"},\"thumbnailUrl\":\"https:\\\/\\\/www.altercampagne.net\\\/wp-content\\\/uploads\\\/2015\\\/07\\\/2015-07-30_18.50.jpg\",\"datePublished\":\"2019-12-05T09:38:54+00:00\",\"dateModified\":\"2019-12-05T09:39:40+00:00\",\"author\":{\"@id\":\"https:\\\/\\\/www.altercampagne.net\\\/#\\\/schema\\\/person\\\/fad5b6595876359c96e756d4d478f820\"},\"breadcrumb\":{\"@id\":\"https:\\\/\\\/www.altercampagne.net\\\/?p=16582#breadcrumb\"},\"inLanguage\":\"fr-FR\",\"potentialAction\":[{\"@type\":\"ReadAction\",\"target\":[\"https:\\\/\\\/www.altercampagne.net\\\/?p=16582\"]}]},{\"@type\":\"ImageObject\",\"inLanguage\":\"fr-FR\",\"@id\":\"https:\\\/\\\/www.altercampagne.net\\\/?p=16582#primaryimage\",\"url\":\"https:\\\/\\\/www.altercampagne.net\\\/wp-content\\\/uploads\\\/2015\\\/07\\\/2015-07-30_18.50.jpg\",\"contentUrl\":\"https:\\\/\\\/www.altercampagne.net\\\/wp-content\\\/uploads\\\/2015\\\/07\\\/2015-07-30_18.50.jpg\",\"width\":902,\"height\":472},{\"@type\":\"BreadcrumbList\",\"@id\":\"https:\\\/\\\/www.altercampagne.net\\\/?p=16582#breadcrumb\",\"itemListElement\":[{\"@type\":\"ListItem\",\"position\":1,\"name\":\"Accueil\",\"item\":\"https:\\\/\\\/www.altercampagne.net\\\/\"},{\"@type\":\"ListItem\",\"position\":2,\"name\":\"Enqu\u00eate Transports en \u00cele-de-France\"}]},{\"@type\":\"WebSite\",\"@id\":\"https:\\\/\\\/www.altercampagne.net\\\/#website\",\"url\":\"https:\\\/\\\/www.altercampagne.net\\\/\",\"name\":\"AlterTour\",\"description\":\"Reliez les Alternatives \u00e0 v\u00e9lo\",\"potentialAction\":[{\"@type\":\"SearchAction\",\"target\":{\"@type\":\"EntryPoint\",\"urlTemplate\":\"https:\\\/\\\/www.altercampagne.net\\\/?s={search_term_string}\"},\"query-input\":{\"@type\":\"PropertyValueSpecification\",\"valueRequired\":true,\"valueName\":\"search_term_string\"}}],\"inLanguage\":\"fr-FR\"},{\"@type\":\"Person\",\"@id\":\"https:\\\/\\\/www.altercampagne.net\\\/#\\\/schema\\\/person\\\/fad5b6595876359c96e756d4d478f820\",\"name\":\"Sylvie F\",\"image\":{\"@type\":\"ImageObject\",\"inLanguage\":\"fr-FR\",\"@id\":\"https:\\\/\\\/secure.gravatar.com\\\/avatar\\\/16b2d5f6a1293ef16eadfdd15315bab8d4a87db50333f39a9b9b7a1b269a713f?s=96&d=mm&r=g\",\"url\":\"https:\\\/\\\/secure.gravatar.com\\\/avatar\\\/16b2d5f6a1293ef16eadfdd15315bab8d4a87db50333f39a9b9b7a1b269a713f?s=96&d=mm&r=g\",\"contentUrl\":\"https:\\\/\\\/secure.gravatar.com\\\/avatar\\\/16b2d5f6a1293ef16eadfdd15315bab8d4a87db50333f39a9b9b7a1b269a713f?s=96&d=mm&r=g\",\"caption\":\"Sylvie F\"},\"url\":\"https:\\\/\\\/www.altercampagne.net\\\/?author=206\"}]}<\/script>\n<!-- \/ Yoast SEO plugin. -->","yoast_head_json":{"title":"Enqu\u00eate Transports en \u00cele-de-France - AlterTour","robots":{"index":"index","follow":"follow","max-snippet":"max-snippet:-1","max-image-preview":"max-image-preview:large","max-video-preview":"max-video-preview:-1"},"canonical":"https:\/\/www.altercampagne.net\/?p=16582","og_locale":"fr_FR","og_type":"article","og_title":"Enqu\u00eate Transports en \u00cele-de-France - AlterTour","og_description":"Voici les premiers r\u00e9sultats de l&rsquo;enqu\u00eate Transports en \u00cele-de-France pilot\u00e9e par \u00cele-de-France Mobilit\u00e9s, r\u00e9alis\u00e9e de janvier 2018 \u00e0 juin 2019\u2013hors p\u00e9riodes de vacances scolaires et hors mouvements sociaux. Les deux-tiers des d\u00e9placements en \u00cele-de-France font moins de 3 km et durent moins de 30 minutes. Les d\u00e9placements en voiture diminuent ... Read More","og_url":"https:\/\/www.altercampagne.net\/?p=16582","og_site_name":"AlterTour","article_published_time":"2019-12-05T09:38:54+00:00","article_modified_time":"2019-12-05T09:39:40+00:00","og_image":[{"width":902,"height":472,"url":"https:\/\/www.altercampagne.net\/wp-content\/uploads\/2015\/07\/2015-07-30_18.50.jpg","type":"image\/jpeg"}],"author":"Sylvie F","twitter_card":"summary_large_image","twitter_misc":{"\u00c9crit par":"Sylvie F","Dur\u00e9e de lecture estim\u00e9e":"2 minutes"},"schema":{"@context":"https:\/\/schema.org","@graph":[{"@type":"Article","@id":"https:\/\/www.altercampagne.net\/?p=16582#article","isPartOf":{"@id":"https:\/\/www.altercampagne.net\/?p=16582"},"author":{"name":"Sylvie F","@id":"https:\/\/www.altercampagne.net\/#\/schema\/person\/fad5b6595876359c96e756d4d478f820"},"headline":"Enqu\u00eate Transports en \u00cele-de-France","datePublished":"2019-12-05T09:38:54+00:00","dateModified":"2019-12-05T09:39:40+00:00","mainEntityOfPage":{"@id":"https:\/\/www.altercampagne.net\/?p=16582"},"wordCount":335,"image":{"@id":"https:\/\/www.altercampagne.net\/?p=16582#primaryimage"},"thumbnailUrl":"https:\/\/www.altercampagne.net\/wp-content\/uploads\/2015\/07\/2015-07-30_18.50.jpg","keywords":["enqu\u00eate transport Ile-de-France"],"articleSection":["Edition 2019","\u00cele-de-France","V\u00e9lo"],"inLanguage":"fr-FR"},{"@type":"WebPage","@id":"https:\/\/www.altercampagne.net\/?p=16582","url":"https:\/\/www.altercampagne.net\/?p=16582","name":"Enqu\u00eate Transports en \u00cele-de-France - AlterTour","isPartOf":{"@id":"https:\/\/www.altercampagne.net\/#website"},"primaryImageOfPage":{"@id":"https:\/\/www.altercampagne.net\/?p=16582#primaryimage"},"image":{"@id":"https:\/\/www.altercampagne.net\/?p=16582#primaryimage"},"thumbnailUrl":"https:\/\/www.altercampagne.net\/wp-content\/uploads\/2015\/07\/2015-07-30_18.50.jpg","datePublished":"2019-12-05T09:38:54+00:00","dateModified":"2019-12-05T09:39:40+00:00","author":{"@id":"https:\/\/www.altercampagne.net\/#\/schema\/person\/fad5b6595876359c96e756d4d478f820"},"breadcrumb":{"@id":"https:\/\/www.altercampagne.net\/?p=16582#breadcrumb"},"inLanguage":"fr-FR","potentialAction":[{"@type":"ReadAction","target":["https:\/\/www.altercampagne.net\/?p=16582"]}]},{"@type":"ImageObject","inLanguage":"fr-FR","@id":"https:\/\/www.altercampagne.net\/?p=16582#primaryimage","url":"https:\/\/www.altercampagne.net\/wp-content\/uploads\/2015\/07\/2015-07-30_18.50.jpg","contentUrl":"https:\/\/www.altercampagne.net\/wp-content\/uploads\/2015\/07\/2015-07-30_18.50.jpg","width":902,"height":472},{"@type":"BreadcrumbList","@id":"https:\/\/www.altercampagne.net\/?p=16582#breadcrumb","itemListElement":[{"@type":"ListItem","position":1,"name":"Accueil","item":"https:\/\/www.altercampagne.net\/"},{"@type":"ListItem","position":2,"name":"Enqu\u00eate Transports en \u00cele-de-France"}]},{"@type":"WebSite","@id":"https:\/\/www.altercampagne.net\/#website","url":"https:\/\/www.altercampagne.net\/","name":"AlterTour","description":"Reliez les Alternatives \u00e0 v\u00e9lo","potentialAction":[{"@type":"SearchAction","target":{"@type":"EntryPoint","urlTemplate":"https:\/\/www.altercampagne.net\/?s={search_term_string}"},"query-input":{"@type":"PropertyValueSpecification","valueRequired":true,"valueName":"search_term_string"}}],"inLanguage":"fr-FR"},{"@type":"Person","@id":"https:\/\/www.altercampagne.net\/#\/schema\/person\/fad5b6595876359c96e756d4d478f820","name":"Sylvie F","image":{"@type":"ImageObject","inLanguage":"fr-FR","@id":"https:\/\/secure.gravatar.com\/avatar\/16b2d5f6a1293ef16eadfdd15315bab8d4a87db50333f39a9b9b7a1b269a713f?s=96&d=mm&r=g","url":"https:\/\/secure.gravatar.com\/avatar\/16b2d5f6a1293ef16eadfdd15315bab8d4a87db50333f39a9b9b7a1b269a713f?s=96&d=mm&r=g","contentUrl":"https:\/\/secure.gravatar.com\/avatar\/16b2d5f6a1293ef16eadfdd15315bab8d4a87db50333f39a9b9b7a1b269a713f?s=96&d=mm&r=g","caption":"Sylvie F"},"url":"https:\/\/www.altercampagne.net\/?author=206"}]}},"_links":{"self":[{"href":"https:\/\/www.altercampagne.net\/index.php?rest_route=\/wp\/v2\/posts\/16582","targetHints":{"allow":["GET"]}}],"collection":[{"href":"https:\/\/www.altercampagne.net\/index.php?rest_route=\/wp\/v2\/posts"}],"about":[{"href":"https:\/\/www.altercampagne.net\/index.php?rest_route=\/wp\/v2\/types\/post"}],"author":[{"embeddable":true,"href":"https:\/\/www.altercampagne.net\/index.php?rest_route=\/wp\/v2\/users\/206"}],"replies":[{"embeddable":true,"href":"https:\/\/www.altercampagne.net\/index.php?rest_route=%2Fwp%2Fv2%2Fcomments&post=16582"}],"version-history":[{"count":0,"href":"https:\/\/www.altercampagne.net\/index.php?rest_route=\/wp\/v2\/posts\/16582\/revisions"}],"wp:featuredmedia":[{"embeddable":true,"href":"https:\/\/www.altercampagne.net\/index.php?rest_route=\/wp\/v2\/media\/15629"}],"wp:attachment":[{"href":"https:\/\/www.altercampagne.net\/index.php?rest_route=%2Fwp%2Fv2%2Fmedia&parent=16582"}],"wp:term":[{"taxonomy":"category","embeddable":true,"href":"https:\/\/www.altercampagne.net\/index.php?rest_route=%2Fwp%2Fv2%2Fcategories&post=16582"},{"taxonomy":"post_tag","embeddable":true,"href":"https:\/\/www.altercampagne.net\/index.php?rest_route=%2Fwp%2Fv2%2Ftags&post=16582"}],"curies":[{"name":"wp","href":"https:\/\/api.w.org\/{rel}","templated":true}]}}