{"id":1660,"date":"2015-07-13T12:14:44","date_gmt":"2015-07-13T10:14:44","guid":{"rendered":"http:\/\/www.altercampagne.net\/?p=1660"},"modified":"2020-02-24T15:15:44","modified_gmt":"2020-02-24T14:15:44","slug":"les-ajonc-experimentent-la-permaculture-lagroforesterie","status":"publish","type":"post","link":"https:\/\/www.altercampagne.net\/?p=1660","title":{"rendered":"Les AJOnc exp\u00e9rimentent la permaculture, l&rsquo;agroforesterie&#8230;"},"content":{"rendered":"<p><a href=\"http:\/\/www.altercampagne.net\/?page_id=172&amp;route=42\"><img loading=\"lazy\" decoding=\"async\" class=\" wp-image-1259 size-medium alignleft\" src=\"http:\/\/www.altercampagne.net\/wp-content\/uploads\/2015\/05\/2015-08-17-ajonc1-300x219.jpg\" alt=\"Ajonc AlterTour 2015\" width=\"300\" height=\"219\" srcset=\"https:\/\/www.altercampagne.net\/wp-content\/uploads\/2015\/05\/2015-08-17-ajonc1-300x219.jpg 300w, https:\/\/www.altercampagne.net\/wp-content\/uploads\/2015\/05\/2015-08-17-ajonc1.jpg 960w\" sizes=\"auto, (max-width: 300px) 100vw, 300px\" \/><\/a>Les AJOnc, ce sont les <i>Amis des Jardins Ouverts et n\u00e9anmoins cl\u00f4tur\u00e9s<\/i>. Un oxymore&nbsp;? Vraiment&nbsp;? Ils mettent en r\u00e9seau des jardins partag\u00e9s du Nord\/Pas-de-Calais. Ils sont m\u00eame pr\u00e9curseurs en 1997. Avec aujourd\u2019hui 49 jardins de 1 000 m2 en moyenne, 300 adh\u00e9rents directs, 750 adh\u00e9rents indirects et 11 salari\u00e9s, les AJOnc r\u00e9pondent \u00e0 plusieurs demandes&nbsp;: ils accompagnent des habitants au d\u00e9marrage et dans la dur\u00e9e en fournissant des outils m\u00e9thodologiques. Ils accompagnent aussi les communes pour de la r\u00e9novation urbaine, les bailleurs sociaux cr\u00e9ateurs de liens au pied d\u2019immeubles ou des lotisseurs priv\u00e9s dans le cadre d\u2019\u00e9co-quartiers. Dans tous les cas, les AJOnc cultivent 3 axes&nbsp;: social en travaillant la mixit\u00e9, l\u2019individu et le collectif gr\u00e2ce \u00e0 l\u2019outil jardin, culturel avec l\u2019organisation d\u2019\u00e9v\u00e9nements festifs et \u00e9cologiques en recr\u00e9ant des \u00e9cosyst\u00e8mes. Leur prochain projet&nbsp;? Un jardin dans une prison&nbsp;! Pas facile\u2026 Les AJOnc cultivent ce qui pourrait appara\u00eetre comme de la contradiction.<\/p>\n<p><b><i>\u00ab&nbsp;Faire avancer les politiques publiques&nbsp;\u00bb<\/i><\/b><\/p>\n<p><i>\u00ab&nbsp;On veut absolument casser la repr\u00e9sentation jardin = potager. On parle plut\u00f4t de recr\u00e9ation d\u2019unit\u00e9s \u00e9cologiques, avec une faune et une flore qui pourront s\u2019y d\u00e9velopper. On encourage la coconstruction de lieux-jardins, avec mare, r\u00e9cup\u00e9ration des eaux de pluie, compost, \u00e9co construction, labyrinthe, potager, ruche, four \u00e0 pain, toilettes s\u00e8ches&#8230; Ce sont des lieux d\u2019exp\u00e9rimentation pour la permaculture, l\u2019agroforesterie. Depuis 4 ans, nous avons un projet de bois jardin\u00e9 sur 7,5 ha. Nous avons plant\u00e9 12 000 arbres en 3 ans avec 5 000 habitants dont les enfants. Nous travaillons beaucoup avec les \u00e9coles o\u00f9 sont implant\u00e9s des jardins naturels p\u00e9dagogiques, comme par exemple \u00e0 Hellemmes o\u00f9 tous les enfants sont concern\u00e9s. On \u0153uvre pour que ces jardins s\u2019installent dans la dur\u00e9e. Cela demande de la vigilance. Nous faisons partie du collectif \u00ab&nbsp;Le Jardin dans tous ses \u00e9tats&nbsp;\u00bb qui rassemble les t\u00eates de pont des diff\u00e9rentes r\u00e9gions pour faire avancer les politiques publiques.&nbsp;\u00bb<\/i><\/p>\n<p class=\"right\" style=\"text-align: right;\"><b>Benjamin GOURDIN, directeur adjoint des AJOnc<\/b><\/p>\n<p>Extrait du Recueil des Alternatives de l&rsquo;AlterTour 2015, disponible dans le num\u00e9ro de juin de la <a title=\"Revue Silence\" href=\"http:\/\/www.revuesilence.net\/\" target=\"_blank\" rel=\"noopener noreferrer\">Revue Silence<\/a><\/p>\n<p>Les AJOnc accueilleront l\u2019AlterTour les 17 ao\u00fbt 2015 \u00e0 Lille . Lien vers l\u2019<a href=\"http:\/\/www.altercampagne.net\/?page_id=172&amp;route=42\">\u00e9tape du 17 ao\u00fbt 2015<\/a><\/p>\n","protected":false},"excerpt":{"rendered":"<p>Les AJOnc, ce sont les Amis des Jardins Ouverts et n\u00e9anmoins cl\u00f4tur\u00e9s. Un oxymore&nbsp;? Vraiment&nbsp;? Ils mettent en r\u00e9seau des jardins partag\u00e9s du Nord\/Pas-de-Calais. Ils sont m\u00eame pr\u00e9curseurs en 1997. Avec aujourd\u2019hui 49 jardins de 1 000 m2 en moyenne, 300 adh\u00e9rents directs, 750 adh\u00e9rents indirects et 11 salari\u00e9s, les &#8230; <\/p>\n<div><a href=\"https:\/\/www.altercampagne.net\/?p=1660\" class=\"more-link\">Read More<\/a><\/div>\n","protected":false},"author":214,"featured_media":0,"comment_status":"closed","ping_status":"closed","sticky":false,"template":"","format":"standard","meta":{"footnotes":""},"categories":[3476,3486,3460],"tags":[31,44,192,233,277,293,294,295,296,1599],"class_list":["post-1660","post","type-post","status-publish","format-standard","hentry","category-hauts-de-france","category-environnement","category-edition-2015","tag-lille","tag-climat","tag-altertour-2015","tag-cop21","tag-jardin-partage","tag-ajonc","tag-permaculture","tag-agroforesterie","tag-eco-quartier","tag-nord-pas-de-calais","no-post-thumbnail"],"yoast_head":"<!-- This site is optimized with the Yoast SEO plugin v27.3 - https:\/\/yoast.com\/product\/yoast-seo-wordpress\/ -->\n<title>Les AJOnc exp\u00e9rimentent la permaculture, l&#039;agroforesterie... - AlterTour<\/title>\n<meta name=\"robots\" content=\"index, follow, max-snippet:-1, max-image-preview:large, max-video-preview:-1\" \/>\n<link rel=\"canonical\" href=\"https:\/\/www.altercampagne.net\/?p=1660\" \/>\n<meta property=\"og:locale\" content=\"fr_FR\" \/>\n<meta property=\"og:type\" content=\"article\" \/>\n<meta property=\"og:title\" content=\"Les AJOnc exp\u00e9rimentent la permaculture, l&#039;agroforesterie... - AlterTour\" \/>\n<meta property=\"og:description\" content=\"Les AJOnc, ce sont les Amis des Jardins Ouverts et n\u00e9anmoins cl\u00f4tur\u00e9s. Un oxymore&nbsp;? Vraiment&nbsp;? Ils mettent en r\u00e9seau des jardins partag\u00e9s du Nord\/Pas-de-Calais. Ils sont m\u00eame pr\u00e9curseurs en 1997. Avec aujourd\u2019hui 49 jardins de 1 000 m2 en moyenne, 300 adh\u00e9rents directs, 750 adh\u00e9rents indirects et 11 salari\u00e9s, les ... Read More\" \/>\n<meta property=\"og:url\" content=\"https:\/\/www.altercampagne.net\/?p=1660\" \/>\n<meta property=\"og:site_name\" content=\"AlterTour\" \/>\n<meta property=\"article:published_time\" content=\"2015-07-13T10:14:44+00:00\" \/>\n<meta property=\"article:modified_time\" content=\"2020-02-24T14:15:44+00:00\" \/>\n<meta property=\"og:image\" content=\"http:\/\/www.altercampagne.net\/wp-content\/uploads\/2015\/05\/2015-08-17-ajonc1-300x219.jpg\" \/>\n<meta name=\"author\" content=\"Mathieu\" \/>\n<meta name=\"twitter:card\" content=\"summary_large_image\" \/>\n<meta name=\"twitter:label1\" content=\"\u00c9crit par\" \/>\n\t<meta name=\"twitter:data1\" content=\"Mathieu\" \/>\n\t<meta name=\"twitter:label2\" content=\"Dur\u00e9e de lecture estim\u00e9e\" \/>\n\t<meta name=\"twitter:data2\" content=\"2 minutes\" \/>\n<script type=\"application\/ld+json\" class=\"yoast-schema-graph\">{\"@context\":\"https:\\\/\\\/schema.org\",\"@graph\":[{\"@type\":\"Article\",\"@id\":\"https:\\\/\\\/www.altercampagne.net\\\/?p=1660#article\",\"isPartOf\":{\"@id\":\"https:\\\/\\\/www.altercampagne.net\\\/?p=1660\"},\"author\":{\"name\":\"Mathieu\",\"@id\":\"https:\\\/\\\/www.altercampagne.net\\\/#\\\/schema\\\/person\\\/0f261460c09e430caa0f9bcffa319109\"},\"headline\":\"Les AJOnc exp\u00e9rimentent la permaculture, l&rsquo;agroforesterie&#8230;\",\"datePublished\":\"2015-07-13T10:14:44+00:00\",\"dateModified\":\"2020-02-24T14:15:44+00:00\",\"mainEntityOfPage\":{\"@id\":\"https:\\\/\\\/www.altercampagne.net\\\/?p=1660\"},\"wordCount\":401,\"image\":{\"@id\":\"https:\\\/\\\/www.altercampagne.net\\\/?p=1660#primaryimage\"},\"thumbnailUrl\":\"http:\\\/\\\/www.altercampagne.net\\\/wp-content\\\/uploads\\\/2015\\\/05\\\/2015-08-17-ajonc1-300x219.jpg\",\"keywords\":[\"Lille\",\"climat\",\"AlterTour 2015\",\"cop21\",\"jardin partag\u00e9\",\"ajonc\",\"permaculture\",\"agroforesterie\",\"\u00e9co-quartier\",\"Nord-Pas-de-Calais\"],\"articleSection\":[\"Hauts-de-France\",\"Environnement\",\"\u00c9dition 2015\"],\"inLanguage\":\"fr-FR\"},{\"@type\":\"WebPage\",\"@id\":\"https:\\\/\\\/www.altercampagne.net\\\/?p=1660\",\"url\":\"https:\\\/\\\/www.altercampagne.net\\\/?p=1660\",\"name\":\"Les AJOnc exp\u00e9rimentent la permaculture, l'agroforesterie... - AlterTour\",\"isPartOf\":{\"@id\":\"https:\\\/\\\/www.altercampagne.net\\\/#website\"},\"primaryImageOfPage\":{\"@id\":\"https:\\\/\\\/www.altercampagne.net\\\/?p=1660#primaryimage\"},\"image\":{\"@id\":\"https:\\\/\\\/www.altercampagne.net\\\/?p=1660#primaryimage\"},\"thumbnailUrl\":\"http:\\\/\\\/www.altercampagne.net\\\/wp-content\\\/uploads\\\/2015\\\/05\\\/2015-08-17-ajonc1-300x219.jpg\",\"datePublished\":\"2015-07-13T10:14:44+00:00\",\"dateModified\":\"2020-02-24T14:15:44+00:00\",\"author\":{\"@id\":\"https:\\\/\\\/www.altercampagne.net\\\/#\\\/schema\\\/person\\\/0f261460c09e430caa0f9bcffa319109\"},\"breadcrumb\":{\"@id\":\"https:\\\/\\\/www.altercampagne.net\\\/?p=1660#breadcrumb\"},\"inLanguage\":\"fr-FR\",\"potentialAction\":[{\"@type\":\"ReadAction\",\"target\":[\"https:\\\/\\\/www.altercampagne.net\\\/?p=1660\"]}]},{\"@type\":\"ImageObject\",\"inLanguage\":\"fr-FR\",\"@id\":\"https:\\\/\\\/www.altercampagne.net\\\/?p=1660#primaryimage\",\"url\":\"https:\\\/\\\/www.altercampagne.net\\\/wp-content\\\/uploads\\\/2015\\\/05\\\/2015-08-17-ajonc1.jpg\",\"contentUrl\":\"https:\\\/\\\/www.altercampagne.net\\\/wp-content\\\/uploads\\\/2015\\\/05\\\/2015-08-17-ajonc1.jpg\",\"width\":960,\"height\":700,\"caption\":\"Ajonc AlterTour 2015\"},{\"@type\":\"BreadcrumbList\",\"@id\":\"https:\\\/\\\/www.altercampagne.net\\\/?p=1660#breadcrumb\",\"itemListElement\":[{\"@type\":\"ListItem\",\"position\":1,\"name\":\"Accueil\",\"item\":\"https:\\\/\\\/www.altercampagne.net\\\/\"},{\"@type\":\"ListItem\",\"position\":2,\"name\":\"Les AJOnc exp\u00e9rimentent la permaculture, l&rsquo;agroforesterie&#8230;\"}]},{\"@type\":\"WebSite\",\"@id\":\"https:\\\/\\\/www.altercampagne.net\\\/#website\",\"url\":\"https:\\\/\\\/www.altercampagne.net\\\/\",\"name\":\"AlterTour\",\"description\":\"Reliez les Alternatives \u00e0 v\u00e9lo\",\"potentialAction\":[{\"@type\":\"SearchAction\",\"target\":{\"@type\":\"EntryPoint\",\"urlTemplate\":\"https:\\\/\\\/www.altercampagne.net\\\/?s={search_term_string}\"},\"query-input\":{\"@type\":\"PropertyValueSpecification\",\"valueRequired\":true,\"valueName\":\"search_term_string\"}}],\"inLanguage\":\"fr-FR\"},{\"@type\":\"Person\",\"@id\":\"https:\\\/\\\/www.altercampagne.net\\\/#\\\/schema\\\/person\\\/0f261460c09e430caa0f9bcffa319109\",\"name\":\"Mathieu\",\"image\":{\"@type\":\"ImageObject\",\"inLanguage\":\"fr-FR\",\"@id\":\"https:\\\/\\\/secure.gravatar.com\\\/avatar\\\/aa9d3d24c83f2141e5e2709d0f63d09a99f6be6bb7a50abc4915838d9f54501a?s=96&d=mm&r=g\",\"url\":\"https:\\\/\\\/secure.gravatar.com\\\/avatar\\\/aa9d3d24c83f2141e5e2709d0f63d09a99f6be6bb7a50abc4915838d9f54501a?s=96&d=mm&r=g\",\"contentUrl\":\"https:\\\/\\\/secure.gravatar.com\\\/avatar\\\/aa9d3d24c83f2141e5e2709d0f63d09a99f6be6bb7a50abc4915838d9f54501a?s=96&d=mm&r=g\",\"caption\":\"Mathieu\"},\"url\":\"https:\\\/\\\/www.altercampagne.net\\\/?author=214\"}]}<\/script>\n<!-- \/ Yoast SEO plugin. -->","yoast_head_json":{"title":"Les AJOnc exp\u00e9rimentent la permaculture, l'agroforesterie... - AlterTour","robots":{"index":"index","follow":"follow","max-snippet":"max-snippet:-1","max-image-preview":"max-image-preview:large","max-video-preview":"max-video-preview:-1"},"canonical":"https:\/\/www.altercampagne.net\/?p=1660","og_locale":"fr_FR","og_type":"article","og_title":"Les AJOnc exp\u00e9rimentent la permaculture, l'agroforesterie... - AlterTour","og_description":"Les AJOnc, ce sont les Amis des Jardins Ouverts et n\u00e9anmoins cl\u00f4tur\u00e9s. Un oxymore&nbsp;? Vraiment&nbsp;? Ils mettent en r\u00e9seau des jardins partag\u00e9s du Nord\/Pas-de-Calais. Ils sont m\u00eame pr\u00e9curseurs en 1997. Avec aujourd\u2019hui 49 jardins de 1 000 m2 en moyenne, 300 adh\u00e9rents directs, 750 adh\u00e9rents indirects et 11 salari\u00e9s, les ... Read More","og_url":"https:\/\/www.altercampagne.net\/?p=1660","og_site_name":"AlterTour","article_published_time":"2015-07-13T10:14:44+00:00","article_modified_time":"2020-02-24T14:15:44+00:00","og_image":[{"url":"http:\/\/www.altercampagne.net\/wp-content\/uploads\/2015\/05\/2015-08-17-ajonc1-300x219.jpg","type":"","width":"","height":""}],"author":"Mathieu","twitter_card":"summary_large_image","twitter_misc":{"\u00c9crit par":"Mathieu","Dur\u00e9e de lecture estim\u00e9e":"2 minutes"},"schema":{"@context":"https:\/\/schema.org","@graph":[{"@type":"Article","@id":"https:\/\/www.altercampagne.net\/?p=1660#article","isPartOf":{"@id":"https:\/\/www.altercampagne.net\/?p=1660"},"author":{"name":"Mathieu","@id":"https:\/\/www.altercampagne.net\/#\/schema\/person\/0f261460c09e430caa0f9bcffa319109"},"headline":"Les AJOnc exp\u00e9rimentent la permaculture, l&rsquo;agroforesterie&#8230;","datePublished":"2015-07-13T10:14:44+00:00","dateModified":"2020-02-24T14:15:44+00:00","mainEntityOfPage":{"@id":"https:\/\/www.altercampagne.net\/?p=1660"},"wordCount":401,"image":{"@id":"https:\/\/www.altercampagne.net\/?p=1660#primaryimage"},"thumbnailUrl":"http:\/\/www.altercampagne.net\/wp-content\/uploads\/2015\/05\/2015-08-17-ajonc1-300x219.jpg","keywords":["Lille","climat","AlterTour 2015","cop21","jardin partag\u00e9","ajonc","permaculture","agroforesterie","\u00e9co-quartier","Nord-Pas-de-Calais"],"articleSection":["Hauts-de-France","Environnement","\u00c9dition 2015"],"inLanguage":"fr-FR"},{"@type":"WebPage","@id":"https:\/\/www.altercampagne.net\/?p=1660","url":"https:\/\/www.altercampagne.net\/?p=1660","name":"Les AJOnc exp\u00e9rimentent la permaculture, l'agroforesterie... - AlterTour","isPartOf":{"@id":"https:\/\/www.altercampagne.net\/#website"},"primaryImageOfPage":{"@id":"https:\/\/www.altercampagne.net\/?p=1660#primaryimage"},"image":{"@id":"https:\/\/www.altercampagne.net\/?p=1660#primaryimage"},"thumbnailUrl":"http:\/\/www.altercampagne.net\/wp-content\/uploads\/2015\/05\/2015-08-17-ajonc1-300x219.jpg","datePublished":"2015-07-13T10:14:44+00:00","dateModified":"2020-02-24T14:15:44+00:00","author":{"@id":"https:\/\/www.altercampagne.net\/#\/schema\/person\/0f261460c09e430caa0f9bcffa319109"},"breadcrumb":{"@id":"https:\/\/www.altercampagne.net\/?p=1660#breadcrumb"},"inLanguage":"fr-FR","potentialAction":[{"@type":"ReadAction","target":["https:\/\/www.altercampagne.net\/?p=1660"]}]},{"@type":"ImageObject","inLanguage":"fr-FR","@id":"https:\/\/www.altercampagne.net\/?p=1660#primaryimage","url":"https:\/\/www.altercampagne.net\/wp-content\/uploads\/2015\/05\/2015-08-17-ajonc1.jpg","contentUrl":"https:\/\/www.altercampagne.net\/wp-content\/uploads\/2015\/05\/2015-08-17-ajonc1.jpg","width":960,"height":700,"caption":"Ajonc AlterTour 2015"},{"@type":"BreadcrumbList","@id":"https:\/\/www.altercampagne.net\/?p=1660#breadcrumb","itemListElement":[{"@type":"ListItem","position":1,"name":"Accueil","item":"https:\/\/www.altercampagne.net\/"},{"@type":"ListItem","position":2,"name":"Les AJOnc exp\u00e9rimentent la permaculture, l&rsquo;agroforesterie&#8230;"}]},{"@type":"WebSite","@id":"https:\/\/www.altercampagne.net\/#website","url":"https:\/\/www.altercampagne.net\/","name":"AlterTour","description":"Reliez les Alternatives \u00e0 v\u00e9lo","potentialAction":[{"@type":"SearchAction","target":{"@type":"EntryPoint","urlTemplate":"https:\/\/www.altercampagne.net\/?s={search_term_string}"},"query-input":{"@type":"PropertyValueSpecification","valueRequired":true,"valueName":"search_term_string"}}],"inLanguage":"fr-FR"},{"@type":"Person","@id":"https:\/\/www.altercampagne.net\/#\/schema\/person\/0f261460c09e430caa0f9bcffa319109","name":"Mathieu","image":{"@type":"ImageObject","inLanguage":"fr-FR","@id":"https:\/\/secure.gravatar.com\/avatar\/aa9d3d24c83f2141e5e2709d0f63d09a99f6be6bb7a50abc4915838d9f54501a?s=96&d=mm&r=g","url":"https:\/\/secure.gravatar.com\/avatar\/aa9d3d24c83f2141e5e2709d0f63d09a99f6be6bb7a50abc4915838d9f54501a?s=96&d=mm&r=g","contentUrl":"https:\/\/secure.gravatar.com\/avatar\/aa9d3d24c83f2141e5e2709d0f63d09a99f6be6bb7a50abc4915838d9f54501a?s=96&d=mm&r=g","caption":"Mathieu"},"url":"https:\/\/www.altercampagne.net\/?author=214"}]}},"_links":{"self":[{"href":"https:\/\/www.altercampagne.net\/index.php?rest_route=\/wp\/v2\/posts\/1660","targetHints":{"allow":["GET"]}}],"collection":[{"href":"https:\/\/www.altercampagne.net\/index.php?rest_route=\/wp\/v2\/posts"}],"about":[{"href":"https:\/\/www.altercampagne.net\/index.php?rest_route=\/wp\/v2\/types\/post"}],"author":[{"embeddable":true,"href":"https:\/\/www.altercampagne.net\/index.php?rest_route=\/wp\/v2\/users\/214"}],"replies":[{"embeddable":true,"href":"https:\/\/www.altercampagne.net\/index.php?rest_route=%2Fwp%2Fv2%2Fcomments&post=1660"}],"version-history":[{"count":1,"href":"https:\/\/www.altercampagne.net\/index.php?rest_route=\/wp\/v2\/posts\/1660\/revisions"}],"predecessor-version":[{"id":17349,"href":"https:\/\/www.altercampagne.net\/index.php?rest_route=\/wp\/v2\/posts\/1660\/revisions\/17349"}],"wp:attachment":[{"href":"https:\/\/www.altercampagne.net\/index.php?rest_route=%2Fwp%2Fv2%2Fmedia&parent=1660"}],"wp:term":[{"taxonomy":"category","embeddable":true,"href":"https:\/\/www.altercampagne.net\/index.php?rest_route=%2Fwp%2Fv2%2Fcategories&post=1660"},{"taxonomy":"post_tag","embeddable":true,"href":"https:\/\/www.altercampagne.net\/index.php?rest_route=%2Fwp%2Fv2%2Ftags&post=1660"}],"curies":[{"name":"wp","href":"https:\/\/api.w.org\/{rel}","templated":true}]}}