{"id":1666,"date":"2015-07-09T15:28:03","date_gmt":"2015-07-09T13:28:03","guid":{"rendered":"http:\/\/www.altercampagne.net\/?p=1666"},"modified":"2020-03-09T17:09:01","modified_gmt":"2020-03-09T16:09:01","slug":"pourquoi-lapres-petrole-ne-serait-il-pas-joyeux-convivial-et-festif","status":"publish","type":"post","link":"https:\/\/www.altercampagne.net\/?p=1666","title":{"rendered":"Pourquoi l\u2019apr\u00e8s-p\u00e9trole ne serait-il pas joyeux, convivial et festif ?"},"content":{"rendered":"<p>Pourquoi l\u2019apr\u00e8s-p\u00e9trole ne serait-il pas joyeux, convivial et festif\u00a0? A Ath, un groupement de citoyens actifs a d\u00e9cid\u00e9 d\u2019agir avec une vision positive de l\u2019avenir. En 2010, elle est l\u2019une des toutes premi\u00e8res villes de Belgique \u00e0 entrer dans le r\u00e9seau des <i>Villes en transition<\/i>. Avec deux principaux objectifs\u00a0: renforcer l\u2019\u00e9conomie locale et les liens sociaux et r\u00e9duire le co\u00fbt de la vie. <i>Ath en transition <\/i>veut passer d\u2019une vision partielle \u00e0 une vision globale des enjeux en embrassant \u00e0 la fois l\u2019alimentation, les changements climatiques, la mobilit\u00e9 et l\u2019\u00e9conomie. Parmi les projets phares\u00a0: le <i>Repair Caf\u00e9<\/i>, o\u00f9 les habitants se retrouvent pour r\u00e9parer ou faire r\u00e9parer toutes sortes de choses, les <i>Rues en transition<\/i>, groupes de familles d\u2019une m\u00eame rue qui se r\u00e9unissent pour r\u00e9duire leurs factures d\u2019\u00e9lectricit\u00e9, d\u2019eau ou de carburant et la <i>Ceinture alimentaire<\/i>, grand projet d\u2019avenir, en construction depuis janvier, visant \u00e0 rendre la r\u00e9gion d\u2019Ath autosuffisante \u00e0 80% d\u2019ici vingt ans.<\/p>\n<p><b><i>\u00ab\u00a0Le risque de ne rien faire est aujourd\u2019hui bien plus grand que celui de faire quelque chose\u00a0\u00bb<\/i><\/b><\/p>\n<p><i>\u00ab\u00a0Le fait de lier les \u00e9motions au climat, je trouve \u00e7a fondamental, parce qu\u2019on est trop souvent dans une r\u00e9flexion et lecture rationnelles de l\u2019enjeu, ce qui refroidit les choses et nous emp\u00eache d\u2019agir. Les changements climatiques remettent en question ce qu\u2019on est en tant qu\u2019humain, mais aussi l\u2019avenir m\u00eame de l\u2019esp\u00e8ce. \u00c7a ne peut donc que nous toucher profond\u00e9ment dans nos \u00e9motions. Et pour pouvoir agir efficacement, nous devons commencer par accueillir la fa\u00e7on dont tout cela nous touche et nous bouleverse. Personnellement, j\u2019ai quitt\u00e9 mon boulot en 2010 et depuis, je fais de la transition. Aujourd\u2019hui, on est \u00e0 l\u2019heure des choix radicaux\u00a0: tourner le dos au syst\u00e8me dominant qui est en train de tout foutre en l\u2019air. On ne peut plus se permettre de faire des projets un soir par semaine pour changer les choses et tout le reste de la semaine alimenter le syst\u00e8me qu\u2019on veut changer. L\u2019heure est venue de prendre des risques car le risque de ne rien faire est aujourd\u2019hui bien plus grand que celui de faire quelque chose.\u00a0\u00bb<\/i><\/p>\n<p class=\"right\" style=\"text-align: right;\"><b>Josu\u00e9 DUSOULIER, co-initiateur et membre d\u2019Ath en transition<\/b><\/p>\n<p>Extrait du Recueil des Alternatives de l&rsquo;AlterTour 2015, disponible dans le num\u00e9ro de juin de la <a title=\"Revue Silence\" href=\"http:\/\/www.revuesilence.net\/\" target=\"_blank\" rel=\"noopener noreferrer\">Revue Silence<\/a><\/p>\n<p>Ath en Transition a accueilli l\u2019AlterTour les 15 ao\u00fbt 2015 \u00e0 Ath. Lien vers l\u2019<a href=\"http:\/\/www.altercampagne.net\/?page_id=3068&amp;route=40\">\u00e9tape du 15 ao\u00fbt 2015<\/a><\/p>\n","protected":false},"excerpt":{"rendered":"<p>Pourquoi l\u2019apr\u00e8s-p\u00e9trole ne serait-il pas joyeux, convivial et festif\u00a0? A Ath, un groupement de citoyens actifs a d\u00e9cid\u00e9 d\u2019agir avec une vision positive de l\u2019avenir. En 2010, elle est l\u2019une des toutes premi\u00e8res villes de Belgique \u00e0 entrer dans le r\u00e9seau des Villes en transition. Avec deux principaux objectifs\u00a0: renforcer &#8230; <\/p>\n<div><a href=\"https:\/\/www.altercampagne.net\/?p=1666\" class=\"more-link\">Read More<\/a><\/div>\n","protected":false},"author":214,"featured_media":17697,"comment_status":"closed","ping_status":"closed","sticky":false,"template":"","format":"standard","meta":{"footnotes":""},"categories":[3526,3460,3540],"tags":[23,192,226,301,302,303,304,305,306,1505,1506,1598],"class_list":["post-1666","post","type-post","status-publish","format-standard","has-post-thumbnail","hentry","category-belgique","category-edition-2015","category-transverse","tag-belgique","tag-altertour-2015","tag-repair-cafe","tag-ath-en-transition","tag-ath","tag-apres-petrole","tag-villes-en-transition","tag-rue-en-transition","tag-ceinture-alimentaure","tag-region-wallonne","tag-province-de-hainaut","tag-josue-dusoulier"],"yoast_head":"<!-- This site is optimized with the Yoast SEO plugin v27.3 - https:\/\/yoast.com\/product\/yoast-seo-wordpress\/ -->\n<title>Pourquoi l\u2019apr\u00e8s-p\u00e9trole ne serait-il pas joyeux, convivial et festif ? - AlterTour<\/title>\n<meta name=\"robots\" content=\"index, follow, max-snippet:-1, max-image-preview:large, max-video-preview:-1\" \/>\n<link rel=\"canonical\" href=\"https:\/\/www.altercampagne.net\/?p=1666\" \/>\n<meta property=\"og:locale\" content=\"fr_FR\" \/>\n<meta property=\"og:type\" content=\"article\" \/>\n<meta property=\"og:title\" content=\"Pourquoi l\u2019apr\u00e8s-p\u00e9trole ne serait-il pas joyeux, convivial et festif ? - AlterTour\" \/>\n<meta property=\"og:description\" content=\"Pourquoi l\u2019apr\u00e8s-p\u00e9trole ne serait-il pas joyeux, convivial et festif\u00a0? A Ath, un groupement de citoyens actifs a d\u00e9cid\u00e9 d\u2019agir avec une vision positive de l\u2019avenir. En 2010, elle est l\u2019une des toutes premi\u00e8res villes de Belgique \u00e0 entrer dans le r\u00e9seau des Villes en transition. Avec deux principaux objectifs\u00a0: renforcer ... Read More\" \/>\n<meta property=\"og:url\" content=\"https:\/\/www.altercampagne.net\/?p=1666\" \/>\n<meta property=\"og:site_name\" content=\"AlterTour\" \/>\n<meta property=\"article:published_time\" content=\"2015-07-09T13:28:03+00:00\" \/>\n<meta property=\"article:modified_time\" content=\"2020-03-09T16:09:01+00:00\" \/>\n<meta property=\"og:image\" content=\"https:\/\/www.altercampagne.net\/wp-content\/uploads\/2015\/07\/2015-08-16_13.32.jpg\" \/>\n\t<meta property=\"og:image:width\" content=\"821\" \/>\n\t<meta property=\"og:image:height\" content=\"429\" \/>\n\t<meta property=\"og:image:type\" content=\"image\/jpeg\" \/>\n<meta name=\"author\" content=\"Mathieu\" \/>\n<meta name=\"twitter:card\" content=\"summary_large_image\" \/>\n<meta name=\"twitter:label1\" content=\"\u00c9crit par\" \/>\n\t<meta name=\"twitter:data1\" content=\"Mathieu\" \/>\n\t<meta name=\"twitter:label2\" content=\"Dur\u00e9e de lecture estim\u00e9e\" \/>\n\t<meta name=\"twitter:data2\" content=\"2 minutes\" \/>\n<script type=\"application\/ld+json\" class=\"yoast-schema-graph\">{\"@context\":\"https:\\\/\\\/schema.org\",\"@graph\":[{\"@type\":\"Article\",\"@id\":\"https:\\\/\\\/www.altercampagne.net\\\/?p=1666#article\",\"isPartOf\":{\"@id\":\"https:\\\/\\\/www.altercampagne.net\\\/?p=1666\"},\"author\":{\"name\":\"Mathieu\",\"@id\":\"https:\\\/\\\/www.altercampagne.net\\\/#\\\/schema\\\/person\\\/0f261460c09e430caa0f9bcffa319109\"},\"headline\":\"Pourquoi l\u2019apr\u00e8s-p\u00e9trole ne serait-il pas joyeux, convivial et festif ?\",\"datePublished\":\"2015-07-09T13:28:03+00:00\",\"dateModified\":\"2020-03-09T16:09:01+00:00\",\"mainEntityOfPage\":{\"@id\":\"https:\\\/\\\/www.altercampagne.net\\\/?p=1666\"},\"wordCount\":448,\"image\":{\"@id\":\"https:\\\/\\\/www.altercampagne.net\\\/?p=1666#primaryimage\"},\"thumbnailUrl\":\"https:\\\/\\\/www.altercampagne.net\\\/wp-content\\\/uploads\\\/2015\\\/07\\\/2015-08-16_13.32.jpg\",\"keywords\":[\"belgique\",\"AlterTour 2015\",\"Repair caf\u00e9\",\"ath en transition\",\"ath\",\"apr\u00e8s-p\u00e9trole\",\"villes en transition\",\"rue en transition\",\"ceinture alimentaure\",\"R\u00e9gion wallonne\",\"province de Hainaut\",\"Josu\u00e9 DUSOULIER\"],\"articleSection\":[\"Belgique\",\"\u00c9dition 2015\",\"Transverse\"],\"inLanguage\":\"fr-FR\"},{\"@type\":\"WebPage\",\"@id\":\"https:\\\/\\\/www.altercampagne.net\\\/?p=1666\",\"url\":\"https:\\\/\\\/www.altercampagne.net\\\/?p=1666\",\"name\":\"Pourquoi l\u2019apr\u00e8s-p\u00e9trole ne serait-il pas joyeux, convivial et festif ? - AlterTour\",\"isPartOf\":{\"@id\":\"https:\\\/\\\/www.altercampagne.net\\\/#website\"},\"primaryImageOfPage\":{\"@id\":\"https:\\\/\\\/www.altercampagne.net\\\/?p=1666#primaryimage\"},\"image\":{\"@id\":\"https:\\\/\\\/www.altercampagne.net\\\/?p=1666#primaryimage\"},\"thumbnailUrl\":\"https:\\\/\\\/www.altercampagne.net\\\/wp-content\\\/uploads\\\/2015\\\/07\\\/2015-08-16_13.32.jpg\",\"datePublished\":\"2015-07-09T13:28:03+00:00\",\"dateModified\":\"2020-03-09T16:09:01+00:00\",\"author\":{\"@id\":\"https:\\\/\\\/www.altercampagne.net\\\/#\\\/schema\\\/person\\\/0f261460c09e430caa0f9bcffa319109\"},\"breadcrumb\":{\"@id\":\"https:\\\/\\\/www.altercampagne.net\\\/?p=1666#breadcrumb\"},\"inLanguage\":\"fr-FR\",\"potentialAction\":[{\"@type\":\"ReadAction\",\"target\":[\"https:\\\/\\\/www.altercampagne.net\\\/?p=1666\"]}]},{\"@type\":\"ImageObject\",\"inLanguage\":\"fr-FR\",\"@id\":\"https:\\\/\\\/www.altercampagne.net\\\/?p=1666#primaryimage\",\"url\":\"https:\\\/\\\/www.altercampagne.net\\\/wp-content\\\/uploads\\\/2015\\\/07\\\/2015-08-16_13.32.jpg\",\"contentUrl\":\"https:\\\/\\\/www.altercampagne.net\\\/wp-content\\\/uploads\\\/2015\\\/07\\\/2015-08-16_13.32.jpg\",\"width\":821,\"height\":429},{\"@type\":\"BreadcrumbList\",\"@id\":\"https:\\\/\\\/www.altercampagne.net\\\/?p=1666#breadcrumb\",\"itemListElement\":[{\"@type\":\"ListItem\",\"position\":1,\"name\":\"Accueil\",\"item\":\"https:\\\/\\\/www.altercampagne.net\\\/\"},{\"@type\":\"ListItem\",\"position\":2,\"name\":\"Pourquoi l\u2019apr\u00e8s-p\u00e9trole ne serait-il pas joyeux, convivial et festif ?\"}]},{\"@type\":\"WebSite\",\"@id\":\"https:\\\/\\\/www.altercampagne.net\\\/#website\",\"url\":\"https:\\\/\\\/www.altercampagne.net\\\/\",\"name\":\"AlterTour\",\"description\":\"Reliez les Alternatives \u00e0 v\u00e9lo\",\"potentialAction\":[{\"@type\":\"SearchAction\",\"target\":{\"@type\":\"EntryPoint\",\"urlTemplate\":\"https:\\\/\\\/www.altercampagne.net\\\/?s={search_term_string}\"},\"query-input\":{\"@type\":\"PropertyValueSpecification\",\"valueRequired\":true,\"valueName\":\"search_term_string\"}}],\"inLanguage\":\"fr-FR\"},{\"@type\":\"Person\",\"@id\":\"https:\\\/\\\/www.altercampagne.net\\\/#\\\/schema\\\/person\\\/0f261460c09e430caa0f9bcffa319109\",\"name\":\"Mathieu\",\"image\":{\"@type\":\"ImageObject\",\"inLanguage\":\"fr-FR\",\"@id\":\"https:\\\/\\\/secure.gravatar.com\\\/avatar\\\/aa9d3d24c83f2141e5e2709d0f63d09a99f6be6bb7a50abc4915838d9f54501a?s=96&d=mm&r=g\",\"url\":\"https:\\\/\\\/secure.gravatar.com\\\/avatar\\\/aa9d3d24c83f2141e5e2709d0f63d09a99f6be6bb7a50abc4915838d9f54501a?s=96&d=mm&r=g\",\"contentUrl\":\"https:\\\/\\\/secure.gravatar.com\\\/avatar\\\/aa9d3d24c83f2141e5e2709d0f63d09a99f6be6bb7a50abc4915838d9f54501a?s=96&d=mm&r=g\",\"caption\":\"Mathieu\"},\"url\":\"https:\\\/\\\/www.altercampagne.net\\\/?author=214\"}]}<\/script>\n<!-- \/ Yoast SEO plugin. -->","yoast_head_json":{"title":"Pourquoi l\u2019apr\u00e8s-p\u00e9trole ne serait-il pas joyeux, convivial et festif ? - AlterTour","robots":{"index":"index","follow":"follow","max-snippet":"max-snippet:-1","max-image-preview":"max-image-preview:large","max-video-preview":"max-video-preview:-1"},"canonical":"https:\/\/www.altercampagne.net\/?p=1666","og_locale":"fr_FR","og_type":"article","og_title":"Pourquoi l\u2019apr\u00e8s-p\u00e9trole ne serait-il pas joyeux, convivial et festif ? - AlterTour","og_description":"Pourquoi l\u2019apr\u00e8s-p\u00e9trole ne serait-il pas joyeux, convivial et festif\u00a0? A Ath, un groupement de citoyens actifs a d\u00e9cid\u00e9 d\u2019agir avec une vision positive de l\u2019avenir. En 2010, elle est l\u2019une des toutes premi\u00e8res villes de Belgique \u00e0 entrer dans le r\u00e9seau des Villes en transition. Avec deux principaux objectifs\u00a0: renforcer ... Read More","og_url":"https:\/\/www.altercampagne.net\/?p=1666","og_site_name":"AlterTour","article_published_time":"2015-07-09T13:28:03+00:00","article_modified_time":"2020-03-09T16:09:01+00:00","og_image":[{"width":821,"height":429,"url":"https:\/\/www.altercampagne.net\/wp-content\/uploads\/2015\/07\/2015-08-16_13.32.jpg","type":"image\/jpeg"}],"author":"Mathieu","twitter_card":"summary_large_image","twitter_misc":{"\u00c9crit par":"Mathieu","Dur\u00e9e de lecture estim\u00e9e":"2 minutes"},"schema":{"@context":"https:\/\/schema.org","@graph":[{"@type":"Article","@id":"https:\/\/www.altercampagne.net\/?p=1666#article","isPartOf":{"@id":"https:\/\/www.altercampagne.net\/?p=1666"},"author":{"name":"Mathieu","@id":"https:\/\/www.altercampagne.net\/#\/schema\/person\/0f261460c09e430caa0f9bcffa319109"},"headline":"Pourquoi l\u2019apr\u00e8s-p\u00e9trole ne serait-il pas joyeux, convivial et festif ?","datePublished":"2015-07-09T13:28:03+00:00","dateModified":"2020-03-09T16:09:01+00:00","mainEntityOfPage":{"@id":"https:\/\/www.altercampagne.net\/?p=1666"},"wordCount":448,"image":{"@id":"https:\/\/www.altercampagne.net\/?p=1666#primaryimage"},"thumbnailUrl":"https:\/\/www.altercampagne.net\/wp-content\/uploads\/2015\/07\/2015-08-16_13.32.jpg","keywords":["belgique","AlterTour 2015","Repair caf\u00e9","ath en transition","ath","apr\u00e8s-p\u00e9trole","villes en transition","rue en transition","ceinture alimentaure","R\u00e9gion wallonne","province de Hainaut","Josu\u00e9 DUSOULIER"],"articleSection":["Belgique","\u00c9dition 2015","Transverse"],"inLanguage":"fr-FR"},{"@type":"WebPage","@id":"https:\/\/www.altercampagne.net\/?p=1666","url":"https:\/\/www.altercampagne.net\/?p=1666","name":"Pourquoi l\u2019apr\u00e8s-p\u00e9trole ne serait-il pas joyeux, convivial et festif ? - AlterTour","isPartOf":{"@id":"https:\/\/www.altercampagne.net\/#website"},"primaryImageOfPage":{"@id":"https:\/\/www.altercampagne.net\/?p=1666#primaryimage"},"image":{"@id":"https:\/\/www.altercampagne.net\/?p=1666#primaryimage"},"thumbnailUrl":"https:\/\/www.altercampagne.net\/wp-content\/uploads\/2015\/07\/2015-08-16_13.32.jpg","datePublished":"2015-07-09T13:28:03+00:00","dateModified":"2020-03-09T16:09:01+00:00","author":{"@id":"https:\/\/www.altercampagne.net\/#\/schema\/person\/0f261460c09e430caa0f9bcffa319109"},"breadcrumb":{"@id":"https:\/\/www.altercampagne.net\/?p=1666#breadcrumb"},"inLanguage":"fr-FR","potentialAction":[{"@type":"ReadAction","target":["https:\/\/www.altercampagne.net\/?p=1666"]}]},{"@type":"ImageObject","inLanguage":"fr-FR","@id":"https:\/\/www.altercampagne.net\/?p=1666#primaryimage","url":"https:\/\/www.altercampagne.net\/wp-content\/uploads\/2015\/07\/2015-08-16_13.32.jpg","contentUrl":"https:\/\/www.altercampagne.net\/wp-content\/uploads\/2015\/07\/2015-08-16_13.32.jpg","width":821,"height":429},{"@type":"BreadcrumbList","@id":"https:\/\/www.altercampagne.net\/?p=1666#breadcrumb","itemListElement":[{"@type":"ListItem","position":1,"name":"Accueil","item":"https:\/\/www.altercampagne.net\/"},{"@type":"ListItem","position":2,"name":"Pourquoi l\u2019apr\u00e8s-p\u00e9trole ne serait-il pas joyeux, convivial et festif ?"}]},{"@type":"WebSite","@id":"https:\/\/www.altercampagne.net\/#website","url":"https:\/\/www.altercampagne.net\/","name":"AlterTour","description":"Reliez les Alternatives \u00e0 v\u00e9lo","potentialAction":[{"@type":"SearchAction","target":{"@type":"EntryPoint","urlTemplate":"https:\/\/www.altercampagne.net\/?s={search_term_string}"},"query-input":{"@type":"PropertyValueSpecification","valueRequired":true,"valueName":"search_term_string"}}],"inLanguage":"fr-FR"},{"@type":"Person","@id":"https:\/\/www.altercampagne.net\/#\/schema\/person\/0f261460c09e430caa0f9bcffa319109","name":"Mathieu","image":{"@type":"ImageObject","inLanguage":"fr-FR","@id":"https:\/\/secure.gravatar.com\/avatar\/aa9d3d24c83f2141e5e2709d0f63d09a99f6be6bb7a50abc4915838d9f54501a?s=96&d=mm&r=g","url":"https:\/\/secure.gravatar.com\/avatar\/aa9d3d24c83f2141e5e2709d0f63d09a99f6be6bb7a50abc4915838d9f54501a?s=96&d=mm&r=g","contentUrl":"https:\/\/secure.gravatar.com\/avatar\/aa9d3d24c83f2141e5e2709d0f63d09a99f6be6bb7a50abc4915838d9f54501a?s=96&d=mm&r=g","caption":"Mathieu"},"url":"https:\/\/www.altercampagne.net\/?author=214"}]}},"_links":{"self":[{"href":"https:\/\/www.altercampagne.net\/index.php?rest_route=\/wp\/v2\/posts\/1666","targetHints":{"allow":["GET"]}}],"collection":[{"href":"https:\/\/www.altercampagne.net\/index.php?rest_route=\/wp\/v2\/posts"}],"about":[{"href":"https:\/\/www.altercampagne.net\/index.php?rest_route=\/wp\/v2\/types\/post"}],"author":[{"embeddable":true,"href":"https:\/\/www.altercampagne.net\/index.php?rest_route=\/wp\/v2\/users\/214"}],"replies":[{"embeddable":true,"href":"https:\/\/www.altercampagne.net\/index.php?rest_route=%2Fwp%2Fv2%2Fcomments&post=1666"}],"version-history":[{"count":3,"href":"https:\/\/www.altercampagne.net\/index.php?rest_route=\/wp\/v2\/posts\/1666\/revisions"}],"predecessor-version":[{"id":17701,"href":"https:\/\/www.altercampagne.net\/index.php?rest_route=\/wp\/v2\/posts\/1666\/revisions\/17701"}],"wp:featuredmedia":[{"embeddable":true,"href":"https:\/\/www.altercampagne.net\/index.php?rest_route=\/wp\/v2\/media\/17697"}],"wp:attachment":[{"href":"https:\/\/www.altercampagne.net\/index.php?rest_route=%2Fwp%2Fv2%2Fmedia&parent=1666"}],"wp:term":[{"taxonomy":"category","embeddable":true,"href":"https:\/\/www.altercampagne.net\/index.php?rest_route=%2Fwp%2Fv2%2Fcategories&post=1666"},{"taxonomy":"post_tag","embeddable":true,"href":"https:\/\/www.altercampagne.net\/index.php?rest_route=%2Fwp%2Fv2%2Ftags&post=1666"}],"curies":[{"name":"wp","href":"https:\/\/api.w.org\/{rel}","templated":true}]}}