{"id":1668,"date":"2015-07-08T10:33:19","date_gmt":"2015-07-08T08:33:19","guid":{"rendered":"http:\/\/www.altercampagne.net\/?p=1668"},"modified":"2020-02-24T17:25:38","modified_gmt":"2020-02-24T16:25:38","slug":"boskanter-un-lieu-ou-chacun-peut-experimenter-ses-alternatives-ses-projets-ses-idees","status":"publish","type":"post","link":"https:\/\/www.altercampagne.net\/?p=1668","title":{"rendered":"Boskanter, un lieu o\u00f9 chacun peut exp\u00e9rimenter ses alternatives, ses projets, ses id\u00e9es&#8230;"},"content":{"rendered":"<p><a href=\"http:\/\/www.altercampagne.net\/?page_id=172&amp;route=39\"><img loading=\"lazy\" decoding=\"async\" class=\" wp-image-1271 size-medium alignright\" src=\"http:\/\/www.altercampagne.net\/wp-content\/uploads\/2015\/05\/2015-08-14-boskanter-300x219.jpg\" alt=\"Boskanter AlterTour 2015\" width=\"300\" height=\"219\" srcset=\"https:\/\/www.altercampagne.net\/wp-content\/uploads\/2015\/05\/2015-08-14-boskanter-300x219.jpg 300w, https:\/\/www.altercampagne.net\/wp-content\/uploads\/2015\/05\/2015-08-14-boskanter.jpg 960w\" sizes=\"auto, (max-width: 300px) 100vw, 300px\" \/><\/a>C\u2019est une id\u00e9e qui flottait dans leur t\u00eate depuis longtemps. Le mouvement \u00ab&nbsp;Villes en Transition&nbsp;\u00bb et la rencontre d\u2019un autre couple l\u2019ont faite \u00e9merger&nbsp;: habiter dans un lieu o\u00f9 chacun pourrait exp\u00e9rimenter ses alternatives, ses projets, ses id\u00e9es. Ainsi, en 2011, Ine et son ami deviennent propri\u00e9taires d\u2019un terrain de 4 ha. Boskanter est n\u00e9&nbsp;! Avec de l\u2019argile et de la chaux, ils retapent un b\u00e2timent. Ils y construisent un four \u00e0 pain o\u00f9 dorent d\u00e9sormais des miches destin\u00e9es \u00e0 la vente, et cultivent fruits et l\u00e9gumes en permaculture. Si leur projet initial \u00e9tait d\u2019ouvrir le lieu \u00e0 des exp\u00e9rimentations multiples, les gens viennent surtout pour d\u00e9couvrir et se former. Ils ont logiquement d\u00e9velopp\u00e9 de nombreux ateliers et accueillent des volontaires internationaux. Aujourd\u2019hui, une petite dizaine de personnes vit sur le terrain. Et Ine travaille \u00e0 mi-temps aupr\u00e8s des plus jeunes, dans l\u2019\u00e9cole alternative cr\u00e9\u00e9e il y a 3 ans.<\/p>\n<p><b><i>\u00ab&nbsp;Finalement, ce n\u2019est peut-\u00eatre pas si dur de changer&nbsp;!&nbsp;\u00bb<\/i><\/b><\/p>\n<p><i>\u00ab&nbsp;Nous sommes en guerre contre un syst\u00e8me qui d\u00e9truit tout. Nous devons nous mobiliser, non pas pour vivre contre mais avec la nature. Aller vers les choses importantes, sans ordonner aux gens de vivre sans rien ou d\u2019abandonner totalement la voiture. Pour que certains se disent&nbsp;: \u00ab&nbsp;Je n\u2019avais pas pens\u00e9 \u00e0 \u00e7a, et finalement, ce n\u2019est peut-\u00eatre pas si dur de changer&nbsp;!&nbsp;\u00bb. Notre premi\u00e8re envie est d\u2019inspirer les gens, de leur faire go\u00fbter \u00e0 autres choses, sans pour autant dire comment tout doit \u00eatre fait. De notre c\u00f4t\u00e9, nous essayons nous-m\u00eames de faire du mieux que nous pouvons. Pour inspirer et s\u2019inspirer aussi, bien s\u00fbr&nbsp;!&nbsp;\u00bb<\/i><\/p>\n<p class=\"right\" style=\"text-align: right;\"><b>Ine DEBRABANBERE, habitante-cr\u00e9atrice de Boskanter<\/b><\/p>\n<p>Extrait du Recueil des Alternatives de l&rsquo;AlterTour 2015, disponible dans le num\u00e9ro de juin de la <a title=\"Revue Silence\" href=\"http:\/\/www.revuesilence.net\/\" target=\"_blank\" rel=\"noopener noreferrer\">Revue Silence<\/a><\/p>\n<p>Boskanter accueillera l\u2019AlterTour les 14 ao\u00fbt 2015 \u00e0 Brakel. Lien vers l\u2019<a href=\"http:\/\/www.altercampagne.net\/?page_id=172&amp;route=39\">\u00e9tape du 14 ao\u00fbt 2015<\/a><\/p>\n","protected":false},"excerpt":{"rendered":"<p>C\u2019est une id\u00e9e qui flottait dans leur t\u00eate depuis longtemps. Le mouvement \u00ab&nbsp;Villes en Transition&nbsp;\u00bb et la rencontre d\u2019un autre couple l\u2019ont faite \u00e9merger&nbsp;: habiter dans un lieu o\u00f9 chacun pourrait exp\u00e9rimenter ses alternatives, ses projets, ses id\u00e9es. Ainsi, en 2011, Ine et son ami deviennent propri\u00e9taires d\u2019un terrain de &#8230; <\/p>\n<div><a href=\"https:\/\/www.altercampagne.net\/?p=1668\" class=\"more-link\">Read More<\/a><\/div>\n","protected":false},"author":214,"featured_media":0,"comment_status":"closed","ping_status":"closed","sticky":false,"template":"","format":"standard","meta":{"footnotes":""},"categories":[3483,3526,3485,3460],"tags":[23,73,192,304,308,309,377,1434,1508,1509,1510,1511,1597],"class_list":["post-1668","post","type-post","status-publish","format-standard","hentry","category-agriculture","category-belgique","category-habitat","category-edition-2015","tag-belgique","tag-transition","tag-altertour-2015","tag-villes-en-transition","tag-brakel","tag-flandres","tag-boskanter","tag-ecole-alternative","tag-bracle","tag-denderstreek","tag-region-flamande","tag-province-de-flandre-orientale","tag-ine-debrabanbere","no-post-thumbnail"],"yoast_head":"<!-- This site is optimized with the Yoast SEO plugin v27.3 - https:\/\/yoast.com\/product\/yoast-seo-wordpress\/ -->\n<title>Boskanter, un lieu o\u00f9 chacun peut exp\u00e9rimenter ses alternatives, ses projets, ses id\u00e9es... - AlterTour<\/title>\n<meta name=\"robots\" content=\"index, follow, max-snippet:-1, max-image-preview:large, max-video-preview:-1\" \/>\n<link rel=\"canonical\" href=\"https:\/\/www.altercampagne.net\/?p=1668\" \/>\n<meta property=\"og:locale\" content=\"fr_FR\" \/>\n<meta property=\"og:type\" content=\"article\" \/>\n<meta property=\"og:title\" content=\"Boskanter, un lieu o\u00f9 chacun peut exp\u00e9rimenter ses alternatives, ses projets, ses id\u00e9es... - AlterTour\" \/>\n<meta property=\"og:description\" content=\"C\u2019est une id\u00e9e qui flottait dans leur t\u00eate depuis longtemps. Le mouvement \u00ab&nbsp;Villes en Transition&nbsp;\u00bb et la rencontre d\u2019un autre couple l\u2019ont faite \u00e9merger&nbsp;: habiter dans un lieu o\u00f9 chacun pourrait exp\u00e9rimenter ses alternatives, ses projets, ses id\u00e9es. Ainsi, en 2011, Ine et son ami deviennent propri\u00e9taires d\u2019un terrain de ... Read More\" \/>\n<meta property=\"og:url\" content=\"https:\/\/www.altercampagne.net\/?p=1668\" \/>\n<meta property=\"og:site_name\" content=\"AlterTour\" \/>\n<meta property=\"article:published_time\" content=\"2015-07-08T08:33:19+00:00\" \/>\n<meta property=\"article:modified_time\" content=\"2020-02-24T16:25:38+00:00\" \/>\n<meta property=\"og:image\" content=\"http:\/\/www.altercampagne.net\/wp-content\/uploads\/2015\/05\/2015-08-14-boskanter-300x219.jpg\" \/>\n<meta name=\"author\" content=\"Mathieu\" \/>\n<meta name=\"twitter:card\" content=\"summary_large_image\" \/>\n<meta name=\"twitter:label1\" content=\"\u00c9crit par\" \/>\n\t<meta name=\"twitter:data1\" content=\"Mathieu\" \/>\n\t<meta name=\"twitter:label2\" content=\"Dur\u00e9e de lecture estim\u00e9e\" \/>\n\t<meta name=\"twitter:data2\" content=\"2 minutes\" \/>\n<script type=\"application\/ld+json\" class=\"yoast-schema-graph\">{\"@context\":\"https:\\\/\\\/schema.org\",\"@graph\":[{\"@type\":\"Article\",\"@id\":\"https:\\\/\\\/www.altercampagne.net\\\/?p=1668#article\",\"isPartOf\":{\"@id\":\"https:\\\/\\\/www.altercampagne.net\\\/?p=1668\"},\"author\":{\"name\":\"Mathieu\",\"@id\":\"https:\\\/\\\/www.altercampagne.net\\\/#\\\/schema\\\/person\\\/0f261460c09e430caa0f9bcffa319109\"},\"headline\":\"Boskanter, un lieu o\u00f9 chacun peut exp\u00e9rimenter ses alternatives, ses projets, ses id\u00e9es&#8230;\",\"datePublished\":\"2015-07-08T08:33:19+00:00\",\"dateModified\":\"2020-02-24T16:25:38+00:00\",\"mainEntityOfPage\":{\"@id\":\"https:\\\/\\\/www.altercampagne.net\\\/?p=1668\"},\"wordCount\":361,\"image\":{\"@id\":\"https:\\\/\\\/www.altercampagne.net\\\/?p=1668#primaryimage\"},\"thumbnailUrl\":\"http:\\\/\\\/www.altercampagne.net\\\/wp-content\\\/uploads\\\/2015\\\/05\\\/2015-08-14-boskanter-300x219.jpg\",\"keywords\":[\"belgique\",\"Transition\",\"AlterTour 2015\",\"villes en transition\",\"brakel\",\"flandres\",\"boskanter\",\"\u00e9cole alternative\",\"Bracle\",\"Denderstreek\",\"R\u00e9gion flamande\",\"province de Flandre-Orientale\",\"Ine DEBRABANBERE\"],\"articleSection\":[\"Agriculture\",\"Belgique\",\"Habitat\",\"\u00c9dition 2015\"],\"inLanguage\":\"fr-FR\"},{\"@type\":\"WebPage\",\"@id\":\"https:\\\/\\\/www.altercampagne.net\\\/?p=1668\",\"url\":\"https:\\\/\\\/www.altercampagne.net\\\/?p=1668\",\"name\":\"Boskanter, un lieu o\u00f9 chacun peut exp\u00e9rimenter ses alternatives, ses projets, ses id\u00e9es... - AlterTour\",\"isPartOf\":{\"@id\":\"https:\\\/\\\/www.altercampagne.net\\\/#website\"},\"primaryImageOfPage\":{\"@id\":\"https:\\\/\\\/www.altercampagne.net\\\/?p=1668#primaryimage\"},\"image\":{\"@id\":\"https:\\\/\\\/www.altercampagne.net\\\/?p=1668#primaryimage\"},\"thumbnailUrl\":\"http:\\\/\\\/www.altercampagne.net\\\/wp-content\\\/uploads\\\/2015\\\/05\\\/2015-08-14-boskanter-300x219.jpg\",\"datePublished\":\"2015-07-08T08:33:19+00:00\",\"dateModified\":\"2020-02-24T16:25:38+00:00\",\"author\":{\"@id\":\"https:\\\/\\\/www.altercampagne.net\\\/#\\\/schema\\\/person\\\/0f261460c09e430caa0f9bcffa319109\"},\"breadcrumb\":{\"@id\":\"https:\\\/\\\/www.altercampagne.net\\\/?p=1668#breadcrumb\"},\"inLanguage\":\"fr-FR\",\"potentialAction\":[{\"@type\":\"ReadAction\",\"target\":[\"https:\\\/\\\/www.altercampagne.net\\\/?p=1668\"]}]},{\"@type\":\"ImageObject\",\"inLanguage\":\"fr-FR\",\"@id\":\"https:\\\/\\\/www.altercampagne.net\\\/?p=1668#primaryimage\",\"url\":\"https:\\\/\\\/www.altercampagne.net\\\/wp-content\\\/uploads\\\/2015\\\/05\\\/2015-08-14-boskanter.jpg\",\"contentUrl\":\"https:\\\/\\\/www.altercampagne.net\\\/wp-content\\\/uploads\\\/2015\\\/05\\\/2015-08-14-boskanter.jpg\",\"width\":960,\"height\":700,\"caption\":\"Boskanter AlterTour 2015\"},{\"@type\":\"BreadcrumbList\",\"@id\":\"https:\\\/\\\/www.altercampagne.net\\\/?p=1668#breadcrumb\",\"itemListElement\":[{\"@type\":\"ListItem\",\"position\":1,\"name\":\"Accueil\",\"item\":\"https:\\\/\\\/www.altercampagne.net\\\/\"},{\"@type\":\"ListItem\",\"position\":2,\"name\":\"Boskanter, un lieu o\u00f9 chacun peut exp\u00e9rimenter ses alternatives, ses projets, ses id\u00e9es&#8230;\"}]},{\"@type\":\"WebSite\",\"@id\":\"https:\\\/\\\/www.altercampagne.net\\\/#website\",\"url\":\"https:\\\/\\\/www.altercampagne.net\\\/\",\"name\":\"AlterTour\",\"description\":\"Reliez les Alternatives \u00e0 v\u00e9lo\",\"potentialAction\":[{\"@type\":\"SearchAction\",\"target\":{\"@type\":\"EntryPoint\",\"urlTemplate\":\"https:\\\/\\\/www.altercampagne.net\\\/?s={search_term_string}\"},\"query-input\":{\"@type\":\"PropertyValueSpecification\",\"valueRequired\":true,\"valueName\":\"search_term_string\"}}],\"inLanguage\":\"fr-FR\"},{\"@type\":\"Person\",\"@id\":\"https:\\\/\\\/www.altercampagne.net\\\/#\\\/schema\\\/person\\\/0f261460c09e430caa0f9bcffa319109\",\"name\":\"Mathieu\",\"image\":{\"@type\":\"ImageObject\",\"inLanguage\":\"fr-FR\",\"@id\":\"https:\\\/\\\/secure.gravatar.com\\\/avatar\\\/aa9d3d24c83f2141e5e2709d0f63d09a99f6be6bb7a50abc4915838d9f54501a?s=96&d=mm&r=g\",\"url\":\"https:\\\/\\\/secure.gravatar.com\\\/avatar\\\/aa9d3d24c83f2141e5e2709d0f63d09a99f6be6bb7a50abc4915838d9f54501a?s=96&d=mm&r=g\",\"contentUrl\":\"https:\\\/\\\/secure.gravatar.com\\\/avatar\\\/aa9d3d24c83f2141e5e2709d0f63d09a99f6be6bb7a50abc4915838d9f54501a?s=96&d=mm&r=g\",\"caption\":\"Mathieu\"},\"url\":\"https:\\\/\\\/www.altercampagne.net\\\/?author=214\"}]}<\/script>\n<!-- \/ Yoast SEO plugin. -->","yoast_head_json":{"title":"Boskanter, un lieu o\u00f9 chacun peut exp\u00e9rimenter ses alternatives, ses projets, ses id\u00e9es... - AlterTour","robots":{"index":"index","follow":"follow","max-snippet":"max-snippet:-1","max-image-preview":"max-image-preview:large","max-video-preview":"max-video-preview:-1"},"canonical":"https:\/\/www.altercampagne.net\/?p=1668","og_locale":"fr_FR","og_type":"article","og_title":"Boskanter, un lieu o\u00f9 chacun peut exp\u00e9rimenter ses alternatives, ses projets, ses id\u00e9es... - AlterTour","og_description":"C\u2019est une id\u00e9e qui flottait dans leur t\u00eate depuis longtemps. Le mouvement \u00ab&nbsp;Villes en Transition&nbsp;\u00bb et la rencontre d\u2019un autre couple l\u2019ont faite \u00e9merger&nbsp;: habiter dans un lieu o\u00f9 chacun pourrait exp\u00e9rimenter ses alternatives, ses projets, ses id\u00e9es. Ainsi, en 2011, Ine et son ami deviennent propri\u00e9taires d\u2019un terrain de ... Read More","og_url":"https:\/\/www.altercampagne.net\/?p=1668","og_site_name":"AlterTour","article_published_time":"2015-07-08T08:33:19+00:00","article_modified_time":"2020-02-24T16:25:38+00:00","og_image":[{"url":"http:\/\/www.altercampagne.net\/wp-content\/uploads\/2015\/05\/2015-08-14-boskanter-300x219.jpg","type":"","width":"","height":""}],"author":"Mathieu","twitter_card":"summary_large_image","twitter_misc":{"\u00c9crit par":"Mathieu","Dur\u00e9e de lecture estim\u00e9e":"2 minutes"},"schema":{"@context":"https:\/\/schema.org","@graph":[{"@type":"Article","@id":"https:\/\/www.altercampagne.net\/?p=1668#article","isPartOf":{"@id":"https:\/\/www.altercampagne.net\/?p=1668"},"author":{"name":"Mathieu","@id":"https:\/\/www.altercampagne.net\/#\/schema\/person\/0f261460c09e430caa0f9bcffa319109"},"headline":"Boskanter, un lieu o\u00f9 chacun peut exp\u00e9rimenter ses alternatives, ses projets, ses id\u00e9es&#8230;","datePublished":"2015-07-08T08:33:19+00:00","dateModified":"2020-02-24T16:25:38+00:00","mainEntityOfPage":{"@id":"https:\/\/www.altercampagne.net\/?p=1668"},"wordCount":361,"image":{"@id":"https:\/\/www.altercampagne.net\/?p=1668#primaryimage"},"thumbnailUrl":"http:\/\/www.altercampagne.net\/wp-content\/uploads\/2015\/05\/2015-08-14-boskanter-300x219.jpg","keywords":["belgique","Transition","AlterTour 2015","villes en transition","brakel","flandres","boskanter","\u00e9cole alternative","Bracle","Denderstreek","R\u00e9gion flamande","province de Flandre-Orientale","Ine DEBRABANBERE"],"articleSection":["Agriculture","Belgique","Habitat","\u00c9dition 2015"],"inLanguage":"fr-FR"},{"@type":"WebPage","@id":"https:\/\/www.altercampagne.net\/?p=1668","url":"https:\/\/www.altercampagne.net\/?p=1668","name":"Boskanter, un lieu o\u00f9 chacun peut exp\u00e9rimenter ses alternatives, ses projets, ses id\u00e9es... - AlterTour","isPartOf":{"@id":"https:\/\/www.altercampagne.net\/#website"},"primaryImageOfPage":{"@id":"https:\/\/www.altercampagne.net\/?p=1668#primaryimage"},"image":{"@id":"https:\/\/www.altercampagne.net\/?p=1668#primaryimage"},"thumbnailUrl":"http:\/\/www.altercampagne.net\/wp-content\/uploads\/2015\/05\/2015-08-14-boskanter-300x219.jpg","datePublished":"2015-07-08T08:33:19+00:00","dateModified":"2020-02-24T16:25:38+00:00","author":{"@id":"https:\/\/www.altercampagne.net\/#\/schema\/person\/0f261460c09e430caa0f9bcffa319109"},"breadcrumb":{"@id":"https:\/\/www.altercampagne.net\/?p=1668#breadcrumb"},"inLanguage":"fr-FR","potentialAction":[{"@type":"ReadAction","target":["https:\/\/www.altercampagne.net\/?p=1668"]}]},{"@type":"ImageObject","inLanguage":"fr-FR","@id":"https:\/\/www.altercampagne.net\/?p=1668#primaryimage","url":"https:\/\/www.altercampagne.net\/wp-content\/uploads\/2015\/05\/2015-08-14-boskanter.jpg","contentUrl":"https:\/\/www.altercampagne.net\/wp-content\/uploads\/2015\/05\/2015-08-14-boskanter.jpg","width":960,"height":700,"caption":"Boskanter AlterTour 2015"},{"@type":"BreadcrumbList","@id":"https:\/\/www.altercampagne.net\/?p=1668#breadcrumb","itemListElement":[{"@type":"ListItem","position":1,"name":"Accueil","item":"https:\/\/www.altercampagne.net\/"},{"@type":"ListItem","position":2,"name":"Boskanter, un lieu o\u00f9 chacun peut exp\u00e9rimenter ses alternatives, ses projets, ses id\u00e9es&#8230;"}]},{"@type":"WebSite","@id":"https:\/\/www.altercampagne.net\/#website","url":"https:\/\/www.altercampagne.net\/","name":"AlterTour","description":"Reliez les Alternatives \u00e0 v\u00e9lo","potentialAction":[{"@type":"SearchAction","target":{"@type":"EntryPoint","urlTemplate":"https:\/\/www.altercampagne.net\/?s={search_term_string}"},"query-input":{"@type":"PropertyValueSpecification","valueRequired":true,"valueName":"search_term_string"}}],"inLanguage":"fr-FR"},{"@type":"Person","@id":"https:\/\/www.altercampagne.net\/#\/schema\/person\/0f261460c09e430caa0f9bcffa319109","name":"Mathieu","image":{"@type":"ImageObject","inLanguage":"fr-FR","@id":"https:\/\/secure.gravatar.com\/avatar\/aa9d3d24c83f2141e5e2709d0f63d09a99f6be6bb7a50abc4915838d9f54501a?s=96&d=mm&r=g","url":"https:\/\/secure.gravatar.com\/avatar\/aa9d3d24c83f2141e5e2709d0f63d09a99f6be6bb7a50abc4915838d9f54501a?s=96&d=mm&r=g","contentUrl":"https:\/\/secure.gravatar.com\/avatar\/aa9d3d24c83f2141e5e2709d0f63d09a99f6be6bb7a50abc4915838d9f54501a?s=96&d=mm&r=g","caption":"Mathieu"},"url":"https:\/\/www.altercampagne.net\/?author=214"}]}},"_links":{"self":[{"href":"https:\/\/www.altercampagne.net\/index.php?rest_route=\/wp\/v2\/posts\/1668","targetHints":{"allow":["GET"]}}],"collection":[{"href":"https:\/\/www.altercampagne.net\/index.php?rest_route=\/wp\/v2\/posts"}],"about":[{"href":"https:\/\/www.altercampagne.net\/index.php?rest_route=\/wp\/v2\/types\/post"}],"author":[{"embeddable":true,"href":"https:\/\/www.altercampagne.net\/index.php?rest_route=\/wp\/v2\/users\/214"}],"replies":[{"embeddable":true,"href":"https:\/\/www.altercampagne.net\/index.php?rest_route=%2Fwp%2Fv2%2Fcomments&post=1668"}],"version-history":[{"count":1,"href":"https:\/\/www.altercampagne.net\/index.php?rest_route=\/wp\/v2\/posts\/1668\/revisions"}],"predecessor-version":[{"id":17453,"href":"https:\/\/www.altercampagne.net\/index.php?rest_route=\/wp\/v2\/posts\/1668\/revisions\/17453"}],"wp:attachment":[{"href":"https:\/\/www.altercampagne.net\/index.php?rest_route=%2Fwp%2Fv2%2Fmedia&parent=1668"}],"wp:term":[{"taxonomy":"category","embeddable":true,"href":"https:\/\/www.altercampagne.net\/index.php?rest_route=%2Fwp%2Fv2%2Fcategories&post=1668"},{"taxonomy":"post_tag","embeddable":true,"href":"https:\/\/www.altercampagne.net\/index.php?rest_route=%2Fwp%2Fv2%2Ftags&post=1668"}],"curies":[{"name":"wp","href":"https:\/\/api.w.org\/{rel}","templated":true}]}}