{"id":1670,"date":"2015-07-07T09:36:58","date_gmt":"2015-07-07T07:36:58","guid":{"rendered":"http:\/\/www.altercampagne.net\/?p=1670"},"modified":"2020-03-09T17:10:56","modified_gmt":"2020-03-09T16:10:56","slug":"vous-avez-reve-de-squats-durgence-legaux-eh-bien-les-belges-lont-fait","status":"publish","type":"post","link":"https:\/\/www.altercampagne.net\/?p=1670","title":{"rendered":"Vous avez r\u00eav\u00e9 de squats d\u2019urgence l\u00e9gaux ? Eh bien les Belges l\u2019ont fait !"},"content":{"rendered":"<p>Vous avez r\u00eav\u00e9 de squats d\u2019urgence l\u00e9gaux\u00a0? Eh bien les Belges l\u2019ont fait\u00a0! Depuis 2007 \u00e0 Bruxelles, l\u2019association\u00a0 1<i>23Logements <\/i>signe des conventions d\u2019occupation temporaire entre des propri\u00e9taires de b\u00e2timents inoccup\u00e9s et des personnes en mal de logement et\/ou voulant mener un projet de vie diff\u00e9rent. \u00c9tudiants, habitants de la rue, artistes, sans papiers, elle compte aujourd\u2019hui 160 personnes r\u00e9parties sur 5 lieux. Dans cette diversit\u00e9 \u00e9mergent la solidarit\u00e9, la tol\u00e9rance et le respect essentiels \u00e0 l\u2019\u00e9mancipation personnelle, le tout teint\u00e9 d\u2019autogestion et d\u2019autonomie participative. L\u2019association d\u00e9veloppe et f\u00e9d\u00e8re des projets innovants\u00a0: de l\u2019information\/aide technique et juridique en r\u00e9ponse concr\u00e8te \u00e0 la crise du logement, des lieux culturels, un atelier v\u00e9lo, une \u00e9picerie\/resto\u2019 solidaire et une friperie \u00e0 prix libre. Autant d\u2019espaces conviviaux o\u00f9 la recherche du profit est \u00e9cart\u00e9e et o\u00f9 la cr\u00e9ation de liens sociaux, de logiques solidaires et d\u2019alternatives \u00e0 la surproduction et aux gaspillages sont encourag\u00e9es.<\/p>\n<p><b><i>\u00ab\u00a0Donner une r\u00e9ponse sociale et environnementale au syst\u00e8me de consommation dominant destructeur\u00a0\u00bb<\/i><\/b><\/p>\n<p><i>\u00ab\u00a0Des associations ont besoin de lieux comme le 123 qui offrent logements, repas et salles de r\u00e9union \u00e0 prix r\u00e9duits. Comme \u00e7a, elles peuvent mobiliser rapidement et transmettre de l\u2019information. L\u2019accueil \u00a0du Climate Express qui vise \u00e0 envoyer 10 000 militants sur la COP21 de Paris en est la preuve. Notre asso ind\u00e9pendante et flexible donne une r\u00e9ponse sociale et environnementale au syst\u00e8me de consommation dominant destructeur. Le 123 montre qu\u2019on peut changer nos modes de consommation au quotidien. Nous r\u00e9cup\u00e9rons des invendus alimentaires pour notre resto \u00ab\u00a0La Poissonnerie\u00a0\u00bb, des pi\u00e8ces pour les magasins v\u00e9lo et informatique. Idem pour notre friperie \u00e0 prix libre. Plus directement, m\u00eame si nos b\u00e2timents occup\u00e9s sont vieux et mal isol\u00e9s, nous essayons de consommer moins, avec \u00e0 la cl\u00e9 de grosses r\u00e9ductions des factures de gaz et d\u2019eau. En abandonnant les ascenseurs, notre consommation \u00e9lectrique a \u00e9t\u00e9 r\u00e9duite de 25%.\u00a0\u00bb<\/i><\/p>\n<p class=\"right\" style=\"text-align: right;\"><b>Cory POTTS, co-pr\u00e9sident de 123Logement et b\u00e9n\u00e9vole de l\u2019atelier v\u00e9lo<\/b><\/p>\n<p>Extrait du Recueil des Alternatives de l&rsquo;AlterTour 2015, disponible dans le num\u00e9ro de juin de la <a title=\"Revue Silence\" href=\"http:\/\/www.revuesilence.net\/\" target=\"_blank\" rel=\"noopener noreferrer\">Revue Silence<\/a><\/p>\n<p>123 Logement a accueilli l\u2019AlterTour le 13 ao\u00fbt 2015 \u00e0 Bruxelles. Lien vers l\u2019<a href=\"http:\/\/www.altercampagne.net\/?page_id=3068&amp;route=38\">\u00e9tape du 13 ao\u00fbt 2015<\/a><\/p>\n","protected":false},"excerpt":{"rendered":"<p>Vous avez r\u00eav\u00e9 de squats d\u2019urgence l\u00e9gaux\u00a0? Eh bien les Belges l\u2019ont fait\u00a0! Depuis 2007 \u00e0 Bruxelles, l\u2019association\u00a0 123Logements signe des conventions d\u2019occupation temporaire entre des propri\u00e9taires de b\u00e2timents inoccup\u00e9s et des personnes en mal de logement et\/ou voulant mener un projet de vie diff\u00e9rent. \u00c9tudiants, habitants de la rue, &#8230; <\/p>\n<div><a href=\"https:\/\/www.altercampagne.net\/?p=1670\" class=\"more-link\">Read More<\/a><\/div>\n","protected":false},"author":214,"featured_media":17692,"comment_status":"closed","ping_status":"closed","sticky":false,"template":"","format":"standard","meta":{"footnotes":""},"categories":[3526,3485,3460],"tags":[10,23,44,136,192,233,310,393,1513,1594,1595,1596],"class_list":["post-1670","post","type-post","status-publish","format-standard","has-post-thumbnail","hentry","category-belgique","category-habitat","category-edition-2015","tag-bruxelles","tag-belgique","tag-climat","tag-squat","tag-altertour-2015","tag-cop21","tag-123-logement","tag-logement","tag-region-de-bruxelles-capitale","tag-woningen","tag-cory-potts","tag-atelier-velo"],"yoast_head":"<!-- This site is optimized with the Yoast SEO plugin v27.3 - https:\/\/yoast.com\/product\/yoast-seo-wordpress\/ -->\n<title>Vous avez r\u00eav\u00e9 de squats d\u2019urgence l\u00e9gaux ? Eh bien les Belges l\u2019ont fait ! - AlterTour<\/title>\n<meta name=\"robots\" content=\"index, follow, max-snippet:-1, max-image-preview:large, max-video-preview:-1\" \/>\n<link rel=\"canonical\" href=\"https:\/\/www.altercampagne.net\/?p=1670\" \/>\n<meta property=\"og:locale\" content=\"fr_FR\" \/>\n<meta property=\"og:type\" content=\"article\" \/>\n<meta property=\"og:title\" content=\"Vous avez r\u00eav\u00e9 de squats d\u2019urgence l\u00e9gaux ? Eh bien les Belges l\u2019ont fait ! - AlterTour\" \/>\n<meta property=\"og:description\" content=\"Vous avez r\u00eav\u00e9 de squats d\u2019urgence l\u00e9gaux\u00a0? Eh bien les Belges l\u2019ont fait\u00a0! Depuis 2007 \u00e0 Bruxelles, l\u2019association\u00a0 123Logements signe des conventions d\u2019occupation temporaire entre des propri\u00e9taires de b\u00e2timents inoccup\u00e9s et des personnes en mal de logement et\/ou voulant mener un projet de vie diff\u00e9rent. \u00c9tudiants, habitants de la rue, ... Read More\" \/>\n<meta property=\"og:url\" content=\"https:\/\/www.altercampagne.net\/?p=1670\" \/>\n<meta property=\"og:site_name\" content=\"AlterTour\" \/>\n<meta property=\"article:published_time\" content=\"2015-07-07T07:36:58+00:00\" \/>\n<meta property=\"article:modified_time\" content=\"2020-03-09T16:10:56+00:00\" \/>\n<meta property=\"og:image\" content=\"https:\/\/www.altercampagne.net\/wp-content\/uploads\/2015\/07\/2015-08-13_22.00.jpg\" \/>\n\t<meta property=\"og:image:width\" content=\"848\" \/>\n\t<meta property=\"og:image:height\" content=\"443\" \/>\n\t<meta property=\"og:image:type\" content=\"image\/jpeg\" \/>\n<meta name=\"author\" content=\"Mathieu\" \/>\n<meta name=\"twitter:card\" content=\"summary_large_image\" \/>\n<meta name=\"twitter:label1\" content=\"\u00c9crit par\" \/>\n\t<meta name=\"twitter:data1\" content=\"Mathieu\" \/>\n\t<meta name=\"twitter:label2\" content=\"Dur\u00e9e de lecture estim\u00e9e\" \/>\n\t<meta name=\"twitter:data2\" content=\"2 minutes\" \/>\n<script type=\"application\/ld+json\" class=\"yoast-schema-graph\">{\"@context\":\"https:\\\/\\\/schema.org\",\"@graph\":[{\"@type\":\"Article\",\"@id\":\"https:\\\/\\\/www.altercampagne.net\\\/?p=1670#article\",\"isPartOf\":{\"@id\":\"https:\\\/\\\/www.altercampagne.net\\\/?p=1670\"},\"author\":{\"name\":\"Mathieu\",\"@id\":\"https:\\\/\\\/www.altercampagne.net\\\/#\\\/schema\\\/person\\\/0f261460c09e430caa0f9bcffa319109\"},\"headline\":\"Vous avez r\u00eav\u00e9 de squats d\u2019urgence l\u00e9gaux ? Eh bien les Belges l\u2019ont fait !\",\"datePublished\":\"2015-07-07T07:36:58+00:00\",\"dateModified\":\"2020-03-09T16:10:56+00:00\",\"mainEntityOfPage\":{\"@id\":\"https:\\\/\\\/www.altercampagne.net\\\/?p=1670\"},\"wordCount\":410,\"image\":{\"@id\":\"https:\\\/\\\/www.altercampagne.net\\\/?p=1670#primaryimage\"},\"thumbnailUrl\":\"https:\\\/\\\/www.altercampagne.net\\\/wp-content\\\/uploads\\\/2015\\\/07\\\/2015-08-13_22.00.jpg\",\"keywords\":[\"bruxelles\",\"belgique\",\"climat\",\"squat\",\"AlterTour 2015\",\"cop21\",\"123 logement\",\"logement\",\"R\u00e9gion de Bruxelles-Capitale\",\"woningen\",\"Cory POTTS\",\"atelier v\u00e9lo\"],\"articleSection\":[\"Belgique\",\"Habitat\",\"\u00c9dition 2015\"],\"inLanguage\":\"fr-FR\"},{\"@type\":\"WebPage\",\"@id\":\"https:\\\/\\\/www.altercampagne.net\\\/?p=1670\",\"url\":\"https:\\\/\\\/www.altercampagne.net\\\/?p=1670\",\"name\":\"Vous avez r\u00eav\u00e9 de squats d\u2019urgence l\u00e9gaux ? Eh bien les Belges l\u2019ont fait ! - AlterTour\",\"isPartOf\":{\"@id\":\"https:\\\/\\\/www.altercampagne.net\\\/#website\"},\"primaryImageOfPage\":{\"@id\":\"https:\\\/\\\/www.altercampagne.net\\\/?p=1670#primaryimage\"},\"image\":{\"@id\":\"https:\\\/\\\/www.altercampagne.net\\\/?p=1670#primaryimage\"},\"thumbnailUrl\":\"https:\\\/\\\/www.altercampagne.net\\\/wp-content\\\/uploads\\\/2015\\\/07\\\/2015-08-13_22.00.jpg\",\"datePublished\":\"2015-07-07T07:36:58+00:00\",\"dateModified\":\"2020-03-09T16:10:56+00:00\",\"author\":{\"@id\":\"https:\\\/\\\/www.altercampagne.net\\\/#\\\/schema\\\/person\\\/0f261460c09e430caa0f9bcffa319109\"},\"breadcrumb\":{\"@id\":\"https:\\\/\\\/www.altercampagne.net\\\/?p=1670#breadcrumb\"},\"inLanguage\":\"fr-FR\",\"potentialAction\":[{\"@type\":\"ReadAction\",\"target\":[\"https:\\\/\\\/www.altercampagne.net\\\/?p=1670\"]}]},{\"@type\":\"ImageObject\",\"inLanguage\":\"fr-FR\",\"@id\":\"https:\\\/\\\/www.altercampagne.net\\\/?p=1670#primaryimage\",\"url\":\"https:\\\/\\\/www.altercampagne.net\\\/wp-content\\\/uploads\\\/2015\\\/07\\\/2015-08-13_22.00.jpg\",\"contentUrl\":\"https:\\\/\\\/www.altercampagne.net\\\/wp-content\\\/uploads\\\/2015\\\/07\\\/2015-08-13_22.00.jpg\",\"width\":848,\"height\":443},{\"@type\":\"BreadcrumbList\",\"@id\":\"https:\\\/\\\/www.altercampagne.net\\\/?p=1670#breadcrumb\",\"itemListElement\":[{\"@type\":\"ListItem\",\"position\":1,\"name\":\"Accueil\",\"item\":\"https:\\\/\\\/www.altercampagne.net\\\/\"},{\"@type\":\"ListItem\",\"position\":2,\"name\":\"Vous avez r\u00eav\u00e9 de squats d\u2019urgence l\u00e9gaux ? Eh bien les Belges l\u2019ont fait !\"}]},{\"@type\":\"WebSite\",\"@id\":\"https:\\\/\\\/www.altercampagne.net\\\/#website\",\"url\":\"https:\\\/\\\/www.altercampagne.net\\\/\",\"name\":\"AlterTour\",\"description\":\"Reliez les Alternatives \u00e0 v\u00e9lo\",\"potentialAction\":[{\"@type\":\"SearchAction\",\"target\":{\"@type\":\"EntryPoint\",\"urlTemplate\":\"https:\\\/\\\/www.altercampagne.net\\\/?s={search_term_string}\"},\"query-input\":{\"@type\":\"PropertyValueSpecification\",\"valueRequired\":true,\"valueName\":\"search_term_string\"}}],\"inLanguage\":\"fr-FR\"},{\"@type\":\"Person\",\"@id\":\"https:\\\/\\\/www.altercampagne.net\\\/#\\\/schema\\\/person\\\/0f261460c09e430caa0f9bcffa319109\",\"name\":\"Mathieu\",\"image\":{\"@type\":\"ImageObject\",\"inLanguage\":\"fr-FR\",\"@id\":\"https:\\\/\\\/secure.gravatar.com\\\/avatar\\\/aa9d3d24c83f2141e5e2709d0f63d09a99f6be6bb7a50abc4915838d9f54501a?s=96&d=mm&r=g\",\"url\":\"https:\\\/\\\/secure.gravatar.com\\\/avatar\\\/aa9d3d24c83f2141e5e2709d0f63d09a99f6be6bb7a50abc4915838d9f54501a?s=96&d=mm&r=g\",\"contentUrl\":\"https:\\\/\\\/secure.gravatar.com\\\/avatar\\\/aa9d3d24c83f2141e5e2709d0f63d09a99f6be6bb7a50abc4915838d9f54501a?s=96&d=mm&r=g\",\"caption\":\"Mathieu\"},\"url\":\"https:\\\/\\\/www.altercampagne.net\\\/?author=214\"}]}<\/script>\n<!-- \/ Yoast SEO plugin. -->","yoast_head_json":{"title":"Vous avez r\u00eav\u00e9 de squats d\u2019urgence l\u00e9gaux ? Eh bien les Belges l\u2019ont fait ! - AlterTour","robots":{"index":"index","follow":"follow","max-snippet":"max-snippet:-1","max-image-preview":"max-image-preview:large","max-video-preview":"max-video-preview:-1"},"canonical":"https:\/\/www.altercampagne.net\/?p=1670","og_locale":"fr_FR","og_type":"article","og_title":"Vous avez r\u00eav\u00e9 de squats d\u2019urgence l\u00e9gaux ? Eh bien les Belges l\u2019ont fait ! - AlterTour","og_description":"Vous avez r\u00eav\u00e9 de squats d\u2019urgence l\u00e9gaux\u00a0? Eh bien les Belges l\u2019ont fait\u00a0! Depuis 2007 \u00e0 Bruxelles, l\u2019association\u00a0 123Logements signe des conventions d\u2019occupation temporaire entre des propri\u00e9taires de b\u00e2timents inoccup\u00e9s et des personnes en mal de logement et\/ou voulant mener un projet de vie diff\u00e9rent. \u00c9tudiants, habitants de la rue, ... Read More","og_url":"https:\/\/www.altercampagne.net\/?p=1670","og_site_name":"AlterTour","article_published_time":"2015-07-07T07:36:58+00:00","article_modified_time":"2020-03-09T16:10:56+00:00","og_image":[{"width":848,"height":443,"url":"https:\/\/www.altercampagne.net\/wp-content\/uploads\/2015\/07\/2015-08-13_22.00.jpg","type":"image\/jpeg"}],"author":"Mathieu","twitter_card":"summary_large_image","twitter_misc":{"\u00c9crit par":"Mathieu","Dur\u00e9e de lecture estim\u00e9e":"2 minutes"},"schema":{"@context":"https:\/\/schema.org","@graph":[{"@type":"Article","@id":"https:\/\/www.altercampagne.net\/?p=1670#article","isPartOf":{"@id":"https:\/\/www.altercampagne.net\/?p=1670"},"author":{"name":"Mathieu","@id":"https:\/\/www.altercampagne.net\/#\/schema\/person\/0f261460c09e430caa0f9bcffa319109"},"headline":"Vous avez r\u00eav\u00e9 de squats d\u2019urgence l\u00e9gaux ? Eh bien les Belges l\u2019ont fait !","datePublished":"2015-07-07T07:36:58+00:00","dateModified":"2020-03-09T16:10:56+00:00","mainEntityOfPage":{"@id":"https:\/\/www.altercampagne.net\/?p=1670"},"wordCount":410,"image":{"@id":"https:\/\/www.altercampagne.net\/?p=1670#primaryimage"},"thumbnailUrl":"https:\/\/www.altercampagne.net\/wp-content\/uploads\/2015\/07\/2015-08-13_22.00.jpg","keywords":["bruxelles","belgique","climat","squat","AlterTour 2015","cop21","123 logement","logement","R\u00e9gion de Bruxelles-Capitale","woningen","Cory POTTS","atelier v\u00e9lo"],"articleSection":["Belgique","Habitat","\u00c9dition 2015"],"inLanguage":"fr-FR"},{"@type":"WebPage","@id":"https:\/\/www.altercampagne.net\/?p=1670","url":"https:\/\/www.altercampagne.net\/?p=1670","name":"Vous avez r\u00eav\u00e9 de squats d\u2019urgence l\u00e9gaux ? Eh bien les Belges l\u2019ont fait ! - AlterTour","isPartOf":{"@id":"https:\/\/www.altercampagne.net\/#website"},"primaryImageOfPage":{"@id":"https:\/\/www.altercampagne.net\/?p=1670#primaryimage"},"image":{"@id":"https:\/\/www.altercampagne.net\/?p=1670#primaryimage"},"thumbnailUrl":"https:\/\/www.altercampagne.net\/wp-content\/uploads\/2015\/07\/2015-08-13_22.00.jpg","datePublished":"2015-07-07T07:36:58+00:00","dateModified":"2020-03-09T16:10:56+00:00","author":{"@id":"https:\/\/www.altercampagne.net\/#\/schema\/person\/0f261460c09e430caa0f9bcffa319109"},"breadcrumb":{"@id":"https:\/\/www.altercampagne.net\/?p=1670#breadcrumb"},"inLanguage":"fr-FR","potentialAction":[{"@type":"ReadAction","target":["https:\/\/www.altercampagne.net\/?p=1670"]}]},{"@type":"ImageObject","inLanguage":"fr-FR","@id":"https:\/\/www.altercampagne.net\/?p=1670#primaryimage","url":"https:\/\/www.altercampagne.net\/wp-content\/uploads\/2015\/07\/2015-08-13_22.00.jpg","contentUrl":"https:\/\/www.altercampagne.net\/wp-content\/uploads\/2015\/07\/2015-08-13_22.00.jpg","width":848,"height":443},{"@type":"BreadcrumbList","@id":"https:\/\/www.altercampagne.net\/?p=1670#breadcrumb","itemListElement":[{"@type":"ListItem","position":1,"name":"Accueil","item":"https:\/\/www.altercampagne.net\/"},{"@type":"ListItem","position":2,"name":"Vous avez r\u00eav\u00e9 de squats d\u2019urgence l\u00e9gaux ? Eh bien les Belges l\u2019ont fait !"}]},{"@type":"WebSite","@id":"https:\/\/www.altercampagne.net\/#website","url":"https:\/\/www.altercampagne.net\/","name":"AlterTour","description":"Reliez les Alternatives \u00e0 v\u00e9lo","potentialAction":[{"@type":"SearchAction","target":{"@type":"EntryPoint","urlTemplate":"https:\/\/www.altercampagne.net\/?s={search_term_string}"},"query-input":{"@type":"PropertyValueSpecification","valueRequired":true,"valueName":"search_term_string"}}],"inLanguage":"fr-FR"},{"@type":"Person","@id":"https:\/\/www.altercampagne.net\/#\/schema\/person\/0f261460c09e430caa0f9bcffa319109","name":"Mathieu","image":{"@type":"ImageObject","inLanguage":"fr-FR","@id":"https:\/\/secure.gravatar.com\/avatar\/aa9d3d24c83f2141e5e2709d0f63d09a99f6be6bb7a50abc4915838d9f54501a?s=96&d=mm&r=g","url":"https:\/\/secure.gravatar.com\/avatar\/aa9d3d24c83f2141e5e2709d0f63d09a99f6be6bb7a50abc4915838d9f54501a?s=96&d=mm&r=g","contentUrl":"https:\/\/secure.gravatar.com\/avatar\/aa9d3d24c83f2141e5e2709d0f63d09a99f6be6bb7a50abc4915838d9f54501a?s=96&d=mm&r=g","caption":"Mathieu"},"url":"https:\/\/www.altercampagne.net\/?author=214"}]}},"_links":{"self":[{"href":"https:\/\/www.altercampagne.net\/index.php?rest_route=\/wp\/v2\/posts\/1670","targetHints":{"allow":["GET"]}}],"collection":[{"href":"https:\/\/www.altercampagne.net\/index.php?rest_route=\/wp\/v2\/posts"}],"about":[{"href":"https:\/\/www.altercampagne.net\/index.php?rest_route=\/wp\/v2\/types\/post"}],"author":[{"embeddable":true,"href":"https:\/\/www.altercampagne.net\/index.php?rest_route=\/wp\/v2\/users\/214"}],"replies":[{"embeddable":true,"href":"https:\/\/www.altercampagne.net\/index.php?rest_route=%2Fwp%2Fv2%2Fcomments&post=1670"}],"version-history":[{"count":3,"href":"https:\/\/www.altercampagne.net\/index.php?rest_route=\/wp\/v2\/posts\/1670\/revisions"}],"predecessor-version":[{"id":17702,"href":"https:\/\/www.altercampagne.net\/index.php?rest_route=\/wp\/v2\/posts\/1670\/revisions\/17702"}],"wp:featuredmedia":[{"embeddable":true,"href":"https:\/\/www.altercampagne.net\/index.php?rest_route=\/wp\/v2\/media\/17692"}],"wp:attachment":[{"href":"https:\/\/www.altercampagne.net\/index.php?rest_route=%2Fwp%2Fv2%2Fmedia&parent=1670"}],"wp:term":[{"taxonomy":"category","embeddable":true,"href":"https:\/\/www.altercampagne.net\/index.php?rest_route=%2Fwp%2Fv2%2Fcategories&post=1670"},{"taxonomy":"post_tag","embeddable":true,"href":"https:\/\/www.altercampagne.net\/index.php?rest_route=%2Fwp%2Fv2%2Ftags&post=1670"}],"curies":[{"name":"wp","href":"https:\/\/api.w.org\/{rel}","templated":true}]}}