{"id":16733,"date":"2018-08-09T18:42:00","date_gmt":"2018-08-09T16:42:00","guid":{"rendered":"http:\/\/www.altercampagne.net\/?p=16733"},"modified":"2019-12-12T15:09:59","modified_gmt":"2019-12-12T14:09:59","slug":"decouverte-du-jardin-de-la-mjc-des-3-maisons","status":"publish","type":"post","link":"https:\/\/www.altercampagne.net\/?p=16733","title":{"rendered":"D\u00e9couverte du jardin de la MJC des 3 Maisons"},"content":{"rendered":"\n<p>J\u2019ai rejoint l\u2019AlterTour la veille, par train, \u00e0 Liverdun. Je marche une quinzaine de minutes et le groupe finissant de d\u00e9jeuner, r\u00e9pare les derni\u00e8res petites choses, attribue \u00e0 qui de droit les derni\u00e8res petites taches, le caf\u00e9 bu, la vaisselle faite, l\u2019Iveco ferm\u00e9, nous roulons agr\u00e9ablement le long de la Moselle jusqu\u2019\u00e0 Nancy. Nous planterons nos tentes dans le jardin de la <a href=\"https:\/\/www.mjc3maisons.fr\/\" target=\"_blank\" rel=\"noreferrer noopener\" aria-label=\"MJC des 3 Maisons (s\u2019ouvre dans un nouvel onglet)\"><strong>MJC des 3 Maisons<\/strong><\/a>. La soir\u00e9e fut divertissante car le collectif de la MJC avait pr\u00e9par\u00e9 une soir\u00e9e pizza (participative\u00a0! Merci pour cette initiation Aline\u00a0!) et un spectacle de cirque qui a failli bruler les moustaches de Manu, mais heureusement non, nous avons beaucoup ri et bien dormi. Le lendemain la grasse mat\u2019 avec tout de m\u00eame le r\u00e9veil \u00e0 8.30.<\/p>\n\n\n\n<p>Ce 9 aout, nous sommes nombreux, attabl\u00e9s au petit d\u00e9j et lev\u00e9s avant le r\u00e9veil. Nos tartines mang\u00e9es. Quelques mots \u00e9chang\u00e9s. Le soleil brille. Hop, le briefing de la veille avait annonc\u00e9 un chantier participatif avec nos accueillants \u00e0 10 heures. J\u2019ai le temps de m\u2019isoler sur un hamac et lire les seules quelques pages du voyage. Bonheur rare car c\u2019est tout juste si on trouve le temps de se lave, tant la stimulation est intense. Ah\u00a0! l\u2019AlterTour\u00a0!<\/p>\n\n\n\n<p>La fraiseraie requiert toute notre attention. Nous apprenons que cette plante se reproduit comme une mauvaise herbe et a la f\u00e2cheuse tendance de sortir de ses petites buttes de terre cr\u00e9es pour qu\u2019elles puissent prendre les nutriments de la terre et \u00eatre proche du soleil pour se d\u00e9velopper convenablement. Les racines ne doivent pas \u00eatre enfonc\u00e9es, mais tout juste sous la terre afin que le d\u00e9but de la tige soit d\u00e9j\u00e0 au contact de l\u2019air. <\/p>\n\n\n\n<p>Il\ny a des feuilles mortes \u00e0 arracher, des stolons \u00e0 d\u00e9couvrir, \u00e0 d\u00e9terrer parfois\net mettre de cot\u00e9 pour les replanter ensuite. Les liserons sont hyper\nlongs&nbsp;! A jeter&nbsp;! Ainsi que les pissenlits. C\u2019est passionnant. Un\njournaliste de France Bleu interview certains d\u2019entre nous et la salari\u00e9e de la\nMJC, qui nous a d\u2019ailleurs expliqu\u00e9 que ce potager est r\u00e9guli\u00e8rement entretenu\npar les \u00e9coles primaires du quartier, et principalement les maternelles.<\/p>\n\n\n\n<p>Certains\nd\u2019entre nous vont dans un autre potager afin d\u2019y mettre sous terre&nbsp;: les\nplants de salades, de betteraves et de navets, qui appartenaient initialement\nau mari d\u2019une salari\u00e9e d\u2019la MJC lui-m\u00eame maraicher bio.<\/p>\n\n\n\n<p>Il\ny a 7 MJC \u00e0 Nancy. Celle-ci accueille des spectacles dans sa grande cour.\nConseille sur des alternatives. Accueille des artistes en r\u00e9sidence \u00e0 l\u2019ann\u00e9e.\nA plusieurs adh\u00e9rents de tout \u00e2ge et fait des partenariats avec les acteurs\nmunicipaux dont les \u00e9coles.<\/p>\n\n\n\n<p>Nous d\u00e9jeunons au calme dans une salle spacieuse de la MJC (avec une hauteur sous plafond mirobolante\u00a0!) de grandes tables sont dress\u00e9es et que c\u2019est bon\u00a0! Polenta, sauce tomate, salade, fromage ch\u00e8vre\u2026 Et \u00e7a repart\u00a0! Nous buvons un caf\u00e9 et en m\u00eame temps Isabelle Lesance, parisienne et \u00e9lu du conseil de Paris 15<sup>\u00e8me<\/sup> au service de mobilit\u00e9 des actifs (pi\u00e9tons, cyclistes, voitures, deux roues) nous parle du mouvement de d\u00e9fense pour la bicyclette. <\/p>\n\n\n\n<p>Elle\nnous invite \u00e0 nous engager sans porter en justice les confrontations, mais \u00e0\nmiliter et se mobiliser via des v\u00e9lorutions, des f\u00e9d\u00e9rations, associations ect.\nFred parle de l\u2019asso Roulons \u00e0 v\u00e9lo \u00e0 Avignon. Du cas des nouveaux quartiers\nqui n\u2019ont pas de bandes cyclables et du r\u00f4le qu\u2019ont alors les assos v\u00e9lo \u00e0 \u00eatre\navertisseur de danger, force de proposition et \u00e0 prendre le statut\nd\u2019interlocuteur. Elle nous parle ensuite du cas de Paris. 3 fois par an environ\nles d\u00e9l\u00e9gu\u00e9s \u00e9lus de Paris se r\u00e9unissent \u00e0 l\u2019h\u00f4tel de Ville pour discuter et\nvoter le programme v\u00e9lo qui est bas\u00e9 sur un budget participatif. Le cas de la\nrue Vaugirard. Paris Pi\u00e9ton dirige ce projet et d\u2019ici quelques temps cette rue,\naxe d\u2019entr\u00e9e dans paris aura une piste cyclable en contre sens aux voitures. Le\nparking souterrain de la gare Montparnasse prendra vie un jour aussi.<\/p>\n\n\n\n<p>Elle raconte l\u2019histoire des berges de la Seine. Un dimanche par mois aux cyclistes depuis Tib\u00e9ri. Puis le d\u00e9sastre pour les cyclistes lors de Paris Plage, ou l\u2019am\u00e9nagement des Berges de la Seine devenant difficiles d\u2019acc\u00e8s pendant l\u2019\u00e9t\u00e9. Je vous invite \u00e0 parcourir son d\u00e9licieux blog isabelleetlev\u00e9lo.fr o\u00f9 les am\u00e9nagements v\u00e9lo de voieries sont d\u00e9cortiqu\u00e9s et les incompr\u00e9hensions \u00e9mergent. 1h n\u2019est pas assez pour \u00e9couter Isabelle. Hop\u00a0! \u00c7a repart\u00a0! <\/p>\n\n\n\n<p>Nous allons \u00e0 l&rsquo;<strong><a href=\"https:\/\/atelierdynamo.fr\/\" target=\"_blank\" rel=\"noreferrer noopener\" aria-label=\"Atelier Dynamo (s\u2019ouvre dans un nouvel onglet)\">Atelier Dynamo<\/a><\/strong>, en banlieue nord, \u00e0 Maxeville, effectuer un atelier de montage-d\u00e9montage. Cette asso a un \u00e9norme entrep\u00f4t, une sorte de cave \u00e9norme, humide, car tr\u00e8s proche du canal, en hauteur de la ville, au-dessus d\u2019une m\u00e9diath\u00e8que, et \u00e0 c\u00f4t\u00e9 d\u2019un march\u00e9 producteur bi-hebdomadaire, elle rec\u00e8le des milliers de v\u00e9los que les gens donnent ou que la ville leur donne abandonn\u00e9s trop longtemps. L\u2019asso a 1400 adh\u00e9rents. 3 salari\u00e9s \u00e0 temps plein. Le v\u00e9lo est in \u00e0 Nancy. Il y a plusieurs asso comme celle-ci, ils forment un r\u00e9seau. A travers cet atelier, j\u2019apprends \u00e9norm\u00e9ment et je n\u2019ai pas peur de mal faire, il faut y aller, les v\u00e9los sont des \u00e9paves. Le lieu h\u00e9berge un concert le soir, qui finira vers minuit. Franck me montrera les alentours de l\u2019entrep\u00f4t-v\u00e9lo, le M\u00e9mo appel\u00e9 aussi Michto- un espace o\u00f9 se d\u00e9roule des spectacles et un festival de cirque-th\u00e9\u00e2tre en octobre ou septembre&#8230; C\u2019est tr\u00e8s alternatif\u00a0! Cela rappelle le style de la compagnie nantaise Royal de Luxe, des grandes installations qui prennent vie apparemment durant les spectacles.<\/p>\n\n\n\n<p>Autour de l\u00e0, il y a de nombreuses brasseries d\u00e9saffect\u00e9es, Kronenbourg \u00e0 revendu r\u00e9cemment la Brasserie des Champigneulles et les brasseries reviennent \u00e0 la mode. Il y a une salle de concert en face de l\u2019entrep\u00f4t, malheureusement ferm\u00e9e depuis 2ans, suite \u00e0 une coupure des financements publics. Je remercie Franck pour sa visite en lui payant une bi\u00e8re locale, il retourne mon geste en payant avec une monnaie locale, des florins, un demi plus tard nous dansons, heureux. <\/p>\n\n\n\n<p>Frontale attach\u00e9e retour aux tentes par petits groupes.<\/p>\n\n\n\n<p class=\"has-text-align-right\"><strong>Lily<\/strong><\/p>\n","protected":false},"excerpt":{"rendered":"<p>J\u2019ai rejoint l\u2019AlterTour la veille, par train, \u00e0 Liverdun. Je marche une quinzaine de minutes et le groupe finissant de d\u00e9jeuner, r\u00e9pare les derni\u00e8res petites choses, attribue \u00e0 qui de droit les derni\u00e8res petites taches, le caf\u00e9 bu, la vaisselle faite, l\u2019Iveco ferm\u00e9, nous roulons agr\u00e9ablement le long de la &#8230; <\/p>\n<div><a href=\"https:\/\/www.altercampagne.net\/?p=16733\" class=\"more-link\">Read More<\/a><\/div>\n","protected":false},"author":214,"featured_media":16734,"comment_status":"closed","ping_status":"closed","sticky":false,"template":"","format":"standard","meta":{"footnotes":""},"categories":[3483,3490,3475,3938,3470,3488,3932],"tags":[26,173,247,3335],"class_list":["post-16733","post","type-post","status-publish","format-standard","has-post-thumbnail","hentry","category-agriculture","category-culture","category-grand-est","category-education","category-edition-2018","category-social","category-velo","tag-nancy","tag-atelier-dynamo","tag-lorraine","tag-mjc-des-3-maisons"],"yoast_head":"<!-- This site is optimized with the Yoast SEO plugin v27.3 - https:\/\/yoast.com\/product\/yoast-seo-wordpress\/ -->\n<title>D\u00e9couverte du jardin de la MJC des 3 Maisons - AlterTour<\/title>\n<meta name=\"robots\" content=\"index, follow, max-snippet:-1, max-image-preview:large, max-video-preview:-1\" \/>\n<link rel=\"canonical\" href=\"https:\/\/www.altercampagne.net\/?p=16733\" \/>\n<meta property=\"og:locale\" content=\"fr_FR\" \/>\n<meta property=\"og:type\" content=\"article\" \/>\n<meta property=\"og:title\" content=\"D\u00e9couverte du jardin de la MJC des 3 Maisons - AlterTour\" \/>\n<meta property=\"og:description\" content=\"J\u2019ai rejoint l\u2019AlterTour la veille, par train, \u00e0 Liverdun. Je marche une quinzaine de minutes et le groupe finissant de d\u00e9jeuner, r\u00e9pare les derni\u00e8res petites choses, attribue \u00e0 qui de droit les derni\u00e8res petites taches, le caf\u00e9 bu, la vaisselle faite, l\u2019Iveco ferm\u00e9, nous roulons agr\u00e9ablement le long de la ... Read More\" \/>\n<meta property=\"og:url\" content=\"https:\/\/www.altercampagne.net\/?p=16733\" \/>\n<meta property=\"og:site_name\" content=\"AlterTour\" \/>\n<meta property=\"article:published_time\" content=\"2018-08-09T16:42:00+00:00\" \/>\n<meta property=\"article:modified_time\" content=\"2019-12-12T14:09:59+00:00\" \/>\n<meta property=\"og:image\" content=\"https:\/\/www.altercampagne.net\/wp-content\/uploads\/2019\/12\/2018.08-09-MJC-3Maisons.jpg\" \/>\n\t<meta property=\"og:image:width\" content=\"900\" \/>\n\t<meta property=\"og:image:height\" content=\"470\" \/>\n\t<meta property=\"og:image:type\" content=\"image\/jpeg\" \/>\n<meta name=\"author\" content=\"Mathieu\" \/>\n<meta name=\"twitter:card\" content=\"summary_large_image\" \/>\n<meta name=\"twitter:label1\" content=\"\u00c9crit par\" \/>\n\t<meta name=\"twitter:data1\" content=\"Mathieu\" \/>\n\t<meta name=\"twitter:label2\" content=\"Dur\u00e9e de lecture estim\u00e9e\" \/>\n\t<meta name=\"twitter:data2\" content=\"5 minutes\" \/>\n<script type=\"application\/ld+json\" class=\"yoast-schema-graph\">{\"@context\":\"https:\\\/\\\/schema.org\",\"@graph\":[{\"@type\":\"Article\",\"@id\":\"https:\\\/\\\/www.altercampagne.net\\\/?p=16733#article\",\"isPartOf\":{\"@id\":\"https:\\\/\\\/www.altercampagne.net\\\/?p=16733\"},\"author\":{\"name\":\"Mathieu\",\"@id\":\"https:\\\/\\\/www.altercampagne.net\\\/#\\\/schema\\\/person\\\/0f261460c09e430caa0f9bcffa319109\"},\"headline\":\"D\u00e9couverte du jardin de la MJC des 3 Maisons\",\"datePublished\":\"2018-08-09T16:42:00+00:00\",\"dateModified\":\"2019-12-12T14:09:59+00:00\",\"mainEntityOfPage\":{\"@id\":\"https:\\\/\\\/www.altercampagne.net\\\/?p=16733\"},\"wordCount\":1090,\"image\":{\"@id\":\"https:\\\/\\\/www.altercampagne.net\\\/?p=16733#primaryimage\"},\"thumbnailUrl\":\"https:\\\/\\\/www.altercampagne.net\\\/wp-content\\\/uploads\\\/2019\\\/12\\\/2018.08-09-MJC-3Maisons.jpg\",\"keywords\":[\"Nancy\",\"Atelier Dynamo\",\"Lorraine\",\"MJC des 3 Maisons\"],\"articleSection\":[\"Agriculture\",\"Culture\",\"Grand Est\",\"Education\",\"\u00c9dition 2018\",\"Social\",\"V\u00e9lo\"],\"inLanguage\":\"fr-FR\"},{\"@type\":\"WebPage\",\"@id\":\"https:\\\/\\\/www.altercampagne.net\\\/?p=16733\",\"url\":\"https:\\\/\\\/www.altercampagne.net\\\/?p=16733\",\"name\":\"D\u00e9couverte du jardin de la MJC des 3 Maisons - AlterTour\",\"isPartOf\":{\"@id\":\"https:\\\/\\\/www.altercampagne.net\\\/#website\"},\"primaryImageOfPage\":{\"@id\":\"https:\\\/\\\/www.altercampagne.net\\\/?p=16733#primaryimage\"},\"image\":{\"@id\":\"https:\\\/\\\/www.altercampagne.net\\\/?p=16733#primaryimage\"},\"thumbnailUrl\":\"https:\\\/\\\/www.altercampagne.net\\\/wp-content\\\/uploads\\\/2019\\\/12\\\/2018.08-09-MJC-3Maisons.jpg\",\"datePublished\":\"2018-08-09T16:42:00+00:00\",\"dateModified\":\"2019-12-12T14:09:59+00:00\",\"author\":{\"@id\":\"https:\\\/\\\/www.altercampagne.net\\\/#\\\/schema\\\/person\\\/0f261460c09e430caa0f9bcffa319109\"},\"breadcrumb\":{\"@id\":\"https:\\\/\\\/www.altercampagne.net\\\/?p=16733#breadcrumb\"},\"inLanguage\":\"fr-FR\",\"potentialAction\":[{\"@type\":\"ReadAction\",\"target\":[\"https:\\\/\\\/www.altercampagne.net\\\/?p=16733\"]}]},{\"@type\":\"ImageObject\",\"inLanguage\":\"fr-FR\",\"@id\":\"https:\\\/\\\/www.altercampagne.net\\\/?p=16733#primaryimage\",\"url\":\"https:\\\/\\\/www.altercampagne.net\\\/wp-content\\\/uploads\\\/2019\\\/12\\\/2018.08-09-MJC-3Maisons.jpg\",\"contentUrl\":\"https:\\\/\\\/www.altercampagne.net\\\/wp-content\\\/uploads\\\/2019\\\/12\\\/2018.08-09-MJC-3Maisons.jpg\",\"width\":900,\"height\":470},{\"@type\":\"BreadcrumbList\",\"@id\":\"https:\\\/\\\/www.altercampagne.net\\\/?p=16733#breadcrumb\",\"itemListElement\":[{\"@type\":\"ListItem\",\"position\":1,\"name\":\"Accueil\",\"item\":\"https:\\\/\\\/www.altercampagne.net\\\/\"},{\"@type\":\"ListItem\",\"position\":2,\"name\":\"D\u00e9couverte du jardin de la MJC des 3 Maisons\"}]},{\"@type\":\"WebSite\",\"@id\":\"https:\\\/\\\/www.altercampagne.net\\\/#website\",\"url\":\"https:\\\/\\\/www.altercampagne.net\\\/\",\"name\":\"AlterTour\",\"description\":\"Reliez les Alternatives \u00e0 v\u00e9lo\",\"potentialAction\":[{\"@type\":\"SearchAction\",\"target\":{\"@type\":\"EntryPoint\",\"urlTemplate\":\"https:\\\/\\\/www.altercampagne.net\\\/?s={search_term_string}\"},\"query-input\":{\"@type\":\"PropertyValueSpecification\",\"valueRequired\":true,\"valueName\":\"search_term_string\"}}],\"inLanguage\":\"fr-FR\"},{\"@type\":\"Person\",\"@id\":\"https:\\\/\\\/www.altercampagne.net\\\/#\\\/schema\\\/person\\\/0f261460c09e430caa0f9bcffa319109\",\"name\":\"Mathieu\",\"image\":{\"@type\":\"ImageObject\",\"inLanguage\":\"fr-FR\",\"@id\":\"https:\\\/\\\/secure.gravatar.com\\\/avatar\\\/aa9d3d24c83f2141e5e2709d0f63d09a99f6be6bb7a50abc4915838d9f54501a?s=96&d=mm&r=g\",\"url\":\"https:\\\/\\\/secure.gravatar.com\\\/avatar\\\/aa9d3d24c83f2141e5e2709d0f63d09a99f6be6bb7a50abc4915838d9f54501a?s=96&d=mm&r=g\",\"contentUrl\":\"https:\\\/\\\/secure.gravatar.com\\\/avatar\\\/aa9d3d24c83f2141e5e2709d0f63d09a99f6be6bb7a50abc4915838d9f54501a?s=96&d=mm&r=g\",\"caption\":\"Mathieu\"},\"url\":\"https:\\\/\\\/www.altercampagne.net\\\/?author=214\"}]}<\/script>\n<!-- \/ Yoast SEO plugin. -->","yoast_head_json":{"title":"D\u00e9couverte du jardin de la MJC des 3 Maisons - AlterTour","robots":{"index":"index","follow":"follow","max-snippet":"max-snippet:-1","max-image-preview":"max-image-preview:large","max-video-preview":"max-video-preview:-1"},"canonical":"https:\/\/www.altercampagne.net\/?p=16733","og_locale":"fr_FR","og_type":"article","og_title":"D\u00e9couverte du jardin de la MJC des 3 Maisons - AlterTour","og_description":"J\u2019ai rejoint l\u2019AlterTour la veille, par train, \u00e0 Liverdun. Je marche une quinzaine de minutes et le groupe finissant de d\u00e9jeuner, r\u00e9pare les derni\u00e8res petites choses, attribue \u00e0 qui de droit les derni\u00e8res petites taches, le caf\u00e9 bu, la vaisselle faite, l\u2019Iveco ferm\u00e9, nous roulons agr\u00e9ablement le long de la ... Read More","og_url":"https:\/\/www.altercampagne.net\/?p=16733","og_site_name":"AlterTour","article_published_time":"2018-08-09T16:42:00+00:00","article_modified_time":"2019-12-12T14:09:59+00:00","og_image":[{"width":900,"height":470,"url":"https:\/\/www.altercampagne.net\/wp-content\/uploads\/2019\/12\/2018.08-09-MJC-3Maisons.jpg","type":"image\/jpeg"}],"author":"Mathieu","twitter_card":"summary_large_image","twitter_misc":{"\u00c9crit par":"Mathieu","Dur\u00e9e de lecture estim\u00e9e":"5 minutes"},"schema":{"@context":"https:\/\/schema.org","@graph":[{"@type":"Article","@id":"https:\/\/www.altercampagne.net\/?p=16733#article","isPartOf":{"@id":"https:\/\/www.altercampagne.net\/?p=16733"},"author":{"name":"Mathieu","@id":"https:\/\/www.altercampagne.net\/#\/schema\/person\/0f261460c09e430caa0f9bcffa319109"},"headline":"D\u00e9couverte du jardin de la MJC des 3 Maisons","datePublished":"2018-08-09T16:42:00+00:00","dateModified":"2019-12-12T14:09:59+00:00","mainEntityOfPage":{"@id":"https:\/\/www.altercampagne.net\/?p=16733"},"wordCount":1090,"image":{"@id":"https:\/\/www.altercampagne.net\/?p=16733#primaryimage"},"thumbnailUrl":"https:\/\/www.altercampagne.net\/wp-content\/uploads\/2019\/12\/2018.08-09-MJC-3Maisons.jpg","keywords":["Nancy","Atelier Dynamo","Lorraine","MJC des 3 Maisons"],"articleSection":["Agriculture","Culture","Grand Est","Education","\u00c9dition 2018","Social","V\u00e9lo"],"inLanguage":"fr-FR"},{"@type":"WebPage","@id":"https:\/\/www.altercampagne.net\/?p=16733","url":"https:\/\/www.altercampagne.net\/?p=16733","name":"D\u00e9couverte du jardin de la MJC des 3 Maisons - AlterTour","isPartOf":{"@id":"https:\/\/www.altercampagne.net\/#website"},"primaryImageOfPage":{"@id":"https:\/\/www.altercampagne.net\/?p=16733#primaryimage"},"image":{"@id":"https:\/\/www.altercampagne.net\/?p=16733#primaryimage"},"thumbnailUrl":"https:\/\/www.altercampagne.net\/wp-content\/uploads\/2019\/12\/2018.08-09-MJC-3Maisons.jpg","datePublished":"2018-08-09T16:42:00+00:00","dateModified":"2019-12-12T14:09:59+00:00","author":{"@id":"https:\/\/www.altercampagne.net\/#\/schema\/person\/0f261460c09e430caa0f9bcffa319109"},"breadcrumb":{"@id":"https:\/\/www.altercampagne.net\/?p=16733#breadcrumb"},"inLanguage":"fr-FR","potentialAction":[{"@type":"ReadAction","target":["https:\/\/www.altercampagne.net\/?p=16733"]}]},{"@type":"ImageObject","inLanguage":"fr-FR","@id":"https:\/\/www.altercampagne.net\/?p=16733#primaryimage","url":"https:\/\/www.altercampagne.net\/wp-content\/uploads\/2019\/12\/2018.08-09-MJC-3Maisons.jpg","contentUrl":"https:\/\/www.altercampagne.net\/wp-content\/uploads\/2019\/12\/2018.08-09-MJC-3Maisons.jpg","width":900,"height":470},{"@type":"BreadcrumbList","@id":"https:\/\/www.altercampagne.net\/?p=16733#breadcrumb","itemListElement":[{"@type":"ListItem","position":1,"name":"Accueil","item":"https:\/\/www.altercampagne.net\/"},{"@type":"ListItem","position":2,"name":"D\u00e9couverte du jardin de la MJC des 3 Maisons"}]},{"@type":"WebSite","@id":"https:\/\/www.altercampagne.net\/#website","url":"https:\/\/www.altercampagne.net\/","name":"AlterTour","description":"Reliez les Alternatives \u00e0 v\u00e9lo","potentialAction":[{"@type":"SearchAction","target":{"@type":"EntryPoint","urlTemplate":"https:\/\/www.altercampagne.net\/?s={search_term_string}"},"query-input":{"@type":"PropertyValueSpecification","valueRequired":true,"valueName":"search_term_string"}}],"inLanguage":"fr-FR"},{"@type":"Person","@id":"https:\/\/www.altercampagne.net\/#\/schema\/person\/0f261460c09e430caa0f9bcffa319109","name":"Mathieu","image":{"@type":"ImageObject","inLanguage":"fr-FR","@id":"https:\/\/secure.gravatar.com\/avatar\/aa9d3d24c83f2141e5e2709d0f63d09a99f6be6bb7a50abc4915838d9f54501a?s=96&d=mm&r=g","url":"https:\/\/secure.gravatar.com\/avatar\/aa9d3d24c83f2141e5e2709d0f63d09a99f6be6bb7a50abc4915838d9f54501a?s=96&d=mm&r=g","contentUrl":"https:\/\/secure.gravatar.com\/avatar\/aa9d3d24c83f2141e5e2709d0f63d09a99f6be6bb7a50abc4915838d9f54501a?s=96&d=mm&r=g","caption":"Mathieu"},"url":"https:\/\/www.altercampagne.net\/?author=214"}]}},"_links":{"self":[{"href":"https:\/\/www.altercampagne.net\/index.php?rest_route=\/wp\/v2\/posts\/16733","targetHints":{"allow":["GET"]}}],"collection":[{"href":"https:\/\/www.altercampagne.net\/index.php?rest_route=\/wp\/v2\/posts"}],"about":[{"href":"https:\/\/www.altercampagne.net\/index.php?rest_route=\/wp\/v2\/types\/post"}],"author":[{"embeddable":true,"href":"https:\/\/www.altercampagne.net\/index.php?rest_route=\/wp\/v2\/users\/214"}],"replies":[{"embeddable":true,"href":"https:\/\/www.altercampagne.net\/index.php?rest_route=%2Fwp%2Fv2%2Fcomments&post=16733"}],"version-history":[{"count":0,"href":"https:\/\/www.altercampagne.net\/index.php?rest_route=\/wp\/v2\/posts\/16733\/revisions"}],"wp:featuredmedia":[{"embeddable":true,"href":"https:\/\/www.altercampagne.net\/index.php?rest_route=\/wp\/v2\/media\/16734"}],"wp:attachment":[{"href":"https:\/\/www.altercampagne.net\/index.php?rest_route=%2Fwp%2Fv2%2Fmedia&parent=16733"}],"wp:term":[{"taxonomy":"category","embeddable":true,"href":"https:\/\/www.altercampagne.net\/index.php?rest_route=%2Fwp%2Fv2%2Fcategories&post=16733"},{"taxonomy":"post_tag","embeddable":true,"href":"https:\/\/www.altercampagne.net\/index.php?rest_route=%2Fwp%2Fv2%2Ftags&post=16733"}],"curies":[{"name":"wp","href":"https:\/\/api.w.org\/{rel}","templated":true}]}}