{"id":16745,"date":"2019-12-20T18:01:00","date_gmt":"2019-12-20T17:01:00","guid":{"rendered":"http:\/\/www.altercampagne.net\/?p=16745"},"modified":"2021-05-06T10:43:31","modified_gmt":"2021-05-06T08:43:31","slug":"reserve-ton-we-du-25-26-janvier","status":"publish","type":"post","link":"https:\/\/www.altercampagne.net\/?p=16745","title":{"rendered":"Rendez-vous le WE du 25-26 janvier !"},"content":{"rendered":"\n<p><strong>C\u2019est le prochain WE de pr\u00e9paration de l\u2019AlterTour ! On se forme pour pr\u00e9parer concr\u00e8tement les \u00e9tapes de l\u2019\u00e9dition 2020.<\/strong><\/p>\n\n\n\n<p>Au programme :<\/p>\n\n\n\n<ul class=\"wp-block-list\"><li><strong>Pr\u00e9paration des \u00e9tapes<\/strong>&nbsp;: point sur les avanc\u00e9es de la pr\u00e9paration, formation open-runner, comptabilit\u00e9.<\/li><li><strong>Recueil&nbsp;des alternatives<\/strong> : formation aux interviews et \u00e0 la r\u00e9daction d\u2019articles, choix de 10 alternatives suppl\u00e9mentaires \u00e0 interviewer.<\/li><\/ul>\n\n\n\n<p>Lieu de RDV : <strong><a rel=\"noreferrer noopener\" aria-label=\"Les Marmites Volantes (s\u2019ouvre dans un nouvel onglet)\" href=\"http:\/\/montreuil.marmitesvolantes.fr\/\" target=\"_blank\">Les Marmites Volantes<\/a><\/strong> &#8211; 47 Avenue Pasteur &#8211; 93100 Montreuil<\/p>\n\n\n\n<p>Le d\u00e9tail du programme ci-dessous.<br>A tr\u00e8s bient\u00f4t !<\/p>\n\n\n\n<p>Claire, Ana\u00efs et Elsa<\/p>\n\n\n\n<h4 class=\"wp-block-heading\">Programme du weekend<\/h4>\n\n\n\n<p><strong>Samedi matin :<\/strong> Accueil, retour du Coll\u00e8ge Solidaire, formation \u00e0 la mise des \u00e9tapes, atelier sur le temps (th\u00e8me de 2020).<\/p>\n\n\n\n<p><strong>Samedi apr\u00e8s-midi :<\/strong> Pr\u00e9paration des \u00e9tapes, \u00c9chapp\u00e9es Belles, accueil des nouveaux et accessibilit\u00e9<\/p>\n\n\n\n<p><strong>Dimanche matin :<\/strong> organisation du Week-end des accueillants, r\u00e9flexion sur le temps (th\u00e8me de 2020) et formation \u00e0 la mise en ligne des parcours, atelier sur le temps (th\u00e8me de 2020). <\/p>\n\n\n\n<p><strong>Dimanche apr\u00e8s-midi :<\/strong> Choix de 10 alternatives et de 8 portraits d&rsquo;Altercyclistes pour le recueil des alternatives, accueil des nouveaux, accessibilit\u00e9, pr\u00e9sence sur les salons \u00e9colos et les \u00e9v\u00e8nements militants et bilan du week-end<\/p>\n\n\n\n<h4 class=\"wp-block-heading\">En pratique<\/h4>\n\n\n\n<p>Il aura lieu \u00e0 <strong>Montreuil<\/strong>, tu peux d\u00e9j\u00e0 r\u00e9server tes billets de train.<\/p>\n\n\n\n<p>Tu peux juste venir faire un coucou, rester<strong>&nbsp;1h, 1 journ\u00e9e ou tout le week-end<\/strong>, envoie-nous un mail \u00e0 l&rsquo;adresse&nbsp;contact@altertour.net ou sur la page Facebook !<\/p>\n\n\n\n<p>Si tu viens de loin,&nbsp;<strong>tu peux te faire h\u00e9berger<\/strong>&nbsp;chez les participant.e.s parisien.ne.s, dans ce cas, mets \u00e9galement un petit mot \u00e0 contact@altertour.net.<\/p>\n\n\n\n<p>Pour manger, chacun apporte sa contribution culinaire pour faire un&nbsp;<strong>repas partag\u00e9.<\/strong><\/p>\n\n\n\n<p>Cr\u00e9dit photo : Samy Archim\u00e8de<\/p>\n","protected":false},"excerpt":{"rendered":"<p>C\u2019est le prochain WE de pr\u00e9paration de l\u2019AlterTour ! On se forme pour pr\u00e9parer concr\u00e8tement les \u00e9tapes de l\u2019\u00e9dition 2020. Au programme : Pr\u00e9paration des \u00e9tapes&nbsp;: point sur les avanc\u00e9es de la pr\u00e9paration, formation open-runner, comptabilit\u00e9. Recueil&nbsp;des alternatives : formation aux interviews et \u00e0 la r\u00e9daction d\u2019articles, choix de 10 &#8230; <\/p>\n<div><a href=\"https:\/\/www.altercampagne.net\/?p=16745\" class=\"more-link\">Read More<\/a><\/div>\n","protected":false},"author":290,"featured_media":16758,"comment_status":"closed","ping_status":"closed","sticky":false,"template":"","format":"standard","meta":{"footnotes":""},"categories":[4313,3967,3477,3539],"tags":[],"class_list":["post-16745","post","type-post","status-publish","format-standard","has-post-thumbnail","hentry","category-altertour","category-edition-2020","category-ile-de-france","category-we-de-preparation"],"yoast_head":"<!-- This site is optimized with the Yoast SEO plugin v27.3 - https:\/\/yoast.com\/product\/yoast-seo-wordpress\/ -->\n<title>Rendez-vous le WE du 25-26 janvier ! - AlterTour<\/title>\n<meta name=\"robots\" content=\"index, follow, max-snippet:-1, max-image-preview:large, max-video-preview:-1\" \/>\n<link rel=\"canonical\" href=\"https:\/\/www.altercampagne.net\/?p=16745\" \/>\n<meta property=\"og:locale\" content=\"fr_FR\" \/>\n<meta property=\"og:type\" content=\"article\" \/>\n<meta property=\"og:title\" content=\"Rendez-vous le WE du 25-26 janvier ! - AlterTour\" \/>\n<meta property=\"og:description\" content=\"C\u2019est le prochain WE de pr\u00e9paration de l\u2019AlterTour ! On se forme pour pr\u00e9parer concr\u00e8tement les \u00e9tapes de l\u2019\u00e9dition 2020. Au programme : Pr\u00e9paration des \u00e9tapes&nbsp;: point sur les avanc\u00e9es de la pr\u00e9paration, formation open-runner, comptabilit\u00e9. Recueil&nbsp;des alternatives : formation aux interviews et \u00e0 la r\u00e9daction d\u2019articles, choix de 10 ... Read More\" \/>\n<meta property=\"og:url\" content=\"https:\/\/www.altercampagne.net\/?p=16745\" \/>\n<meta property=\"og:site_name\" content=\"AlterTour\" \/>\n<meta property=\"article:published_time\" content=\"2019-12-20T17:01:00+00:00\" \/>\n<meta property=\"article:modified_time\" content=\"2021-05-06T08:43:31+00:00\" \/>\n<meta property=\"og:image\" content=\"https:\/\/www.altercampagne.net\/wp-content\/uploads\/2019\/12\/2019-12-07_pl\u00e9niere_choix_du_parcours.jpg\" \/>\n\t<meta property=\"og:image:width\" content=\"1000\" \/>\n\t<meta property=\"og:image:height\" content=\"522\" \/>\n\t<meta property=\"og:image:type\" content=\"image\/jpeg\" \/>\n<meta name=\"author\" content=\"Brunelle\" \/>\n<meta name=\"twitter:card\" content=\"summary_large_image\" \/>\n<meta name=\"twitter:label1\" content=\"\u00c9crit par\" \/>\n\t<meta name=\"twitter:data1\" content=\"Brunelle\" \/>\n\t<meta name=\"twitter:label2\" content=\"Dur\u00e9e de lecture estim\u00e9e\" \/>\n\t<meta name=\"twitter:data2\" content=\"1 minute\" \/>\n<script type=\"application\/ld+json\" class=\"yoast-schema-graph\">{\"@context\":\"https:\\\/\\\/schema.org\",\"@graph\":[{\"@type\":\"Article\",\"@id\":\"https:\\\/\\\/www.altercampagne.net\\\/?p=16745#article\",\"isPartOf\":{\"@id\":\"https:\\\/\\\/www.altercampagne.net\\\/?p=16745\"},\"author\":{\"name\":\"Brunelle\",\"@id\":\"https:\\\/\\\/www.altercampagne.net\\\/#\\\/schema\\\/person\\\/b7970639b8bbc1bba5a12da9417ad512\"},\"headline\":\"Rendez-vous le WE du 25-26 janvier !\",\"datePublished\":\"2019-12-20T17:01:00+00:00\",\"dateModified\":\"2021-05-06T08:43:31+00:00\",\"mainEntityOfPage\":{\"@id\":\"https:\\\/\\\/www.altercampagne.net\\\/?p=16745\"},\"wordCount\":295,\"image\":{\"@id\":\"https:\\\/\\\/www.altercampagne.net\\\/?p=16745#primaryimage\"},\"thumbnailUrl\":\"https:\\\/\\\/www.altercampagne.net\\\/wp-content\\\/uploads\\\/2019\\\/12\\\/2019-12-07_pl\u00e9niere_choix_du_parcours.jpg\",\"articleSection\":[\"AlterTour\",\"Edition 2020\",\"\u00cele-de-France\",\"WE de pr\u00e9paration\"],\"inLanguage\":\"fr-FR\"},{\"@type\":\"WebPage\",\"@id\":\"https:\\\/\\\/www.altercampagne.net\\\/?p=16745\",\"url\":\"https:\\\/\\\/www.altercampagne.net\\\/?p=16745\",\"name\":\"Rendez-vous le WE du 25-26 janvier ! - AlterTour\",\"isPartOf\":{\"@id\":\"https:\\\/\\\/www.altercampagne.net\\\/#website\"},\"primaryImageOfPage\":{\"@id\":\"https:\\\/\\\/www.altercampagne.net\\\/?p=16745#primaryimage\"},\"image\":{\"@id\":\"https:\\\/\\\/www.altercampagne.net\\\/?p=16745#primaryimage\"},\"thumbnailUrl\":\"https:\\\/\\\/www.altercampagne.net\\\/wp-content\\\/uploads\\\/2019\\\/12\\\/2019-12-07_pl\u00e9niere_choix_du_parcours.jpg\",\"datePublished\":\"2019-12-20T17:01:00+00:00\",\"dateModified\":\"2021-05-06T08:43:31+00:00\",\"author\":{\"@id\":\"https:\\\/\\\/www.altercampagne.net\\\/#\\\/schema\\\/person\\\/b7970639b8bbc1bba5a12da9417ad512\"},\"breadcrumb\":{\"@id\":\"https:\\\/\\\/www.altercampagne.net\\\/?p=16745#breadcrumb\"},\"inLanguage\":\"fr-FR\",\"potentialAction\":[{\"@type\":\"ReadAction\",\"target\":[\"https:\\\/\\\/www.altercampagne.net\\\/?p=16745\"]}]},{\"@type\":\"ImageObject\",\"inLanguage\":\"fr-FR\",\"@id\":\"https:\\\/\\\/www.altercampagne.net\\\/?p=16745#primaryimage\",\"url\":\"https:\\\/\\\/www.altercampagne.net\\\/wp-content\\\/uploads\\\/2019\\\/12\\\/2019-12-07_pl\u00e9niere_choix_du_parcours.jpg\",\"contentUrl\":\"https:\\\/\\\/www.altercampagne.net\\\/wp-content\\\/uploads\\\/2019\\\/12\\\/2019-12-07_pl\u00e9niere_choix_du_parcours.jpg\",\"width\":1000,\"height\":522},{\"@type\":\"BreadcrumbList\",\"@id\":\"https:\\\/\\\/www.altercampagne.net\\\/?p=16745#breadcrumb\",\"itemListElement\":[{\"@type\":\"ListItem\",\"position\":1,\"name\":\"Accueil\",\"item\":\"https:\\\/\\\/www.altercampagne.net\\\/\"},{\"@type\":\"ListItem\",\"position\":2,\"name\":\"Rendez-vous le WE du 25-26 janvier !\"}]},{\"@type\":\"WebSite\",\"@id\":\"https:\\\/\\\/www.altercampagne.net\\\/#website\",\"url\":\"https:\\\/\\\/www.altercampagne.net\\\/\",\"name\":\"AlterTour\",\"description\":\"Reliez les Alternatives \u00e0 v\u00e9lo\",\"potentialAction\":[{\"@type\":\"SearchAction\",\"target\":{\"@type\":\"EntryPoint\",\"urlTemplate\":\"https:\\\/\\\/www.altercampagne.net\\\/?s={search_term_string}\"},\"query-input\":{\"@type\":\"PropertyValueSpecification\",\"valueRequired\":true,\"valueName\":\"search_term_string\"}}],\"inLanguage\":\"fr-FR\"},{\"@type\":\"Person\",\"@id\":\"https:\\\/\\\/www.altercampagne.net\\\/#\\\/schema\\\/person\\\/b7970639b8bbc1bba5a12da9417ad512\",\"name\":\"Brunelle\",\"image\":{\"@type\":\"ImageObject\",\"inLanguage\":\"fr-FR\",\"@id\":\"https:\\\/\\\/secure.gravatar.com\\\/avatar\\\/70edc45ba2cc6ad30cb81b453241ce7be3302cbdd5fab275bf4b9d2807d08de0?s=96&d=mm&r=g\",\"url\":\"https:\\\/\\\/secure.gravatar.com\\\/avatar\\\/70edc45ba2cc6ad30cb81b453241ce7be3302cbdd5fab275bf4b9d2807d08de0?s=96&d=mm&r=g\",\"contentUrl\":\"https:\\\/\\\/secure.gravatar.com\\\/avatar\\\/70edc45ba2cc6ad30cb81b453241ce7be3302cbdd5fab275bf4b9d2807d08de0?s=96&d=mm&r=g\",\"caption\":\"Brunelle\"},\"url\":\"https:\\\/\\\/www.altercampagne.net\\\/?author=290\"}]}<\/script>\n<!-- \/ Yoast SEO plugin. -->","yoast_head_json":{"title":"Rendez-vous le WE du 25-26 janvier ! - AlterTour","robots":{"index":"index","follow":"follow","max-snippet":"max-snippet:-1","max-image-preview":"max-image-preview:large","max-video-preview":"max-video-preview:-1"},"canonical":"https:\/\/www.altercampagne.net\/?p=16745","og_locale":"fr_FR","og_type":"article","og_title":"Rendez-vous le WE du 25-26 janvier ! - AlterTour","og_description":"C\u2019est le prochain WE de pr\u00e9paration de l\u2019AlterTour ! On se forme pour pr\u00e9parer concr\u00e8tement les \u00e9tapes de l\u2019\u00e9dition 2020. Au programme : Pr\u00e9paration des \u00e9tapes&nbsp;: point sur les avanc\u00e9es de la pr\u00e9paration, formation open-runner, comptabilit\u00e9. Recueil&nbsp;des alternatives : formation aux interviews et \u00e0 la r\u00e9daction d\u2019articles, choix de 10 ... Read More","og_url":"https:\/\/www.altercampagne.net\/?p=16745","og_site_name":"AlterTour","article_published_time":"2019-12-20T17:01:00+00:00","article_modified_time":"2021-05-06T08:43:31+00:00","og_image":[{"width":1000,"height":522,"url":"https:\/\/www.altercampagne.net\/wp-content\/uploads\/2019\/12\/2019-12-07_pl\u00e9niere_choix_du_parcours.jpg","type":"image\/jpeg"}],"author":"Brunelle","twitter_card":"summary_large_image","twitter_misc":{"\u00c9crit par":"Brunelle","Dur\u00e9e de lecture estim\u00e9e":"1 minute"},"schema":{"@context":"https:\/\/schema.org","@graph":[{"@type":"Article","@id":"https:\/\/www.altercampagne.net\/?p=16745#article","isPartOf":{"@id":"https:\/\/www.altercampagne.net\/?p=16745"},"author":{"name":"Brunelle","@id":"https:\/\/www.altercampagne.net\/#\/schema\/person\/b7970639b8bbc1bba5a12da9417ad512"},"headline":"Rendez-vous le WE du 25-26 janvier !","datePublished":"2019-12-20T17:01:00+00:00","dateModified":"2021-05-06T08:43:31+00:00","mainEntityOfPage":{"@id":"https:\/\/www.altercampagne.net\/?p=16745"},"wordCount":295,"image":{"@id":"https:\/\/www.altercampagne.net\/?p=16745#primaryimage"},"thumbnailUrl":"https:\/\/www.altercampagne.net\/wp-content\/uploads\/2019\/12\/2019-12-07_pl\u00e9niere_choix_du_parcours.jpg","articleSection":["AlterTour","Edition 2020","\u00cele-de-France","WE de pr\u00e9paration"],"inLanguage":"fr-FR"},{"@type":"WebPage","@id":"https:\/\/www.altercampagne.net\/?p=16745","url":"https:\/\/www.altercampagne.net\/?p=16745","name":"Rendez-vous le WE du 25-26 janvier ! - AlterTour","isPartOf":{"@id":"https:\/\/www.altercampagne.net\/#website"},"primaryImageOfPage":{"@id":"https:\/\/www.altercampagne.net\/?p=16745#primaryimage"},"image":{"@id":"https:\/\/www.altercampagne.net\/?p=16745#primaryimage"},"thumbnailUrl":"https:\/\/www.altercampagne.net\/wp-content\/uploads\/2019\/12\/2019-12-07_pl\u00e9niere_choix_du_parcours.jpg","datePublished":"2019-12-20T17:01:00+00:00","dateModified":"2021-05-06T08:43:31+00:00","author":{"@id":"https:\/\/www.altercampagne.net\/#\/schema\/person\/b7970639b8bbc1bba5a12da9417ad512"},"breadcrumb":{"@id":"https:\/\/www.altercampagne.net\/?p=16745#breadcrumb"},"inLanguage":"fr-FR","potentialAction":[{"@type":"ReadAction","target":["https:\/\/www.altercampagne.net\/?p=16745"]}]},{"@type":"ImageObject","inLanguage":"fr-FR","@id":"https:\/\/www.altercampagne.net\/?p=16745#primaryimage","url":"https:\/\/www.altercampagne.net\/wp-content\/uploads\/2019\/12\/2019-12-07_pl\u00e9niere_choix_du_parcours.jpg","contentUrl":"https:\/\/www.altercampagne.net\/wp-content\/uploads\/2019\/12\/2019-12-07_pl\u00e9niere_choix_du_parcours.jpg","width":1000,"height":522},{"@type":"BreadcrumbList","@id":"https:\/\/www.altercampagne.net\/?p=16745#breadcrumb","itemListElement":[{"@type":"ListItem","position":1,"name":"Accueil","item":"https:\/\/www.altercampagne.net\/"},{"@type":"ListItem","position":2,"name":"Rendez-vous le WE du 25-26 janvier !"}]},{"@type":"WebSite","@id":"https:\/\/www.altercampagne.net\/#website","url":"https:\/\/www.altercampagne.net\/","name":"AlterTour","description":"Reliez les Alternatives \u00e0 v\u00e9lo","potentialAction":[{"@type":"SearchAction","target":{"@type":"EntryPoint","urlTemplate":"https:\/\/www.altercampagne.net\/?s={search_term_string}"},"query-input":{"@type":"PropertyValueSpecification","valueRequired":true,"valueName":"search_term_string"}}],"inLanguage":"fr-FR"},{"@type":"Person","@id":"https:\/\/www.altercampagne.net\/#\/schema\/person\/b7970639b8bbc1bba5a12da9417ad512","name":"Brunelle","image":{"@type":"ImageObject","inLanguage":"fr-FR","@id":"https:\/\/secure.gravatar.com\/avatar\/70edc45ba2cc6ad30cb81b453241ce7be3302cbdd5fab275bf4b9d2807d08de0?s=96&d=mm&r=g","url":"https:\/\/secure.gravatar.com\/avatar\/70edc45ba2cc6ad30cb81b453241ce7be3302cbdd5fab275bf4b9d2807d08de0?s=96&d=mm&r=g","contentUrl":"https:\/\/secure.gravatar.com\/avatar\/70edc45ba2cc6ad30cb81b453241ce7be3302cbdd5fab275bf4b9d2807d08de0?s=96&d=mm&r=g","caption":"Brunelle"},"url":"https:\/\/www.altercampagne.net\/?author=290"}]}},"_links":{"self":[{"href":"https:\/\/www.altercampagne.net\/index.php?rest_route=\/wp\/v2\/posts\/16745","targetHints":{"allow":["GET"]}}],"collection":[{"href":"https:\/\/www.altercampagne.net\/index.php?rest_route=\/wp\/v2\/posts"}],"about":[{"href":"https:\/\/www.altercampagne.net\/index.php?rest_route=\/wp\/v2\/types\/post"}],"author":[{"embeddable":true,"href":"https:\/\/www.altercampagne.net\/index.php?rest_route=\/wp\/v2\/users\/290"}],"replies":[{"embeddable":true,"href":"https:\/\/www.altercampagne.net\/index.php?rest_route=%2Fwp%2Fv2%2Fcomments&post=16745"}],"version-history":[{"count":6,"href":"https:\/\/www.altercampagne.net\/index.php?rest_route=\/wp\/v2\/posts\/16745\/revisions"}],"predecessor-version":[{"id":17038,"href":"https:\/\/www.altercampagne.net\/index.php?rest_route=\/wp\/v2\/posts\/16745\/revisions\/17038"}],"wp:featuredmedia":[{"embeddable":true,"href":"https:\/\/www.altercampagne.net\/index.php?rest_route=\/wp\/v2\/media\/16758"}],"wp:attachment":[{"href":"https:\/\/www.altercampagne.net\/index.php?rest_route=%2Fwp%2Fv2%2Fmedia&parent=16745"}],"wp:term":[{"taxonomy":"category","embeddable":true,"href":"https:\/\/www.altercampagne.net\/index.php?rest_route=%2Fwp%2Fv2%2Fcategories&post=16745"},{"taxonomy":"post_tag","embeddable":true,"href":"https:\/\/www.altercampagne.net\/index.php?rest_route=%2Fwp%2Fv2%2Ftags&post=16745"}],"curies":[{"name":"wp","href":"https:\/\/api.w.org\/{rel}","templated":true}]}}