{"id":1701,"date":"2015-07-15T07:51:44","date_gmt":"2015-07-15T05:51:44","guid":{"rendered":"http:\/\/www.altercampagne.net\/?p=1701"},"modified":"2020-02-24T15:14:29","modified_gmt":"2020-02-24T14:14:29","slug":"les-refugies-climatiques-ne-sont-pas-encore-reconnus","status":"publish","type":"post","link":"https:\/\/www.altercampagne.net\/?p=1701","title":{"rendered":"Les r\u00e9fugi\u00e9s climatiques ne sont pas encore reconnus !"},"content":{"rendered":"<p><a href=\"http:\/\/www.altercampagne.net\/?page_id=172&amp;route=45\"><img loading=\"lazy\" decoding=\"async\" class=\" wp-image-1262 size-medium alignleft\" src=\"http:\/\/www.altercampagne.net\/wp-content\/uploads\/2015\/05\/2015-08-20-terre-d-errance-300x219.jpg\" alt=\"Terre d'errance AlterTour 2015\" width=\"300\" height=\"219\" srcset=\"https:\/\/www.altercampagne.net\/wp-content\/uploads\/2015\/05\/2015-08-20-terre-d-errance-300x219.jpg 300w, https:\/\/www.altercampagne.net\/wp-content\/uploads\/2015\/05\/2015-08-20-terre-d-errance.jpg 960w\" sizes=\"auto, (max-width: 300px) 100vw, 300px\" \/><\/a>Pour savoir o\u00f9 tu vas, il faut savoir d\u2019o\u00f9 tu viens. Et les migrants savent aussi tr\u00e8s bien pourquoi ils fuient. Ceux r\u00eavant d\u2019Angleterre investissent logiquement le littoral de la Manche. D\u2019expulsion en expulsion, certains \u00e9chouent \u00e0 Norrent-Fontes, \u00e0 20 km de B\u00e9thune. L\u2019association <em>Terre d\u2019errance <\/em>sensibilise \u00e9lus et jeunes \u00e0 cette question depuis 2008. Mais pas que \u00e7a : d\u00e9but 2012, apr\u00e8s la destruction par la police du camp d\u2019infortune d\u00e9pourvu d\u2019\u00e9lectricit\u00e9, l\u2019ancien maire, \u00e9lu en ayant affich\u00e9 sa volont\u00e9 d\u2019aider les migrants, soutient son remontage. Mais en 2014, avec le nouveau maire, la situation se durcie : il supprime par exemple les rotations de citernes qui ne fournissaient d\u00e9j\u00e0 pas les 20 litres d\u2019eau potable par personne et par jour. Les b\u00e9n\u00e9voles de <em>Terre d\u2019errance <\/em>sont alors sur le terrain. Ils se mobilisent pour fournir le minimum : eau, nourriture, v\u00eatements. Des relations humaines se nouent. <em>Terre d\u2019errance <\/em>est membre de la Plateforme de Service aux Migrants.<\/p>\n<p>Elle regroupe des associations du Pas de Calais, Cherbourg et Paris et travaille avec le <em>R\u00e9seau des Elus hospitaliers, eux\u2026<\/em><\/p>\n<p><strong><em>\u00ab Les r\u00e9fugi\u00e9s climatiques ne sont pas encore reconnus \u00bb<\/em><\/strong><\/p>\n<p><em>\u00ab Les migrants de Norrent-Fontes arrivent d\u2019Erythr\u00e9e, du Soudan et d\u2019Ethiopie. Ils fuient la dictature. Ils appartiennent plut\u00f4t aux classes moyennes. Les pauvres ne peuvent financer leur migration et les riches sont localement \u00ab prot\u00e9g\u00e9s \u00bb. Nous n\u2019avons pas les moyens de mesurer s\u2019ils sont r\u00e9fugi\u00e9s climatiques, par manque d\u2019eau d\u00fb aux \u00e9pisodes croissants de s\u00e9cheresse dans ces r\u00e9gions par exemple. Mais m\u00eame si c\u2019\u00e9tait la raison de leur d\u00e9part, ils ne l\u2019\u00e9voqueraient pas parce que ce n\u2019est pas encore reconnu pour obtenir un statut de r\u00e9fugi\u00e9. On recueille leur histoire et on travaille sur les questions politiques et juridiques. On ne peut pas nier que leur pr\u00e9sence pose probl\u00e8me. Mais c\u2019est aussi tr\u00e8s riche. C\u2019est fou tout ce que les locaux s\u2019interdisent en termes de relations avec ces gens car malgr\u00e9 leurs conditions de vie effroyables, ils sont incroyablement souriants et g\u00e9n\u00e9reux. Une utopie se construit au jour le jour. \u00bb<\/em><\/p>\n<p style=\"text-align: right;\"><strong>Laurence ROUSSEL, b\u00e9n\u00e9vole et Nan SUEL, co-pr\u00e9sidente<\/strong><\/p>\n<p>Extrait du Recueil des Alternatives de l\u2019AlterTour 2015, disponible dans le num\u00e9ro de juin de la <a title=\"Revue Silence\" href=\"http:\/\/www.revuesilence.net\/\" target=\"_blank\" rel=\"noopener noreferrer\">Revue Silence<\/a><\/p>\n<p>Terre d&rsquo;Errance accueillera l\u2019AlterTour le 20 ao\u00fbt 2015 \u00e0 Norrent-Fontes. Lien vers l\u2019<a href=\"http:\/\/www.altercampagne.net\/?page_id=172&amp;route=45\">\u00e9tape du 20 ao\u00fbt 2015<\/a><\/p>\n","protected":false},"excerpt":{"rendered":"<p>Pour savoir o\u00f9 tu vas, il faut savoir d\u2019o\u00f9 tu viens. Et les migrants savent aussi tr\u00e8s bien pourquoi ils fuient. Ceux r\u00eavant d\u2019Angleterre investissent logiquement le littoral de la Manche. D\u2019expulsion en expulsion, certains \u00e9chouent \u00e0 Norrent-Fontes, \u00e0 20 km de B\u00e9thune. L\u2019association Terre d\u2019errance sensibilise \u00e9lus et jeunes &#8230; <\/p>\n<div><a href=\"https:\/\/www.altercampagne.net\/?p=1701\" class=\"more-link\">Read More<\/a><\/div>\n","protected":false},"author":214,"featured_media":0,"comment_status":"closed","ping_status":"closed","sticky":false,"template":"","format":"standard","meta":{"footnotes":""},"categories":[3476,3460,3542],"tags":[33,44,192,202,233,320,321,322,323,324,362,1498,1602,1603,1604],"class_list":["post-1701","post","type-post","status-publish","format-standard","hentry","category-hauts-de-france","category-edition-2015","category-lutte","tag-calais","tag-climat","tag-altertour-2015","tag-terre-derrance","tag-cop21","tag-norrent-fontes","tag-manche","tag-migrant","tag-pas-de-calais","tag-refugies-climatiques","tag-erythree","tag-nan-suel","tag-soudan","tag-ethiopie","tag-laurence-roussel","no-post-thumbnail"],"yoast_head":"<!-- This site is optimized with the Yoast SEO plugin v27.3 - https:\/\/yoast.com\/product\/yoast-seo-wordpress\/ -->\n<title>Les r\u00e9fugi\u00e9s climatiques ne sont pas encore reconnus ! - AlterTour<\/title>\n<meta name=\"robots\" content=\"index, follow, max-snippet:-1, max-image-preview:large, max-video-preview:-1\" \/>\n<link rel=\"canonical\" href=\"https:\/\/www.altercampagne.net\/?p=1701\" \/>\n<meta property=\"og:locale\" content=\"fr_FR\" \/>\n<meta property=\"og:type\" content=\"article\" \/>\n<meta property=\"og:title\" content=\"Les r\u00e9fugi\u00e9s climatiques ne sont pas encore reconnus ! - AlterTour\" \/>\n<meta property=\"og:description\" content=\"Pour savoir o\u00f9 tu vas, il faut savoir d\u2019o\u00f9 tu viens. Et les migrants savent aussi tr\u00e8s bien pourquoi ils fuient. Ceux r\u00eavant d\u2019Angleterre investissent logiquement le littoral de la Manche. D\u2019expulsion en expulsion, certains \u00e9chouent \u00e0 Norrent-Fontes, \u00e0 20 km de B\u00e9thune. L\u2019association Terre d\u2019errance sensibilise \u00e9lus et jeunes ... Read More\" \/>\n<meta property=\"og:url\" content=\"https:\/\/www.altercampagne.net\/?p=1701\" \/>\n<meta property=\"og:site_name\" content=\"AlterTour\" \/>\n<meta property=\"article:published_time\" content=\"2015-07-15T05:51:44+00:00\" \/>\n<meta property=\"article:modified_time\" content=\"2020-02-24T14:14:29+00:00\" \/>\n<meta property=\"og:image\" content=\"http:\/\/www.altercampagne.net\/wp-content\/uploads\/2015\/05\/2015-08-20-terre-d-errance-300x219.jpg\" \/>\n<meta name=\"author\" content=\"Mathieu\" \/>\n<meta name=\"twitter:card\" content=\"summary_large_image\" \/>\n<meta name=\"twitter:label1\" content=\"\u00c9crit par\" \/>\n\t<meta name=\"twitter:data1\" content=\"Mathieu\" \/>\n\t<meta name=\"twitter:label2\" content=\"Dur\u00e9e de lecture estim\u00e9e\" \/>\n\t<meta name=\"twitter:data2\" content=\"2 minutes\" \/>\n<script type=\"application\/ld+json\" class=\"yoast-schema-graph\">{\"@context\":\"https:\\\/\\\/schema.org\",\"@graph\":[{\"@type\":\"Article\",\"@id\":\"https:\\\/\\\/www.altercampagne.net\\\/?p=1701#article\",\"isPartOf\":{\"@id\":\"https:\\\/\\\/www.altercampagne.net\\\/?p=1701\"},\"author\":{\"name\":\"Mathieu\",\"@id\":\"https:\\\/\\\/www.altercampagne.net\\\/#\\\/schema\\\/person\\\/0f261460c09e430caa0f9bcffa319109\"},\"headline\":\"Les r\u00e9fugi\u00e9s climatiques ne sont pas encore reconnus !\",\"datePublished\":\"2015-07-15T05:51:44+00:00\",\"dateModified\":\"2020-02-24T14:14:29+00:00\",\"mainEntityOfPage\":{\"@id\":\"https:\\\/\\\/www.altercampagne.net\\\/?p=1701\"},\"wordCount\":432,\"image\":{\"@id\":\"https:\\\/\\\/www.altercampagne.net\\\/?p=1701#primaryimage\"},\"thumbnailUrl\":\"http:\\\/\\\/www.altercampagne.net\\\/wp-content\\\/uploads\\\/2015\\\/05\\\/2015-08-20-terre-d-errance-300x219.jpg\",\"keywords\":[\"Calais\",\"climat\",\"AlterTour 2015\",\"Terre d'Errance\",\"cop21\",\"norrent-fontes\",\"manche\",\"migrant\",\"pas de calais\",\"r\u00e9fugi\u00e9s climatiques\",\"\u00e9rythr\u00e9e\",\"Nan Suel\",\"Soudan\",\"Ethiopie\",\"Laurence ROUSSEL\"],\"articleSection\":[\"Hauts-de-France\",\"\u00c9dition 2015\",\"Lutte\"],\"inLanguage\":\"fr-FR\"},{\"@type\":\"WebPage\",\"@id\":\"https:\\\/\\\/www.altercampagne.net\\\/?p=1701\",\"url\":\"https:\\\/\\\/www.altercampagne.net\\\/?p=1701\",\"name\":\"Les r\u00e9fugi\u00e9s climatiques ne sont pas encore reconnus ! - AlterTour\",\"isPartOf\":{\"@id\":\"https:\\\/\\\/www.altercampagne.net\\\/#website\"},\"primaryImageOfPage\":{\"@id\":\"https:\\\/\\\/www.altercampagne.net\\\/?p=1701#primaryimage\"},\"image\":{\"@id\":\"https:\\\/\\\/www.altercampagne.net\\\/?p=1701#primaryimage\"},\"thumbnailUrl\":\"http:\\\/\\\/www.altercampagne.net\\\/wp-content\\\/uploads\\\/2015\\\/05\\\/2015-08-20-terre-d-errance-300x219.jpg\",\"datePublished\":\"2015-07-15T05:51:44+00:00\",\"dateModified\":\"2020-02-24T14:14:29+00:00\",\"author\":{\"@id\":\"https:\\\/\\\/www.altercampagne.net\\\/#\\\/schema\\\/person\\\/0f261460c09e430caa0f9bcffa319109\"},\"breadcrumb\":{\"@id\":\"https:\\\/\\\/www.altercampagne.net\\\/?p=1701#breadcrumb\"},\"inLanguage\":\"fr-FR\",\"potentialAction\":[{\"@type\":\"ReadAction\",\"target\":[\"https:\\\/\\\/www.altercampagne.net\\\/?p=1701\"]}]},{\"@type\":\"ImageObject\",\"inLanguage\":\"fr-FR\",\"@id\":\"https:\\\/\\\/www.altercampagne.net\\\/?p=1701#primaryimage\",\"url\":\"https:\\\/\\\/www.altercampagne.net\\\/wp-content\\\/uploads\\\/2015\\\/05\\\/2015-08-20-terre-d-errance.jpg\",\"contentUrl\":\"https:\\\/\\\/www.altercampagne.net\\\/wp-content\\\/uploads\\\/2015\\\/05\\\/2015-08-20-terre-d-errance.jpg\",\"width\":960,\"height\":700,\"caption\":\"Terre d'errance AlterTour 2015\"},{\"@type\":\"BreadcrumbList\",\"@id\":\"https:\\\/\\\/www.altercampagne.net\\\/?p=1701#breadcrumb\",\"itemListElement\":[{\"@type\":\"ListItem\",\"position\":1,\"name\":\"Accueil\",\"item\":\"https:\\\/\\\/www.altercampagne.net\\\/\"},{\"@type\":\"ListItem\",\"position\":2,\"name\":\"Les r\u00e9fugi\u00e9s climatiques ne sont pas encore reconnus !\"}]},{\"@type\":\"WebSite\",\"@id\":\"https:\\\/\\\/www.altercampagne.net\\\/#website\",\"url\":\"https:\\\/\\\/www.altercampagne.net\\\/\",\"name\":\"AlterTour\",\"description\":\"Reliez les Alternatives \u00e0 v\u00e9lo\",\"potentialAction\":[{\"@type\":\"SearchAction\",\"target\":{\"@type\":\"EntryPoint\",\"urlTemplate\":\"https:\\\/\\\/www.altercampagne.net\\\/?s={search_term_string}\"},\"query-input\":{\"@type\":\"PropertyValueSpecification\",\"valueRequired\":true,\"valueName\":\"search_term_string\"}}],\"inLanguage\":\"fr-FR\"},{\"@type\":\"Person\",\"@id\":\"https:\\\/\\\/www.altercampagne.net\\\/#\\\/schema\\\/person\\\/0f261460c09e430caa0f9bcffa319109\",\"name\":\"Mathieu\",\"image\":{\"@type\":\"ImageObject\",\"inLanguage\":\"fr-FR\",\"@id\":\"https:\\\/\\\/secure.gravatar.com\\\/avatar\\\/aa9d3d24c83f2141e5e2709d0f63d09a99f6be6bb7a50abc4915838d9f54501a?s=96&d=mm&r=g\",\"url\":\"https:\\\/\\\/secure.gravatar.com\\\/avatar\\\/aa9d3d24c83f2141e5e2709d0f63d09a99f6be6bb7a50abc4915838d9f54501a?s=96&d=mm&r=g\",\"contentUrl\":\"https:\\\/\\\/secure.gravatar.com\\\/avatar\\\/aa9d3d24c83f2141e5e2709d0f63d09a99f6be6bb7a50abc4915838d9f54501a?s=96&d=mm&r=g\",\"caption\":\"Mathieu\"},\"url\":\"https:\\\/\\\/www.altercampagne.net\\\/?author=214\"}]}<\/script>\n<!-- \/ Yoast SEO plugin. -->","yoast_head_json":{"title":"Les r\u00e9fugi\u00e9s climatiques ne sont pas encore reconnus ! - AlterTour","robots":{"index":"index","follow":"follow","max-snippet":"max-snippet:-1","max-image-preview":"max-image-preview:large","max-video-preview":"max-video-preview:-1"},"canonical":"https:\/\/www.altercampagne.net\/?p=1701","og_locale":"fr_FR","og_type":"article","og_title":"Les r\u00e9fugi\u00e9s climatiques ne sont pas encore reconnus ! - AlterTour","og_description":"Pour savoir o\u00f9 tu vas, il faut savoir d\u2019o\u00f9 tu viens. Et les migrants savent aussi tr\u00e8s bien pourquoi ils fuient. Ceux r\u00eavant d\u2019Angleterre investissent logiquement le littoral de la Manche. D\u2019expulsion en expulsion, certains \u00e9chouent \u00e0 Norrent-Fontes, \u00e0 20 km de B\u00e9thune. L\u2019association Terre d\u2019errance sensibilise \u00e9lus et jeunes ... Read More","og_url":"https:\/\/www.altercampagne.net\/?p=1701","og_site_name":"AlterTour","article_published_time":"2015-07-15T05:51:44+00:00","article_modified_time":"2020-02-24T14:14:29+00:00","og_image":[{"url":"http:\/\/www.altercampagne.net\/wp-content\/uploads\/2015\/05\/2015-08-20-terre-d-errance-300x219.jpg","type":"","width":"","height":""}],"author":"Mathieu","twitter_card":"summary_large_image","twitter_misc":{"\u00c9crit par":"Mathieu","Dur\u00e9e de lecture estim\u00e9e":"2 minutes"},"schema":{"@context":"https:\/\/schema.org","@graph":[{"@type":"Article","@id":"https:\/\/www.altercampagne.net\/?p=1701#article","isPartOf":{"@id":"https:\/\/www.altercampagne.net\/?p=1701"},"author":{"name":"Mathieu","@id":"https:\/\/www.altercampagne.net\/#\/schema\/person\/0f261460c09e430caa0f9bcffa319109"},"headline":"Les r\u00e9fugi\u00e9s climatiques ne sont pas encore reconnus !","datePublished":"2015-07-15T05:51:44+00:00","dateModified":"2020-02-24T14:14:29+00:00","mainEntityOfPage":{"@id":"https:\/\/www.altercampagne.net\/?p=1701"},"wordCount":432,"image":{"@id":"https:\/\/www.altercampagne.net\/?p=1701#primaryimage"},"thumbnailUrl":"http:\/\/www.altercampagne.net\/wp-content\/uploads\/2015\/05\/2015-08-20-terre-d-errance-300x219.jpg","keywords":["Calais","climat","AlterTour 2015","Terre d'Errance","cop21","norrent-fontes","manche","migrant","pas de calais","r\u00e9fugi\u00e9s climatiques","\u00e9rythr\u00e9e","Nan Suel","Soudan","Ethiopie","Laurence ROUSSEL"],"articleSection":["Hauts-de-France","\u00c9dition 2015","Lutte"],"inLanguage":"fr-FR"},{"@type":"WebPage","@id":"https:\/\/www.altercampagne.net\/?p=1701","url":"https:\/\/www.altercampagne.net\/?p=1701","name":"Les r\u00e9fugi\u00e9s climatiques ne sont pas encore reconnus ! - AlterTour","isPartOf":{"@id":"https:\/\/www.altercampagne.net\/#website"},"primaryImageOfPage":{"@id":"https:\/\/www.altercampagne.net\/?p=1701#primaryimage"},"image":{"@id":"https:\/\/www.altercampagne.net\/?p=1701#primaryimage"},"thumbnailUrl":"http:\/\/www.altercampagne.net\/wp-content\/uploads\/2015\/05\/2015-08-20-terre-d-errance-300x219.jpg","datePublished":"2015-07-15T05:51:44+00:00","dateModified":"2020-02-24T14:14:29+00:00","author":{"@id":"https:\/\/www.altercampagne.net\/#\/schema\/person\/0f261460c09e430caa0f9bcffa319109"},"breadcrumb":{"@id":"https:\/\/www.altercampagne.net\/?p=1701#breadcrumb"},"inLanguage":"fr-FR","potentialAction":[{"@type":"ReadAction","target":["https:\/\/www.altercampagne.net\/?p=1701"]}]},{"@type":"ImageObject","inLanguage":"fr-FR","@id":"https:\/\/www.altercampagne.net\/?p=1701#primaryimage","url":"https:\/\/www.altercampagne.net\/wp-content\/uploads\/2015\/05\/2015-08-20-terre-d-errance.jpg","contentUrl":"https:\/\/www.altercampagne.net\/wp-content\/uploads\/2015\/05\/2015-08-20-terre-d-errance.jpg","width":960,"height":700,"caption":"Terre d'errance AlterTour 2015"},{"@type":"BreadcrumbList","@id":"https:\/\/www.altercampagne.net\/?p=1701#breadcrumb","itemListElement":[{"@type":"ListItem","position":1,"name":"Accueil","item":"https:\/\/www.altercampagne.net\/"},{"@type":"ListItem","position":2,"name":"Les r\u00e9fugi\u00e9s climatiques ne sont pas encore reconnus !"}]},{"@type":"WebSite","@id":"https:\/\/www.altercampagne.net\/#website","url":"https:\/\/www.altercampagne.net\/","name":"AlterTour","description":"Reliez les Alternatives \u00e0 v\u00e9lo","potentialAction":[{"@type":"SearchAction","target":{"@type":"EntryPoint","urlTemplate":"https:\/\/www.altercampagne.net\/?s={search_term_string}"},"query-input":{"@type":"PropertyValueSpecification","valueRequired":true,"valueName":"search_term_string"}}],"inLanguage":"fr-FR"},{"@type":"Person","@id":"https:\/\/www.altercampagne.net\/#\/schema\/person\/0f261460c09e430caa0f9bcffa319109","name":"Mathieu","image":{"@type":"ImageObject","inLanguage":"fr-FR","@id":"https:\/\/secure.gravatar.com\/avatar\/aa9d3d24c83f2141e5e2709d0f63d09a99f6be6bb7a50abc4915838d9f54501a?s=96&d=mm&r=g","url":"https:\/\/secure.gravatar.com\/avatar\/aa9d3d24c83f2141e5e2709d0f63d09a99f6be6bb7a50abc4915838d9f54501a?s=96&d=mm&r=g","contentUrl":"https:\/\/secure.gravatar.com\/avatar\/aa9d3d24c83f2141e5e2709d0f63d09a99f6be6bb7a50abc4915838d9f54501a?s=96&d=mm&r=g","caption":"Mathieu"},"url":"https:\/\/www.altercampagne.net\/?author=214"}]}},"_links":{"self":[{"href":"https:\/\/www.altercampagne.net\/index.php?rest_route=\/wp\/v2\/posts\/1701","targetHints":{"allow":["GET"]}}],"collection":[{"href":"https:\/\/www.altercampagne.net\/index.php?rest_route=\/wp\/v2\/posts"}],"about":[{"href":"https:\/\/www.altercampagne.net\/index.php?rest_route=\/wp\/v2\/types\/post"}],"author":[{"embeddable":true,"href":"https:\/\/www.altercampagne.net\/index.php?rest_route=\/wp\/v2\/users\/214"}],"replies":[{"embeddable":true,"href":"https:\/\/www.altercampagne.net\/index.php?rest_route=%2Fwp%2Fv2%2Fcomments&post=1701"}],"version-history":[{"count":1,"href":"https:\/\/www.altercampagne.net\/index.php?rest_route=\/wp\/v2\/posts\/1701\/revisions"}],"predecessor-version":[{"id":17347,"href":"https:\/\/www.altercampagne.net\/index.php?rest_route=\/wp\/v2\/posts\/1701\/revisions\/17347"}],"wp:attachment":[{"href":"https:\/\/www.altercampagne.net\/index.php?rest_route=%2Fwp%2Fv2%2Fmedia&parent=1701"}],"wp:term":[{"taxonomy":"category","embeddable":true,"href":"https:\/\/www.altercampagne.net\/index.php?rest_route=%2Fwp%2Fv2%2Fcategories&post=1701"},{"taxonomy":"post_tag","embeddable":true,"href":"https:\/\/www.altercampagne.net\/index.php?rest_route=%2Fwp%2Fv2%2Ftags&post=1701"}],"curies":[{"name":"wp","href":"https:\/\/api.w.org\/{rel}","templated":true}]}}