{"id":1706,"date":"2015-07-17T17:13:29","date_gmt":"2015-07-17T15:13:29","guid":{"rendered":"http:\/\/www.altercampagne.net\/?p=1706"},"modified":"2019-09-16T10:28:22","modified_gmt":"2019-09-16T08:28:22","slug":"ce-que-jemmene-a-laltertour","status":"publish","type":"post","link":"https:\/\/www.altercampagne.net\/?p=1706","title":{"rendered":"Ce que j&#8217;emm\u00e8ne \u00e0 l&rsquo;AlterTour"},"content":{"rendered":"<p>Demain c&rsquo;est le grand d\u00e9part de l&rsquo;AlterTour 2015 ! Si vous ne savez pas trop quoi mettre dans vos bagages je me propose de vous aider en vous d\u00e9crivant le contenu des mes sacoches\u00a0 !<\/p>\n<p>Voil\u00e0 ce que j&#8217;emm\u00e8ne pour 5 semaines de v\u00e9lo :<\/p>\n<p>&#8211; Pour la nuit : 1 tente, 1 matelas auto-gonflant 1 place, 1 oreiller gonflable, 1 duvet, 1 drap sp\u00e9cial duvet\u00a0 (sac \u00e0 viande), 1 serviette \u00e9ponge, 1 savon de Marseille, 1 trousse de toilette, 1 Jean,\u00a0 2 sweats, 1 polaire, 1 paire de tongs, 7 t-shirts, 7 cale\u00e7ons,\u00a0 5 paires de chaussettes<\/p>\n<p>&#8211; pour le v\u00e9lo : 4 shorts, 1 pantalon de pluie, 1 un cale\u00e7on long (pour mettre sous le pantalon de pluie), 1 cappe de pluie, 1 paire de baskets, une casquette, 2 t-shirts respirant\u00a0 (pour mettre sous le t-shirt de l&rsquo;AlterTour), une gourde, 1 paire de lunettes de soleil, de la cr\u00e8me solaire<\/p>\n<p>Le tout (hors matelas et tente) rentre dans 2 sacoches \u00e9tanches de 40 litres de 5 kilos chacune.<\/p>\n<p>Nous avons un jour de repos par semaine, nous pouvons ainsi laver nos habits.<\/p>\n<p>Si vous souhaitez porter vos bagages pendant l&rsquo;AlterTour n&rsquo;h\u00e9sitez pas, c&rsquo;est tr\u00e8s pratique !<\/p>\n<p>Sinon vous pouvez les charger dans le fourgon de l&rsquo;AlterTour, c&rsquo;est \u00e0 vous de voir.<\/p>\n<p>Bonne pr\u00e9paration de votre voyage et \u00e0 tr\u00e8s vite sur l&rsquo;AlterTour !<\/p>\n","protected":false},"excerpt":{"rendered":"<p>Demain c&rsquo;est le grand d\u00e9part de l&rsquo;AlterTour 2015 ! Si vous ne savez pas trop quoi mettre dans vos bagages je me propose de vous aider en vous d\u00e9crivant le contenu des mes sacoches\u00a0 ! Voil\u00e0 ce que j&#8217;emm\u00e8ne pour 5 semaines de v\u00e9lo : &#8211; Pour la nuit : &#8230; <\/p>\n<div><a href=\"https:\/\/www.altercampagne.net\/?p=1706\" class=\"more-link\">Read More<\/a><\/div>\n","protected":false},"author":214,"featured_media":15650,"comment_status":"closed","ping_status":"closed","sticky":false,"template":"","format":"standard","meta":{"footnotes":""},"categories":[3460],"tags":[192,325,326,327],"class_list":["post-1706","post","type-post","status-publish","format-standard","has-post-thumbnail","hentry","category-edition-2015","tag-altertour-2015","tag-bagages","tag-sacoches","tag-voyage-a-velo"],"yoast_head":"<!-- This site is optimized with the Yoast SEO plugin v27.3 - https:\/\/yoast.com\/product\/yoast-seo-wordpress\/ -->\n<title>Ce que j&#039;emm\u00e8ne \u00e0 l&#039;AlterTour - AlterTour<\/title>\n<meta name=\"robots\" content=\"index, follow, max-snippet:-1, max-image-preview:large, max-video-preview:-1\" \/>\n<link rel=\"canonical\" href=\"https:\/\/www.altercampagne.net\/?p=1706\" \/>\n<meta property=\"og:locale\" content=\"fr_FR\" \/>\n<meta property=\"og:type\" content=\"article\" \/>\n<meta property=\"og:title\" content=\"Ce que j&#039;emm\u00e8ne \u00e0 l&#039;AlterTour - AlterTour\" \/>\n<meta property=\"og:description\" content=\"Demain c&rsquo;est le grand d\u00e9part de l&rsquo;AlterTour 2015 ! Si vous ne savez pas trop quoi mettre dans vos bagages je me propose de vous aider en vous d\u00e9crivant le contenu des mes sacoches\u00a0 ! Voil\u00e0 ce que j&#8217;emm\u00e8ne pour 5 semaines de v\u00e9lo : &#8211; Pour la nuit : ... Read More\" \/>\n<meta property=\"og:url\" content=\"https:\/\/www.altercampagne.net\/?p=1706\" \/>\n<meta property=\"og:site_name\" content=\"AlterTour\" \/>\n<meta property=\"article:published_time\" content=\"2015-07-17T15:13:29+00:00\" \/>\n<meta property=\"article:modified_time\" content=\"2019-09-16T08:28:22+00:00\" \/>\n<meta property=\"og:image\" content=\"https:\/\/www.altercampagne.net\/wp-content\/uploads\/2015\/07\/20150717_173549-1024x5761.jpg\" \/>\n\t<meta property=\"og:image:width\" content=\"1024\" \/>\n\t<meta property=\"og:image:height\" content=\"576\" \/>\n\t<meta property=\"og:image:type\" content=\"image\/jpeg\" \/>\n<meta name=\"author\" content=\"Mathieu\" \/>\n<meta name=\"twitter:card\" content=\"summary_large_image\" \/>\n<meta name=\"twitter:label1\" content=\"\u00c9crit par\" \/>\n\t<meta name=\"twitter:data1\" content=\"Mathieu\" \/>\n\t<meta name=\"twitter:label2\" content=\"Dur\u00e9e de lecture estim\u00e9e\" \/>\n\t<meta name=\"twitter:data2\" content=\"1 minute\" \/>\n<script type=\"application\/ld+json\" class=\"yoast-schema-graph\">{\"@context\":\"https:\\\/\\\/schema.org\",\"@graph\":[{\"@type\":\"Article\",\"@id\":\"https:\\\/\\\/www.altercampagne.net\\\/?p=1706#article\",\"isPartOf\":{\"@id\":\"https:\\\/\\\/www.altercampagne.net\\\/?p=1706\"},\"author\":{\"name\":\"Mathieu\",\"@id\":\"https:\\\/\\\/www.altercampagne.net\\\/#\\\/schema\\\/person\\\/0f261460c09e430caa0f9bcffa319109\"},\"headline\":\"Ce que j&#8217;emm\u00e8ne \u00e0 l&rsquo;AlterTour\",\"datePublished\":\"2015-07-17T15:13:29+00:00\",\"dateModified\":\"2019-09-16T08:28:22+00:00\",\"mainEntityOfPage\":{\"@id\":\"https:\\\/\\\/www.altercampagne.net\\\/?p=1706\"},\"wordCount\":217,\"image\":{\"@id\":\"https:\\\/\\\/www.altercampagne.net\\\/?p=1706#primaryimage\"},\"thumbnailUrl\":\"https:\\\/\\\/www.altercampagne.net\\\/wp-content\\\/uploads\\\/2015\\\/07\\\/20150717_173549-1024x5761.jpg\",\"keywords\":[\"AlterTour 2015\",\"bagages\",\"sacoches\",\"voyage \u00e0 v\u00e9lo\"],\"articleSection\":[\"\u00c9dition 2015\"],\"inLanguage\":\"fr-FR\"},{\"@type\":\"WebPage\",\"@id\":\"https:\\\/\\\/www.altercampagne.net\\\/?p=1706\",\"url\":\"https:\\\/\\\/www.altercampagne.net\\\/?p=1706\",\"name\":\"Ce que j'emm\u00e8ne \u00e0 l'AlterTour - AlterTour\",\"isPartOf\":{\"@id\":\"https:\\\/\\\/www.altercampagne.net\\\/#website\"},\"primaryImageOfPage\":{\"@id\":\"https:\\\/\\\/www.altercampagne.net\\\/?p=1706#primaryimage\"},\"image\":{\"@id\":\"https:\\\/\\\/www.altercampagne.net\\\/?p=1706#primaryimage\"},\"thumbnailUrl\":\"https:\\\/\\\/www.altercampagne.net\\\/wp-content\\\/uploads\\\/2015\\\/07\\\/20150717_173549-1024x5761.jpg\",\"datePublished\":\"2015-07-17T15:13:29+00:00\",\"dateModified\":\"2019-09-16T08:28:22+00:00\",\"author\":{\"@id\":\"https:\\\/\\\/www.altercampagne.net\\\/#\\\/schema\\\/person\\\/0f261460c09e430caa0f9bcffa319109\"},\"breadcrumb\":{\"@id\":\"https:\\\/\\\/www.altercampagne.net\\\/?p=1706#breadcrumb\"},\"inLanguage\":\"fr-FR\",\"potentialAction\":[{\"@type\":\"ReadAction\",\"target\":[\"https:\\\/\\\/www.altercampagne.net\\\/?p=1706\"]}]},{\"@type\":\"ImageObject\",\"inLanguage\":\"fr-FR\",\"@id\":\"https:\\\/\\\/www.altercampagne.net\\\/?p=1706#primaryimage\",\"url\":\"https:\\\/\\\/www.altercampagne.net\\\/wp-content\\\/uploads\\\/2015\\\/07\\\/20150717_173549-1024x5761.jpg\",\"contentUrl\":\"https:\\\/\\\/www.altercampagne.net\\\/wp-content\\\/uploads\\\/2015\\\/07\\\/20150717_173549-1024x5761.jpg\",\"width\":1024,\"height\":576},{\"@type\":\"BreadcrumbList\",\"@id\":\"https:\\\/\\\/www.altercampagne.net\\\/?p=1706#breadcrumb\",\"itemListElement\":[{\"@type\":\"ListItem\",\"position\":1,\"name\":\"Accueil\",\"item\":\"https:\\\/\\\/www.altercampagne.net\\\/\"},{\"@type\":\"ListItem\",\"position\":2,\"name\":\"Ce que j&#8217;emm\u00e8ne \u00e0 l&rsquo;AlterTour\"}]},{\"@type\":\"WebSite\",\"@id\":\"https:\\\/\\\/www.altercampagne.net\\\/#website\",\"url\":\"https:\\\/\\\/www.altercampagne.net\\\/\",\"name\":\"AlterTour\",\"description\":\"Reliez les Alternatives \u00e0 v\u00e9lo\",\"potentialAction\":[{\"@type\":\"SearchAction\",\"target\":{\"@type\":\"EntryPoint\",\"urlTemplate\":\"https:\\\/\\\/www.altercampagne.net\\\/?s={search_term_string}\"},\"query-input\":{\"@type\":\"PropertyValueSpecification\",\"valueRequired\":true,\"valueName\":\"search_term_string\"}}],\"inLanguage\":\"fr-FR\"},{\"@type\":\"Person\",\"@id\":\"https:\\\/\\\/www.altercampagne.net\\\/#\\\/schema\\\/person\\\/0f261460c09e430caa0f9bcffa319109\",\"name\":\"Mathieu\",\"image\":{\"@type\":\"ImageObject\",\"inLanguage\":\"fr-FR\",\"@id\":\"https:\\\/\\\/secure.gravatar.com\\\/avatar\\\/aa9d3d24c83f2141e5e2709d0f63d09a99f6be6bb7a50abc4915838d9f54501a?s=96&d=mm&r=g\",\"url\":\"https:\\\/\\\/secure.gravatar.com\\\/avatar\\\/aa9d3d24c83f2141e5e2709d0f63d09a99f6be6bb7a50abc4915838d9f54501a?s=96&d=mm&r=g\",\"contentUrl\":\"https:\\\/\\\/secure.gravatar.com\\\/avatar\\\/aa9d3d24c83f2141e5e2709d0f63d09a99f6be6bb7a50abc4915838d9f54501a?s=96&d=mm&r=g\",\"caption\":\"Mathieu\"},\"url\":\"https:\\\/\\\/www.altercampagne.net\\\/?author=214\"}]}<\/script>\n<!-- \/ Yoast SEO plugin. -->","yoast_head_json":{"title":"Ce que j'emm\u00e8ne \u00e0 l'AlterTour - AlterTour","robots":{"index":"index","follow":"follow","max-snippet":"max-snippet:-1","max-image-preview":"max-image-preview:large","max-video-preview":"max-video-preview:-1"},"canonical":"https:\/\/www.altercampagne.net\/?p=1706","og_locale":"fr_FR","og_type":"article","og_title":"Ce que j'emm\u00e8ne \u00e0 l'AlterTour - AlterTour","og_description":"Demain c&rsquo;est le grand d\u00e9part de l&rsquo;AlterTour 2015 ! Si vous ne savez pas trop quoi mettre dans vos bagages je me propose de vous aider en vous d\u00e9crivant le contenu des mes sacoches\u00a0 ! Voil\u00e0 ce que j&#8217;emm\u00e8ne pour 5 semaines de v\u00e9lo : &#8211; Pour la nuit : ... Read More","og_url":"https:\/\/www.altercampagne.net\/?p=1706","og_site_name":"AlterTour","article_published_time":"2015-07-17T15:13:29+00:00","article_modified_time":"2019-09-16T08:28:22+00:00","og_image":[{"width":1024,"height":576,"url":"https:\/\/www.altercampagne.net\/wp-content\/uploads\/2015\/07\/20150717_173549-1024x5761.jpg","type":"image\/jpeg"}],"author":"Mathieu","twitter_card":"summary_large_image","twitter_misc":{"\u00c9crit par":"Mathieu","Dur\u00e9e de lecture estim\u00e9e":"1 minute"},"schema":{"@context":"https:\/\/schema.org","@graph":[{"@type":"Article","@id":"https:\/\/www.altercampagne.net\/?p=1706#article","isPartOf":{"@id":"https:\/\/www.altercampagne.net\/?p=1706"},"author":{"name":"Mathieu","@id":"https:\/\/www.altercampagne.net\/#\/schema\/person\/0f261460c09e430caa0f9bcffa319109"},"headline":"Ce que j&#8217;emm\u00e8ne \u00e0 l&rsquo;AlterTour","datePublished":"2015-07-17T15:13:29+00:00","dateModified":"2019-09-16T08:28:22+00:00","mainEntityOfPage":{"@id":"https:\/\/www.altercampagne.net\/?p=1706"},"wordCount":217,"image":{"@id":"https:\/\/www.altercampagne.net\/?p=1706#primaryimage"},"thumbnailUrl":"https:\/\/www.altercampagne.net\/wp-content\/uploads\/2015\/07\/20150717_173549-1024x5761.jpg","keywords":["AlterTour 2015","bagages","sacoches","voyage \u00e0 v\u00e9lo"],"articleSection":["\u00c9dition 2015"],"inLanguage":"fr-FR"},{"@type":"WebPage","@id":"https:\/\/www.altercampagne.net\/?p=1706","url":"https:\/\/www.altercampagne.net\/?p=1706","name":"Ce que j'emm\u00e8ne \u00e0 l'AlterTour - AlterTour","isPartOf":{"@id":"https:\/\/www.altercampagne.net\/#website"},"primaryImageOfPage":{"@id":"https:\/\/www.altercampagne.net\/?p=1706#primaryimage"},"image":{"@id":"https:\/\/www.altercampagne.net\/?p=1706#primaryimage"},"thumbnailUrl":"https:\/\/www.altercampagne.net\/wp-content\/uploads\/2015\/07\/20150717_173549-1024x5761.jpg","datePublished":"2015-07-17T15:13:29+00:00","dateModified":"2019-09-16T08:28:22+00:00","author":{"@id":"https:\/\/www.altercampagne.net\/#\/schema\/person\/0f261460c09e430caa0f9bcffa319109"},"breadcrumb":{"@id":"https:\/\/www.altercampagne.net\/?p=1706#breadcrumb"},"inLanguage":"fr-FR","potentialAction":[{"@type":"ReadAction","target":["https:\/\/www.altercampagne.net\/?p=1706"]}]},{"@type":"ImageObject","inLanguage":"fr-FR","@id":"https:\/\/www.altercampagne.net\/?p=1706#primaryimage","url":"https:\/\/www.altercampagne.net\/wp-content\/uploads\/2015\/07\/20150717_173549-1024x5761.jpg","contentUrl":"https:\/\/www.altercampagne.net\/wp-content\/uploads\/2015\/07\/20150717_173549-1024x5761.jpg","width":1024,"height":576},{"@type":"BreadcrumbList","@id":"https:\/\/www.altercampagne.net\/?p=1706#breadcrumb","itemListElement":[{"@type":"ListItem","position":1,"name":"Accueil","item":"https:\/\/www.altercampagne.net\/"},{"@type":"ListItem","position":2,"name":"Ce que j&#8217;emm\u00e8ne \u00e0 l&rsquo;AlterTour"}]},{"@type":"WebSite","@id":"https:\/\/www.altercampagne.net\/#website","url":"https:\/\/www.altercampagne.net\/","name":"AlterTour","description":"Reliez les Alternatives \u00e0 v\u00e9lo","potentialAction":[{"@type":"SearchAction","target":{"@type":"EntryPoint","urlTemplate":"https:\/\/www.altercampagne.net\/?s={search_term_string}"},"query-input":{"@type":"PropertyValueSpecification","valueRequired":true,"valueName":"search_term_string"}}],"inLanguage":"fr-FR"},{"@type":"Person","@id":"https:\/\/www.altercampagne.net\/#\/schema\/person\/0f261460c09e430caa0f9bcffa319109","name":"Mathieu","image":{"@type":"ImageObject","inLanguage":"fr-FR","@id":"https:\/\/secure.gravatar.com\/avatar\/aa9d3d24c83f2141e5e2709d0f63d09a99f6be6bb7a50abc4915838d9f54501a?s=96&d=mm&r=g","url":"https:\/\/secure.gravatar.com\/avatar\/aa9d3d24c83f2141e5e2709d0f63d09a99f6be6bb7a50abc4915838d9f54501a?s=96&d=mm&r=g","contentUrl":"https:\/\/secure.gravatar.com\/avatar\/aa9d3d24c83f2141e5e2709d0f63d09a99f6be6bb7a50abc4915838d9f54501a?s=96&d=mm&r=g","caption":"Mathieu"},"url":"https:\/\/www.altercampagne.net\/?author=214"}]}},"_links":{"self":[{"href":"https:\/\/www.altercampagne.net\/index.php?rest_route=\/wp\/v2\/posts\/1706","targetHints":{"allow":["GET"]}}],"collection":[{"href":"https:\/\/www.altercampagne.net\/index.php?rest_route=\/wp\/v2\/posts"}],"about":[{"href":"https:\/\/www.altercampagne.net\/index.php?rest_route=\/wp\/v2\/types\/post"}],"author":[{"embeddable":true,"href":"https:\/\/www.altercampagne.net\/index.php?rest_route=\/wp\/v2\/users\/214"}],"replies":[{"embeddable":true,"href":"https:\/\/www.altercampagne.net\/index.php?rest_route=%2Fwp%2Fv2%2Fcomments&post=1706"}],"version-history":[{"count":0,"href":"https:\/\/www.altercampagne.net\/index.php?rest_route=\/wp\/v2\/posts\/1706\/revisions"}],"wp:featuredmedia":[{"embeddable":true,"href":"https:\/\/www.altercampagne.net\/index.php?rest_route=\/wp\/v2\/media\/15650"}],"wp:attachment":[{"href":"https:\/\/www.altercampagne.net\/index.php?rest_route=%2Fwp%2Fv2%2Fmedia&parent=1706"}],"wp:term":[{"taxonomy":"category","embeddable":true,"href":"https:\/\/www.altercampagne.net\/index.php?rest_route=%2Fwp%2Fv2%2Fcategories&post=1706"},{"taxonomy":"post_tag","embeddable":true,"href":"https:\/\/www.altercampagne.net\/index.php?rest_route=%2Fwp%2Fv2%2Ftags&post=1706"}],"curies":[{"name":"wp","href":"https:\/\/api.w.org\/{rel}","templated":true}]}}