{"id":17104,"date":"2020-01-31T18:00:46","date_gmt":"2020-01-31T17:00:46","guid":{"rendered":"http:\/\/www.altercampagne.net\/?p=17104"},"modified":"2024-08-27T16:10:55","modified_gmt":"2024-08-27T14:10:55","slug":"rejoins-le-bieretour-du-11-au-23-mai-2020","status":"publish","type":"post","link":"https:\/\/www.altercampagne.net\/?p=17104","title":{"rendered":"Rejoins le Bi\u00e8reTour du 11 au 23 mai 2020"},"content":{"rendered":"\n<p>La 3\u00e8me \u00e9dition du <strong><a href=\"https:\/\/www.bieretour.net\/\" target=\"_blank\" rel=\"noreferrer noopener\" aria-label=\"Bi\u00e8reTour (s\u2019ouvre dans un nouvel onglet)\">Bi\u00e8reTour<\/a><\/strong> roulera du <strong>lundi 11 au samedi 23 mai<\/strong>, de Grenoble (38) \u00e0 La Fert\u00e9 (39). Le Bi\u00e8reTour c&rsquo;est un tour \u00e0 v\u00e9lo de 30 \u00e0 60 km par jour \u00e0 la rencontre des acteur\u00b7rice\u00b7s de la fili\u00e8re brassicole :  les brasseurs bio, les brasseurs ind\u00e9pendantes, les brasseurs amateurs,  les houblonniers, les producteurs d&rsquo;orge brassicole, les malteurs, les  fili\u00e8res de r\u00e9emploi des bouteilles en verre&#8230; <\/p>\n\n\n\n<p>C&rsquo;est le p&rsquo;tit fr\u00e8re de l&rsquo;AlterTour et il lui ressemble grandement : la logistique, les v\u00e9los, l&rsquo;autogestion, les d\u00e9licieux repas bio et locaux&#8230; vous ne serez pas d\u00e9pays\u00e9 ! <\/p>\n\n\n\n<p> Au programme :<\/p>\n\n\n\n<p> Nous vous proposons une initiation \u00e0 <strong>l\u2019analyse sensorielle et aux<\/strong> <strong>flaveurs<\/strong> de la bi\u00e8re avec <a rel=\"noreferrer noopener\" aria-label=\"Just Beer (s\u2019ouvre dans un nouvel onglet)\" href=\"https:\/\/www.facebook.com\/justbeer.grenoble\" target=\"_blank\">Just Beer<\/a> \u00e0 Grenoble, l\u2019association qui brasse\u2026 et pas que du vent. <\/p>\n\n\n\n<p> Nous tenterons de comprendre <strong>l\u2019\u00e9volution rapide du secteur<\/strong> brassicole en France avec <a rel=\"noreferrer noopener\" aria-label=\" (s\u2019ouvre dans un nouvel onglet)\" href=\"http:\/\/projet.amertume.free.fr\/\" target=\"_blank\">Projet Amertume<\/a> qui recense les&nbsp; brasseries en activit\u00e9 sur le territoire.<br> Nous nous pencherons sur les <strong>secrets du houblon<\/strong> en visitant les houblonni\u00e8res de <a rel=\"noreferrer noopener\" aria-label=\"Houblon Bocq (s\u2019ouvre dans un nouvel onglet)\" href=\"https:\/\/www.facebook.com\/houblonB\/\" target=\"_blank\">Houblon Bocq<\/a> et <a rel=\"noreferrer noopener\" aria-label=\"Houblon du Moulin (s\u2019ouvre dans un nouvel onglet)\" href=\"https:\/\/www.facebook.com\/houblondumoulin\/\" target=\"_blank\">Houblon du Moulin<\/a>.<br> Nous parlerons <strong>isolation en bouchon de li\u00e8ge<\/strong> et <strong>traitement des eaux us\u00e9es<\/strong> dans le processus du brassage avec la <a rel=\"noreferrer noopener\" aria-label=\"Marmotte masqu\u00e9e (s\u2019ouvre dans un nouvel onglet)\" href=\"https:\/\/lamarmottemasquee.fr\/\" target=\"_blank\">Marmotte masqu\u00e9e<\/a>. <\/p>\n\n\n\n<p> <strong>Nous brasserons notre propre bi\u00e8re<\/strong> avec la <a rel=\"noreferrer noopener\" aria-label=\"Brasserie des Faux Semblables (s\u2019ouvre dans un nouvel onglet)\" href=\"https:\/\/www.facebook.com\/brasserie.des.faux.semblables\" target=\"_blank\">Brasserie des Faux Semblables<\/a> et la <a rel=\"noreferrer noopener\" aria-label=\"Brasserie l\u2019Origine du Monde (s\u2019ouvre dans un nouvel onglet)\" href=\"https:\/\/www.facebook.com\/Brasserie-LOrigine-du-monde-954980161232001\/\" target=\"_blank\">Brasserie l\u2019Origine du Monde<\/a>.<br> Nous nous int\u00e9resserons aux Brasseries en <strong>Scop<\/strong> et \u00e0 la <strong>fili\u00e8re bio<\/strong> avec <a rel=\"noreferrer noopener\" aria-label=\"Les Bi\u00e8res du Temps (s\u2019ouvre dans un nouvel onglet)\" href=\"https:\/\/www.lesbieresdutemps.com\/\" target=\"_blank\">Les Bi\u00e8res du Temps<\/a> et <a rel=\"noreferrer noopener\" aria-label=\"la Voie Malt\u00e9e (s\u2019ouvre dans un nouvel onglet)\" href=\"http:\/\/www.lavoiemaltee.fr\/\" target=\"_blank\">La Voie Malt\u00e9e<\/a>.<br> Nous prendrons le temps d\u2019\u00e9changer sur l<strong>\u2019installation de jeunes brasseurs<\/strong> et les possibilit\u00e9s de&nbsp; parrainages avec des brasseries amies comme La Franche\u2026 <\/p>\n\n\n\n<p>C&rsquo;est o\u00f9 ?<\/p>\n\n\n\n<p>Sur les routes d&rsquo;Is\u00e8re, de l&rsquo;Ain et du Jura<\/p>\n\n\n\n<p>C\u2019est pour qui ?<br>Les curieux de la fabrication de la bi\u00e8re, qui aiment aussi le v\u00e9lo.<\/p>\n\n\n\n<p>\u00c7a se passe comment ?<br>Une journ\u00e9e de v\u00e9lo (5 \u00e0 6 h de v\u00e9lo dans la journ\u00e9e) \/ une journ\u00e9e de  d\u00e9couverte (visite, atelier de brassage, \u00e9changes de savoir&#8230;). Chacun  participe aux t\u00e2ches quotidiennes pour la vie du groupe (cuisine, vaisselle, etc..). <br>Chacun vient avec son mat\u00e9riel de camping : tente, matelas et duvet.<\/p>\n\n\n\n<p class=\"has-text-align-right\"><strong>Mathieu<\/strong><\/p>\n\n\n\n<p class=\"has-text-align-right has-white-color has-text-color has-link-color wp-elements-a4aa24d78238929c7e9692586657b2af\"><strong>Mathieu Fromont, <a href=\"https:\/\/www.facebook.com\/BrasseriePlumeJurassienne\" target=\"_blank\" rel=\"noreferrer noopener\">Brasserie Plume Jurassienne<\/a><\/strong><\/p>\n\n\n\n<p><span class=\"visually-hidden\">Mathieu Fromont <a href=\"https:\/\/www.facebook.com\/BrasseriePlumeJurassienne\">Brasserie Plume Jurassienne<\/a> (Cramans, Jura)<\/span><\/p>\n\n\n\n<h4 class=\"wp-block-heading has-text-align-center\"><strong>Du lundi 11 au samedi 23 mai 2020<\/strong><\/h4>\n\n\n\n<h4 class=\"wp-block-heading has-text-align-center\"><strong>de Grenoble (38) \u00e0 La Fert\u00e9 (39)<\/strong><\/h4>\n\n\n\n<p class=\"has-text-align-center\">Inscriptions d\u00e8s le 3 f\u00e9vrier sur <a rel=\"noreferrer noopener\" href=\"http:\/\/bieretour.net\" target=\"_blank\"><strong>bieretour.net<\/strong><\/a><\/p>\n\n\n<p><iframe loading=\"lazy\" src=\"https:\/\/www.youtube.com\/embed\/sIomu65mFxs\" allow=\"accelerometer; autoplay; encrypted-media; gyroscope; picture-in-picture\" allowfullscreen=\"\" width=\"560\" height=\"315\" frameborder=\"0\"><\/iframe><\/p>","protected":false},"excerpt":{"rendered":"<p>La 3\u00e8me \u00e9dition du Bi\u00e8reTour roulera du lundi 11 au samedi 23 mai, de Grenoble (38) \u00e0 La Fert\u00e9 (39). Le Bi\u00e8reTour c&rsquo;est un tour \u00e0 v\u00e9lo de 30 \u00e0 60 km par jour \u00e0 la rencontre des acteur\u00b7rice\u00b7s de la fili\u00e8re brassicole : les brasseurs bio, les brasseurs ind\u00e9pendantes, &#8230; <\/p>\n<div><a href=\"https:\/\/www.altercampagne.net\/?p=17104\" class=\"more-link\">Read More<\/a><\/div>\n","protected":false},"author":214,"featured_media":17262,"comment_status":"closed","ping_status":"closed","sticky":false,"template":"","format":"standard","meta":{"footnotes":""},"categories":[3471,3495,3574,4037],"tags":[552,950,3567,4450,4454],"class_list":["post-17104","post","type-post","status-publish","format-standard","has-post-thumbnail","hentry","category-auvergne-rhone-alpes","category-bourgogne-franche-comte","category-bieretour","category-biere","tag-mathieu-fromont","tag-biere","tag-bieretour","tag-brasserie-plume-jurassienne","tag-brasserie-plume"],"yoast_head":"<!-- This site is optimized with the Yoast SEO plugin v27.3 - https:\/\/yoast.com\/product\/yoast-seo-wordpress\/ -->\n<title>Rejoins le Bi\u00e8reTour du 11 au 23 mai 2020 - AlterTour<\/title>\n<meta name=\"robots\" content=\"index, follow, max-snippet:-1, max-image-preview:large, max-video-preview:-1\" \/>\n<link rel=\"canonical\" href=\"https:\/\/www.altercampagne.net\/?p=17104\" \/>\n<meta property=\"og:locale\" content=\"fr_FR\" \/>\n<meta property=\"og:type\" content=\"article\" \/>\n<meta property=\"og:title\" content=\"Rejoins le Bi\u00e8reTour du 11 au 23 mai 2020 - AlterTour\" \/>\n<meta property=\"og:description\" content=\"La 3\u00e8me \u00e9dition du Bi\u00e8reTour roulera du lundi 11 au samedi 23 mai, de Grenoble (38) \u00e0 La Fert\u00e9 (39). Le Bi\u00e8reTour c&rsquo;est un tour \u00e0 v\u00e9lo de 30 \u00e0 60 km par jour \u00e0 la rencontre des acteur\u00b7rice\u00b7s de la fili\u00e8re brassicole : les brasseurs bio, les brasseurs ind\u00e9pendantes, ... Read More\" \/>\n<meta property=\"og:url\" content=\"https:\/\/www.altercampagne.net\/?p=17104\" \/>\n<meta property=\"og:site_name\" content=\"AlterTour\" \/>\n<meta property=\"article:published_time\" content=\"2020-01-31T17:00:46+00:00\" \/>\n<meta property=\"article:modified_time\" content=\"2024-08-27T14:10:55+00:00\" \/>\n<meta property=\"og:image\" content=\"https:\/\/www.altercampagne.net\/wp-content\/uploads\/2020\/01\/20190429_172515.jpg\" \/>\n\t<meta property=\"og:image:width\" content=\"920\" \/>\n\t<meta property=\"og:image:height\" content=\"481\" \/>\n\t<meta property=\"og:image:type\" content=\"image\/jpeg\" \/>\n<meta name=\"author\" content=\"Mathieu\" \/>\n<meta name=\"twitter:card\" content=\"summary_large_image\" \/>\n<meta name=\"twitter:label1\" content=\"\u00c9crit par\" \/>\n\t<meta name=\"twitter:data1\" content=\"Mathieu\" \/>\n\t<meta name=\"twitter:label2\" content=\"Dur\u00e9e de lecture estim\u00e9e\" \/>\n\t<meta name=\"twitter:data2\" content=\"3 minutes\" \/>\n<script type=\"application\/ld+json\" class=\"yoast-schema-graph\">{\"@context\":\"https:\\\/\\\/schema.org\",\"@graph\":[{\"@type\":\"Article\",\"@id\":\"https:\\\/\\\/www.altercampagne.net\\\/?p=17104#article\",\"isPartOf\":{\"@id\":\"https:\\\/\\\/www.altercampagne.net\\\/?p=17104\"},\"author\":{\"name\":\"Mathieu\",\"@id\":\"https:\\\/\\\/www.altercampagne.net\\\/#\\\/schema\\\/person\\\/0f261460c09e430caa0f9bcffa319109\"},\"headline\":\"Rejoins le Bi\u00e8reTour du 11 au 23 mai 2020\",\"datePublished\":\"2020-01-31T17:00:46+00:00\",\"dateModified\":\"2024-08-27T14:10:55+00:00\",\"mainEntityOfPage\":{\"@id\":\"https:\\\/\\\/www.altercampagne.net\\\/?p=17104\"},\"wordCount\":401,\"image\":{\"@id\":\"https:\\\/\\\/www.altercampagne.net\\\/?p=17104#primaryimage\"},\"thumbnailUrl\":\"https:\\\/\\\/www.altercampagne.net\\\/wp-content\\\/uploads\\\/2020\\\/01\\\/20190429_172515.jpg\",\"keywords\":[\"Mathieu Fromont\",\"bi\u00e8re\",\"Bi\u00e8reTour\",\"Brasserie Plume Jurassienne\",\"brasserie plume\"],\"articleSection\":[\"Auvergne-Rh\u00f4ne-Alpes\",\"Bourgogne-Franche-Comt\u00e9\",\"Bi\u00e8reTour\",\"Bi\u00e8re\"],\"inLanguage\":\"fr-FR\"},{\"@type\":\"WebPage\",\"@id\":\"https:\\\/\\\/www.altercampagne.net\\\/?p=17104\",\"url\":\"https:\\\/\\\/www.altercampagne.net\\\/?p=17104\",\"name\":\"Rejoins le Bi\u00e8reTour du 11 au 23 mai 2020 - AlterTour\",\"isPartOf\":{\"@id\":\"https:\\\/\\\/www.altercampagne.net\\\/#website\"},\"primaryImageOfPage\":{\"@id\":\"https:\\\/\\\/www.altercampagne.net\\\/?p=17104#primaryimage\"},\"image\":{\"@id\":\"https:\\\/\\\/www.altercampagne.net\\\/?p=17104#primaryimage\"},\"thumbnailUrl\":\"https:\\\/\\\/www.altercampagne.net\\\/wp-content\\\/uploads\\\/2020\\\/01\\\/20190429_172515.jpg\",\"datePublished\":\"2020-01-31T17:00:46+00:00\",\"dateModified\":\"2024-08-27T14:10:55+00:00\",\"author\":{\"@id\":\"https:\\\/\\\/www.altercampagne.net\\\/#\\\/schema\\\/person\\\/0f261460c09e430caa0f9bcffa319109\"},\"breadcrumb\":{\"@id\":\"https:\\\/\\\/www.altercampagne.net\\\/?p=17104#breadcrumb\"},\"inLanguage\":\"fr-FR\",\"potentialAction\":[{\"@type\":\"ReadAction\",\"target\":[\"https:\\\/\\\/www.altercampagne.net\\\/?p=17104\"]}]},{\"@type\":\"ImageObject\",\"inLanguage\":\"fr-FR\",\"@id\":\"https:\\\/\\\/www.altercampagne.net\\\/?p=17104#primaryimage\",\"url\":\"https:\\\/\\\/www.altercampagne.net\\\/wp-content\\\/uploads\\\/2020\\\/01\\\/20190429_172515.jpg\",\"contentUrl\":\"https:\\\/\\\/www.altercampagne.net\\\/wp-content\\\/uploads\\\/2020\\\/01\\\/20190429_172515.jpg\",\"width\":920,\"height\":481},{\"@type\":\"BreadcrumbList\",\"@id\":\"https:\\\/\\\/www.altercampagne.net\\\/?p=17104#breadcrumb\",\"itemListElement\":[{\"@type\":\"ListItem\",\"position\":1,\"name\":\"Accueil\",\"item\":\"https:\\\/\\\/www.altercampagne.net\\\/\"},{\"@type\":\"ListItem\",\"position\":2,\"name\":\"Rejoins le Bi\u00e8reTour du 11 au 23 mai 2020\"}]},{\"@type\":\"WebSite\",\"@id\":\"https:\\\/\\\/www.altercampagne.net\\\/#website\",\"url\":\"https:\\\/\\\/www.altercampagne.net\\\/\",\"name\":\"AlterTour\",\"description\":\"Reliez les Alternatives \u00e0 v\u00e9lo\",\"potentialAction\":[{\"@type\":\"SearchAction\",\"target\":{\"@type\":\"EntryPoint\",\"urlTemplate\":\"https:\\\/\\\/www.altercampagne.net\\\/?s={search_term_string}\"},\"query-input\":{\"@type\":\"PropertyValueSpecification\",\"valueRequired\":true,\"valueName\":\"search_term_string\"}}],\"inLanguage\":\"fr-FR\"},{\"@type\":\"Person\",\"@id\":\"https:\\\/\\\/www.altercampagne.net\\\/#\\\/schema\\\/person\\\/0f261460c09e430caa0f9bcffa319109\",\"name\":\"Mathieu\",\"image\":{\"@type\":\"ImageObject\",\"inLanguage\":\"fr-FR\",\"@id\":\"https:\\\/\\\/secure.gravatar.com\\\/avatar\\\/aa9d3d24c83f2141e5e2709d0f63d09a99f6be6bb7a50abc4915838d9f54501a?s=96&d=mm&r=g\",\"url\":\"https:\\\/\\\/secure.gravatar.com\\\/avatar\\\/aa9d3d24c83f2141e5e2709d0f63d09a99f6be6bb7a50abc4915838d9f54501a?s=96&d=mm&r=g\",\"contentUrl\":\"https:\\\/\\\/secure.gravatar.com\\\/avatar\\\/aa9d3d24c83f2141e5e2709d0f63d09a99f6be6bb7a50abc4915838d9f54501a?s=96&d=mm&r=g\",\"caption\":\"Mathieu\"},\"url\":\"https:\\\/\\\/www.altercampagne.net\\\/?author=214\"}]}<\/script>\n<!-- \/ Yoast SEO plugin. -->","yoast_head_json":{"title":"Rejoins le Bi\u00e8reTour du 11 au 23 mai 2020 - AlterTour","robots":{"index":"index","follow":"follow","max-snippet":"max-snippet:-1","max-image-preview":"max-image-preview:large","max-video-preview":"max-video-preview:-1"},"canonical":"https:\/\/www.altercampagne.net\/?p=17104","og_locale":"fr_FR","og_type":"article","og_title":"Rejoins le Bi\u00e8reTour du 11 au 23 mai 2020 - AlterTour","og_description":"La 3\u00e8me \u00e9dition du Bi\u00e8reTour roulera du lundi 11 au samedi 23 mai, de Grenoble (38) \u00e0 La Fert\u00e9 (39). Le Bi\u00e8reTour c&rsquo;est un tour \u00e0 v\u00e9lo de 30 \u00e0 60 km par jour \u00e0 la rencontre des acteur\u00b7rice\u00b7s de la fili\u00e8re brassicole : les brasseurs bio, les brasseurs ind\u00e9pendantes, ... Read More","og_url":"https:\/\/www.altercampagne.net\/?p=17104","og_site_name":"AlterTour","article_published_time":"2020-01-31T17:00:46+00:00","article_modified_time":"2024-08-27T14:10:55+00:00","og_image":[{"width":920,"height":481,"url":"https:\/\/www.altercampagne.net\/wp-content\/uploads\/2020\/01\/20190429_172515.jpg","type":"image\/jpeg"}],"author":"Mathieu","twitter_card":"summary_large_image","twitter_misc":{"\u00c9crit par":"Mathieu","Dur\u00e9e de lecture estim\u00e9e":"3 minutes"},"schema":{"@context":"https:\/\/schema.org","@graph":[{"@type":"Article","@id":"https:\/\/www.altercampagne.net\/?p=17104#article","isPartOf":{"@id":"https:\/\/www.altercampagne.net\/?p=17104"},"author":{"name":"Mathieu","@id":"https:\/\/www.altercampagne.net\/#\/schema\/person\/0f261460c09e430caa0f9bcffa319109"},"headline":"Rejoins le Bi\u00e8reTour du 11 au 23 mai 2020","datePublished":"2020-01-31T17:00:46+00:00","dateModified":"2024-08-27T14:10:55+00:00","mainEntityOfPage":{"@id":"https:\/\/www.altercampagne.net\/?p=17104"},"wordCount":401,"image":{"@id":"https:\/\/www.altercampagne.net\/?p=17104#primaryimage"},"thumbnailUrl":"https:\/\/www.altercampagne.net\/wp-content\/uploads\/2020\/01\/20190429_172515.jpg","keywords":["Mathieu Fromont","bi\u00e8re","Bi\u00e8reTour","Brasserie Plume Jurassienne","brasserie plume"],"articleSection":["Auvergne-Rh\u00f4ne-Alpes","Bourgogne-Franche-Comt\u00e9","Bi\u00e8reTour","Bi\u00e8re"],"inLanguage":"fr-FR"},{"@type":"WebPage","@id":"https:\/\/www.altercampagne.net\/?p=17104","url":"https:\/\/www.altercampagne.net\/?p=17104","name":"Rejoins le Bi\u00e8reTour du 11 au 23 mai 2020 - AlterTour","isPartOf":{"@id":"https:\/\/www.altercampagne.net\/#website"},"primaryImageOfPage":{"@id":"https:\/\/www.altercampagne.net\/?p=17104#primaryimage"},"image":{"@id":"https:\/\/www.altercampagne.net\/?p=17104#primaryimage"},"thumbnailUrl":"https:\/\/www.altercampagne.net\/wp-content\/uploads\/2020\/01\/20190429_172515.jpg","datePublished":"2020-01-31T17:00:46+00:00","dateModified":"2024-08-27T14:10:55+00:00","author":{"@id":"https:\/\/www.altercampagne.net\/#\/schema\/person\/0f261460c09e430caa0f9bcffa319109"},"breadcrumb":{"@id":"https:\/\/www.altercampagne.net\/?p=17104#breadcrumb"},"inLanguage":"fr-FR","potentialAction":[{"@type":"ReadAction","target":["https:\/\/www.altercampagne.net\/?p=17104"]}]},{"@type":"ImageObject","inLanguage":"fr-FR","@id":"https:\/\/www.altercampagne.net\/?p=17104#primaryimage","url":"https:\/\/www.altercampagne.net\/wp-content\/uploads\/2020\/01\/20190429_172515.jpg","contentUrl":"https:\/\/www.altercampagne.net\/wp-content\/uploads\/2020\/01\/20190429_172515.jpg","width":920,"height":481},{"@type":"BreadcrumbList","@id":"https:\/\/www.altercampagne.net\/?p=17104#breadcrumb","itemListElement":[{"@type":"ListItem","position":1,"name":"Accueil","item":"https:\/\/www.altercampagne.net\/"},{"@type":"ListItem","position":2,"name":"Rejoins le Bi\u00e8reTour du 11 au 23 mai 2020"}]},{"@type":"WebSite","@id":"https:\/\/www.altercampagne.net\/#website","url":"https:\/\/www.altercampagne.net\/","name":"AlterTour","description":"Reliez les Alternatives \u00e0 v\u00e9lo","potentialAction":[{"@type":"SearchAction","target":{"@type":"EntryPoint","urlTemplate":"https:\/\/www.altercampagne.net\/?s={search_term_string}"},"query-input":{"@type":"PropertyValueSpecification","valueRequired":true,"valueName":"search_term_string"}}],"inLanguage":"fr-FR"},{"@type":"Person","@id":"https:\/\/www.altercampagne.net\/#\/schema\/person\/0f261460c09e430caa0f9bcffa319109","name":"Mathieu","image":{"@type":"ImageObject","inLanguage":"fr-FR","@id":"https:\/\/secure.gravatar.com\/avatar\/aa9d3d24c83f2141e5e2709d0f63d09a99f6be6bb7a50abc4915838d9f54501a?s=96&d=mm&r=g","url":"https:\/\/secure.gravatar.com\/avatar\/aa9d3d24c83f2141e5e2709d0f63d09a99f6be6bb7a50abc4915838d9f54501a?s=96&d=mm&r=g","contentUrl":"https:\/\/secure.gravatar.com\/avatar\/aa9d3d24c83f2141e5e2709d0f63d09a99f6be6bb7a50abc4915838d9f54501a?s=96&d=mm&r=g","caption":"Mathieu"},"url":"https:\/\/www.altercampagne.net\/?author=214"}]}},"_links":{"self":[{"href":"https:\/\/www.altercampagne.net\/index.php?rest_route=\/wp\/v2\/posts\/17104","targetHints":{"allow":["GET"]}}],"collection":[{"href":"https:\/\/www.altercampagne.net\/index.php?rest_route=\/wp\/v2\/posts"}],"about":[{"href":"https:\/\/www.altercampagne.net\/index.php?rest_route=\/wp\/v2\/types\/post"}],"author":[{"embeddable":true,"href":"https:\/\/www.altercampagne.net\/index.php?rest_route=\/wp\/v2\/users\/214"}],"replies":[{"embeddable":true,"href":"https:\/\/www.altercampagne.net\/index.php?rest_route=%2Fwp%2Fv2%2Fcomments&post=17104"}],"version-history":[{"count":13,"href":"https:\/\/www.altercampagne.net\/index.php?rest_route=\/wp\/v2\/posts\/17104\/revisions"}],"predecessor-version":[{"id":28611,"href":"https:\/\/www.altercampagne.net\/index.php?rest_route=\/wp\/v2\/posts\/17104\/revisions\/28611"}],"wp:featuredmedia":[{"embeddable":true,"href":"https:\/\/www.altercampagne.net\/index.php?rest_route=\/wp\/v2\/media\/17262"}],"wp:attachment":[{"href":"https:\/\/www.altercampagne.net\/index.php?rest_route=%2Fwp%2Fv2%2Fmedia&parent=17104"}],"wp:term":[{"taxonomy":"category","embeddable":true,"href":"https:\/\/www.altercampagne.net\/index.php?rest_route=%2Fwp%2Fv2%2Fcategories&post=17104"},{"taxonomy":"post_tag","embeddable":true,"href":"https:\/\/www.altercampagne.net\/index.php?rest_route=%2Fwp%2Fv2%2Ftags&post=17104"}],"curies":[{"name":"wp","href":"https:\/\/api.w.org\/{rel}","templated":true}]}}