{"id":17133,"date":"2020-01-08T14:55:00","date_gmt":"2020-01-08T13:55:00","guid":{"rendered":"http:\/\/www.altercampagne.net\/?p=17133"},"modified":"2020-02-03T17:13:52","modified_gmt":"2020-02-03T16:13:52","slug":"programme-du-bieretour-2020","status":"publish","type":"post","link":"https:\/\/www.altercampagne.net\/?p=17133","title":{"rendered":"Programme du Bi\u00e8reTour 2020"},"content":{"rendered":"\n<p>Au printemps, le <strong><a href=\"https:\/\/www.bieretour.net\/\" target=\"_blank\" rel=\"noreferrer noopener\" aria-label=\"Bi\u00e8reTour (s\u2019ouvre dans un nouvel onglet)\">Bi\u00e8reTour<\/a><\/strong> roulera du 11 au 23 mai 2020, de Grenoble (38) \u00e0 La Fert\u00e9 (39). voici le programme pr\u00e9visionnel des rencontres :<\/p>\n\n\n\n<ul class=\"wp-block-list\"><li>Lundi 11 mai : <a href=\"http:\/\/www.altercampagne.net\/?page_id=17025&amp;route=1\">Grenoble (0 km) Accueil des participant\u00b7e\u00b7s<\/a><\/li><li>Mardi 12 mai : <a href=\"http:\/\/www.altercampagne.net\/?page_id=17025&amp;route=2\">Grenoble &#8211; Vaulnaveys-le-Bas &#8211; Grenoble (42 km) Houblon Bocq<\/a><\/li><li>Mercredi 13 mai : <a href=\"http:\/\/www.altercampagne.net\/?page_id=17025&amp;route=3\">Grenoble &#8211; Saint-Pierre-de-Chartreuse (45 km) La Marmotte Masqu\u00e9e<\/a><\/li><li>Jeudi 14 mai : <a href=\"http:\/\/www.altercampagne.net\/?page_id=17025&amp;route=4\">Saint-Pierre-de-Chartreuse &#8211; Saint-Geoire-en-Valdaine (36 km) Brasserie du val d&rsquo;Ainan<\/a><\/li><li>Vendredi 15 mai : <a href=\"http:\/\/www.altercampagne.net\/?page_id=17025&amp;route=5\">Saint-Geoire-en-Valdaine &#8211; Saint-Victor-de-Cessieu (35 km) Brasserie des Faux Semblables<\/a><\/li><li>Samedi 16 mai : <a href=\"http:\/\/www.altercampagne.net\/?page_id=17025&amp;route=6\">Saint-Victor-de-Cessieu &#8211; Champier &#8211; Saint-Victor-de-Cessieu (30 km) Les Bi\u00e8res du Temps<\/a><\/li><li> Dimanche 17 mai : <a href=\"http:\/\/www.altercampagne.net\/?page_id=17025&amp;route=7\">Saint-Victoir-de-Cessieu &#8211; Ch\u00e2tillon-la-Palud (73 km)<\/a> <\/li><li>Lundi 18 mai : <a href=\"http:\/\/www.altercampagne.net\/?page_id=17025&amp;route=8\">Ch\u00e2tillon-la-Palud &#8211; Saint-Jean-de-Thurigneux (36 km) La voie Malt\u00e9e<\/a><\/li><li>Mardi 19 mai : <a href=\"http:\/\/www.altercampagne.net\/?page_id=17025&amp;route=9\">Saint-Jean-de-Thurigneux &#8211; Montcet (43 km) Houblon du Moulin<\/a><\/li><li>Mercredi 20 mai : <a href=\"http:\/\/www.altercampagne.net\/?page_id=17025&amp;route=10\">Montcet (0 km) Houblon du Moulin<\/a><\/li><li>Jeudi 21 mai : <a href=\"http:\/\/www.altercampagne.net\/?page_id=17025&amp;route=11\">Montcet &#8211; Orgelet (75 km) L&rsquo;Origine du Monde<\/a><\/li><li>Vendredi 22 mai : <a href=\"http:\/\/www.altercampagne.net\/?page_id=17025&amp;route=12\">Orgelet (0 km) L&rsquo;Origine du Monde<\/a><\/li><li>Samedi 23 mai : <a href=\"http:\/\/www.altercampagne.net\/?page_id=17025&amp;route=13\">Orgelet &#8211; La Fert\u00e9 (56 km) La Franche<\/a><\/li><\/ul>\n\n\n\n<div class=\"wp-block-image\"><figure class=\"aligncenter\"><img loading=\"lazy\" decoding=\"async\" width=\"800\" height=\"1000\" src=\"http:\/\/www.altercampagne.net\/wp-content\/uploads\/2020\/02\/BT2020-Parcours-06.jpg\" alt=\"\" class=\"wp-image-17125\" srcset=\"https:\/\/www.altercampagne.net\/wp-content\/uploads\/2020\/02\/BT2020-Parcours-06.jpg 800w, https:\/\/www.altercampagne.net\/wp-content\/uploads\/2020\/02\/BT2020-Parcours-06-240x300.jpg 240w, https:\/\/www.altercampagne.net\/wp-content\/uploads\/2020\/02\/BT2020-Parcours-06-768x960.jpg 768w, https:\/\/www.altercampagne.net\/wp-content\/uploads\/2020\/02\/BT2020-Parcours-06-610x763.jpg 610w, https:\/\/www.altercampagne.net\/wp-content\/uploads\/2020\/02\/BT2020-Parcours-06-100x125.jpg 100w\" sizes=\"auto, (max-width: 800px) 100vw, 800px\" \/><\/figure><\/div>\n\n\n\n<h4 class=\"has-text-align-center wp-block-heading\">Du lundi 11 au samedi 23 mai 2020<\/h4>\n\n\n\n<h4 class=\"has-text-align-center wp-block-heading\">De Grenoble (38) \u00e0 la Fert\u00e9 (39)<\/h4>\n\n\n\n<h3 class=\"has-text-align-center wp-block-heading\">Programme et inscriptions sur <a href=\"http:\/\/bieretour.net\" target=\"_blank\" rel=\"noreferrer noopener\"><strong>bieretour.net<\/strong><\/a><\/h3>\n\n\n\n<h5 class=\"wp-block-heading\"><a href=\"http:\/\/www.altercampagne.net\/wp-content\/uploads\/2019\/01\/row-of-camping-tents_4460x4460.jpg\"><\/a><\/h5>\n","protected":false},"excerpt":{"rendered":"<p>Au printemps, le Bi\u00e8reTour roulera du 11 au 23 mai 2020, de Grenoble (38) \u00e0 La Fert\u00e9 (39). voici le programme pr\u00e9visionnel des rencontres : Lundi 11 mai : Grenoble (0 km) Accueil des participant\u00b7e\u00b7s Mardi 12 mai : Grenoble &#8211; Vaulnaveys-le-Bas &#8211; Grenoble (42 km) Houblon Bocq Mercredi 13 &#8230; <\/p>\n<div><a href=\"https:\/\/www.altercampagne.net\/?p=17133\" class=\"more-link\">Read More<\/a><\/div>\n","protected":false},"author":214,"featured_media":17134,"comment_status":"closed","ping_status":"closed","sticky":false,"template":"","format":"standard","meta":{"footnotes":""},"categories":[3471,3495,3574,4037,3967,3469],"tags":[827,950,3567],"class_list":["post-17133","post","type-post","status-publish","format-standard","has-post-thumbnail","hentry","category-auvergne-rhone-alpes","category-bourgogne-franche-comte","category-bieretour","category-biere","category-edition-2020","category-programmes","tag-velo","tag-biere","tag-bieretour"],"yoast_head":"<!-- This site is optimized with the Yoast SEO plugin v27.3 - https:\/\/yoast.com\/product\/yoast-seo-wordpress\/ -->\n<title>Programme du Bi\u00e8reTour 2020 - AlterTour<\/title>\n<meta name=\"robots\" content=\"index, follow, max-snippet:-1, max-image-preview:large, max-video-preview:-1\" \/>\n<link rel=\"canonical\" href=\"https:\/\/www.altercampagne.net\/?p=17133\" \/>\n<meta property=\"og:locale\" content=\"fr_FR\" \/>\n<meta property=\"og:type\" content=\"article\" \/>\n<meta property=\"og:title\" content=\"Programme du Bi\u00e8reTour 2020 - AlterTour\" \/>\n<meta property=\"og:description\" content=\"Au printemps, le Bi\u00e8reTour roulera du 11 au 23 mai 2020, de Grenoble (38) \u00e0 La Fert\u00e9 (39). voici le programme pr\u00e9visionnel des rencontres : Lundi 11 mai : Grenoble (0 km) Accueil des participant\u00b7e\u00b7s Mardi 12 mai : Grenoble &#8211; Vaulnaveys-le-Bas &#8211; Grenoble (42 km) Houblon Bocq Mercredi 13 ... Read More\" \/>\n<meta property=\"og:url\" content=\"https:\/\/www.altercampagne.net\/?p=17133\" \/>\n<meta property=\"og:site_name\" content=\"AlterTour\" \/>\n<meta property=\"article:published_time\" content=\"2020-01-08T13:55:00+00:00\" \/>\n<meta property=\"article:modified_time\" content=\"2020-02-03T16:13:52+00:00\" \/>\n<meta property=\"og:image\" content=\"https:\/\/www.altercampagne.net\/wp-content\/uploads\/2020\/02\/Couv-BiereTour.jpg\" \/>\n\t<meta property=\"og:image:width\" content=\"800\" \/>\n\t<meta property=\"og:image:height\" content=\"418\" \/>\n\t<meta property=\"og:image:type\" content=\"image\/jpeg\" \/>\n<meta name=\"author\" content=\"Mathieu\" \/>\n<meta name=\"twitter:card\" content=\"summary_large_image\" \/>\n<meta name=\"twitter:label1\" content=\"\u00c9crit par\" \/>\n\t<meta name=\"twitter:data1\" content=\"Mathieu\" \/>\n\t<meta name=\"twitter:label2\" content=\"Dur\u00e9e de lecture estim\u00e9e\" \/>\n\t<meta name=\"twitter:data2\" content=\"1 minute\" \/>\n<script type=\"application\/ld+json\" class=\"yoast-schema-graph\">{\"@context\":\"https:\\\/\\\/schema.org\",\"@graph\":[{\"@type\":\"Article\",\"@id\":\"https:\\\/\\\/www.altercampagne.net\\\/?p=17133#article\",\"isPartOf\":{\"@id\":\"https:\\\/\\\/www.altercampagne.net\\\/?p=17133\"},\"author\":{\"name\":\"Mathieu\",\"@id\":\"https:\\\/\\\/www.altercampagne.net\\\/#\\\/schema\\\/person\\\/0f261460c09e430caa0f9bcffa319109\"},\"headline\":\"Programme du Bi\u00e8reTour 2020\",\"datePublished\":\"2020-01-08T13:55:00+00:00\",\"dateModified\":\"2020-02-03T16:13:52+00:00\",\"mainEntityOfPage\":{\"@id\":\"https:\\\/\\\/www.altercampagne.net\\\/?p=17133\"},\"wordCount\":163,\"image\":{\"@id\":\"https:\\\/\\\/www.altercampagne.net\\\/?p=17133#primaryimage\"},\"thumbnailUrl\":\"https:\\\/\\\/www.altercampagne.net\\\/wp-content\\\/uploads\\\/2020\\\/02\\\/Couv-BiereTour.jpg\",\"keywords\":[\"v\u00e9lo\",\"bi\u00e8re\",\"Bi\u00e8reTour\"],\"articleSection\":[\"Auvergne-Rh\u00f4ne-Alpes\",\"Bourgogne-Franche-Comt\u00e9\",\"Bi\u00e8reTour\",\"Bi\u00e8re\",\"Edition 2020\",\"Programmes\"],\"inLanguage\":\"fr-FR\"},{\"@type\":\"WebPage\",\"@id\":\"https:\\\/\\\/www.altercampagne.net\\\/?p=17133\",\"url\":\"https:\\\/\\\/www.altercampagne.net\\\/?p=17133\",\"name\":\"Programme du Bi\u00e8reTour 2020 - AlterTour\",\"isPartOf\":{\"@id\":\"https:\\\/\\\/www.altercampagne.net\\\/#website\"},\"primaryImageOfPage\":{\"@id\":\"https:\\\/\\\/www.altercampagne.net\\\/?p=17133#primaryimage\"},\"image\":{\"@id\":\"https:\\\/\\\/www.altercampagne.net\\\/?p=17133#primaryimage\"},\"thumbnailUrl\":\"https:\\\/\\\/www.altercampagne.net\\\/wp-content\\\/uploads\\\/2020\\\/02\\\/Couv-BiereTour.jpg\",\"datePublished\":\"2020-01-08T13:55:00+00:00\",\"dateModified\":\"2020-02-03T16:13:52+00:00\",\"author\":{\"@id\":\"https:\\\/\\\/www.altercampagne.net\\\/#\\\/schema\\\/person\\\/0f261460c09e430caa0f9bcffa319109\"},\"breadcrumb\":{\"@id\":\"https:\\\/\\\/www.altercampagne.net\\\/?p=17133#breadcrumb\"},\"inLanguage\":\"fr-FR\",\"potentialAction\":[{\"@type\":\"ReadAction\",\"target\":[\"https:\\\/\\\/www.altercampagne.net\\\/?p=17133\"]}]},{\"@type\":\"ImageObject\",\"inLanguage\":\"fr-FR\",\"@id\":\"https:\\\/\\\/www.altercampagne.net\\\/?p=17133#primaryimage\",\"url\":\"https:\\\/\\\/www.altercampagne.net\\\/wp-content\\\/uploads\\\/2020\\\/02\\\/Couv-BiereTour.jpg\",\"contentUrl\":\"https:\\\/\\\/www.altercampagne.net\\\/wp-content\\\/uploads\\\/2020\\\/02\\\/Couv-BiereTour.jpg\",\"width\":800,\"height\":418},{\"@type\":\"BreadcrumbList\",\"@id\":\"https:\\\/\\\/www.altercampagne.net\\\/?p=17133#breadcrumb\",\"itemListElement\":[{\"@type\":\"ListItem\",\"position\":1,\"name\":\"Accueil\",\"item\":\"https:\\\/\\\/www.altercampagne.net\\\/\"},{\"@type\":\"ListItem\",\"position\":2,\"name\":\"Programme du Bi\u00e8reTour 2020\"}]},{\"@type\":\"WebSite\",\"@id\":\"https:\\\/\\\/www.altercampagne.net\\\/#website\",\"url\":\"https:\\\/\\\/www.altercampagne.net\\\/\",\"name\":\"AlterTour\",\"description\":\"Reliez les Alternatives \u00e0 v\u00e9lo\",\"potentialAction\":[{\"@type\":\"SearchAction\",\"target\":{\"@type\":\"EntryPoint\",\"urlTemplate\":\"https:\\\/\\\/www.altercampagne.net\\\/?s={search_term_string}\"},\"query-input\":{\"@type\":\"PropertyValueSpecification\",\"valueRequired\":true,\"valueName\":\"search_term_string\"}}],\"inLanguage\":\"fr-FR\"},{\"@type\":\"Person\",\"@id\":\"https:\\\/\\\/www.altercampagne.net\\\/#\\\/schema\\\/person\\\/0f261460c09e430caa0f9bcffa319109\",\"name\":\"Mathieu\",\"image\":{\"@type\":\"ImageObject\",\"inLanguage\":\"fr-FR\",\"@id\":\"https:\\\/\\\/secure.gravatar.com\\\/avatar\\\/aa9d3d24c83f2141e5e2709d0f63d09a99f6be6bb7a50abc4915838d9f54501a?s=96&d=mm&r=g\",\"url\":\"https:\\\/\\\/secure.gravatar.com\\\/avatar\\\/aa9d3d24c83f2141e5e2709d0f63d09a99f6be6bb7a50abc4915838d9f54501a?s=96&d=mm&r=g\",\"contentUrl\":\"https:\\\/\\\/secure.gravatar.com\\\/avatar\\\/aa9d3d24c83f2141e5e2709d0f63d09a99f6be6bb7a50abc4915838d9f54501a?s=96&d=mm&r=g\",\"caption\":\"Mathieu\"},\"url\":\"https:\\\/\\\/www.altercampagne.net\\\/?author=214\"}]}<\/script>\n<!-- \/ Yoast SEO plugin. -->","yoast_head_json":{"title":"Programme du Bi\u00e8reTour 2020 - AlterTour","robots":{"index":"index","follow":"follow","max-snippet":"max-snippet:-1","max-image-preview":"max-image-preview:large","max-video-preview":"max-video-preview:-1"},"canonical":"https:\/\/www.altercampagne.net\/?p=17133","og_locale":"fr_FR","og_type":"article","og_title":"Programme du Bi\u00e8reTour 2020 - AlterTour","og_description":"Au printemps, le Bi\u00e8reTour roulera du 11 au 23 mai 2020, de Grenoble (38) \u00e0 La Fert\u00e9 (39). voici le programme pr\u00e9visionnel des rencontres : Lundi 11 mai : Grenoble (0 km) Accueil des participant\u00b7e\u00b7s Mardi 12 mai : Grenoble &#8211; Vaulnaveys-le-Bas &#8211; Grenoble (42 km) Houblon Bocq Mercredi 13 ... Read More","og_url":"https:\/\/www.altercampagne.net\/?p=17133","og_site_name":"AlterTour","article_published_time":"2020-01-08T13:55:00+00:00","article_modified_time":"2020-02-03T16:13:52+00:00","og_image":[{"width":800,"height":418,"url":"https:\/\/www.altercampagne.net\/wp-content\/uploads\/2020\/02\/Couv-BiereTour.jpg","type":"image\/jpeg"}],"author":"Mathieu","twitter_card":"summary_large_image","twitter_misc":{"\u00c9crit par":"Mathieu","Dur\u00e9e de lecture estim\u00e9e":"1 minute"},"schema":{"@context":"https:\/\/schema.org","@graph":[{"@type":"Article","@id":"https:\/\/www.altercampagne.net\/?p=17133#article","isPartOf":{"@id":"https:\/\/www.altercampagne.net\/?p=17133"},"author":{"name":"Mathieu","@id":"https:\/\/www.altercampagne.net\/#\/schema\/person\/0f261460c09e430caa0f9bcffa319109"},"headline":"Programme du Bi\u00e8reTour 2020","datePublished":"2020-01-08T13:55:00+00:00","dateModified":"2020-02-03T16:13:52+00:00","mainEntityOfPage":{"@id":"https:\/\/www.altercampagne.net\/?p=17133"},"wordCount":163,"image":{"@id":"https:\/\/www.altercampagne.net\/?p=17133#primaryimage"},"thumbnailUrl":"https:\/\/www.altercampagne.net\/wp-content\/uploads\/2020\/02\/Couv-BiereTour.jpg","keywords":["v\u00e9lo","bi\u00e8re","Bi\u00e8reTour"],"articleSection":["Auvergne-Rh\u00f4ne-Alpes","Bourgogne-Franche-Comt\u00e9","Bi\u00e8reTour","Bi\u00e8re","Edition 2020","Programmes"],"inLanguage":"fr-FR"},{"@type":"WebPage","@id":"https:\/\/www.altercampagne.net\/?p=17133","url":"https:\/\/www.altercampagne.net\/?p=17133","name":"Programme du Bi\u00e8reTour 2020 - AlterTour","isPartOf":{"@id":"https:\/\/www.altercampagne.net\/#website"},"primaryImageOfPage":{"@id":"https:\/\/www.altercampagne.net\/?p=17133#primaryimage"},"image":{"@id":"https:\/\/www.altercampagne.net\/?p=17133#primaryimage"},"thumbnailUrl":"https:\/\/www.altercampagne.net\/wp-content\/uploads\/2020\/02\/Couv-BiereTour.jpg","datePublished":"2020-01-08T13:55:00+00:00","dateModified":"2020-02-03T16:13:52+00:00","author":{"@id":"https:\/\/www.altercampagne.net\/#\/schema\/person\/0f261460c09e430caa0f9bcffa319109"},"breadcrumb":{"@id":"https:\/\/www.altercampagne.net\/?p=17133#breadcrumb"},"inLanguage":"fr-FR","potentialAction":[{"@type":"ReadAction","target":["https:\/\/www.altercampagne.net\/?p=17133"]}]},{"@type":"ImageObject","inLanguage":"fr-FR","@id":"https:\/\/www.altercampagne.net\/?p=17133#primaryimage","url":"https:\/\/www.altercampagne.net\/wp-content\/uploads\/2020\/02\/Couv-BiereTour.jpg","contentUrl":"https:\/\/www.altercampagne.net\/wp-content\/uploads\/2020\/02\/Couv-BiereTour.jpg","width":800,"height":418},{"@type":"BreadcrumbList","@id":"https:\/\/www.altercampagne.net\/?p=17133#breadcrumb","itemListElement":[{"@type":"ListItem","position":1,"name":"Accueil","item":"https:\/\/www.altercampagne.net\/"},{"@type":"ListItem","position":2,"name":"Programme du Bi\u00e8reTour 2020"}]},{"@type":"WebSite","@id":"https:\/\/www.altercampagne.net\/#website","url":"https:\/\/www.altercampagne.net\/","name":"AlterTour","description":"Reliez les Alternatives \u00e0 v\u00e9lo","potentialAction":[{"@type":"SearchAction","target":{"@type":"EntryPoint","urlTemplate":"https:\/\/www.altercampagne.net\/?s={search_term_string}"},"query-input":{"@type":"PropertyValueSpecification","valueRequired":true,"valueName":"search_term_string"}}],"inLanguage":"fr-FR"},{"@type":"Person","@id":"https:\/\/www.altercampagne.net\/#\/schema\/person\/0f261460c09e430caa0f9bcffa319109","name":"Mathieu","image":{"@type":"ImageObject","inLanguage":"fr-FR","@id":"https:\/\/secure.gravatar.com\/avatar\/aa9d3d24c83f2141e5e2709d0f63d09a99f6be6bb7a50abc4915838d9f54501a?s=96&d=mm&r=g","url":"https:\/\/secure.gravatar.com\/avatar\/aa9d3d24c83f2141e5e2709d0f63d09a99f6be6bb7a50abc4915838d9f54501a?s=96&d=mm&r=g","contentUrl":"https:\/\/secure.gravatar.com\/avatar\/aa9d3d24c83f2141e5e2709d0f63d09a99f6be6bb7a50abc4915838d9f54501a?s=96&d=mm&r=g","caption":"Mathieu"},"url":"https:\/\/www.altercampagne.net\/?author=214"}]}},"_links":{"self":[{"href":"https:\/\/www.altercampagne.net\/index.php?rest_route=\/wp\/v2\/posts\/17133","targetHints":{"allow":["GET"]}}],"collection":[{"href":"https:\/\/www.altercampagne.net\/index.php?rest_route=\/wp\/v2\/posts"}],"about":[{"href":"https:\/\/www.altercampagne.net\/index.php?rest_route=\/wp\/v2\/types\/post"}],"author":[{"embeddable":true,"href":"https:\/\/www.altercampagne.net\/index.php?rest_route=\/wp\/v2\/users\/214"}],"replies":[{"embeddable":true,"href":"https:\/\/www.altercampagne.net\/index.php?rest_route=%2Fwp%2Fv2%2Fcomments&post=17133"}],"version-history":[{"count":5,"href":"https:\/\/www.altercampagne.net\/index.php?rest_route=\/wp\/v2\/posts\/17133\/revisions"}],"predecessor-version":[{"id":17142,"href":"https:\/\/www.altercampagne.net\/index.php?rest_route=\/wp\/v2\/posts\/17133\/revisions\/17142"}],"wp:featuredmedia":[{"embeddable":true,"href":"https:\/\/www.altercampagne.net\/index.php?rest_route=\/wp\/v2\/media\/17134"}],"wp:attachment":[{"href":"https:\/\/www.altercampagne.net\/index.php?rest_route=%2Fwp%2Fv2%2Fmedia&parent=17133"}],"wp:term":[{"taxonomy":"category","embeddable":true,"href":"https:\/\/www.altercampagne.net\/index.php?rest_route=%2Fwp%2Fv2%2Fcategories&post=17133"},{"taxonomy":"post_tag","embeddable":true,"href":"https:\/\/www.altercampagne.net\/index.php?rest_route=%2Fwp%2Fv2%2Ftags&post=17133"}],"curies":[{"name":"wp","href":"https:\/\/api.w.org\/{rel}","templated":true}]}}