{"id":17217,"date":"2020-02-25T07:13:00","date_gmt":"2020-02-25T06:13:00","guid":{"rendered":"http:\/\/www.altercampagne.net\/?p=17217"},"modified":"2021-05-06T10:42:34","modified_gmt":"2021-05-06T08:42:34","slug":"viens-pedaler-avec-laltertour-2020","status":"publish","type":"post","link":"https:\/\/www.altercampagne.net\/?p=17217","title":{"rendered":"Viens p\u00e9daler avec l&rsquo;AlterTour 2020"},"content":{"rendered":"\n<p>Cet \u00e9t\u00e9, l\u2019AlterTour roulera de Grenoble (38) \u00e0 Thenay (36), du 8  juillet au 23 ao\u00fbt 2020, voici une partie du programme pr\u00e9visionnel des rencontres :<\/p>\n\n\n\n<ul class=\"wp-block-list\"><li>Mercredi 8 juillet : Grenoble (0 km) Accueil des paticipant\u00b7e\u00b7s<\/li><li>Jeudi 9 juillet : Grenoble \u2013 Voiron (30 km) <a href=\"http:\/\/lepicvert.org\/\" target=\"_blank\" rel=\"noreferrer noopener\">Le Pic-Vert<\/a><\/li><li>Vendredi 10 juillet : Voiron \u2013 Dullin (36 km) <a href=\"http:\/\/www.lechateaupartage.fr\/\" target=\"_blank\" rel=\"noreferrer noopener\">Le Ch\u00e2teau Partag\u00e9<\/a><a href=\"http:\/\/www.altercampagne.net\/wp-content\/uploads\/2019\/05\/parcours-EBAT_2019.png\"><\/a><\/li><li>Dimanche 12 juillet : Dullin \u2013 Chamb\u00e9ry (30 km) <a href=\"https:\/\/rouelibre.net\/\" target=\"_blank\" rel=\"noreferrer noopener\">Roue Libre<\/a><\/li><li>Mercredi 15 juillet : Doussard \u2013 Annecy (31 km) <a href=\"https:\/\/www.facebook.com\/ateliecrevis\/\" target=\"_blank\" rel=\"noreferrer noopener\">L\u2019Ecrevis<\/a><\/li><li>Mercredi 22 juillet : Lyon \u2013 Gleiz\u00e9 (38 km) <a href=\"https:\/\/www.association-oasis.com\/\" target=\"_blank\" rel=\"noreferrer noopener\">L\u2019Oasis<\/a><\/li><li>Vendredi 24 juillet : Gleiz\u00e9 \u2013 Cublize (33 km) <a href=\"http:\/\/magnyethique.org\/\" target=\"_blank\" rel=\"noreferrer noopener\">Magny\u00e9thique<\/a><\/li><li>Samedi 25 juillet : Cublize \u2013 Villi\u00e9 Morgon (44 km) <a href=\"https:\/\/wwoof.fr\/host\/6110-Famille-Renard-Vignerons\" target=\"_blank\" rel=\"noreferrer noopener\">Le Domaine Olivier Renard<\/a><\/li><li>Mardi 28 juillet : Dommartin \u2013 La Frette (20 km) <a href=\"http:\/\/www.butine.net\/Butine\/Application\/Public\/Accueil\" target=\"_blank\" rel=\"noreferrer noopener\">La Ferme Butine<\/a><\/li><li>Mercredi 29 juillet : La Frette \u2013 Chagny (50 km) <a href=\"http:\/\/audacieuse-bab.com\/\" target=\"_blank\" rel=\"noreferrer noopener\">La Brasserie Artisanale de Bourgogne<\/a><\/li><li>Lundi 3 ao\u00fbt : Brassy (0 km) <a href=\"http:\/\/peirao.org\/\" target=\"_blank\" rel=\"noreferrer noopener\">Pe\u00efra\u00f4<\/a><\/li><li>Vendredi 7 ao\u00fbt : Toucy \u2013 Villeneuve-les-Gen\u00eats (22 km) <a href=\"https:\/\/www.facebook.com\/Chez-Man-Jeanne-et-Petit-Pierre-402525793612415\/\" target=\"_blank\" rel=\"noreferrer noopener\">Chez M\u2019an Jeanne et Petit Pierre<\/a><\/li><li>Dimanche 9 ao\u00fbt : Montargis \u2013 Mardi\u00e9 (58 km) <a href=\"https:\/\/levillagedelaloire.frama.site\/?fbclid=IwAR3A2c0OjqEVRJVfG2vvUaHVQ-SrqjtXb8o80w--Wj68GzGxssi4mQpuRcw#\" target=\"_blank\" rel=\"noreferrer noopener\">Le Collectif Village de La Loire<\/a><\/li><li>Vendredi 14 ao\u00fbt : Saint Agil (0 km) <a href=\"http:\/\/www.cheptelaleikoum.com\/\" target=\"_blank\" rel=\"noreferrer noopener\">Cheptel Ale\u00efkoum<\/a>, la Ferme des Beauvais et le Village de Saint Agil<\/li><li>Dimanche 16 ao\u00fbt : Thor\u00e9-la-Rochette \u2013 Huisseau sur Cosson (54 km) <a href=\"http:\/\/www.cliniquesaumery.com\/\" target=\"_blank\" rel=\"noreferrer noopener\">La Clinique de Saumery<\/a><\/li><li>Mardi 18 ao\u00fbt : Huisseau sur Cosson \u2013 Dolus le Sec (81 km) <a href=\"https:\/\/amap.beletre.org\/\" target=\"_blank\" rel=\"noreferrer noopener\">La Coop\u00e9rative de Bel\u00eatre<\/a><\/li><li>Jeudi 20 ao\u00fbt : Pellevoisin (0 km) <a href=\"https:\/\/lerelaisdespassages.wixsite.com\/association\" target=\"_blank\" rel=\"noreferrer noopener\">Les Relais de Pas Sages<\/a><\/li><li>Vendredi 21 ao\u00fbt : Pellevoisin \u2013 Ch\u00e2teauroux (34 km) <a href=\"https:\/\/www.facebook.com\/indreentransition\/\" target=\"_blank\" rel=\"noreferrer noopener\">Indre en transition<\/a>, <a href=\"https:\/\/chateauroule.wixsite.com\/accueil\" target=\"_blank\" rel=\"noreferrer noopener\">Ch\u00e2teau Roule<\/a> et <a href=\"https:\/\/map36.fr\/\" target=\"_blank\" rel=\"noreferrer noopener\">Map36<\/a><\/li><\/ul>\n\n\n\n<p>Nous publierons r\u00e9guli\u00e8rement des articles sur les Alternatives auxquelles nous rendrons visite cet \u00e9t\u00e9.<\/p>\n\n\n\n<div class=\"wp-block-image\"><figure class=\"aligncenter size-large\"><img loading=\"lazy\" decoding=\"async\" width=\"600\" height=\"612\" src=\"http:\/\/www.altercampagne.net\/wp-content\/uploads\/2020\/01\/AT2020-Parcours-V02.jpg\" alt=\"\" class=\"wp-image-16997\" srcset=\"https:\/\/www.altercampagne.net\/wp-content\/uploads\/2020\/01\/AT2020-Parcours-V02.jpg 600w, https:\/\/www.altercampagne.net\/wp-content\/uploads\/2020\/01\/AT2020-Parcours-V02-294x300.jpg 294w, https:\/\/www.altercampagne.net\/wp-content\/uploads\/2020\/01\/AT2020-Parcours-V02-100x102.jpg 100w\" sizes=\"auto, (max-width: 600px) 100vw, 600px\" \/><\/figure><\/div>\n","protected":false},"excerpt":{"rendered":"<p>Cet \u00e9t\u00e9, l\u2019AlterTour roulera de Grenoble (38) \u00e0 Thenay (36), du 8 juillet au 23 ao\u00fbt 2020, voici une partie du programme pr\u00e9visionnel des rencontres : Mercredi 8 juillet : Grenoble (0 km) Accueil des paticipant\u00b7e\u00b7s Jeudi 9 juillet : Grenoble \u2013 Voiron (30 km) Le Pic-Vert Vendredi 10 juillet &#8230; <\/p>\n<div><a href=\"https:\/\/www.altercampagne.net\/?p=17217\" class=\"more-link\">Read More<\/a><\/div>\n","protected":false},"author":214,"featured_media":17219,"comment_status":"closed","ping_status":"closed","sticky":false,"template":"","format":"standard","meta":{"footnotes":""},"categories":[3471,4313,3495,3473,3967,3469],"tags":[],"class_list":["post-17217","post","type-post","status-publish","format-standard","has-post-thumbnail","hentry","category-auvergne-rhone-alpes","category-altertour","category-bourgogne-franche-comte","category-centre-val-de-loire","category-edition-2020","category-programmes"],"yoast_head":"<!-- This site is optimized with the Yoast SEO plugin v27.3 - https:\/\/yoast.com\/product\/yoast-seo-wordpress\/ -->\n<title>Viens p\u00e9daler avec l&#039;AlterTour 2020 - AlterTour<\/title>\n<meta name=\"robots\" content=\"index, follow, max-snippet:-1, max-image-preview:large, max-video-preview:-1\" \/>\n<link rel=\"canonical\" href=\"https:\/\/www.altercampagne.net\/?p=17217\" \/>\n<meta property=\"og:locale\" content=\"fr_FR\" \/>\n<meta property=\"og:type\" content=\"article\" \/>\n<meta property=\"og:title\" content=\"Viens p\u00e9daler avec l&#039;AlterTour 2020 - AlterTour\" \/>\n<meta property=\"og:description\" content=\"Cet \u00e9t\u00e9, l\u2019AlterTour roulera de Grenoble (38) \u00e0 Thenay (36), du 8 juillet au 23 ao\u00fbt 2020, voici une partie du programme pr\u00e9visionnel des rencontres : Mercredi 8 juillet : Grenoble (0 km) Accueil des paticipant\u00b7e\u00b7s Jeudi 9 juillet : Grenoble \u2013 Voiron (30 km) Le Pic-Vert Vendredi 10 juillet ... Read More\" \/>\n<meta property=\"og:url\" content=\"https:\/\/www.altercampagne.net\/?p=17217\" \/>\n<meta property=\"og:site_name\" content=\"AlterTour\" \/>\n<meta property=\"article:published_time\" content=\"2020-02-25T06:13:00+00:00\" \/>\n<meta property=\"article:modified_time\" content=\"2021-05-06T08:42:34+00:00\" \/>\n<meta property=\"og:image\" content=\"https:\/\/www.altercampagne.net\/wp-content\/uploads\/2020\/02\/MG_5679.jpg\" \/>\n\t<meta property=\"og:image:width\" content=\"900\" \/>\n\t<meta property=\"og:image:height\" content=\"470\" \/>\n\t<meta property=\"og:image:type\" content=\"image\/jpeg\" \/>\n<meta name=\"author\" content=\"Mathieu\" \/>\n<meta name=\"twitter:card\" content=\"summary_large_image\" \/>\n<meta name=\"twitter:label1\" content=\"\u00c9crit par\" \/>\n\t<meta name=\"twitter:data1\" content=\"Mathieu\" \/>\n\t<meta name=\"twitter:label2\" content=\"Dur\u00e9e de lecture estim\u00e9e\" \/>\n\t<meta name=\"twitter:data2\" content=\"1 minute\" \/>\n<script type=\"application\/ld+json\" class=\"yoast-schema-graph\">{\"@context\":\"https:\\\/\\\/schema.org\",\"@graph\":[{\"@type\":\"Article\",\"@id\":\"https:\\\/\\\/www.altercampagne.net\\\/?p=17217#article\",\"isPartOf\":{\"@id\":\"https:\\\/\\\/www.altercampagne.net\\\/?p=17217\"},\"author\":{\"name\":\"Mathieu\",\"@id\":\"https:\\\/\\\/www.altercampagne.net\\\/#\\\/schema\\\/person\\\/0f261460c09e430caa0f9bcffa319109\"},\"headline\":\"Viens p\u00e9daler avec l&rsquo;AlterTour 2020\",\"datePublished\":\"2020-02-25T06:13:00+00:00\",\"dateModified\":\"2021-05-06T08:42:34+00:00\",\"mainEntityOfPage\":{\"@id\":\"https:\\\/\\\/www.altercampagne.net\\\/?p=17217\"},\"wordCount\":234,\"image\":{\"@id\":\"https:\\\/\\\/www.altercampagne.net\\\/?p=17217#primaryimage\"},\"thumbnailUrl\":\"https:\\\/\\\/www.altercampagne.net\\\/wp-content\\\/uploads\\\/2020\\\/02\\\/MG_5679.jpg\",\"articleSection\":[\"Auvergne-Rh\u00f4ne-Alpes\",\"AlterTour\",\"Bourgogne-Franche-Comt\u00e9\",\"Centre-Val de Loire\",\"Edition 2020\",\"Programmes\"],\"inLanguage\":\"fr-FR\"},{\"@type\":\"WebPage\",\"@id\":\"https:\\\/\\\/www.altercampagne.net\\\/?p=17217\",\"url\":\"https:\\\/\\\/www.altercampagne.net\\\/?p=17217\",\"name\":\"Viens p\u00e9daler avec l'AlterTour 2020 - AlterTour\",\"isPartOf\":{\"@id\":\"https:\\\/\\\/www.altercampagne.net\\\/#website\"},\"primaryImageOfPage\":{\"@id\":\"https:\\\/\\\/www.altercampagne.net\\\/?p=17217#primaryimage\"},\"image\":{\"@id\":\"https:\\\/\\\/www.altercampagne.net\\\/?p=17217#primaryimage\"},\"thumbnailUrl\":\"https:\\\/\\\/www.altercampagne.net\\\/wp-content\\\/uploads\\\/2020\\\/02\\\/MG_5679.jpg\",\"datePublished\":\"2020-02-25T06:13:00+00:00\",\"dateModified\":\"2021-05-06T08:42:34+00:00\",\"author\":{\"@id\":\"https:\\\/\\\/www.altercampagne.net\\\/#\\\/schema\\\/person\\\/0f261460c09e430caa0f9bcffa319109\"},\"breadcrumb\":{\"@id\":\"https:\\\/\\\/www.altercampagne.net\\\/?p=17217#breadcrumb\"},\"inLanguage\":\"fr-FR\",\"potentialAction\":[{\"@type\":\"ReadAction\",\"target\":[\"https:\\\/\\\/www.altercampagne.net\\\/?p=17217\"]}]},{\"@type\":\"ImageObject\",\"inLanguage\":\"fr-FR\",\"@id\":\"https:\\\/\\\/www.altercampagne.net\\\/?p=17217#primaryimage\",\"url\":\"https:\\\/\\\/www.altercampagne.net\\\/wp-content\\\/uploads\\\/2020\\\/02\\\/MG_5679.jpg\",\"contentUrl\":\"https:\\\/\\\/www.altercampagne.net\\\/wp-content\\\/uploads\\\/2020\\\/02\\\/MG_5679.jpg\",\"width\":900,\"height\":470},{\"@type\":\"BreadcrumbList\",\"@id\":\"https:\\\/\\\/www.altercampagne.net\\\/?p=17217#breadcrumb\",\"itemListElement\":[{\"@type\":\"ListItem\",\"position\":1,\"name\":\"Accueil\",\"item\":\"https:\\\/\\\/www.altercampagne.net\\\/\"},{\"@type\":\"ListItem\",\"position\":2,\"name\":\"Viens p\u00e9daler avec l&rsquo;AlterTour 2020\"}]},{\"@type\":\"WebSite\",\"@id\":\"https:\\\/\\\/www.altercampagne.net\\\/#website\",\"url\":\"https:\\\/\\\/www.altercampagne.net\\\/\",\"name\":\"AlterTour\",\"description\":\"Reliez les Alternatives \u00e0 v\u00e9lo\",\"potentialAction\":[{\"@type\":\"SearchAction\",\"target\":{\"@type\":\"EntryPoint\",\"urlTemplate\":\"https:\\\/\\\/www.altercampagne.net\\\/?s={search_term_string}\"},\"query-input\":{\"@type\":\"PropertyValueSpecification\",\"valueRequired\":true,\"valueName\":\"search_term_string\"}}],\"inLanguage\":\"fr-FR\"},{\"@type\":\"Person\",\"@id\":\"https:\\\/\\\/www.altercampagne.net\\\/#\\\/schema\\\/person\\\/0f261460c09e430caa0f9bcffa319109\",\"name\":\"Mathieu\",\"image\":{\"@type\":\"ImageObject\",\"inLanguage\":\"fr-FR\",\"@id\":\"https:\\\/\\\/secure.gravatar.com\\\/avatar\\\/aa9d3d24c83f2141e5e2709d0f63d09a99f6be6bb7a50abc4915838d9f54501a?s=96&d=mm&r=g\",\"url\":\"https:\\\/\\\/secure.gravatar.com\\\/avatar\\\/aa9d3d24c83f2141e5e2709d0f63d09a99f6be6bb7a50abc4915838d9f54501a?s=96&d=mm&r=g\",\"contentUrl\":\"https:\\\/\\\/secure.gravatar.com\\\/avatar\\\/aa9d3d24c83f2141e5e2709d0f63d09a99f6be6bb7a50abc4915838d9f54501a?s=96&d=mm&r=g\",\"caption\":\"Mathieu\"},\"url\":\"https:\\\/\\\/www.altercampagne.net\\\/?author=214\"}]}<\/script>\n<!-- \/ Yoast SEO plugin. -->","yoast_head_json":{"title":"Viens p\u00e9daler avec l'AlterTour 2020 - AlterTour","robots":{"index":"index","follow":"follow","max-snippet":"max-snippet:-1","max-image-preview":"max-image-preview:large","max-video-preview":"max-video-preview:-1"},"canonical":"https:\/\/www.altercampagne.net\/?p=17217","og_locale":"fr_FR","og_type":"article","og_title":"Viens p\u00e9daler avec l'AlterTour 2020 - AlterTour","og_description":"Cet \u00e9t\u00e9, l\u2019AlterTour roulera de Grenoble (38) \u00e0 Thenay (36), du 8 juillet au 23 ao\u00fbt 2020, voici une partie du programme pr\u00e9visionnel des rencontres : Mercredi 8 juillet : Grenoble (0 km) Accueil des paticipant\u00b7e\u00b7s Jeudi 9 juillet : Grenoble \u2013 Voiron (30 km) Le Pic-Vert Vendredi 10 juillet ... Read More","og_url":"https:\/\/www.altercampagne.net\/?p=17217","og_site_name":"AlterTour","article_published_time":"2020-02-25T06:13:00+00:00","article_modified_time":"2021-05-06T08:42:34+00:00","og_image":[{"width":900,"height":470,"url":"https:\/\/www.altercampagne.net\/wp-content\/uploads\/2020\/02\/MG_5679.jpg","type":"image\/jpeg"}],"author":"Mathieu","twitter_card":"summary_large_image","twitter_misc":{"\u00c9crit par":"Mathieu","Dur\u00e9e de lecture estim\u00e9e":"1 minute"},"schema":{"@context":"https:\/\/schema.org","@graph":[{"@type":"Article","@id":"https:\/\/www.altercampagne.net\/?p=17217#article","isPartOf":{"@id":"https:\/\/www.altercampagne.net\/?p=17217"},"author":{"name":"Mathieu","@id":"https:\/\/www.altercampagne.net\/#\/schema\/person\/0f261460c09e430caa0f9bcffa319109"},"headline":"Viens p\u00e9daler avec l&rsquo;AlterTour 2020","datePublished":"2020-02-25T06:13:00+00:00","dateModified":"2021-05-06T08:42:34+00:00","mainEntityOfPage":{"@id":"https:\/\/www.altercampagne.net\/?p=17217"},"wordCount":234,"image":{"@id":"https:\/\/www.altercampagne.net\/?p=17217#primaryimage"},"thumbnailUrl":"https:\/\/www.altercampagne.net\/wp-content\/uploads\/2020\/02\/MG_5679.jpg","articleSection":["Auvergne-Rh\u00f4ne-Alpes","AlterTour","Bourgogne-Franche-Comt\u00e9","Centre-Val de Loire","Edition 2020","Programmes"],"inLanguage":"fr-FR"},{"@type":"WebPage","@id":"https:\/\/www.altercampagne.net\/?p=17217","url":"https:\/\/www.altercampagne.net\/?p=17217","name":"Viens p\u00e9daler avec l'AlterTour 2020 - AlterTour","isPartOf":{"@id":"https:\/\/www.altercampagne.net\/#website"},"primaryImageOfPage":{"@id":"https:\/\/www.altercampagne.net\/?p=17217#primaryimage"},"image":{"@id":"https:\/\/www.altercampagne.net\/?p=17217#primaryimage"},"thumbnailUrl":"https:\/\/www.altercampagne.net\/wp-content\/uploads\/2020\/02\/MG_5679.jpg","datePublished":"2020-02-25T06:13:00+00:00","dateModified":"2021-05-06T08:42:34+00:00","author":{"@id":"https:\/\/www.altercampagne.net\/#\/schema\/person\/0f261460c09e430caa0f9bcffa319109"},"breadcrumb":{"@id":"https:\/\/www.altercampagne.net\/?p=17217#breadcrumb"},"inLanguage":"fr-FR","potentialAction":[{"@type":"ReadAction","target":["https:\/\/www.altercampagne.net\/?p=17217"]}]},{"@type":"ImageObject","inLanguage":"fr-FR","@id":"https:\/\/www.altercampagne.net\/?p=17217#primaryimage","url":"https:\/\/www.altercampagne.net\/wp-content\/uploads\/2020\/02\/MG_5679.jpg","contentUrl":"https:\/\/www.altercampagne.net\/wp-content\/uploads\/2020\/02\/MG_5679.jpg","width":900,"height":470},{"@type":"BreadcrumbList","@id":"https:\/\/www.altercampagne.net\/?p=17217#breadcrumb","itemListElement":[{"@type":"ListItem","position":1,"name":"Accueil","item":"https:\/\/www.altercampagne.net\/"},{"@type":"ListItem","position":2,"name":"Viens p\u00e9daler avec l&rsquo;AlterTour 2020"}]},{"@type":"WebSite","@id":"https:\/\/www.altercampagne.net\/#website","url":"https:\/\/www.altercampagne.net\/","name":"AlterTour","description":"Reliez les Alternatives \u00e0 v\u00e9lo","potentialAction":[{"@type":"SearchAction","target":{"@type":"EntryPoint","urlTemplate":"https:\/\/www.altercampagne.net\/?s={search_term_string}"},"query-input":{"@type":"PropertyValueSpecification","valueRequired":true,"valueName":"search_term_string"}}],"inLanguage":"fr-FR"},{"@type":"Person","@id":"https:\/\/www.altercampagne.net\/#\/schema\/person\/0f261460c09e430caa0f9bcffa319109","name":"Mathieu","image":{"@type":"ImageObject","inLanguage":"fr-FR","@id":"https:\/\/secure.gravatar.com\/avatar\/aa9d3d24c83f2141e5e2709d0f63d09a99f6be6bb7a50abc4915838d9f54501a?s=96&d=mm&r=g","url":"https:\/\/secure.gravatar.com\/avatar\/aa9d3d24c83f2141e5e2709d0f63d09a99f6be6bb7a50abc4915838d9f54501a?s=96&d=mm&r=g","contentUrl":"https:\/\/secure.gravatar.com\/avatar\/aa9d3d24c83f2141e5e2709d0f63d09a99f6be6bb7a50abc4915838d9f54501a?s=96&d=mm&r=g","caption":"Mathieu"},"url":"https:\/\/www.altercampagne.net\/?author=214"}]}},"_links":{"self":[{"href":"https:\/\/www.altercampagne.net\/index.php?rest_route=\/wp\/v2\/posts\/17217","targetHints":{"allow":["GET"]}}],"collection":[{"href":"https:\/\/www.altercampagne.net\/index.php?rest_route=\/wp\/v2\/posts"}],"about":[{"href":"https:\/\/www.altercampagne.net\/index.php?rest_route=\/wp\/v2\/types\/post"}],"author":[{"embeddable":true,"href":"https:\/\/www.altercampagne.net\/index.php?rest_route=\/wp\/v2\/users\/214"}],"replies":[{"embeddable":true,"href":"https:\/\/www.altercampagne.net\/index.php?rest_route=%2Fwp%2Fv2%2Fcomments&post=17217"}],"version-history":[{"count":4,"href":"https:\/\/www.altercampagne.net\/index.php?rest_route=\/wp\/v2\/posts\/17217\/revisions"}],"predecessor-version":[{"id":17527,"href":"https:\/\/www.altercampagne.net\/index.php?rest_route=\/wp\/v2\/posts\/17217\/revisions\/17527"}],"wp:featuredmedia":[{"embeddable":true,"href":"https:\/\/www.altercampagne.net\/index.php?rest_route=\/wp\/v2\/media\/17219"}],"wp:attachment":[{"href":"https:\/\/www.altercampagne.net\/index.php?rest_route=%2Fwp%2Fv2%2Fmedia&parent=17217"}],"wp:term":[{"taxonomy":"category","embeddable":true,"href":"https:\/\/www.altercampagne.net\/index.php?rest_route=%2Fwp%2Fv2%2Fcategories&post=17217"},{"taxonomy":"post_tag","embeddable":true,"href":"https:\/\/www.altercampagne.net\/index.php?rest_route=%2Fwp%2Fv2%2Ftags&post=17217"}],"curies":[{"name":"wp","href":"https:\/\/api.w.org\/{rel}","templated":true}]}}