{"id":17237,"date":"2020-03-02T16:16:11","date_gmt":"2020-03-02T15:16:11","guid":{"rendered":"http:\/\/www.altercampagne.net\/?p=17237"},"modified":"2020-11-19T10:28:44","modified_gmt":"2020-11-19T09:28:44","slug":"le-tour-des-tours-2","status":"publish","type":"post","link":"https:\/\/www.altercampagne.net\/?p=17237","title":{"rendered":"Le Tour des Tours  #2"},"content":{"rendered":"\n<p>Ici, <strong>en poursuivant ce panorama des tours engag\u00e9s<\/strong> (voir <a href=\"http:\/\/www.altercampagne.net\/?p=15919\">#1<\/a>), on pr\u00e9sente quelques tours \u00e0 v\u00e9lo, principalement de France, qui mettent le focus sur une th\u00e9matique bien pr\u00e9cise&nbsp;comme la <strong>sant\u00e9 mentale <\/strong>ou<strong> le revenu de base, le nucl\u00e9aire, le cancer du sein <\/strong>ou encore<strong> les biblioth\u00e8ques<\/strong>. <br>\u00c0 chaque fois, ce sont des cyclistes motiv\u00e9.e.s, concern\u00e9.e.s et avec beaucoup d\u2019enthousiasme qui vont de rencontre en rencontre, enfilent des kilom\u00e8tres tout en profitant des territoires travers\u00e9s.<br><\/p>\n\n\n\n<h4 class=\"wp-block-heading\">Briser les tabous sur la maladie psychique<\/h4>\n\n\n\n<p>L\u2019Unafam (Union nationale de familles et amis de personnes malades et\/ou handicap\u00e9es psychiques) a cr\u00e9\u00e9 une rando v\u00e9lo, la<em><strong> <\/strong><a href=\"https:\/\/www.unafam.org\/actualites\/psycyclette-2019-pari-tenu\" target=\"_blank\" rel=\"noreferrer noopener\" aria-label=\" (s\u2019ouvre dans un nouvel onglet)\"><strong>Psycyclette<\/strong><\/a> <\/em>qui s\u2019est d\u00e9roul\u00e9e pendant une dizaine de jours au mois de juin 2019 pour sa 6\u00e8me \u00e9dition. Ce ne sont pas moins de 150 psycyclistes, des personnes vivant avec des troubles psychiques, des soignants, des b\u00e9n\u00e9voles et des cyclotouristes avertis qui ont enfourch\u00e9 leur b\u00e9cane sur trois parcours.<br>Les participant.e.s roulent pour<strong> faire \u00e9voluer les consciences par rapport \u00e0 la maladie mentale<\/strong>, d\u00e9mystifier le handicap. Cette aventure collective rompt l\u2019isolement de certain.e.s, pr\u00e9sente un aspect pr\u00e9ventif, leur permet de se reconstruire.&nbsp;<br>Accueil festif, animations, repas conviviaux attendent les cyclistes \u00e0 chaque ville-\u00e9tape.<\/p>\n\n\n\n<h4 class=\"wp-block-heading\">P\u00e9daler pour le revenu de base<\/h4>\n\n\n\n<p>R\u00e9cemment apparu,<strong> <\/strong>le<strong> <\/strong><a href=\"https:\/\/www.revenudebase.info\/evenement\/le-tour-de-base\/\" target=\"_blank\" rel=\"noreferrer noopener\" aria-label=\" (s\u2019ouvre dans un nouvel onglet)\"><strong><em>Tour de Base<\/em><\/strong><\/a> a pour destination&nbsp;Les Estivales du Revenu de Base, organis\u00e9es par le&nbsp;MFRB (Mouvement fran\u00e7ais pour un revenu de base).&nbsp;<br>Pour sa 3\u00e8me \u00e9dition, il a joint Niort \u00e0 P\u00e9rigueux en 2 semaines au mois d\u2019ao\u00fbt 2019, pour le plaisir de la d\u00e9couverte des r\u00e9gions travers\u00e9es bien s\u00fbr mais aussi pour prendre la temp\u00e9rature aupr\u00e8s des Fran\u00e7ais.e.s sur l\u2019id\u00e9e d\u2019un revenu de base et en faire avancer l\u2019id\u00e9e dans les consciences\u2026 pour tout simplement <strong>faire \u00e9merger une soci\u00e9t\u00e9 plus juste<\/strong>.<br>Pour pr\u00e9parer au mieux ces rencontres et \u00e9changes dans l\u2019espace public, le&nbsp;Tour de Base s\u2019est \u00e9quip\u00e9 d\u2019une installation mobile permettant de retracer l\u2019histoire du revenu de base ainsi que les diff\u00e9rentes exp\u00e9rimentations qui ont eu cours \u00e0 travers le monde. Th\u00e9\u00e2tre et musique de rue seront en plus au programme cet \u00e9t\u00e9 pour animer leur parcours dans le Nord.<br>C\u2019est aussi <strong>une aventure collective<\/strong> avec cercle de paroles en soir\u00e9e.&nbsp;<\/p>\n\n\n\n<h4 class=\"wp-block-heading\">Les&nbsp;Bure Haleurs, on les conna\u00eet \u00e0 l&rsquo;AlterTour.<\/h4>\n\n\n\n<p>On les a entre autre crois\u00e9s en chemin et en chansons, en 2018, lors des journ\u00e9es organis\u00e9es contre le projet de poubelle nucl\u00e9aire \u00e0 Bure.<\/p>\n\n\n\n<figure class=\"wp-block-image size-large\"><img loading=\"lazy\" decoding=\"async\" width=\"960\" height=\"522\" src=\"http:\/\/www.altercampagne.net\/wp-content\/uploads\/2020\/03\/Tdest-bure-5-3.jpeg\" alt=\"\" class=\"wp-image-17860\" srcset=\"https:\/\/www.altercampagne.net\/wp-content\/uploads\/2020\/03\/Tdest-bure-5-3.jpeg 960w, https:\/\/www.altercampagne.net\/wp-content\/uploads\/2020\/03\/Tdest-bure-5-3-300x163.jpeg 300w, https:\/\/www.altercampagne.net\/wp-content\/uploads\/2020\/03\/Tdest-bure-5-3-768x418.jpeg 768w, https:\/\/www.altercampagne.net\/wp-content\/uploads\/2020\/03\/Tdest-bure-5-3-610x332.jpeg 610w, https:\/\/www.altercampagne.net\/wp-content\/uploads\/2020\/03\/Tdest-bure-5-3-100x54.jpeg 100w, https:\/\/www.altercampagne.net\/wp-content\/uploads\/2020\/03\/Tdest-bure-5-3-862x469.jpeg 862w\" sizes=\"auto, (max-width: 960px) 100vw, 960px\" \/><\/figure>\n\n\n\n<p><a rel=\"noreferrer noopener\" aria-label=\" (s\u2019ouvre dans un nouvel onglet)\" href=\"https:\/\/lehalagedudebat.wordpress.com\/2019\/06\/21\/7eme-halage-du-debat\/?fbclid=IwAR1uT1pH_YQGka_VpA2EZtdlrDYirOGKnpyfRjLwHMsnqnCtei-uAlpSBKQ\" target=\"_blank\"><strong><em>Les&nbsp;Bure Haleurs<\/em><\/strong><\/a> ont emmen\u00e9 un convoi d\u2019une trentaine de cyclistes l\u2019\u00e9t\u00e9 pass\u00e9, lors de la 7\u00e8me \u00e9dition du&nbsp;Halage du D\u00e9bat&nbsp;de Tr\u00e8ves \u00e0 Bure, le long de la Moselle, pendant une semaine en juillet.&nbsp;<br><strong>Instruments de musique, sono solaire, v\u00e9l\u00e9ctricyclettes, b\u00e9canes customis\u00e9es \u00e0 souhait font partie du voyage<\/strong>. Leur parcours a \u00e9t\u00e9 rythm\u00e9 par des concerts, des animations, des rencontres avec les habitants des villes et villages travers\u00e9s, les \u00e9lus locaux, \u2026 ainsi que les RG et la police.&nbsp;<br>C\u2019est leur moyen d\u2019informer, de <strong>mobiliser autour des risques inh\u00e9rents aux traitements et \u00e0 l\u2019enfouissement des d\u00e9chets radioactifs<\/strong> de l\u2019industrie nucl\u00e9aire fran\u00e7aise.<br>Itin\u00e9raire qui s\u2019est, comme il se doit, termin\u00e9 devant les grilles de l\u2019Andra&nbsp;!<\/p>\n\n\n\n<h4 class=\"wp-block-heading\"><strong>L\u2019aventure \u00c0 la mer \u00e0 v\u00e9lo<\/strong><\/h4>\n\n\n\n<p>L\u2019association 4S (Sport Sant\u00e9 Solidarit\u00e9 Savoie de Chamb\u00e9ry) a organis\u00e9 en 2019 la 5\u00e8me \u00e9dition de leur <a href=\"https:\/\/association4s.org\/velo-2\/\" target=\"_blank\" rel=\"noreferrer noopener\" aria-label=\" (s\u2019ouvre dans un nouvel onglet)\"><strong>tour \u00e0 v\u00e9lo<\/strong><\/a>, menant <strong>une quarantaine de femmes atteintes d\u2019un cancer <\/strong>f\u00e9minin de Chamb\u00e9ry \u00e0 Venise.&nbsp;<br>Les activit\u00e9s de cette asso sont bas\u00e9es sur ce constat&nbsp;: <strong>la pratique d\u2019une activit\u00e9 physique quotidienne diminue consid\u00e9rablement les risques de r\u00e9cidive de la maladie<\/strong>. Son objectif est donc de permettre aux femmes de r\u00e9-apprivoiser leur corps pendant ou apr\u00e8s les traitements, en les impliquant dans un projet collectif \u00e0 long terme afin de les <strong>sortir de l\u2019isolement<\/strong>.<br>En mettant en selle des femmes ni particuli\u00e8rement sportives ni cyclistes, ce groupe porte, booste des participantes qui se d\u00e9couvrent sous de nouveaux aspects, envisagent un nouveau d\u00e9part, gagnent en autonomie, font <strong>changer le regard de leurs proches sur elles<\/strong>.<br>Leur odyss\u00e9e a \u00e9t\u00e9 talentueusement observ\u00e9e par la cam\u00e9ra de Lucia Palenzuela (Oui, oui, celle-l\u00e0 m\u00eame qui nous a aussi film\u00e9 cet \u00e9t\u00e9 et nous survolait avec son drone) qui a r\u00e9alis\u00e9 le <a href=\"https:\/\/www.facebook.com\/battantesfilm\/\" target=\"_blank\" rel=\"noreferrer noopener\" aria-label=\" (s\u2019ouvre dans un nouvel onglet)\"><strong>film&nbsp;Battantes<\/strong><\/a> \u00e0 leur sujet&nbsp;.<\/p>\n\n\n\n<figure class=\"wp-block-image size-large is-resized\"><img loading=\"lazy\" decoding=\"async\" src=\"http:\/\/www.altercampagne.net\/wp-content\/uploads\/2020\/03\/Tdest-a-la-mer3.jpg\" alt=\"\" class=\"wp-image-17572\" width=\"654\" height=\"266\" srcset=\"https:\/\/www.altercampagne.net\/wp-content\/uploads\/2020\/03\/Tdest-a-la-mer3.jpg 980w, https:\/\/www.altercampagne.net\/wp-content\/uploads\/2020\/03\/Tdest-a-la-mer3-300x122.jpg 300w, https:\/\/www.altercampagne.net\/wp-content\/uploads\/2020\/03\/Tdest-a-la-mer3-768x313.jpg 768w, https:\/\/www.altercampagne.net\/wp-content\/uploads\/2020\/03\/Tdest-a-la-mer3-610x249.jpg 610w, https:\/\/www.altercampagne.net\/wp-content\/uploads\/2020\/03\/Tdest-a-la-mer3-100x41.jpg 100w, https:\/\/www.altercampagne.net\/wp-content\/uploads\/2020\/03\/Tdest-a-la-mer3-862x352.jpg 862w\" sizes=\"auto, (max-width: 654px) 100vw, 654px\" \/><figcaption>(cr\u00e9dit photo : Lucia Palenzuela)<\/figcaption><\/figure>\n\n\n\n<h4 class=\"wp-block-heading\"><strong>La v\u00e9lorution des biblioth\u00e8ques<\/strong><\/h4>\n\n\n\n<p>La 6 \u00e8me \u00e9dition d\u2019<a href=\"http:\/\/www.cyclingforlibraries.org\/cyclobiblio\/hapar-2019\/\" target=\"_blank\" rel=\"noreferrer noopener\" aria-label=\" (s\u2019ouvre dans un nouvel onglet)\"><strong><em>HaPar<\/em><\/strong><\/a>, branche francophone de <a href=\"http:\/\/www.altercampagne.net\/?p=15919\" target=\"_blank\" rel=\"noreferrer noopener\" aria-label=\" (s\u2019ouvre dans un nouvel onglet)\">Cycling for Libraries<\/a>, a reli\u00e9 Le Havre \u00e0 Paris pendant la premi\u00e8re semaine de juin 2019 et a rassembl\u00e9 plus de 50 cyclistes biblioth\u00e9caires ou fans de biblioth\u00e8ques de toute nationalit\u00e9.<br>Ces cycloth\u00e9caires de l\u2019association <a href=\"https:\/\/www.facebook.com\/cyclobib\/\" target=\"_blank\" rel=\"noreferrer noopener\" aria-label=\" (s\u2019ouvre dans un nouvel onglet)\">Cyclo-biblio<\/a> <strong>interpellent les d\u00e9cideurs politiques<\/strong>, visitent les biblioth\u00e8ques (universitaires, municipales, m\u00e9diath\u00e8ques), \u00e9changent avec leurs coll\u00e8gues, <strong>s\u2019adressent aussi aux citoyens\/passants<\/strong> et en particulier aux personnes qui n\u2019ont pas l\u2019habitude de fr\u00e9quenter les biblioth\u00e8ques afin de les inciter \u00e0 d\u00e9couvrir ces lieux d\u2019acc\u00e8s \u00e0 l\u2019information et \u00e0 l\u2019internet, <strong>pour que les biblioth\u00e8ques soient parties prenantes de la soci\u00e9t\u00e9<\/strong>, soient des lieux qui proposent des espaces accueillants, assurent la libert\u00e9 d\u2019expression, permettent de trouver et d\u2019interroger l\u2019information mais aussi de d\u00e9couvrir l\u2019inattendu, de stimuler l\u2019esprit critique mais aussi d\u2019\u00e9veiller les sens et l\u2019imaginaire et o\u00f9 l\u2019on puisse se former au num\u00e9rique.<br>Prochaine \u00e9dition dans les Flandres fran\u00e7aises et belges.<\/p>\n\n\n\n<figure class=\"wp-block-image size-large is-resized\"><img loading=\"lazy\" decoding=\"async\" src=\"http:\/\/www.altercampagne.net\/wp-content\/uploads\/2020\/03\/Tdest-cyclo2-1024x682.jpeg\" alt=\"\" class=\"wp-image-17673\" width=\"654\" height=\"436\" srcset=\"https:\/\/www.altercampagne.net\/wp-content\/uploads\/2020\/03\/Tdest-cyclo2-1024x682.jpeg 1024w, https:\/\/www.altercampagne.net\/wp-content\/uploads\/2020\/03\/Tdest-cyclo2-300x200.jpeg 300w, https:\/\/www.altercampagne.net\/wp-content\/uploads\/2020\/03\/Tdest-cyclo2-768x511.jpeg 768w, https:\/\/www.altercampagne.net\/wp-content\/uploads\/2020\/03\/Tdest-cyclo2-1536x1022.jpeg 1536w, https:\/\/www.altercampagne.net\/wp-content\/uploads\/2020\/03\/Tdest-cyclo2-610x406.jpeg 610w, https:\/\/www.altercampagne.net\/wp-content\/uploads\/2020\/03\/Tdest-cyclo2-100x67.jpeg 100w, https:\/\/www.altercampagne.net\/wp-content\/uploads\/2020\/03\/Tdest-cyclo2-862x574.jpeg 862w, https:\/\/www.altercampagne.net\/wp-content\/uploads\/2020\/03\/Tdest-cyclo2-1140x759.jpeg 1140w, https:\/\/www.altercampagne.net\/wp-content\/uploads\/2020\/03\/Tdest-cyclo2.jpeg 1600w\" sizes=\"auto, (max-width: 654px) 100vw, 654px\" \/><\/figure>\n\n\n\n<h4 class=\"wp-block-heading\">Que sont-ils devenus&nbsp;? <\/h4>\n\n\n\n<p>Les tours d&rsquo;une fois ou de plusieurs dont on n&rsquo;a plus de nouvelles.<\/p>\n\n\n\n<p>Le mouvement Cycling for libraries a aussi donn\u00e9 naissance en 2017 \u00e0 un <a href=\"http:\/\/c4lbelgium.weebly.com\" target=\"_blank\" rel=\"noreferrer noopener\" aria-label=\" (s\u2019ouvre dans un nouvel onglet)\"><strong>Cycling for libraires Belgium<\/strong><\/a>. Depuis, plus de nouvelles.&nbsp;<\/p>\n\n\n\n<p>Il existe aussi un groupe roumain, <a href=\"https:\/\/www.facebook.com\/groups\/cicliobiblio2017\/\" target=\"_blank\" rel=\"noreferrer noopener\" aria-label=\" (s\u2019ouvre dans un nouvel onglet)\"><strong>CicloBiblio Romania<\/strong><\/a>&nbsp;qui a organis\u00e9 un tour en 2017 et 2018.<\/p>\n\n\n\n<p><a href=\"https:\/\/www.facebook.com\/terredancrages\/\" target=\"_blank\" rel=\"noreferrer noopener\" aria-label=\" (s\u2019ouvre dans un nouvel onglet)\"><strong>La<\/strong> <strong>Caravane<\/strong><\/a>&nbsp;de l\u2019association Terre d\u2019Ancrages a reli\u00e9 Lyon \u00e0 Paris en 2017. B\u00e9n\u00e9voles et r\u00e9fugi\u00e9s ont roul\u00e9 ensemble pour valoriser les initiatives d\u2019accueil pour r\u00e9fugi\u00e9s sur le territoire, pour finir \u00e0 l\u2019assembl\u00e9e nationale et faire valoir les droits de personnes demandeuses d\u2019asile.<\/p>\n\n\n\n<p>Le projet d\u2019une liaison ferroviaire \u00e0 grande vitesse reliant la fronti\u00e8re fran\u00e7aise avec les trois principales villes du pays basque sud (Bilbao, Saint-S\u00e9bastien et Victoria-Gasteiz) est rejet\u00e9 par une partie des habitants, rassembl\u00e9s sous le non <a href=\"https:\/\/twitter.com\/ahtgelditu\" target=\"_blank\" rel=\"noreferrer noopener\" aria-label=\" (s\u2019ouvre dans un nouvel onglet)\"><strong>AHT Gelditu<\/strong><\/a>. Des tours \u00e0 v\u00e9lo ont d\u00e9j\u00e0 \u00e9t\u00e9 organis\u00e9s pour s\u2019y opposer dont l\u2019<a href=\"https:\/\/noaltavahtgelditu.blogspot.com\/search?q=bizi+martxa\" target=\"_blank\" rel=\"noreferrer noopener\" aria-label=\" (s\u2019ouvre dans un nouvel onglet)\"><strong>Ahtaren Aurkako Bizilketa Martxa<\/strong><\/a> en 2018.<\/p>\n\n\n\n<p>A presto, laster arte, ne vedem cur\u00e2nd, \u2026 \u00e0 bient\u00f4t, on se reparle pour le 3\u00e8me article du Tour des Tours.<\/p>\n\n\n\n<p>Lire l&rsquo;article <strong><a href=\"https:\/\/www.altercampagne.net\/?p=15919\">Tour des Tours #1<\/a><\/strong><\/p>\n","protected":false},"excerpt":{"rendered":"<p>Ici, en poursuivant ce panorama des tours engag\u00e9s, on pr\u00e9sente quelques tours \u00e0 v\u00e9lo, principalement de France, qui mettent le focus sur une th\u00e9matique bien pr\u00e9cise : la sant\u00e9 mentale, le revenu de base, le nucl\u00e9aire, le cancer du sein, les biblioth\u00e8ques. A chaque fois, ce sont des cyclistes, motiv\u00e9.e.s, concern\u00e9.e.s par la th\u00e9matique &#8230;<\/p>\n","protected":false},"author":178,"featured_media":17582,"comment_status":"closed","ping_status":"closed","sticky":false,"template":"","format":"standard","meta":{"footnotes":""},"categories":[3932],"tags":[542,3572,3573,4135,4136,4137,4140,4141],"class_list":["post-17237","post","type-post","status-publish","format-standard","has-post-thumbnail","hentry","category-velo","tag-cyclo-biblio","tag-terre-dancrages","tag-psycyclette","tag-le-tour-de-base","tag-le-halage-du-debat","tag-a-la-mer-a-velo","tag-la-caravane","tag-htaren-aurkako-bizilketa-martxa"],"yoast_head":"<!-- This site is optimized with the Yoast SEO plugin v27.3 - https:\/\/yoast.com\/product\/yoast-seo-wordpress\/ -->\n<title>Le Tour des Tours #2 - AlterTour<\/title>\n<meta name=\"robots\" content=\"index, follow, max-snippet:-1, max-image-preview:large, max-video-preview:-1\" \/>\n<link rel=\"canonical\" href=\"https:\/\/www.altercampagne.net\/?p=17237\" \/>\n<meta property=\"og:locale\" content=\"fr_FR\" \/>\n<meta property=\"og:type\" content=\"article\" \/>\n<meta property=\"og:title\" content=\"Le Tour des Tours #2 - AlterTour\" \/>\n<meta property=\"og:description\" content=\"Ici, en poursuivant ce panorama des tours engag\u00e9s, on pr\u00e9sente quelques tours \u00e0 v\u00e9lo, principalement de France, qui mettent le focus sur une th\u00e9matique bien pr\u00e9cise : la sant\u00e9 mentale, le revenu de base, le nucl\u00e9aire, le cancer du sein, les biblioth\u00e8ques. A chaque fois, ce sont des cyclistes, motiv\u00e9.e.s, concern\u00e9.e.s par la th\u00e9matique ...\" \/>\n<meta property=\"og:url\" content=\"https:\/\/www.altercampagne.net\/?p=17237\" \/>\n<meta property=\"og:site_name\" content=\"AlterTour\" \/>\n<meta property=\"article:published_time\" content=\"2020-03-02T15:16:11+00:00\" \/>\n<meta property=\"article:modified_time\" content=\"2020-11-19T09:28:44+00:00\" \/>\n<meta property=\"og:image\" content=\"https:\/\/www.altercampagne.net\/wp-content\/uploads\/2020\/03\/Tdest-tourdebase3.jpg\" \/>\n\t<meta property=\"og:image:width\" content=\"960\" \/>\n\t<meta property=\"og:image:height\" content=\"502\" \/>\n\t<meta property=\"og:image:type\" content=\"image\/jpeg\" \/>\n<meta name=\"author\" content=\"Dominique M\" \/>\n<meta name=\"twitter:card\" content=\"summary_large_image\" \/>\n<meta name=\"twitter:label1\" content=\"\u00c9crit par\" \/>\n\t<meta name=\"twitter:data1\" content=\"Dominique M\" \/>\n\t<meta name=\"twitter:label2\" content=\"Dur\u00e9e de lecture estim\u00e9e\" \/>\n\t<meta name=\"twitter:data2\" content=\"6 minutes\" \/>\n<script type=\"application\/ld+json\" class=\"yoast-schema-graph\">{\"@context\":\"https:\\\/\\\/schema.org\",\"@graph\":[{\"@type\":\"Article\",\"@id\":\"https:\\\/\\\/www.altercampagne.net\\\/?p=17237#article\",\"isPartOf\":{\"@id\":\"https:\\\/\\\/www.altercampagne.net\\\/?p=17237\"},\"author\":{\"name\":\"Dominique M\",\"@id\":\"https:\\\/\\\/www.altercampagne.net\\\/#\\\/schema\\\/person\\\/e48dab7c07a339fab9ba06f93515f6b8\"},\"headline\":\"Le Tour des Tours #2\",\"datePublished\":\"2020-03-02T15:16:11+00:00\",\"dateModified\":\"2020-11-19T09:28:44+00:00\",\"mainEntityOfPage\":{\"@id\":\"https:\\\/\\\/www.altercampagne.net\\\/?p=17237\"},\"wordCount\":1179,\"image\":{\"@id\":\"https:\\\/\\\/www.altercampagne.net\\\/?p=17237#primaryimage\"},\"thumbnailUrl\":\"https:\\\/\\\/www.altercampagne.net\\\/wp-content\\\/uploads\\\/2020\\\/03\\\/Tdest-tourdebase3.jpg\",\"keywords\":[\"cyclo biblio\",\"Terre d'Ancrages\",\"Psycyclette\",\"Le Tour de Base\",\"Le Halage du D\u00e9bat\",\"A la mer \u00e0 v\u00e9lo\",\"la caravane\",\"htaren Aurkako Bizilketa Martxa\"],\"articleSection\":[\"V\u00e9lo\"],\"inLanguage\":\"fr-FR\"},{\"@type\":\"WebPage\",\"@id\":\"https:\\\/\\\/www.altercampagne.net\\\/?p=17237\",\"url\":\"https:\\\/\\\/www.altercampagne.net\\\/?p=17237\",\"name\":\"Le Tour des Tours #2 - AlterTour\",\"isPartOf\":{\"@id\":\"https:\\\/\\\/www.altercampagne.net\\\/#website\"},\"primaryImageOfPage\":{\"@id\":\"https:\\\/\\\/www.altercampagne.net\\\/?p=17237#primaryimage\"},\"image\":{\"@id\":\"https:\\\/\\\/www.altercampagne.net\\\/?p=17237#primaryimage\"},\"thumbnailUrl\":\"https:\\\/\\\/www.altercampagne.net\\\/wp-content\\\/uploads\\\/2020\\\/03\\\/Tdest-tourdebase3.jpg\",\"datePublished\":\"2020-03-02T15:16:11+00:00\",\"dateModified\":\"2020-11-19T09:28:44+00:00\",\"author\":{\"@id\":\"https:\\\/\\\/www.altercampagne.net\\\/#\\\/schema\\\/person\\\/e48dab7c07a339fab9ba06f93515f6b8\"},\"breadcrumb\":{\"@id\":\"https:\\\/\\\/www.altercampagne.net\\\/?p=17237#breadcrumb\"},\"inLanguage\":\"fr-FR\",\"potentialAction\":[{\"@type\":\"ReadAction\",\"target\":[\"https:\\\/\\\/www.altercampagne.net\\\/?p=17237\"]}]},{\"@type\":\"ImageObject\",\"inLanguage\":\"fr-FR\",\"@id\":\"https:\\\/\\\/www.altercampagne.net\\\/?p=17237#primaryimage\",\"url\":\"https:\\\/\\\/www.altercampagne.net\\\/wp-content\\\/uploads\\\/2020\\\/03\\\/Tdest-tourdebase3.jpg\",\"contentUrl\":\"https:\\\/\\\/www.altercampagne.net\\\/wp-content\\\/uploads\\\/2020\\\/03\\\/Tdest-tourdebase3.jpg\",\"width\":960,\"height\":502},{\"@type\":\"BreadcrumbList\",\"@id\":\"https:\\\/\\\/www.altercampagne.net\\\/?p=17237#breadcrumb\",\"itemListElement\":[{\"@type\":\"ListItem\",\"position\":1,\"name\":\"Accueil\",\"item\":\"https:\\\/\\\/www.altercampagne.net\\\/\"},{\"@type\":\"ListItem\",\"position\":2,\"name\":\"Le Tour des Tours #2\"}]},{\"@type\":\"WebSite\",\"@id\":\"https:\\\/\\\/www.altercampagne.net\\\/#website\",\"url\":\"https:\\\/\\\/www.altercampagne.net\\\/\",\"name\":\"AlterTour\",\"description\":\"Reliez les Alternatives \u00e0 v\u00e9lo\",\"potentialAction\":[{\"@type\":\"SearchAction\",\"target\":{\"@type\":\"EntryPoint\",\"urlTemplate\":\"https:\\\/\\\/www.altercampagne.net\\\/?s={search_term_string}\"},\"query-input\":{\"@type\":\"PropertyValueSpecification\",\"valueRequired\":true,\"valueName\":\"search_term_string\"}}],\"inLanguage\":\"fr-FR\"},{\"@type\":\"Person\",\"@id\":\"https:\\\/\\\/www.altercampagne.net\\\/#\\\/schema\\\/person\\\/e48dab7c07a339fab9ba06f93515f6b8\",\"name\":\"Dominique M\",\"image\":{\"@type\":\"ImageObject\",\"inLanguage\":\"fr-FR\",\"@id\":\"https:\\\/\\\/secure.gravatar.com\\\/avatar\\\/092c57fdc9f39c44abbde0d4097df6625bc4f493de36df80b8a4c0cd8764a2c0?s=96&d=mm&r=g\",\"url\":\"https:\\\/\\\/secure.gravatar.com\\\/avatar\\\/092c57fdc9f39c44abbde0d4097df6625bc4f493de36df80b8a4c0cd8764a2c0?s=96&d=mm&r=g\",\"contentUrl\":\"https:\\\/\\\/secure.gravatar.com\\\/avatar\\\/092c57fdc9f39c44abbde0d4097df6625bc4f493de36df80b8a4c0cd8764a2c0?s=96&d=mm&r=g\",\"caption\":\"Dominique M\"},\"url\":\"https:\\\/\\\/www.altercampagne.net\\\/?author=178\"}]}<\/script>\n<!-- \/ Yoast SEO plugin. -->","yoast_head_json":{"title":"Le Tour des Tours #2 - AlterTour","robots":{"index":"index","follow":"follow","max-snippet":"max-snippet:-1","max-image-preview":"max-image-preview:large","max-video-preview":"max-video-preview:-1"},"canonical":"https:\/\/www.altercampagne.net\/?p=17237","og_locale":"fr_FR","og_type":"article","og_title":"Le Tour des Tours #2 - AlterTour","og_description":"Ici, en poursuivant ce panorama des tours engag\u00e9s, on pr\u00e9sente quelques tours \u00e0 v\u00e9lo, principalement de France, qui mettent le focus sur une th\u00e9matique bien pr\u00e9cise : la sant\u00e9 mentale, le revenu de base, le nucl\u00e9aire, le cancer du sein, les biblioth\u00e8ques. A chaque fois, ce sont des cyclistes, motiv\u00e9.e.s, concern\u00e9.e.s par la th\u00e9matique ...","og_url":"https:\/\/www.altercampagne.net\/?p=17237","og_site_name":"AlterTour","article_published_time":"2020-03-02T15:16:11+00:00","article_modified_time":"2020-11-19T09:28:44+00:00","og_image":[{"width":960,"height":502,"url":"https:\/\/www.altercampagne.net\/wp-content\/uploads\/2020\/03\/Tdest-tourdebase3.jpg","type":"image\/jpeg"}],"author":"Dominique M","twitter_card":"summary_large_image","twitter_misc":{"\u00c9crit par":"Dominique M","Dur\u00e9e de lecture estim\u00e9e":"6 minutes"},"schema":{"@context":"https:\/\/schema.org","@graph":[{"@type":"Article","@id":"https:\/\/www.altercampagne.net\/?p=17237#article","isPartOf":{"@id":"https:\/\/www.altercampagne.net\/?p=17237"},"author":{"name":"Dominique M","@id":"https:\/\/www.altercampagne.net\/#\/schema\/person\/e48dab7c07a339fab9ba06f93515f6b8"},"headline":"Le Tour des Tours #2","datePublished":"2020-03-02T15:16:11+00:00","dateModified":"2020-11-19T09:28:44+00:00","mainEntityOfPage":{"@id":"https:\/\/www.altercampagne.net\/?p=17237"},"wordCount":1179,"image":{"@id":"https:\/\/www.altercampagne.net\/?p=17237#primaryimage"},"thumbnailUrl":"https:\/\/www.altercampagne.net\/wp-content\/uploads\/2020\/03\/Tdest-tourdebase3.jpg","keywords":["cyclo biblio","Terre d'Ancrages","Psycyclette","Le Tour de Base","Le Halage du D\u00e9bat","A la mer \u00e0 v\u00e9lo","la caravane","htaren Aurkako Bizilketa Martxa"],"articleSection":["V\u00e9lo"],"inLanguage":"fr-FR"},{"@type":"WebPage","@id":"https:\/\/www.altercampagne.net\/?p=17237","url":"https:\/\/www.altercampagne.net\/?p=17237","name":"Le Tour des Tours #2 - AlterTour","isPartOf":{"@id":"https:\/\/www.altercampagne.net\/#website"},"primaryImageOfPage":{"@id":"https:\/\/www.altercampagne.net\/?p=17237#primaryimage"},"image":{"@id":"https:\/\/www.altercampagne.net\/?p=17237#primaryimage"},"thumbnailUrl":"https:\/\/www.altercampagne.net\/wp-content\/uploads\/2020\/03\/Tdest-tourdebase3.jpg","datePublished":"2020-03-02T15:16:11+00:00","dateModified":"2020-11-19T09:28:44+00:00","author":{"@id":"https:\/\/www.altercampagne.net\/#\/schema\/person\/e48dab7c07a339fab9ba06f93515f6b8"},"breadcrumb":{"@id":"https:\/\/www.altercampagne.net\/?p=17237#breadcrumb"},"inLanguage":"fr-FR","potentialAction":[{"@type":"ReadAction","target":["https:\/\/www.altercampagne.net\/?p=17237"]}]},{"@type":"ImageObject","inLanguage":"fr-FR","@id":"https:\/\/www.altercampagne.net\/?p=17237#primaryimage","url":"https:\/\/www.altercampagne.net\/wp-content\/uploads\/2020\/03\/Tdest-tourdebase3.jpg","contentUrl":"https:\/\/www.altercampagne.net\/wp-content\/uploads\/2020\/03\/Tdest-tourdebase3.jpg","width":960,"height":502},{"@type":"BreadcrumbList","@id":"https:\/\/www.altercampagne.net\/?p=17237#breadcrumb","itemListElement":[{"@type":"ListItem","position":1,"name":"Accueil","item":"https:\/\/www.altercampagne.net\/"},{"@type":"ListItem","position":2,"name":"Le Tour des Tours #2"}]},{"@type":"WebSite","@id":"https:\/\/www.altercampagne.net\/#website","url":"https:\/\/www.altercampagne.net\/","name":"AlterTour","description":"Reliez les Alternatives \u00e0 v\u00e9lo","potentialAction":[{"@type":"SearchAction","target":{"@type":"EntryPoint","urlTemplate":"https:\/\/www.altercampagne.net\/?s={search_term_string}"},"query-input":{"@type":"PropertyValueSpecification","valueRequired":true,"valueName":"search_term_string"}}],"inLanguage":"fr-FR"},{"@type":"Person","@id":"https:\/\/www.altercampagne.net\/#\/schema\/person\/e48dab7c07a339fab9ba06f93515f6b8","name":"Dominique M","image":{"@type":"ImageObject","inLanguage":"fr-FR","@id":"https:\/\/secure.gravatar.com\/avatar\/092c57fdc9f39c44abbde0d4097df6625bc4f493de36df80b8a4c0cd8764a2c0?s=96&d=mm&r=g","url":"https:\/\/secure.gravatar.com\/avatar\/092c57fdc9f39c44abbde0d4097df6625bc4f493de36df80b8a4c0cd8764a2c0?s=96&d=mm&r=g","contentUrl":"https:\/\/secure.gravatar.com\/avatar\/092c57fdc9f39c44abbde0d4097df6625bc4f493de36df80b8a4c0cd8764a2c0?s=96&d=mm&r=g","caption":"Dominique M"},"url":"https:\/\/www.altercampagne.net\/?author=178"}]}},"_links":{"self":[{"href":"https:\/\/www.altercampagne.net\/index.php?rest_route=\/wp\/v2\/posts\/17237","targetHints":{"allow":["GET"]}}],"collection":[{"href":"https:\/\/www.altercampagne.net\/index.php?rest_route=\/wp\/v2\/posts"}],"about":[{"href":"https:\/\/www.altercampagne.net\/index.php?rest_route=\/wp\/v2\/types\/post"}],"author":[{"embeddable":true,"href":"https:\/\/www.altercampagne.net\/index.php?rest_route=\/wp\/v2\/users\/178"}],"replies":[{"embeddable":true,"href":"https:\/\/www.altercampagne.net\/index.php?rest_route=%2Fwp%2Fv2%2Fcomments&post=17237"}],"version-history":[{"count":52,"href":"https:\/\/www.altercampagne.net\/index.php?rest_route=\/wp\/v2\/posts\/17237\/revisions"}],"predecessor-version":[{"id":20076,"href":"https:\/\/www.altercampagne.net\/index.php?rest_route=\/wp\/v2\/posts\/17237\/revisions\/20076"}],"wp:featuredmedia":[{"embeddable":true,"href":"https:\/\/www.altercampagne.net\/index.php?rest_route=\/wp\/v2\/media\/17582"}],"wp:attachment":[{"href":"https:\/\/www.altercampagne.net\/index.php?rest_route=%2Fwp%2Fv2%2Fmedia&parent=17237"}],"wp:term":[{"taxonomy":"category","embeddable":true,"href":"https:\/\/www.altercampagne.net\/index.php?rest_route=%2Fwp%2Fv2%2Fcategories&post=17237"},{"taxonomy":"post_tag","embeddable":true,"href":"https:\/\/www.altercampagne.net\/index.php?rest_route=%2Fwp%2Fv2%2Ftags&post=17237"}],"curies":[{"name":"wp","href":"https:\/\/api.w.org\/{rel}","templated":true}]}}