{"id":17386,"date":"2020-02-24T17:15:09","date_gmt":"2020-02-24T16:15:09","guid":{"rendered":"http:\/\/www.altercampagne.net\/?p=17386"},"modified":"2020-03-12T20:39:52","modified_gmt":"2020-03-12T19:39:52","slug":"17386","status":"publish","type":"post","link":"https:\/\/www.altercampagne.net\/?p=17386","title":{"rendered":"Pontoise enjointe \u00e0 respecter la signalisation des double sens cyclables"},"content":{"rendered":"\n<div class=\"wp-block-image\"><figure class=\"alignright size-large is-resized\"><img loading=\"lazy\" decoding=\"async\" src=\"http:\/\/www.altercampagne.net\/wp-content\/uploads\/2020\/02\/logoayv.bmp\" alt=\"\" class=\"wp-image-17394\" width=\"133\" height=\"169\" srcset=\"https:\/\/www.altercampagne.net\/wp-content\/uploads\/2020\/02\/logoayv.bmp 339w, https:\/\/www.altercampagne.net\/wp-content\/uploads\/2020\/02\/logoayv-237x300.jpg 237w, https:\/\/www.altercampagne.net\/wp-content\/uploads\/2020\/02\/logoayv-100x127.jpg 100w\" sizes=\"auto, (max-width: 133px) 100vw, 133px\" \/><\/figure><\/div>\n\n\n\n<p>L&rsquo;association Allez-y \u00e0 v\u00e9lo &nbsp;avait d\u00e9pos\u00e9 un recours au tribunal administratif de Cergy-Pontoise contre la ville de Pontoise au sujet des double-sens cyclables. <\/p>\n\n\n\n<p>Le recours &nbsp;avait \u00e9t\u00e9 d\u00e9pos\u00e9 en juillet 2017 &nbsp;et le verdict a \u00e9t\u00e9 rendu le 6 f\u00e9vrier 2020. L&rsquo;association reprochait \u00e0 la ville de ne pas appliquer les dispositions du d\u00e9cret du 2 juillet 2015 relatives au double sens cyclable. Ce d\u00e9cret fait <strong>obligation aux maires de mettre en place des doubles sens cyclables dans les rues \u00e0 sens unique dont la vitesse maximale autoris\u00e9e est \u00e9gale ou inf\u00e9rieure \u00e0 30 km\/h<\/strong>. Or \u00e0 Pontoise, aucune des rues concern\u00e9es&nbsp; ne comporte la signalisation n\u00e9cessaire \u00e0 l&rsquo;application de ce d\u00e9cret en toute s\u00e9curit\u00e9. Cette signalisation peut \u00eatre verticale (apposition de la mention \u00ab\u00a0sauf v\u00e9lo\u00a0\u00bb sous les panneaux de sens interdit et panneaux indiquant des v\u00e9los \u00e0 contre-sens) ou horizontale (marquage au sol d&rsquo;une bande cyclable par exemple)<\/p>\n\n\n\n<div class=\"wp-block-image\"><figure class=\"aligncenter size-large is-resized\"><img loading=\"lazy\" decoding=\"async\" src=\"http:\/\/www.altercampagne.net\/wp-content\/uploads\/2020\/02\/pontoise-dsc-rue-HdV-1024x768.jpg\" alt=\"\" class=\"wp-image-17408\" width=\"579\" height=\"434\" srcset=\"https:\/\/www.altercampagne.net\/wp-content\/uploads\/2020\/02\/pontoise-dsc-rue-HdV-1024x768.jpg 1024w, https:\/\/www.altercampagne.net\/wp-content\/uploads\/2020\/02\/pontoise-dsc-rue-HdV-300x225.jpg 300w, https:\/\/www.altercampagne.net\/wp-content\/uploads\/2020\/02\/pontoise-dsc-rue-HdV-768x576.jpg 768w, https:\/\/www.altercampagne.net\/wp-content\/uploads\/2020\/02\/pontoise-dsc-rue-HdV-1536x1152.jpg 1536w, https:\/\/www.altercampagne.net\/wp-content\/uploads\/2020\/02\/pontoise-dsc-rue-HdV-610x458.jpg 610w, https:\/\/www.altercampagne.net\/wp-content\/uploads\/2020\/02\/pontoise-dsc-rue-HdV-100x75.jpg 100w, https:\/\/www.altercampagne.net\/wp-content\/uploads\/2020\/02\/pontoise-dsc-rue-HdV-862x647.jpg 862w, https:\/\/www.altercampagne.net\/wp-content\/uploads\/2020\/02\/pontoise-dsc-rue-HdV-1140x855.jpg 1140w, https:\/\/www.altercampagne.net\/wp-content\/uploads\/2020\/02\/pontoise-dsc-rue-HdV.jpg 2048w\" sizes=\"auto, (max-width: 579px) 100vw, 579px\" \/><figcaption>Installation de la signal\u00e9tique au sol, rue de l&rsquo;Hotel de ville<\/figcaption><\/figure><\/div>\n\n\n\n<p>Quelques semaines apr\u00e8s le d\u00e9p\u00f4t du recours au tribunal\nadministratif, cinq&nbsp;rues avaient \u00e9t\u00e9 signal\u00e9es par des marquages\nau sol et des panneaux. Les autres rues devaient suivre, c&rsquo;est ce \u00e0 quoi le\nmaire s&rsquo;\u00e9tait engag\u00e9. Pourtant, aucune autre rue n&rsquo;a ensuite \u00e9t\u00e9 am\u00e9nag\u00e9e.<\/p>\n\n\n\n<div class=\"wp-block-image\"><figure class=\"aligncenter size-large is-resized\"><img loading=\"lazy\" decoding=\"async\" src=\"http:\/\/www.altercampagne.net\/wp-content\/uploads\/2020\/02\/rue-Thiers-DSC-a-1024x682.jpg\" alt=\"\" class=\"wp-image-17410\" width=\"562\" height=\"374\" srcset=\"https:\/\/www.altercampagne.net\/wp-content\/uploads\/2020\/02\/rue-Thiers-DSC-a-1024x682.jpg 1024w, https:\/\/www.altercampagne.net\/wp-content\/uploads\/2020\/02\/rue-Thiers-DSC-a-300x200.jpg 300w, https:\/\/www.altercampagne.net\/wp-content\/uploads\/2020\/02\/rue-Thiers-DSC-a-768x511.jpg 768w, https:\/\/www.altercampagne.net\/wp-content\/uploads\/2020\/02\/rue-Thiers-DSC-a-610x406.jpg 610w, https:\/\/www.altercampagne.net\/wp-content\/uploads\/2020\/02\/rue-Thiers-DSC-a-100x67.jpg 100w, https:\/\/www.altercampagne.net\/wp-content\/uploads\/2020\/02\/rue-Thiers-DSC-a-862x574.jpg 862w, https:\/\/www.altercampagne.net\/wp-content\/uploads\/2020\/02\/rue-Thiers-DSC-a-1140x759.jpg 1140w, https:\/\/www.altercampagne.net\/wp-content\/uploads\/2020\/02\/rue-Thiers-DSC-a.jpg 1500w\" sizes=\"auto, (max-width: 562px) 100vw, 562px\" \/><figcaption>Rue Thiers, marquages au sol<br><\/figcaption><\/figure><\/div>\n\n\n\n<p>Par son jugement du 6 f\u00e9vrier 2020, le tribunal a donn\u00e9\nsatisfaction \u00e0 la requ\u00eate d&rsquo;Allez-y \u00e0 v\u00e9lo et enjoint \u00ab\u00a0la commune \u00e0 mettre\nen place une signalisation verticale du double-sens cyclable dans les rues\n\u00e9num\u00e9r\u00e9es dans la requ\u00eate\u00a0\u00bb, c&rsquo;est-\u00e0-dire encore 10 rues ou portions de rues.<\/p>\n\n\n\n<p>Allez-y \u00e0 v\u00e9lo sera vigilante quant \u00e0 la mise en \u0153uvre de la d\u00e9cision du Tribunal. L&rsquo;association esp\u00e8re que la ville rattrapera le retard en mati\u00e8re d&rsquo;am\u00e9nagements v\u00e9los que vient de pointer le r\u00e9cent barom\u00e8tre de la FUB (F\u00e9d\u00e9ration des Usagers de la Bicyclette). En effet 60 cyclistes ont r\u00e9pondu \u00e0 l&rsquo;enqu\u00eate sur le v\u00e9lo men\u00e9e \u00e0 l&rsquo;automne dans toutes villes de France et la ville de Pontoise \u00e9cope de la note 2,38 sur 5, et le climat v\u00e9lo y est per\u00e7u comme d\u00e9favorable par les cyclistes.<\/p>\n\n\n\n<h2 class=\"wp-block-heading\">D\u00e9bout\u00e9e face au Val d&rsquo;Oise<\/h2>\n\n\n\n<p>Un second recours &nbsp;avait \u00e9t\u00e9 d\u00e9pos\u00e9 en f\u00e9vrier 2018 \u00e0 l&rsquo;encontre du d\u00e9partement du Val d&rsquo;Oise. Il concernait aussi la ville de <strong>Pontoise <\/strong>mais au sujet de la D14. &nbsp;La requ\u00eate portait sur le <strong>refus du d\u00e9partement de r\u00e9aliser les am\u00e9nagements cyclables lors de la r\u00e9fection de la couche de roulement<\/strong> sur une portion de l&rsquo;avenue du G\u00e9n\u00e9ral Gabriel &nbsp;Delarue, effectu\u00e9es en octobre 2017. L&rsquo;association s&rsquo;appuyait sur le code de l&rsquo;environnement, article L.228-2, aussi appel\u00e9e <strong>loi LAURE<\/strong>, qui dispose qu&rsquo; \u00a0\u00bb <strong>\u00e0 l&rsquo;occasion des r\u00e9alisations ou des r\u00e9novations &nbsp;des voies urbaines (\u2026), doivent \u00eatre mis au point des itin\u00e9raires cyclables pourvus d&rsquo;am\u00e9nagements sous forme de pistes, marquages au sol ou couloirs ind\u00e9pendants,<\/strong> en fonction des besoins et contraintes de la circulation. \u00a0\u00bb <\/p>\n\n\n\n<p>Le tribunal a estim\u00e9 que la seule r\u00e9novation de la couche de roulement n&rsquo;est pas une r\u00e9fection de voirie et a rejet\u00e9 la requ\u00eate d&rsquo;Allez-y \u00e0 v\u00e9lo. Il a \u00e9galement rejet\u00e9 la demande du d\u00e9partement de lui verser 3 000 \u20ac pour ses frais.<\/p>\n\n\n\n<p>Allez- y \u00e0 v\u00e9lo d\u00e9plore cette interpr\u00e9tation limitative de la loi LAURE, alors que la loi mobilit\u00e9 vot\u00e9e en 2019 indique que<strong> la part modale du v\u00e9lo doit tripler d&rsquo;ici 2024 (passer de 3 \u00e0 9 %).<\/strong> Et celle-ci n&rsquo;est que de 1,4 % \u00e0 Cergy-Pontoise.<\/p>\n\n\n\n<p>Allez-y a v\u00e9lo regrette de voir rejeter son recours contre le Val d\u2019Oise pour l\u2019am\u00e9nagement cyclable du boulevard du G\u00e9n\u00e9ral Delarue&nbsp; qui figure depuis 2016 sur son propre sch\u00e9ma cyclable d\u00e9partemental, &nbsp;qui est inscrite depuis 2007 au sch\u00e9ma directeur cyclable d\u2019agglom\u00e9ration de Cergy-Pontoise, &nbsp;qui est inscrite depuis 2010 au r\u00e9seau cyclable structurant r\u00e9gional projet\u00e9 pour 2020,et &nbsp;qui figure sur le r\u00e9seau du RerV r\u00e9cemment d\u00e9voil\u00e9 par le Collectif V\u00e9lo d\u2019\u00cele-de-France.<br> <br>Le D\u00e9partement aura ainsi refus\u00e9, \u00e0 l\u2019occasion de ces travaux, la moindre prise en compte de la circulation \u00e0 v\u00e9lo sur une rue qui est pourtant, de son propre aveu, dangereuse pour les cyclistes.<br>Cette d\u00e9cision du Tribunal administratif de ne pas rappeler au Val d\u2019Oise sa responsabilit\u00e9 en mati\u00e8re de s\u00e9curit\u00e9 r\u00e9sonne d&rsquo;autant plus cruellement qu\u2019il y a 15 jours \u00e0 peine, \u00e0 Pontoise m\u00eame, un cycliste de 19 ans \u00e9tait renvers\u00e9 et hospitalis\u00e9 en urgence absolue.<\/p>\n","protected":false},"excerpt":{"rendered":"<p>L&rsquo;association Allez-y \u00e0 v\u00e9lo &nbsp;avait d\u00e9pos\u00e9 un recours au tribunal administratif de Cergy-Pontoise contre la ville de Pontoise au sujet des double-sens cyclables. Le recours &nbsp;avait \u00e9t\u00e9 d\u00e9pos\u00e9 en juillet 2017 &nbsp;et le verdict a \u00e9t\u00e9 rendu le 6 f\u00e9vrier 2020. L&rsquo;association reprochait \u00e0 la ville de ne pas appliquer &#8230; <\/p>\n<div><a href=\"https:\/\/www.altercampagne.net\/?p=17386\" class=\"more-link\">Read More<\/a><\/div>\n","protected":false},"author":206,"featured_media":17522,"comment_status":"closed","ping_status":"closed","sticky":false,"template":"","format":"standard","meta":{"footnotes":""},"categories":[3477,3542,3932],"tags":[1342,4125,4126],"class_list":["post-17386","post","type-post","status-publish","format-standard","has-post-thumbnail","hentry","category-ile-de-france","category-lutte","category-velo","tag-tribunal","tag-double-sens","tag-pontoise"],"yoast_head":"<!-- This site is optimized with the Yoast SEO plugin v27.3 - https:\/\/yoast.com\/product\/yoast-seo-wordpress\/ -->\n<title>Pontoise enjointe \u00e0 respecter la signalisation des double sens cyclables - AlterTour<\/title>\n<meta name=\"robots\" content=\"index, follow, max-snippet:-1, max-image-preview:large, max-video-preview:-1\" \/>\n<link rel=\"canonical\" href=\"https:\/\/www.altercampagne.net\/?p=17386\" \/>\n<meta property=\"og:locale\" content=\"fr_FR\" \/>\n<meta property=\"og:type\" content=\"article\" \/>\n<meta property=\"og:title\" content=\"Pontoise enjointe \u00e0 respecter la signalisation des double sens cyclables - AlterTour\" \/>\n<meta property=\"og:description\" content=\"L&rsquo;association Allez-y \u00e0 v\u00e9lo &nbsp;avait d\u00e9pos\u00e9 un recours au tribunal administratif de Cergy-Pontoise contre la ville de Pontoise au sujet des double-sens cyclables. Le recours &nbsp;avait \u00e9t\u00e9 d\u00e9pos\u00e9 en juillet 2017 &nbsp;et le verdict a \u00e9t\u00e9 rendu le 6 f\u00e9vrier 2020. L&rsquo;association reprochait \u00e0 la ville de ne pas appliquer ... Read More\" \/>\n<meta property=\"og:url\" content=\"https:\/\/www.altercampagne.net\/?p=17386\" \/>\n<meta property=\"og:site_name\" content=\"AlterTour\" \/>\n<meta property=\"article:published_time\" content=\"2020-02-24T16:15:09+00:00\" \/>\n<meta property=\"article:modified_time\" content=\"2020-03-12T19:39:52+00:00\" \/>\n<meta property=\"og:image\" content=\"https:\/\/www.altercampagne.net\/wp-content\/uploads\/2020\/02\/Tribunal-1024x768-1.jpg\" \/>\n\t<meta property=\"og:image:width\" content=\"884\" \/>\n\t<meta property=\"og:image:height\" content=\"462\" \/>\n\t<meta property=\"og:image:type\" content=\"image\/jpeg\" \/>\n<meta name=\"author\" content=\"Sylvie F\" \/>\n<meta name=\"twitter:card\" content=\"summary_large_image\" \/>\n<meta name=\"twitter:label1\" content=\"\u00c9crit par\" \/>\n\t<meta name=\"twitter:data1\" content=\"Sylvie F\" \/>\n\t<meta name=\"twitter:label2\" content=\"Dur\u00e9e de lecture estim\u00e9e\" \/>\n\t<meta name=\"twitter:data2\" content=\"4 minutes\" \/>\n<script type=\"application\/ld+json\" class=\"yoast-schema-graph\">{\"@context\":\"https:\\\/\\\/schema.org\",\"@graph\":[{\"@type\":\"Article\",\"@id\":\"https:\\\/\\\/www.altercampagne.net\\\/?p=17386#article\",\"isPartOf\":{\"@id\":\"https:\\\/\\\/www.altercampagne.net\\\/?p=17386\"},\"author\":{\"name\":\"Sylvie F\",\"@id\":\"https:\\\/\\\/www.altercampagne.net\\\/#\\\/schema\\\/person\\\/fad5b6595876359c96e756d4d478f820\"},\"headline\":\"Pontoise enjointe \u00e0 respecter la signalisation des double sens cyclables\",\"datePublished\":\"2020-02-24T16:15:09+00:00\",\"dateModified\":\"2020-03-12T19:39:52+00:00\",\"mainEntityOfPage\":{\"@id\":\"https:\\\/\\\/www.altercampagne.net\\\/?p=17386\"},\"wordCount\":805,\"image\":{\"@id\":\"https:\\\/\\\/www.altercampagne.net\\\/?p=17386#primaryimage\"},\"thumbnailUrl\":\"https:\\\/\\\/www.altercampagne.net\\\/wp-content\\\/uploads\\\/2020\\\/02\\\/Tribunal-1024x768-1.jpg\",\"keywords\":[\"tribunal\",\"double-sens\",\"Pontoise\"],\"articleSection\":[\"\u00cele-de-France\",\"Lutte\",\"V\u00e9lo\"],\"inLanguage\":\"fr-FR\"},{\"@type\":\"WebPage\",\"@id\":\"https:\\\/\\\/www.altercampagne.net\\\/?p=17386\",\"url\":\"https:\\\/\\\/www.altercampagne.net\\\/?p=17386\",\"name\":\"Pontoise enjointe \u00e0 respecter la signalisation des double sens cyclables - AlterTour\",\"isPartOf\":{\"@id\":\"https:\\\/\\\/www.altercampagne.net\\\/#website\"},\"primaryImageOfPage\":{\"@id\":\"https:\\\/\\\/www.altercampagne.net\\\/?p=17386#primaryimage\"},\"image\":{\"@id\":\"https:\\\/\\\/www.altercampagne.net\\\/?p=17386#primaryimage\"},\"thumbnailUrl\":\"https:\\\/\\\/www.altercampagne.net\\\/wp-content\\\/uploads\\\/2020\\\/02\\\/Tribunal-1024x768-1.jpg\",\"datePublished\":\"2020-02-24T16:15:09+00:00\",\"dateModified\":\"2020-03-12T19:39:52+00:00\",\"author\":{\"@id\":\"https:\\\/\\\/www.altercampagne.net\\\/#\\\/schema\\\/person\\\/fad5b6595876359c96e756d4d478f820\"},\"breadcrumb\":{\"@id\":\"https:\\\/\\\/www.altercampagne.net\\\/?p=17386#breadcrumb\"},\"inLanguage\":\"fr-FR\",\"potentialAction\":[{\"@type\":\"ReadAction\",\"target\":[\"https:\\\/\\\/www.altercampagne.net\\\/?p=17386\"]}]},{\"@type\":\"ImageObject\",\"inLanguage\":\"fr-FR\",\"@id\":\"https:\\\/\\\/www.altercampagne.net\\\/?p=17386#primaryimage\",\"url\":\"https:\\\/\\\/www.altercampagne.net\\\/wp-content\\\/uploads\\\/2020\\\/02\\\/Tribunal-1024x768-1.jpg\",\"contentUrl\":\"https:\\\/\\\/www.altercampagne.net\\\/wp-content\\\/uploads\\\/2020\\\/02\\\/Tribunal-1024x768-1.jpg\",\"width\":884,\"height\":462},{\"@type\":\"BreadcrumbList\",\"@id\":\"https:\\\/\\\/www.altercampagne.net\\\/?p=17386#breadcrumb\",\"itemListElement\":[{\"@type\":\"ListItem\",\"position\":1,\"name\":\"Accueil\",\"item\":\"https:\\\/\\\/www.altercampagne.net\\\/\"},{\"@type\":\"ListItem\",\"position\":2,\"name\":\"Pontoise enjointe \u00e0 respecter la signalisation des double sens cyclables\"}]},{\"@type\":\"WebSite\",\"@id\":\"https:\\\/\\\/www.altercampagne.net\\\/#website\",\"url\":\"https:\\\/\\\/www.altercampagne.net\\\/\",\"name\":\"AlterTour\",\"description\":\"Reliez les Alternatives \u00e0 v\u00e9lo\",\"potentialAction\":[{\"@type\":\"SearchAction\",\"target\":{\"@type\":\"EntryPoint\",\"urlTemplate\":\"https:\\\/\\\/www.altercampagne.net\\\/?s={search_term_string}\"},\"query-input\":{\"@type\":\"PropertyValueSpecification\",\"valueRequired\":true,\"valueName\":\"search_term_string\"}}],\"inLanguage\":\"fr-FR\"},{\"@type\":\"Person\",\"@id\":\"https:\\\/\\\/www.altercampagne.net\\\/#\\\/schema\\\/person\\\/fad5b6595876359c96e756d4d478f820\",\"name\":\"Sylvie F\",\"image\":{\"@type\":\"ImageObject\",\"inLanguage\":\"fr-FR\",\"@id\":\"https:\\\/\\\/secure.gravatar.com\\\/avatar\\\/16b2d5f6a1293ef16eadfdd15315bab8d4a87db50333f39a9b9b7a1b269a713f?s=96&d=mm&r=g\",\"url\":\"https:\\\/\\\/secure.gravatar.com\\\/avatar\\\/16b2d5f6a1293ef16eadfdd15315bab8d4a87db50333f39a9b9b7a1b269a713f?s=96&d=mm&r=g\",\"contentUrl\":\"https:\\\/\\\/secure.gravatar.com\\\/avatar\\\/16b2d5f6a1293ef16eadfdd15315bab8d4a87db50333f39a9b9b7a1b269a713f?s=96&d=mm&r=g\",\"caption\":\"Sylvie F\"},\"url\":\"https:\\\/\\\/www.altercampagne.net\\\/?author=206\"}]}<\/script>\n<!-- \/ Yoast SEO plugin. -->","yoast_head_json":{"title":"Pontoise enjointe \u00e0 respecter la signalisation des double sens cyclables - AlterTour","robots":{"index":"index","follow":"follow","max-snippet":"max-snippet:-1","max-image-preview":"max-image-preview:large","max-video-preview":"max-video-preview:-1"},"canonical":"https:\/\/www.altercampagne.net\/?p=17386","og_locale":"fr_FR","og_type":"article","og_title":"Pontoise enjointe \u00e0 respecter la signalisation des double sens cyclables - AlterTour","og_description":"L&rsquo;association Allez-y \u00e0 v\u00e9lo &nbsp;avait d\u00e9pos\u00e9 un recours au tribunal administratif de Cergy-Pontoise contre la ville de Pontoise au sujet des double-sens cyclables. Le recours &nbsp;avait \u00e9t\u00e9 d\u00e9pos\u00e9 en juillet 2017 &nbsp;et le verdict a \u00e9t\u00e9 rendu le 6 f\u00e9vrier 2020. L&rsquo;association reprochait \u00e0 la ville de ne pas appliquer ... Read More","og_url":"https:\/\/www.altercampagne.net\/?p=17386","og_site_name":"AlterTour","article_published_time":"2020-02-24T16:15:09+00:00","article_modified_time":"2020-03-12T19:39:52+00:00","og_image":[{"width":884,"height":462,"url":"https:\/\/www.altercampagne.net\/wp-content\/uploads\/2020\/02\/Tribunal-1024x768-1.jpg","type":"image\/jpeg"}],"author":"Sylvie F","twitter_card":"summary_large_image","twitter_misc":{"\u00c9crit par":"Sylvie F","Dur\u00e9e de lecture estim\u00e9e":"4 minutes"},"schema":{"@context":"https:\/\/schema.org","@graph":[{"@type":"Article","@id":"https:\/\/www.altercampagne.net\/?p=17386#article","isPartOf":{"@id":"https:\/\/www.altercampagne.net\/?p=17386"},"author":{"name":"Sylvie F","@id":"https:\/\/www.altercampagne.net\/#\/schema\/person\/fad5b6595876359c96e756d4d478f820"},"headline":"Pontoise enjointe \u00e0 respecter la signalisation des double sens cyclables","datePublished":"2020-02-24T16:15:09+00:00","dateModified":"2020-03-12T19:39:52+00:00","mainEntityOfPage":{"@id":"https:\/\/www.altercampagne.net\/?p=17386"},"wordCount":805,"image":{"@id":"https:\/\/www.altercampagne.net\/?p=17386#primaryimage"},"thumbnailUrl":"https:\/\/www.altercampagne.net\/wp-content\/uploads\/2020\/02\/Tribunal-1024x768-1.jpg","keywords":["tribunal","double-sens","Pontoise"],"articleSection":["\u00cele-de-France","Lutte","V\u00e9lo"],"inLanguage":"fr-FR"},{"@type":"WebPage","@id":"https:\/\/www.altercampagne.net\/?p=17386","url":"https:\/\/www.altercampagne.net\/?p=17386","name":"Pontoise enjointe \u00e0 respecter la signalisation des double sens cyclables - AlterTour","isPartOf":{"@id":"https:\/\/www.altercampagne.net\/#website"},"primaryImageOfPage":{"@id":"https:\/\/www.altercampagne.net\/?p=17386#primaryimage"},"image":{"@id":"https:\/\/www.altercampagne.net\/?p=17386#primaryimage"},"thumbnailUrl":"https:\/\/www.altercampagne.net\/wp-content\/uploads\/2020\/02\/Tribunal-1024x768-1.jpg","datePublished":"2020-02-24T16:15:09+00:00","dateModified":"2020-03-12T19:39:52+00:00","author":{"@id":"https:\/\/www.altercampagne.net\/#\/schema\/person\/fad5b6595876359c96e756d4d478f820"},"breadcrumb":{"@id":"https:\/\/www.altercampagne.net\/?p=17386#breadcrumb"},"inLanguage":"fr-FR","potentialAction":[{"@type":"ReadAction","target":["https:\/\/www.altercampagne.net\/?p=17386"]}]},{"@type":"ImageObject","inLanguage":"fr-FR","@id":"https:\/\/www.altercampagne.net\/?p=17386#primaryimage","url":"https:\/\/www.altercampagne.net\/wp-content\/uploads\/2020\/02\/Tribunal-1024x768-1.jpg","contentUrl":"https:\/\/www.altercampagne.net\/wp-content\/uploads\/2020\/02\/Tribunal-1024x768-1.jpg","width":884,"height":462},{"@type":"BreadcrumbList","@id":"https:\/\/www.altercampagne.net\/?p=17386#breadcrumb","itemListElement":[{"@type":"ListItem","position":1,"name":"Accueil","item":"https:\/\/www.altercampagne.net\/"},{"@type":"ListItem","position":2,"name":"Pontoise enjointe \u00e0 respecter la signalisation des double sens cyclables"}]},{"@type":"WebSite","@id":"https:\/\/www.altercampagne.net\/#website","url":"https:\/\/www.altercampagne.net\/","name":"AlterTour","description":"Reliez les Alternatives \u00e0 v\u00e9lo","potentialAction":[{"@type":"SearchAction","target":{"@type":"EntryPoint","urlTemplate":"https:\/\/www.altercampagne.net\/?s={search_term_string}"},"query-input":{"@type":"PropertyValueSpecification","valueRequired":true,"valueName":"search_term_string"}}],"inLanguage":"fr-FR"},{"@type":"Person","@id":"https:\/\/www.altercampagne.net\/#\/schema\/person\/fad5b6595876359c96e756d4d478f820","name":"Sylvie F","image":{"@type":"ImageObject","inLanguage":"fr-FR","@id":"https:\/\/secure.gravatar.com\/avatar\/16b2d5f6a1293ef16eadfdd15315bab8d4a87db50333f39a9b9b7a1b269a713f?s=96&d=mm&r=g","url":"https:\/\/secure.gravatar.com\/avatar\/16b2d5f6a1293ef16eadfdd15315bab8d4a87db50333f39a9b9b7a1b269a713f?s=96&d=mm&r=g","contentUrl":"https:\/\/secure.gravatar.com\/avatar\/16b2d5f6a1293ef16eadfdd15315bab8d4a87db50333f39a9b9b7a1b269a713f?s=96&d=mm&r=g","caption":"Sylvie F"},"url":"https:\/\/www.altercampagne.net\/?author=206"}]}},"_links":{"self":[{"href":"https:\/\/www.altercampagne.net\/index.php?rest_route=\/wp\/v2\/posts\/17386","targetHints":{"allow":["GET"]}}],"collection":[{"href":"https:\/\/www.altercampagne.net\/index.php?rest_route=\/wp\/v2\/posts"}],"about":[{"href":"https:\/\/www.altercampagne.net\/index.php?rest_route=\/wp\/v2\/types\/post"}],"author":[{"embeddable":true,"href":"https:\/\/www.altercampagne.net\/index.php?rest_route=\/wp\/v2\/users\/206"}],"replies":[{"embeddable":true,"href":"https:\/\/www.altercampagne.net\/index.php?rest_route=%2Fwp%2Fv2%2Fcomments&post=17386"}],"version-history":[{"count":8,"href":"https:\/\/www.altercampagne.net\/index.php?rest_route=\/wp\/v2\/posts\/17386\/revisions"}],"predecessor-version":[{"id":17743,"href":"https:\/\/www.altercampagne.net\/index.php?rest_route=\/wp\/v2\/posts\/17386\/revisions\/17743"}],"wp:featuredmedia":[{"embeddable":true,"href":"https:\/\/www.altercampagne.net\/index.php?rest_route=\/wp\/v2\/media\/17522"}],"wp:attachment":[{"href":"https:\/\/www.altercampagne.net\/index.php?rest_route=%2Fwp%2Fv2%2Fmedia&parent=17386"}],"wp:term":[{"taxonomy":"category","embeddable":true,"href":"https:\/\/www.altercampagne.net\/index.php?rest_route=%2Fwp%2Fv2%2Fcategories&post=17386"},{"taxonomy":"post_tag","embeddable":true,"href":"https:\/\/www.altercampagne.net\/index.php?rest_route=%2Fwp%2Fv2%2Ftags&post=17386"}],"curies":[{"name":"wp","href":"https:\/\/api.w.org\/{rel}","templated":true}]}}