{"id":17792,"date":"2019-09-21T19:17:42","date_gmt":"2019-09-21T17:17:42","guid":{"rendered":"http:\/\/www.altercampagne.net\/?p=17792"},"modified":"2021-05-06T10:43:32","modified_gmt":"2021-05-06T08:43:32","slug":"a-la-decouverte-de-laltertour","status":"publish","type":"post","link":"https:\/\/www.altercampagne.net\/?p=17792","title":{"rendered":"A la d\u00e9couverte de l&rsquo;AlterTour"},"content":{"rendered":"\n<p><strong>Solenn, Gabrielle, Victoire forment une \u00e9quipe \u00ab\u00a0compas\u00a0\u00bb: une \u00e9quipe scoute de jeunes de 17 \u00e0 20 ans, qui organise en autonomie un projet pour l&rsquo;\u00e9t\u00e9. Elles sont venues rouler avec l&rsquo;AlterTour cet \u00e9t\u00e9, et sont reparties ravies !<\/strong><\/p>\n\n\n\n<h4 class=\"wp-block-heading\">Nous avions envie d&rsquo;agir pour la transition \u00e9cologique<\/h4>\n\n\n\n<p>Pour notre exp\u00e9rience 1er temps, nous cherchions \u00e0 vivre un camp tourn\u00e9 vers l\u2019environnement, \u00e0 la d\u00e9couverte d\u2019initiatives pour habiter autrement la plan\u00e8te. C\u2019est pourquoi, nous\u00a0avons d\u00e9cid\u00e9 de partir cet \u00e9t\u00e9, sur les conseils d\u2019autres compas de notre territoire, dans un camping en pleine transition \u00e9cologique pour y apporter notre aide pendant une semaine.\u00a0Gr\u00e2ce au site des compagnons,\u00a0nous avons tr\u00e8s facilement\u00a0trouv\u00e9\u00a0notre deuxi\u00e8me partenaire :\u00a0\u00a0<strong>l\u2019Altertour, un rassemblement de citoyens \u00e0 v\u00e9lo \u00e0 la d\u00e9couverte d\u2019alternatives \u00e9cologiques et sociales<\/strong>. Ce tour de France revisit\u00e9 permet de d\u00e9couvrir une r\u00e9gion sous un autre angle, de mani\u00e8re sportive et \u00e9cocitoyenne.\u00a0<\/p>\n\n\n\n<h4 class=\"wp-block-heading\">3 jours incroyables avec l&rsquo;AlterTour<\/h4>\n\n\n\n<p>Notre s\u00e9jour au sein de l\u2019Altertour bien que court (nous avons p\u00e9dal\u00e9 \u00e0 leurs c\u00f4t\u00e9s pendant seulement 3 jours) fut inoubliable ! En effet, les journ\u00e9es sont en g\u00e9n\u00e9ral organis\u00e9es autour du trajet \u00e0 v\u00e9lo, environ 40 kilom\u00e8tres par jour effectu\u00e9s au rythme de chacun. Cette itin\u00e9rance emm\u00e8ne chaque jour les altercyclistes\u00a0\u00a0\u00e0 la d\u00e9couverte d\u2019une nouvelle alternative \u00e9cologique ou sociale : par exemple, <strong>nous avons visit\u00e9 plusieurs \u00e9colieux <\/strong>(des exploitations mara\u00eech\u00e8res respectueuses de la biodiversit\u00e9 pouvant \u00e9galement accueillir des stages en lien avec le bien-\u00eatre) ainsi qu\u2019une <strong>\u00e9cole maternelle et primaire proposant des m\u00e9thodes d\u2019enseignement innovantes<\/strong> \u00e0 ses \u00e9l\u00e8ves ou encore une <strong>maison enti\u00e8rement autonome au niveau \u00e9nerg\u00e9tique<\/strong>. Comme dans un camp scout, tous les services (cuisine, vaisselle, accueil des nouveaux participants, etc) sont r\u00e9partis entre les participants dans la joie et la bonne humeur !\u00a0<\/p>\n\n\n\n<h4 class=\"wp-block-heading\">Nous repartons le sac plein de nouvelles id\u00e9es !<\/h4>\n\n\n\n<p>Tr\u00e8s bien accueillies en tant que compas dans le groupe, nous y avons trouv\u00e9 une <strong>ambiance bienveillante et chaleureuse qui nous a encourag\u00e9 \u00e0 repousser nos limites \u00e0 v\u00e9lo<\/strong> ! Nous finissons donc ce camp \u00e9puis\u00e9es mais ravies, pleines de nouvelles id\u00e9es qui ont fleuri au gr\u00e9 des rencontres et des discussions, qu\u2019elles se soient d\u00e9roul\u00e9es \u00e0 v\u00e9lo ou en faisant la vaisselle !<\/p>\n\n\n\n<p><strong>Les Tripates (Solenn, Gabrielle, Victoire)\u00a0<\/strong><\/p>\n\n\n\n<p>Compagnons&nbsp;1er temps du groupe Bordeaux Caud\u00e9ran&nbsp;<\/p>\n","protected":false},"excerpt":{"rendered":"<p>Solenn, Gabrielle, Victoire forment une \u00e9quipe \u00ab\u00a0compas\u00a0\u00bb: une \u00e9quipe scoute de jeunes de 17 \u00e0 20 ans, qui organise en autonomie un projet pour l&rsquo;\u00e9t\u00e9. Elles sont venues rouler avec l&rsquo;AlterTour cet \u00e9t\u00e9, et sont reparties ravies ! Nous avions envie d&rsquo;agir pour la transition \u00e9cologique Pour notre exp\u00e9rience 1er &#8230; <\/p>\n<div><a href=\"https:\/\/www.altercampagne.net\/?p=17792\" class=\"more-link\">Read More<\/a><\/div>\n","protected":false},"author":192,"featured_media":17793,"comment_status":"closed","ping_status":"closed","sticky":false,"template":"","format":"standard","meta":{"footnotes":""},"categories":[4313,3773,4054],"tags":[4144,4145],"class_list":["post-17792","post","type-post","status-publish","format-standard","has-post-thumbnail","hentry","category-altertour","category-edition-2019","category-temoignages","tag-scouts","tag-compas"],"yoast_head":"<!-- This site is optimized with the Yoast SEO plugin v27.3 - https:\/\/yoast.com\/product\/yoast-seo-wordpress\/ -->\n<title>A la d\u00e9couverte de l&#039;AlterTour - AlterTour<\/title>\n<meta name=\"robots\" content=\"index, follow, max-snippet:-1, max-image-preview:large, max-video-preview:-1\" \/>\n<link rel=\"canonical\" href=\"https:\/\/www.altercampagne.net\/?p=17792\" \/>\n<meta property=\"og:locale\" content=\"fr_FR\" \/>\n<meta property=\"og:type\" content=\"article\" \/>\n<meta property=\"og:title\" content=\"A la d\u00e9couverte de l&#039;AlterTour - AlterTour\" \/>\n<meta property=\"og:description\" content=\"Solenn, Gabrielle, Victoire forment une \u00e9quipe \u00ab\u00a0compas\u00a0\u00bb: une \u00e9quipe scoute de jeunes de 17 \u00e0 20 ans, qui organise en autonomie un projet pour l&rsquo;\u00e9t\u00e9. Elles sont venues rouler avec l&rsquo;AlterTour cet \u00e9t\u00e9, et sont reparties ravies ! Nous avions envie d&rsquo;agir pour la transition \u00e9cologique Pour notre exp\u00e9rience 1er ... Read More\" \/>\n<meta property=\"og:url\" content=\"https:\/\/www.altercampagne.net\/?p=17792\" \/>\n<meta property=\"og:site_name\" content=\"AlterTour\" \/>\n<meta property=\"article:published_time\" content=\"2019-09-21T17:17:42+00:00\" \/>\n<meta property=\"article:modified_time\" content=\"2021-05-06T08:43:32+00:00\" \/>\n<meta property=\"og:image\" content=\"https:\/\/www.altercampagne.net\/wp-content\/uploads\/2020\/03\/2019-Equipe-scoute.png\" \/>\n\t<meta property=\"og:image:width\" content=\"639\" \/>\n\t<meta property=\"og:image:height\" content=\"333\" \/>\n\t<meta property=\"og:image:type\" content=\"image\/png\" \/>\n<meta name=\"author\" content=\"Julie\" \/>\n<meta name=\"twitter:card\" content=\"summary_large_image\" \/>\n<meta name=\"twitter:label1\" content=\"\u00c9crit par\" \/>\n\t<meta name=\"twitter:data1\" content=\"Julie\" \/>\n\t<meta name=\"twitter:label2\" content=\"Dur\u00e9e de lecture estim\u00e9e\" \/>\n\t<meta name=\"twitter:data2\" content=\"2 minutes\" \/>\n<script type=\"application\/ld+json\" class=\"yoast-schema-graph\">{\"@context\":\"https:\\\/\\\/schema.org\",\"@graph\":[{\"@type\":\"Article\",\"@id\":\"https:\\\/\\\/www.altercampagne.net\\\/?p=17792#article\",\"isPartOf\":{\"@id\":\"https:\\\/\\\/www.altercampagne.net\\\/?p=17792\"},\"author\":{\"name\":\"Julie\",\"@id\":\"https:\\\/\\\/www.altercampagne.net\\\/#\\\/schema\\\/person\\\/ea52458af5ca10d56e01a1b53249ddc4\"},\"headline\":\"A la d\u00e9couverte de l&rsquo;AlterTour\",\"datePublished\":\"2019-09-21T17:17:42+00:00\",\"dateModified\":\"2021-05-06T08:43:32+00:00\",\"mainEntityOfPage\":{\"@id\":\"https:\\\/\\\/www.altercampagne.net\\\/?p=17792\"},\"wordCount\":417,\"image\":{\"@id\":\"https:\\\/\\\/www.altercampagne.net\\\/?p=17792#primaryimage\"},\"thumbnailUrl\":\"https:\\\/\\\/www.altercampagne.net\\\/wp-content\\\/uploads\\\/2020\\\/03\\\/2019-Equipe-scoute.png\",\"keywords\":[\"scouts\",\"compas\"],\"articleSection\":[\"AlterTour\",\"Edition 2019\",\"T\u00e9moignages\"],\"inLanguage\":\"fr-FR\"},{\"@type\":\"WebPage\",\"@id\":\"https:\\\/\\\/www.altercampagne.net\\\/?p=17792\",\"url\":\"https:\\\/\\\/www.altercampagne.net\\\/?p=17792\",\"name\":\"A la d\u00e9couverte de l'AlterTour - AlterTour\",\"isPartOf\":{\"@id\":\"https:\\\/\\\/www.altercampagne.net\\\/#website\"},\"primaryImageOfPage\":{\"@id\":\"https:\\\/\\\/www.altercampagne.net\\\/?p=17792#primaryimage\"},\"image\":{\"@id\":\"https:\\\/\\\/www.altercampagne.net\\\/?p=17792#primaryimage\"},\"thumbnailUrl\":\"https:\\\/\\\/www.altercampagne.net\\\/wp-content\\\/uploads\\\/2020\\\/03\\\/2019-Equipe-scoute.png\",\"datePublished\":\"2019-09-21T17:17:42+00:00\",\"dateModified\":\"2021-05-06T08:43:32+00:00\",\"author\":{\"@id\":\"https:\\\/\\\/www.altercampagne.net\\\/#\\\/schema\\\/person\\\/ea52458af5ca10d56e01a1b53249ddc4\"},\"breadcrumb\":{\"@id\":\"https:\\\/\\\/www.altercampagne.net\\\/?p=17792#breadcrumb\"},\"inLanguage\":\"fr-FR\",\"potentialAction\":[{\"@type\":\"ReadAction\",\"target\":[\"https:\\\/\\\/www.altercampagne.net\\\/?p=17792\"]}]},{\"@type\":\"ImageObject\",\"inLanguage\":\"fr-FR\",\"@id\":\"https:\\\/\\\/www.altercampagne.net\\\/?p=17792#primaryimage\",\"url\":\"https:\\\/\\\/www.altercampagne.net\\\/wp-content\\\/uploads\\\/2020\\\/03\\\/2019-Equipe-scoute.png\",\"contentUrl\":\"https:\\\/\\\/www.altercampagne.net\\\/wp-content\\\/uploads\\\/2020\\\/03\\\/2019-Equipe-scoute.png\",\"width\":639,\"height\":333},{\"@type\":\"BreadcrumbList\",\"@id\":\"https:\\\/\\\/www.altercampagne.net\\\/?p=17792#breadcrumb\",\"itemListElement\":[{\"@type\":\"ListItem\",\"position\":1,\"name\":\"Accueil\",\"item\":\"https:\\\/\\\/www.altercampagne.net\\\/\"},{\"@type\":\"ListItem\",\"position\":2,\"name\":\"A la d\u00e9couverte de l&rsquo;AlterTour\"}]},{\"@type\":\"WebSite\",\"@id\":\"https:\\\/\\\/www.altercampagne.net\\\/#website\",\"url\":\"https:\\\/\\\/www.altercampagne.net\\\/\",\"name\":\"AlterTour\",\"description\":\"Reliez les Alternatives \u00e0 v\u00e9lo\",\"potentialAction\":[{\"@type\":\"SearchAction\",\"target\":{\"@type\":\"EntryPoint\",\"urlTemplate\":\"https:\\\/\\\/www.altercampagne.net\\\/?s={search_term_string}\"},\"query-input\":{\"@type\":\"PropertyValueSpecification\",\"valueRequired\":true,\"valueName\":\"search_term_string\"}}],\"inLanguage\":\"fr-FR\"},{\"@type\":\"Person\",\"@id\":\"https:\\\/\\\/www.altercampagne.net\\\/#\\\/schema\\\/person\\\/ea52458af5ca10d56e01a1b53249ddc4\",\"name\":\"Julie\",\"image\":{\"@type\":\"ImageObject\",\"inLanguage\":\"fr-FR\",\"@id\":\"https:\\\/\\\/secure.gravatar.com\\\/avatar\\\/33c4c11c34e0f9cccad9f436c1a60f900028dcdb26df84756951418faf70fa39?s=96&d=mm&r=g\",\"url\":\"https:\\\/\\\/secure.gravatar.com\\\/avatar\\\/33c4c11c34e0f9cccad9f436c1a60f900028dcdb26df84756951418faf70fa39?s=96&d=mm&r=g\",\"contentUrl\":\"https:\\\/\\\/secure.gravatar.com\\\/avatar\\\/33c4c11c34e0f9cccad9f436c1a60f900028dcdb26df84756951418faf70fa39?s=96&d=mm&r=g\",\"caption\":\"Julie\"},\"url\":\"https:\\\/\\\/www.altercampagne.net\\\/?author=192\"}]}<\/script>\n<!-- \/ Yoast SEO plugin. -->","yoast_head_json":{"title":"A la d\u00e9couverte de l'AlterTour - AlterTour","robots":{"index":"index","follow":"follow","max-snippet":"max-snippet:-1","max-image-preview":"max-image-preview:large","max-video-preview":"max-video-preview:-1"},"canonical":"https:\/\/www.altercampagne.net\/?p=17792","og_locale":"fr_FR","og_type":"article","og_title":"A la d\u00e9couverte de l'AlterTour - AlterTour","og_description":"Solenn, Gabrielle, Victoire forment une \u00e9quipe \u00ab\u00a0compas\u00a0\u00bb: une \u00e9quipe scoute de jeunes de 17 \u00e0 20 ans, qui organise en autonomie un projet pour l&rsquo;\u00e9t\u00e9. Elles sont venues rouler avec l&rsquo;AlterTour cet \u00e9t\u00e9, et sont reparties ravies ! Nous avions envie d&rsquo;agir pour la transition \u00e9cologique Pour notre exp\u00e9rience 1er ... Read More","og_url":"https:\/\/www.altercampagne.net\/?p=17792","og_site_name":"AlterTour","article_published_time":"2019-09-21T17:17:42+00:00","article_modified_time":"2021-05-06T08:43:32+00:00","og_image":[{"width":639,"height":333,"url":"https:\/\/www.altercampagne.net\/wp-content\/uploads\/2020\/03\/2019-Equipe-scoute.png","type":"image\/png"}],"author":"Julie","twitter_card":"summary_large_image","twitter_misc":{"\u00c9crit par":"Julie","Dur\u00e9e de lecture estim\u00e9e":"2 minutes"},"schema":{"@context":"https:\/\/schema.org","@graph":[{"@type":"Article","@id":"https:\/\/www.altercampagne.net\/?p=17792#article","isPartOf":{"@id":"https:\/\/www.altercampagne.net\/?p=17792"},"author":{"name":"Julie","@id":"https:\/\/www.altercampagne.net\/#\/schema\/person\/ea52458af5ca10d56e01a1b53249ddc4"},"headline":"A la d\u00e9couverte de l&rsquo;AlterTour","datePublished":"2019-09-21T17:17:42+00:00","dateModified":"2021-05-06T08:43:32+00:00","mainEntityOfPage":{"@id":"https:\/\/www.altercampagne.net\/?p=17792"},"wordCount":417,"image":{"@id":"https:\/\/www.altercampagne.net\/?p=17792#primaryimage"},"thumbnailUrl":"https:\/\/www.altercampagne.net\/wp-content\/uploads\/2020\/03\/2019-Equipe-scoute.png","keywords":["scouts","compas"],"articleSection":["AlterTour","Edition 2019","T\u00e9moignages"],"inLanguage":"fr-FR"},{"@type":"WebPage","@id":"https:\/\/www.altercampagne.net\/?p=17792","url":"https:\/\/www.altercampagne.net\/?p=17792","name":"A la d\u00e9couverte de l'AlterTour - AlterTour","isPartOf":{"@id":"https:\/\/www.altercampagne.net\/#website"},"primaryImageOfPage":{"@id":"https:\/\/www.altercampagne.net\/?p=17792#primaryimage"},"image":{"@id":"https:\/\/www.altercampagne.net\/?p=17792#primaryimage"},"thumbnailUrl":"https:\/\/www.altercampagne.net\/wp-content\/uploads\/2020\/03\/2019-Equipe-scoute.png","datePublished":"2019-09-21T17:17:42+00:00","dateModified":"2021-05-06T08:43:32+00:00","author":{"@id":"https:\/\/www.altercampagne.net\/#\/schema\/person\/ea52458af5ca10d56e01a1b53249ddc4"},"breadcrumb":{"@id":"https:\/\/www.altercampagne.net\/?p=17792#breadcrumb"},"inLanguage":"fr-FR","potentialAction":[{"@type":"ReadAction","target":["https:\/\/www.altercampagne.net\/?p=17792"]}]},{"@type":"ImageObject","inLanguage":"fr-FR","@id":"https:\/\/www.altercampagne.net\/?p=17792#primaryimage","url":"https:\/\/www.altercampagne.net\/wp-content\/uploads\/2020\/03\/2019-Equipe-scoute.png","contentUrl":"https:\/\/www.altercampagne.net\/wp-content\/uploads\/2020\/03\/2019-Equipe-scoute.png","width":639,"height":333},{"@type":"BreadcrumbList","@id":"https:\/\/www.altercampagne.net\/?p=17792#breadcrumb","itemListElement":[{"@type":"ListItem","position":1,"name":"Accueil","item":"https:\/\/www.altercampagne.net\/"},{"@type":"ListItem","position":2,"name":"A la d\u00e9couverte de l&rsquo;AlterTour"}]},{"@type":"WebSite","@id":"https:\/\/www.altercampagne.net\/#website","url":"https:\/\/www.altercampagne.net\/","name":"AlterTour","description":"Reliez les Alternatives \u00e0 v\u00e9lo","potentialAction":[{"@type":"SearchAction","target":{"@type":"EntryPoint","urlTemplate":"https:\/\/www.altercampagne.net\/?s={search_term_string}"},"query-input":{"@type":"PropertyValueSpecification","valueRequired":true,"valueName":"search_term_string"}}],"inLanguage":"fr-FR"},{"@type":"Person","@id":"https:\/\/www.altercampagne.net\/#\/schema\/person\/ea52458af5ca10d56e01a1b53249ddc4","name":"Julie","image":{"@type":"ImageObject","inLanguage":"fr-FR","@id":"https:\/\/secure.gravatar.com\/avatar\/33c4c11c34e0f9cccad9f436c1a60f900028dcdb26df84756951418faf70fa39?s=96&d=mm&r=g","url":"https:\/\/secure.gravatar.com\/avatar\/33c4c11c34e0f9cccad9f436c1a60f900028dcdb26df84756951418faf70fa39?s=96&d=mm&r=g","contentUrl":"https:\/\/secure.gravatar.com\/avatar\/33c4c11c34e0f9cccad9f436c1a60f900028dcdb26df84756951418faf70fa39?s=96&d=mm&r=g","caption":"Julie"},"url":"https:\/\/www.altercampagne.net\/?author=192"}]}},"_links":{"self":[{"href":"https:\/\/www.altercampagne.net\/index.php?rest_route=\/wp\/v2\/posts\/17792","targetHints":{"allow":["GET"]}}],"collection":[{"href":"https:\/\/www.altercampagne.net\/index.php?rest_route=\/wp\/v2\/posts"}],"about":[{"href":"https:\/\/www.altercampagne.net\/index.php?rest_route=\/wp\/v2\/types\/post"}],"author":[{"embeddable":true,"href":"https:\/\/www.altercampagne.net\/index.php?rest_route=\/wp\/v2\/users\/192"}],"replies":[{"embeddable":true,"href":"https:\/\/www.altercampagne.net\/index.php?rest_route=%2Fwp%2Fv2%2Fcomments&post=17792"}],"version-history":[{"count":2,"href":"https:\/\/www.altercampagne.net\/index.php?rest_route=\/wp\/v2\/posts\/17792\/revisions"}],"predecessor-version":[{"id":17795,"href":"https:\/\/www.altercampagne.net\/index.php?rest_route=\/wp\/v2\/posts\/17792\/revisions\/17795"}],"wp:featuredmedia":[{"embeddable":true,"href":"https:\/\/www.altercampagne.net\/index.php?rest_route=\/wp\/v2\/media\/17793"}],"wp:attachment":[{"href":"https:\/\/www.altercampagne.net\/index.php?rest_route=%2Fwp%2Fv2%2Fmedia&parent=17792"}],"wp:term":[{"taxonomy":"category","embeddable":true,"href":"https:\/\/www.altercampagne.net\/index.php?rest_route=%2Fwp%2Fv2%2Fcategories&post=17792"},{"taxonomy":"post_tag","embeddable":true,"href":"https:\/\/www.altercampagne.net\/index.php?rest_route=%2Fwp%2Fv2%2Ftags&post=17792"}],"curies":[{"name":"wp","href":"https:\/\/api.w.org\/{rel}","templated":true}]}}