{"id":17797,"date":"2021-01-10T18:44:00","date_gmt":"2021-01-10T17:44:00","guid":{"rendered":"http:\/\/www.altercampagne.net\/?p=17797"},"modified":"2024-10-28T14:13:23","modified_gmt":"2024-10-28T13:13:23","slug":"a-la-marmotte-masquee-on-pense-globale-et-on-agit-local","status":"publish","type":"post","link":"https:\/\/www.altercampagne.net\/?p=17797","title":{"rendered":"A la Marmotte Masqu\u00e9e, on pense global et on agit local !"},"content":{"rendered":"\n<h4 class=\"wp-block-heading\">Comment r\u00e9duire l\u2019impact environnemental d\u2019une brasserie&nbsp;? <\/h4>\n\n\n\n<p>A la <strong><a rel=\"noreferrer noopener\" aria-label=\"Marmotte Masqu\u00e9e (s\u2019ouvre dans un nouvel onglet)\" href=\"https:\/\/lamarmottemasquee.fr\/\" target=\"_blank\">Marmotte Masqu\u00e9e<\/a><\/strong> (\u00e0 Saint-Pierre-de-Chartreuse), Guillaume et Emmanuel tentent de r\u00e9pondre \u00e0 cette question au quotidien. En 2014, ils ach\u00e8tent une ancienne grange agricole typique de la Chartreuse, au pied de Chamechaude (sommet de 2082m d\u2019altitude). Le projet est pens\u00e9 dans sa globalit\u00e9&nbsp;: performance \u00e9nerg\u00e9tique du b\u00e2timent, traitement des eaux us\u00e9es, chaufferie, approvisionnement local et bio\u2026 Pour l\u2019isolation des murs, des planchers et du toit, nos chartroussins utilisent un mat\u00e9riau peu valoris\u00e9&nbsp;: des bouchons en li\u00e8ge&nbsp;! Les bouchons sont expans\u00e9s \u00e0 la vapeur d\u2019eau, s\u00e9ch\u00e9s puis broy\u00e9s. Le broya obtenu est un isolant naturel super efficace&nbsp;! <\/p>\n\n\n\n<p>Le malt bio est achet\u00e9 \u00e0 de petites malteries \u00e0 taille humaine de la r\u00e9gion. L\u2019eau provient des 8 sources de la commune. Elle est chauff\u00e9e par une chaudi\u00e8re \u00e0 granul\u00e9s pour l\u2019empattage (eau chaude + malt concass\u00e9) et le rin\u00e7age des dr\u00eaches. Les eaux us\u00e9es sont envoy\u00e9es dans la phyto\u00e9puration construite sur mesure pour la brasserie.<\/p>\n\n\n\n<h4 class=\"wp-block-heading\">A la Marmotte Masqu\u00e9e, la bi\u00e8re est unique&nbsp;!<\/h4>\n\n\n\n<p>En choisissant les malteries artisanales, on obtient un malt avec une plus grande variabilit\u00e9. En brassant sur des petits volumes on acc\u00e8de moins facilement que les \u00ab&nbsp;gros&nbsp;\u00bb aux stocks de houblon. Ces deux contraintes fortes favorisent la cr\u00e9ativit\u00e9&nbsp;! Guillaume et Emmanuel ont d\u00e9cid\u00e9 de faire des brassins uniques, en fonction de leur humeur. Ils ont gard\u00e9 leur \u00e2me de brasseur amateur et l\u2019envie d\u2019exp\u00e9rimenter toutes les recettes qui leur passent par la t\u00eate. <\/p>\n\n\n\n<p>La Marmotte Masqu\u00e9e accueillera le Bi\u00e8reTour le 14 et 15 mai 2021. Infos et inscriptions : <strong><a rel=\"noreferrer noopener\" aria-label=\"bieretour.net (s\u2019ouvre dans un nouvel onglet)\" href=\"https:\/\/www.bieretour.net\/\" target=\"_blank\">bieretour.net<\/a><\/strong><\/p>\n\n\n\n<p class=\"has-text-align-right\"><strong>Mathieu<\/strong><\/p>\n\n\n\n<p class=\"has-text-align-right has-white-color has-text-color has-link-color wp-elements-e0144f9824e3f3b5102a3cce89dd441e\"><strong>Mathieu Fromont<\/strong>, <a href=\"https:\/\/www.facebook.com\/BrasseriePlumeJurassienne\" target=\"_blank\" rel=\"noreferrer noopener\"><strong>Brasserie Plume Jurassienne<\/strong><\/a><\/p>\n\n\n\n<p><span class=\"visually-hidden\">Mathieu Fromont <a href=\"https:\/\/www.facebook.com\/BrasseriePlumeJurassienne\">Brasserie Plume Jurassienne<\/a> (Cramans, Jura)<\/span><\/p>\n","protected":false},"excerpt":{"rendered":"<p>En choisissant les malteries artisanales, on obtient un malt avec une plus grande variabilit\u00e9. En brassant sur des petits volumes on acc\u00e8de moins facilement que les \u00ab\u00a0gros\u00a0\u00bb aux stocks de houblon. Ces deux contraintes fortes favorisent la cr\u00e9ativit\u00e9\u00a0! Guillaume et Emmanuel ont d\u00e9cid\u00e9 de faire des brassins uniques, en fonction de leur humeur. Ils ont gard\u00e9 leur \u00e2me de brasseur amateur et l\u2019envie d\u2019exp\u00e9rimenter toutes les recettes qui leur passent par la t\u00eate.<\/p>\n","protected":false},"author":214,"featured_media":17798,"comment_status":"closed","ping_status":"closed","sticky":false,"template":"","format":"standard","meta":{"footnotes":""},"categories":[3471,4313,3574,4037,3967,3486,3485],"tags":[552,950,1982,2413,4146,4147,4450,4454,4466],"class_list":["post-17797","post","type-post","status-publish","format-standard","has-post-thumbnail","hentry","category-auvergne-rhone-alpes","category-altertour","category-bieretour","category-biere","category-edition-2020","category-environnement","category-habitat","tag-mathieu-fromont","tag-biere","tag-isere","tag-brasserie","tag-marmotte-masquee","tag-saint-pierre-de-chartreuse","tag-brasserie-plume-jurassienne","tag-brasserie-plume","tag-brasserie-artisanale"],"yoast_head":"<!-- This site is optimized with the Yoast SEO plugin v27.3 - https:\/\/yoast.com\/product\/yoast-seo-wordpress\/ -->\n<title>A la Marmotte Masqu\u00e9e, on pense global et on agit local ! - AlterTour<\/title>\n<meta name=\"robots\" content=\"index, follow, max-snippet:-1, max-image-preview:large, max-video-preview:-1\" \/>\n<link rel=\"canonical\" href=\"https:\/\/www.altercampagne.net\/?p=17797\" \/>\n<meta property=\"og:locale\" content=\"fr_FR\" \/>\n<meta property=\"og:type\" content=\"article\" \/>\n<meta property=\"og:title\" content=\"A la Marmotte Masqu\u00e9e, on pense global et on agit local ! - AlterTour\" \/>\n<meta property=\"og:description\" content=\"En choisissant les malteries artisanales, on obtient un malt avec une plus grande variabilit\u00e9. En brassant sur des petits volumes on acc\u00e8de moins facilement que les \u00ab\u00a0gros\u00a0\u00bb aux stocks de houblon. Ces deux contraintes fortes favorisent la cr\u00e9ativit\u00e9\u00a0! Guillaume et Emmanuel ont d\u00e9cid\u00e9 de faire des brassins uniques, en fonction de leur humeur. Ils ont gard\u00e9 leur \u00e2me de brasseur amateur et l\u2019envie d\u2019exp\u00e9rimenter toutes les recettes qui leur passent par la t\u00eate.\" \/>\n<meta property=\"og:url\" content=\"https:\/\/www.altercampagne.net\/?p=17797\" \/>\n<meta property=\"og:site_name\" content=\"AlterTour\" \/>\n<meta property=\"article:published_time\" content=\"2021-01-10T17:44:00+00:00\" \/>\n<meta property=\"article:modified_time\" content=\"2024-10-28T13:13:23+00:00\" \/>\n<meta property=\"og:image\" content=\"https:\/\/www.altercampagne.net\/wp-content\/uploads\/2020\/03\/La-Marmotte-Masqu\u00e9e.jpg\" \/>\n\t<meta property=\"og:image:width\" content=\"686\" \/>\n\t<meta property=\"og:image:height\" content=\"358\" \/>\n\t<meta property=\"og:image:type\" content=\"image\/jpeg\" \/>\n<meta name=\"author\" content=\"Mathieu\" \/>\n<meta name=\"twitter:card\" content=\"summary_large_image\" \/>\n<meta name=\"twitter:label1\" content=\"\u00c9crit par\" \/>\n\t<meta name=\"twitter:data1\" content=\"Mathieu\" \/>\n\t<meta name=\"twitter:label2\" content=\"Dur\u00e9e de lecture estim\u00e9e\" \/>\n\t<meta name=\"twitter:data2\" content=\"2 minutes\" \/>\n<script type=\"application\/ld+json\" class=\"yoast-schema-graph\">{\"@context\":\"https:\\\/\\\/schema.org\",\"@graph\":[{\"@type\":\"Article\",\"@id\":\"https:\\\/\\\/www.altercampagne.net\\\/?p=17797#article\",\"isPartOf\":{\"@id\":\"https:\\\/\\\/www.altercampagne.net\\\/?p=17797\"},\"author\":{\"name\":\"Mathieu\",\"@id\":\"https:\\\/\\\/www.altercampagne.net\\\/#\\\/schema\\\/person\\\/0f261460c09e430caa0f9bcffa319109\"},\"headline\":\"A la Marmotte Masqu\u00e9e, on pense global et on agit local !\",\"datePublished\":\"2021-01-10T17:44:00+00:00\",\"dateModified\":\"2024-10-28T13:13:23+00:00\",\"mainEntityOfPage\":{\"@id\":\"https:\\\/\\\/www.altercampagne.net\\\/?p=17797\"},\"wordCount\":320,\"image\":{\"@id\":\"https:\\\/\\\/www.altercampagne.net\\\/?p=17797#primaryimage\"},\"thumbnailUrl\":\"https:\\\/\\\/www.altercampagne.net\\\/wp-content\\\/uploads\\\/2020\\\/03\\\/La-Marmotte-Masqu\u00e9e.jpg\",\"keywords\":[\"Mathieu Fromont\",\"bi\u00e8re\",\"Is\u00e8re\",\"brasserie\",\"Marmotte Masqu\u00e9e\",\"Saint-Pierre-de-Chartreuse\",\"Brasserie Plume Jurassienne\",\"brasserie plume\",\"Brasserie Artisanale\"],\"articleSection\":[\"Auvergne-Rh\u00f4ne-Alpes\",\"AlterTour\",\"Bi\u00e8reTour\",\"Bi\u00e8re\",\"Edition 2020\",\"Environnement\",\"Habitat\"],\"inLanguage\":\"fr-FR\"},{\"@type\":\"WebPage\",\"@id\":\"https:\\\/\\\/www.altercampagne.net\\\/?p=17797\",\"url\":\"https:\\\/\\\/www.altercampagne.net\\\/?p=17797\",\"name\":\"A la Marmotte Masqu\u00e9e, on pense global et on agit local ! - AlterTour\",\"isPartOf\":{\"@id\":\"https:\\\/\\\/www.altercampagne.net\\\/#website\"},\"primaryImageOfPage\":{\"@id\":\"https:\\\/\\\/www.altercampagne.net\\\/?p=17797#primaryimage\"},\"image\":{\"@id\":\"https:\\\/\\\/www.altercampagne.net\\\/?p=17797#primaryimage\"},\"thumbnailUrl\":\"https:\\\/\\\/www.altercampagne.net\\\/wp-content\\\/uploads\\\/2020\\\/03\\\/La-Marmotte-Masqu\u00e9e.jpg\",\"datePublished\":\"2021-01-10T17:44:00+00:00\",\"dateModified\":\"2024-10-28T13:13:23+00:00\",\"author\":{\"@id\":\"https:\\\/\\\/www.altercampagne.net\\\/#\\\/schema\\\/person\\\/0f261460c09e430caa0f9bcffa319109\"},\"breadcrumb\":{\"@id\":\"https:\\\/\\\/www.altercampagne.net\\\/?p=17797#breadcrumb\"},\"inLanguage\":\"fr-FR\",\"potentialAction\":[{\"@type\":\"ReadAction\",\"target\":[\"https:\\\/\\\/www.altercampagne.net\\\/?p=17797\"]}]},{\"@type\":\"ImageObject\",\"inLanguage\":\"fr-FR\",\"@id\":\"https:\\\/\\\/www.altercampagne.net\\\/?p=17797#primaryimage\",\"url\":\"https:\\\/\\\/www.altercampagne.net\\\/wp-content\\\/uploads\\\/2020\\\/03\\\/La-Marmotte-Masqu\u00e9e.jpg\",\"contentUrl\":\"https:\\\/\\\/www.altercampagne.net\\\/wp-content\\\/uploads\\\/2020\\\/03\\\/La-Marmotte-Masqu\u00e9e.jpg\",\"width\":686,\"height\":358},{\"@type\":\"BreadcrumbList\",\"@id\":\"https:\\\/\\\/www.altercampagne.net\\\/?p=17797#breadcrumb\",\"itemListElement\":[{\"@type\":\"ListItem\",\"position\":1,\"name\":\"Accueil\",\"item\":\"https:\\\/\\\/www.altercampagne.net\\\/\"},{\"@type\":\"ListItem\",\"position\":2,\"name\":\"A la Marmotte Masqu\u00e9e, on pense global et on agit local !\"}]},{\"@type\":\"WebSite\",\"@id\":\"https:\\\/\\\/www.altercampagne.net\\\/#website\",\"url\":\"https:\\\/\\\/www.altercampagne.net\\\/\",\"name\":\"AlterTour\",\"description\":\"Reliez les Alternatives \u00e0 v\u00e9lo\",\"potentialAction\":[{\"@type\":\"SearchAction\",\"target\":{\"@type\":\"EntryPoint\",\"urlTemplate\":\"https:\\\/\\\/www.altercampagne.net\\\/?s={search_term_string}\"},\"query-input\":{\"@type\":\"PropertyValueSpecification\",\"valueRequired\":true,\"valueName\":\"search_term_string\"}}],\"inLanguage\":\"fr-FR\"},{\"@type\":\"Person\",\"@id\":\"https:\\\/\\\/www.altercampagne.net\\\/#\\\/schema\\\/person\\\/0f261460c09e430caa0f9bcffa319109\",\"name\":\"Mathieu\",\"image\":{\"@type\":\"ImageObject\",\"inLanguage\":\"fr-FR\",\"@id\":\"https:\\\/\\\/secure.gravatar.com\\\/avatar\\\/aa9d3d24c83f2141e5e2709d0f63d09a99f6be6bb7a50abc4915838d9f54501a?s=96&d=mm&r=g\",\"url\":\"https:\\\/\\\/secure.gravatar.com\\\/avatar\\\/aa9d3d24c83f2141e5e2709d0f63d09a99f6be6bb7a50abc4915838d9f54501a?s=96&d=mm&r=g\",\"contentUrl\":\"https:\\\/\\\/secure.gravatar.com\\\/avatar\\\/aa9d3d24c83f2141e5e2709d0f63d09a99f6be6bb7a50abc4915838d9f54501a?s=96&d=mm&r=g\",\"caption\":\"Mathieu\"},\"url\":\"https:\\\/\\\/www.altercampagne.net\\\/?author=214\"}]}<\/script>\n<!-- \/ Yoast SEO plugin. -->","yoast_head_json":{"title":"A la Marmotte Masqu\u00e9e, on pense global et on agit local ! - AlterTour","robots":{"index":"index","follow":"follow","max-snippet":"max-snippet:-1","max-image-preview":"max-image-preview:large","max-video-preview":"max-video-preview:-1"},"canonical":"https:\/\/www.altercampagne.net\/?p=17797","og_locale":"fr_FR","og_type":"article","og_title":"A la Marmotte Masqu\u00e9e, on pense global et on agit local ! - AlterTour","og_description":"En choisissant les malteries artisanales, on obtient un malt avec une plus grande variabilit\u00e9. En brassant sur des petits volumes on acc\u00e8de moins facilement que les \u00ab\u00a0gros\u00a0\u00bb aux stocks de houblon. Ces deux contraintes fortes favorisent la cr\u00e9ativit\u00e9\u00a0! Guillaume et Emmanuel ont d\u00e9cid\u00e9 de faire des brassins uniques, en fonction de leur humeur. Ils ont gard\u00e9 leur \u00e2me de brasseur amateur et l\u2019envie d\u2019exp\u00e9rimenter toutes les recettes qui leur passent par la t\u00eate.","og_url":"https:\/\/www.altercampagne.net\/?p=17797","og_site_name":"AlterTour","article_published_time":"2021-01-10T17:44:00+00:00","article_modified_time":"2024-10-28T13:13:23+00:00","og_image":[{"width":686,"height":358,"url":"https:\/\/www.altercampagne.net\/wp-content\/uploads\/2020\/03\/La-Marmotte-Masqu\u00e9e.jpg","type":"image\/jpeg"}],"author":"Mathieu","twitter_card":"summary_large_image","twitter_misc":{"\u00c9crit par":"Mathieu","Dur\u00e9e de lecture estim\u00e9e":"2 minutes"},"schema":{"@context":"https:\/\/schema.org","@graph":[{"@type":"Article","@id":"https:\/\/www.altercampagne.net\/?p=17797#article","isPartOf":{"@id":"https:\/\/www.altercampagne.net\/?p=17797"},"author":{"name":"Mathieu","@id":"https:\/\/www.altercampagne.net\/#\/schema\/person\/0f261460c09e430caa0f9bcffa319109"},"headline":"A la Marmotte Masqu\u00e9e, on pense global et on agit local !","datePublished":"2021-01-10T17:44:00+00:00","dateModified":"2024-10-28T13:13:23+00:00","mainEntityOfPage":{"@id":"https:\/\/www.altercampagne.net\/?p=17797"},"wordCount":320,"image":{"@id":"https:\/\/www.altercampagne.net\/?p=17797#primaryimage"},"thumbnailUrl":"https:\/\/www.altercampagne.net\/wp-content\/uploads\/2020\/03\/La-Marmotte-Masqu\u00e9e.jpg","keywords":["Mathieu Fromont","bi\u00e8re","Is\u00e8re","brasserie","Marmotte Masqu\u00e9e","Saint-Pierre-de-Chartreuse","Brasserie Plume Jurassienne","brasserie plume","Brasserie Artisanale"],"articleSection":["Auvergne-Rh\u00f4ne-Alpes","AlterTour","Bi\u00e8reTour","Bi\u00e8re","Edition 2020","Environnement","Habitat"],"inLanguage":"fr-FR"},{"@type":"WebPage","@id":"https:\/\/www.altercampagne.net\/?p=17797","url":"https:\/\/www.altercampagne.net\/?p=17797","name":"A la Marmotte Masqu\u00e9e, on pense global et on agit local ! - AlterTour","isPartOf":{"@id":"https:\/\/www.altercampagne.net\/#website"},"primaryImageOfPage":{"@id":"https:\/\/www.altercampagne.net\/?p=17797#primaryimage"},"image":{"@id":"https:\/\/www.altercampagne.net\/?p=17797#primaryimage"},"thumbnailUrl":"https:\/\/www.altercampagne.net\/wp-content\/uploads\/2020\/03\/La-Marmotte-Masqu\u00e9e.jpg","datePublished":"2021-01-10T17:44:00+00:00","dateModified":"2024-10-28T13:13:23+00:00","author":{"@id":"https:\/\/www.altercampagne.net\/#\/schema\/person\/0f261460c09e430caa0f9bcffa319109"},"breadcrumb":{"@id":"https:\/\/www.altercampagne.net\/?p=17797#breadcrumb"},"inLanguage":"fr-FR","potentialAction":[{"@type":"ReadAction","target":["https:\/\/www.altercampagne.net\/?p=17797"]}]},{"@type":"ImageObject","inLanguage":"fr-FR","@id":"https:\/\/www.altercampagne.net\/?p=17797#primaryimage","url":"https:\/\/www.altercampagne.net\/wp-content\/uploads\/2020\/03\/La-Marmotte-Masqu\u00e9e.jpg","contentUrl":"https:\/\/www.altercampagne.net\/wp-content\/uploads\/2020\/03\/La-Marmotte-Masqu\u00e9e.jpg","width":686,"height":358},{"@type":"BreadcrumbList","@id":"https:\/\/www.altercampagne.net\/?p=17797#breadcrumb","itemListElement":[{"@type":"ListItem","position":1,"name":"Accueil","item":"https:\/\/www.altercampagne.net\/"},{"@type":"ListItem","position":2,"name":"A la Marmotte Masqu\u00e9e, on pense global et on agit local !"}]},{"@type":"WebSite","@id":"https:\/\/www.altercampagne.net\/#website","url":"https:\/\/www.altercampagne.net\/","name":"AlterTour","description":"Reliez les Alternatives \u00e0 v\u00e9lo","potentialAction":[{"@type":"SearchAction","target":{"@type":"EntryPoint","urlTemplate":"https:\/\/www.altercampagne.net\/?s={search_term_string}"},"query-input":{"@type":"PropertyValueSpecification","valueRequired":true,"valueName":"search_term_string"}}],"inLanguage":"fr-FR"},{"@type":"Person","@id":"https:\/\/www.altercampagne.net\/#\/schema\/person\/0f261460c09e430caa0f9bcffa319109","name":"Mathieu","image":{"@type":"ImageObject","inLanguage":"fr-FR","@id":"https:\/\/secure.gravatar.com\/avatar\/aa9d3d24c83f2141e5e2709d0f63d09a99f6be6bb7a50abc4915838d9f54501a?s=96&d=mm&r=g","url":"https:\/\/secure.gravatar.com\/avatar\/aa9d3d24c83f2141e5e2709d0f63d09a99f6be6bb7a50abc4915838d9f54501a?s=96&d=mm&r=g","contentUrl":"https:\/\/secure.gravatar.com\/avatar\/aa9d3d24c83f2141e5e2709d0f63d09a99f6be6bb7a50abc4915838d9f54501a?s=96&d=mm&r=g","caption":"Mathieu"},"url":"https:\/\/www.altercampagne.net\/?author=214"}]}},"_links":{"self":[{"href":"https:\/\/www.altercampagne.net\/index.php?rest_route=\/wp\/v2\/posts\/17797","targetHints":{"allow":["GET"]}}],"collection":[{"href":"https:\/\/www.altercampagne.net\/index.php?rest_route=\/wp\/v2\/posts"}],"about":[{"href":"https:\/\/www.altercampagne.net\/index.php?rest_route=\/wp\/v2\/types\/post"}],"author":[{"embeddable":true,"href":"https:\/\/www.altercampagne.net\/index.php?rest_route=\/wp\/v2\/users\/214"}],"replies":[{"embeddable":true,"href":"https:\/\/www.altercampagne.net\/index.php?rest_route=%2Fwp%2Fv2%2Fcomments&post=17797"}],"version-history":[{"count":23,"href":"https:\/\/www.altercampagne.net\/index.php?rest_route=\/wp\/v2\/posts\/17797\/revisions"}],"predecessor-version":[{"id":28823,"href":"https:\/\/www.altercampagne.net\/index.php?rest_route=\/wp\/v2\/posts\/17797\/revisions\/28823"}],"wp:featuredmedia":[{"embeddable":true,"href":"https:\/\/www.altercampagne.net\/index.php?rest_route=\/wp\/v2\/media\/17798"}],"wp:attachment":[{"href":"https:\/\/www.altercampagne.net\/index.php?rest_route=%2Fwp%2Fv2%2Fmedia&parent=17797"}],"wp:term":[{"taxonomy":"category","embeddable":true,"href":"https:\/\/www.altercampagne.net\/index.php?rest_route=%2Fwp%2Fv2%2Fcategories&post=17797"},{"taxonomy":"post_tag","embeddable":true,"href":"https:\/\/www.altercampagne.net\/index.php?rest_route=%2Fwp%2Fv2%2Ftags&post=17797"}],"curies":[{"name":"wp","href":"https:\/\/api.w.org\/{rel}","templated":true}]}}