{"id":17851,"date":"2020-03-15T11:27:00","date_gmt":"2020-03-15T10:27:00","guid":{"rendered":"http:\/\/www.altercampagne.net\/?p=17851"},"modified":"2020-03-27T14:50:40","modified_gmt":"2020-03-27T13:50:40","slug":"bieretour-ou-pas-bieretour","status":"publish","type":"post","link":"https:\/\/www.altercampagne.net\/?p=17851","title":{"rendered":"Bi\u00e8reTour ou pas Bi\u00e8reTour ?"},"content":{"rendered":"\n<p>La situation est plut\u00f4t floue jusque l\u00e0, mais nous en avons discut\u00e9 entre membre de l&rsquo;orga et avec les accueillant\u00b7e\u00b7s du <a href=\"https:\/\/www.bieretour.net\/\" target=\"_blank\" rel=\"noreferrer noopener\" aria-label=\"Bi\u00e8reTour (s\u2019ouvre dans un nouvel onglet)\"><strong>Bi\u00e8reTour<\/strong><\/a>. Nous aimerions tous &#8211; si la situation le permet &#8211; <strong>maintenir le Bi\u00e8reTour<\/strong> !<\/p>\n\n\n\n<h4 class=\"wp-block-heading\">Tout est dans le \u00ab\u00a0si la situation le permet\u00a0\u00bb&#8230; <\/h4>\n\n\n\n<p>C&rsquo;est \u00e0 dire <strong>si<\/strong> le confinement est termin\u00e9 bien s\u00fbr, <strong>s&rsquo;il<\/strong> n&rsquo;y a pas de risque sanitaire, <strong>si<\/strong> le gouvernement autorise ce genre de projet, <strong>si<\/strong> les accueillant\u00b7e\u00b7s (qui sont actuellement tous d&rsquo;accord pour continuer) n&rsquo;ont pas des nouveaux probl\u00e8mes d&rsquo;ici l\u00e0&#8230; Donc<strong> on va tout faire pour le maintenir<\/strong>, mais nous ne sommes s\u00fbr de rien. C&rsquo;est aussi pour \u00e7a qu&rsquo;<strong>on a d\u00e9cid\u00e9 de garantir le remboursement \u00e0 100% <\/strong>de toute personne en faisant la demande. Les personnes d\u00e9j\u00e0 inscrites comme les personnes qui vont s&rsquo;inscrire. <strong>Donc si tu h\u00e9sitais un peu \u00e0 t&rsquo;inscrire, n&rsquo;h\u00e9sites plus !<\/strong> Au pire tu pourras annuler et te faire rembourser, y a encore plus de bonne raisons qu&rsquo;avant de s&rsquo;inscrire au Bi\u00e8reTour \ud83d\ude42<\/p>\n\n\n\n<p>Si les conditions permettent le d\u00e9roulement du Bi\u00e8reTour, nous serons alors tous bien content de faire du v\u00e9lo en plein air, d&rsquo;admirer les montagnes et de d\u00e9guster quelques bonnes bi\u00e8res &#x1f6b4;&#x200d;&#x2640;&#xfe0f;&#x1f37a;. Peut-\u00eatre m\u00eame qu&rsquo;on sera content de gravir les 1000m de d\u00e9nivel\u00e9 de la 3\u00e8me \u00e9tape du Bi\u00e8reTour, \u00e7a permettra d&rsquo;\u00e9vacuer les poign\u00e9es d&rsquo;amour accumul\u00e9es pendant le confinement \ud83d\ude42 <\/p>\n\n\n\n<p>Si le confinement est maintenu, nous envisageons de d\u00e9caler le Bi\u00e8reTour dans le temps. Juillet ? Ao\u00fbt ? Septembre ? Difficile de le dire aujourd&rsquo;hui. Si nous devions d\u00e9caler l&rsquo;\u00e9v\u00e8nement, nous consulterions les accueillants et les personnes inscrites pour trouver la p\u00e9riode id\u00e9ale.<\/p>\n\n\n\n<h4 class=\"wp-block-heading\">On compte sur toi ! <\/h4>\n\n\n\n<p>Donc comme on ne peut plus mettre d&rsquo;affiche dans les bar par ce que de toute fa\u00e7on on ne peut m\u00eame plus y aller boire un verre, n&rsquo;h\u00e9sites pas \u00e0 dire \u00e0 tous tes ami\u00b7e\u00b7s de venir te rejoindre sur le Bi\u00e8reTour post-corona, il reste de la place !<br>On va te tenir inform\u00e9\u00b7e au fur et \u00e0 mesure, en fonction des annonces gouvernementales sur la suite via la <a rel=\"noreferrer noopener\" aria-label=\"newsletter (s\u2019ouvre dans un nouvel onglet)\" href=\"https:\/\/gmail.us20.list-manage.com\/subscribe\/post?u=6bef111f7491c0c09f2f629bf&amp;id=a763eafc51\" target=\"_blank\"><strong>newsletter<\/strong><\/a> et la <a rel=\"noreferrer noopener\" aria-label=\"page FB du Bi\u00e8reTour (s\u2019ouvre dans un nouvel onglet)\" href=\"https:\/\/www.facebook.com\/pg\/Bi%C3%A8retour-295650344307865\/posts\/\" target=\"_blank\"><strong>page FB du Bi\u00e8reTour<\/strong><\/a>. <\/p>\n\n\n\n<figure class=\"wp-block-image size-large\"><img loading=\"lazy\" decoding=\"async\" width=\"929\" height=\"882\" src=\"http:\/\/www.altercampagne.net\/wp-content\/uploads\/2020\/03\/on_le_fait_quand_meme.png\" alt=\"\" class=\"wp-image-17886\" srcset=\"https:\/\/www.altercampagne.net\/wp-content\/uploads\/2020\/03\/on_le_fait_quand_meme.png 929w, https:\/\/www.altercampagne.net\/wp-content\/uploads\/2020\/03\/on_le_fait_quand_meme-300x285.png 300w, https:\/\/www.altercampagne.net\/wp-content\/uploads\/2020\/03\/on_le_fait_quand_meme-768x729.png 768w, https:\/\/www.altercampagne.net\/wp-content\/uploads\/2020\/03\/on_le_fait_quand_meme-610x579.png 610w, https:\/\/www.altercampagne.net\/wp-content\/uploads\/2020\/03\/on_le_fait_quand_meme-100x95.png 100w, https:\/\/www.altercampagne.net\/wp-content\/uploads\/2020\/03\/on_le_fait_quand_meme-862x818.png 862w\" sizes=\"auto, (max-width: 929px) 100vw, 929px\" \/><\/figure>\n","protected":false},"excerpt":{"rendered":"<p>La situation est plut\u00f4t floue jusque l\u00e0, mais nous en avons discut\u00e9 entre membre de l&rsquo;orga et avec les accueillant\u00b7e\u00b7s du Bi\u00e8reTour. Nous aimerions tous &#8211; si la situation le permet &#8211; maintenir le Bi\u00e8reTour ! Tout est dans le \u00ab\u00a0si la situation le permet\u00a0\u00bb&#8230; C&rsquo;est \u00e0 dire si le &#8230; <\/p>\n<div><a href=\"https:\/\/www.altercampagne.net\/?p=17851\" class=\"more-link\">Read More<\/a><\/div>\n","protected":false},"author":214,"featured_media":17852,"comment_status":"closed","ping_status":"closed","sticky":false,"template":"","format":"standard","meta":{"footnotes":""},"categories":[3471,3495,3574,4037],"tags":[3567,4150,4151,4152],"class_list":["post-17851","post","type-post","status-publish","format-standard","has-post-thumbnail","hentry","category-auvergne-rhone-alpes","category-bourgogne-franche-comte","category-bieretour","category-biere","tag-bieretour","tag-covid-19","tag-corona","tag-coronavirus"],"yoast_head":"<!-- This site is optimized with the Yoast SEO plugin v27.3 - https:\/\/yoast.com\/product\/yoast-seo-wordpress\/ -->\n<title>Bi\u00e8reTour ou pas Bi\u00e8reTour ? - AlterTour<\/title>\n<meta name=\"robots\" content=\"index, follow, max-snippet:-1, max-image-preview:large, max-video-preview:-1\" \/>\n<link rel=\"canonical\" href=\"https:\/\/www.altercampagne.net\/?p=17851\" \/>\n<meta property=\"og:locale\" content=\"fr_FR\" \/>\n<meta property=\"og:type\" content=\"article\" \/>\n<meta property=\"og:title\" content=\"Bi\u00e8reTour ou pas Bi\u00e8reTour ? - AlterTour\" \/>\n<meta property=\"og:description\" content=\"La situation est plut\u00f4t floue jusque l\u00e0, mais nous en avons discut\u00e9 entre membre de l&rsquo;orga et avec les accueillant\u00b7e\u00b7s du Bi\u00e8reTour. Nous aimerions tous &#8211; si la situation le permet &#8211; maintenir le Bi\u00e8reTour ! Tout est dans le \u00ab\u00a0si la situation le permet\u00a0\u00bb&#8230; C&rsquo;est \u00e0 dire si le ... Read More\" \/>\n<meta property=\"og:url\" content=\"https:\/\/www.altercampagne.net\/?p=17851\" \/>\n<meta property=\"og:site_name\" content=\"AlterTour\" \/>\n<meta property=\"article:published_time\" content=\"2020-03-15T10:27:00+00:00\" \/>\n<meta property=\"article:modified_time\" content=\"2020-03-27T13:50:40+00:00\" \/>\n<meta property=\"og:image\" content=\"https:\/\/www.altercampagne.net\/wp-content\/uploads\/2020\/03\/DSCF0626.jpg\" \/>\n\t<meta property=\"og:image:width\" content=\"900\" \/>\n\t<meta property=\"og:image:height\" content=\"470\" \/>\n\t<meta property=\"og:image:type\" content=\"image\/jpeg\" \/>\n<meta name=\"author\" content=\"Mathieu\" \/>\n<meta name=\"twitter:card\" content=\"summary_large_image\" \/>\n<meta name=\"twitter:label1\" content=\"\u00c9crit par\" \/>\n\t<meta name=\"twitter:data1\" content=\"Mathieu\" \/>\n\t<meta name=\"twitter:label2\" content=\"Dur\u00e9e de lecture estim\u00e9e\" \/>\n\t<meta name=\"twitter:data2\" content=\"2 minutes\" \/>\n<script type=\"application\/ld+json\" class=\"yoast-schema-graph\">{\"@context\":\"https:\\\/\\\/schema.org\",\"@graph\":[{\"@type\":\"Article\",\"@id\":\"https:\\\/\\\/www.altercampagne.net\\\/?p=17851#article\",\"isPartOf\":{\"@id\":\"https:\\\/\\\/www.altercampagne.net\\\/?p=17851\"},\"author\":{\"name\":\"Mathieu\",\"@id\":\"https:\\\/\\\/www.altercampagne.net\\\/#\\\/schema\\\/person\\\/0f261460c09e430caa0f9bcffa319109\"},\"headline\":\"Bi\u00e8reTour ou pas Bi\u00e8reTour ?\",\"datePublished\":\"2020-03-15T10:27:00+00:00\",\"dateModified\":\"2020-03-27T13:50:40+00:00\",\"mainEntityOfPage\":{\"@id\":\"https:\\\/\\\/www.altercampagne.net\\\/?p=17851\"},\"wordCount\":413,\"image\":{\"@id\":\"https:\\\/\\\/www.altercampagne.net\\\/?p=17851#primaryimage\"},\"thumbnailUrl\":\"https:\\\/\\\/www.altercampagne.net\\\/wp-content\\\/uploads\\\/2020\\\/03\\\/DSCF0626.jpg\",\"keywords\":[\"Bi\u00e8reTour\",\"covid-19\",\"corona\",\"coronavirus\"],\"articleSection\":[\"Auvergne-Rh\u00f4ne-Alpes\",\"Bourgogne-Franche-Comt\u00e9\",\"Bi\u00e8reTour\",\"Bi\u00e8re\"],\"inLanguage\":\"fr-FR\"},{\"@type\":\"WebPage\",\"@id\":\"https:\\\/\\\/www.altercampagne.net\\\/?p=17851\",\"url\":\"https:\\\/\\\/www.altercampagne.net\\\/?p=17851\",\"name\":\"Bi\u00e8reTour ou pas Bi\u00e8reTour ? - AlterTour\",\"isPartOf\":{\"@id\":\"https:\\\/\\\/www.altercampagne.net\\\/#website\"},\"primaryImageOfPage\":{\"@id\":\"https:\\\/\\\/www.altercampagne.net\\\/?p=17851#primaryimage\"},\"image\":{\"@id\":\"https:\\\/\\\/www.altercampagne.net\\\/?p=17851#primaryimage\"},\"thumbnailUrl\":\"https:\\\/\\\/www.altercampagne.net\\\/wp-content\\\/uploads\\\/2020\\\/03\\\/DSCF0626.jpg\",\"datePublished\":\"2020-03-15T10:27:00+00:00\",\"dateModified\":\"2020-03-27T13:50:40+00:00\",\"author\":{\"@id\":\"https:\\\/\\\/www.altercampagne.net\\\/#\\\/schema\\\/person\\\/0f261460c09e430caa0f9bcffa319109\"},\"breadcrumb\":{\"@id\":\"https:\\\/\\\/www.altercampagne.net\\\/?p=17851#breadcrumb\"},\"inLanguage\":\"fr-FR\",\"potentialAction\":[{\"@type\":\"ReadAction\",\"target\":[\"https:\\\/\\\/www.altercampagne.net\\\/?p=17851\"]}]},{\"@type\":\"ImageObject\",\"inLanguage\":\"fr-FR\",\"@id\":\"https:\\\/\\\/www.altercampagne.net\\\/?p=17851#primaryimage\",\"url\":\"https:\\\/\\\/www.altercampagne.net\\\/wp-content\\\/uploads\\\/2020\\\/03\\\/DSCF0626.jpg\",\"contentUrl\":\"https:\\\/\\\/www.altercampagne.net\\\/wp-content\\\/uploads\\\/2020\\\/03\\\/DSCF0626.jpg\",\"width\":900,\"height\":470},{\"@type\":\"BreadcrumbList\",\"@id\":\"https:\\\/\\\/www.altercampagne.net\\\/?p=17851#breadcrumb\",\"itemListElement\":[{\"@type\":\"ListItem\",\"position\":1,\"name\":\"Accueil\",\"item\":\"https:\\\/\\\/www.altercampagne.net\\\/\"},{\"@type\":\"ListItem\",\"position\":2,\"name\":\"Bi\u00e8reTour ou pas Bi\u00e8reTour ?\"}]},{\"@type\":\"WebSite\",\"@id\":\"https:\\\/\\\/www.altercampagne.net\\\/#website\",\"url\":\"https:\\\/\\\/www.altercampagne.net\\\/\",\"name\":\"AlterTour\",\"description\":\"Reliez les Alternatives \u00e0 v\u00e9lo\",\"potentialAction\":[{\"@type\":\"SearchAction\",\"target\":{\"@type\":\"EntryPoint\",\"urlTemplate\":\"https:\\\/\\\/www.altercampagne.net\\\/?s={search_term_string}\"},\"query-input\":{\"@type\":\"PropertyValueSpecification\",\"valueRequired\":true,\"valueName\":\"search_term_string\"}}],\"inLanguage\":\"fr-FR\"},{\"@type\":\"Person\",\"@id\":\"https:\\\/\\\/www.altercampagne.net\\\/#\\\/schema\\\/person\\\/0f261460c09e430caa0f9bcffa319109\",\"name\":\"Mathieu\",\"image\":{\"@type\":\"ImageObject\",\"inLanguage\":\"fr-FR\",\"@id\":\"https:\\\/\\\/secure.gravatar.com\\\/avatar\\\/aa9d3d24c83f2141e5e2709d0f63d09a99f6be6bb7a50abc4915838d9f54501a?s=96&d=mm&r=g\",\"url\":\"https:\\\/\\\/secure.gravatar.com\\\/avatar\\\/aa9d3d24c83f2141e5e2709d0f63d09a99f6be6bb7a50abc4915838d9f54501a?s=96&d=mm&r=g\",\"contentUrl\":\"https:\\\/\\\/secure.gravatar.com\\\/avatar\\\/aa9d3d24c83f2141e5e2709d0f63d09a99f6be6bb7a50abc4915838d9f54501a?s=96&d=mm&r=g\",\"caption\":\"Mathieu\"},\"url\":\"https:\\\/\\\/www.altercampagne.net\\\/?author=214\"}]}<\/script>\n<!-- \/ Yoast SEO plugin. -->","yoast_head_json":{"title":"Bi\u00e8reTour ou pas Bi\u00e8reTour ? - AlterTour","robots":{"index":"index","follow":"follow","max-snippet":"max-snippet:-1","max-image-preview":"max-image-preview:large","max-video-preview":"max-video-preview:-1"},"canonical":"https:\/\/www.altercampagne.net\/?p=17851","og_locale":"fr_FR","og_type":"article","og_title":"Bi\u00e8reTour ou pas Bi\u00e8reTour ? - AlterTour","og_description":"La situation est plut\u00f4t floue jusque l\u00e0, mais nous en avons discut\u00e9 entre membre de l&rsquo;orga et avec les accueillant\u00b7e\u00b7s du Bi\u00e8reTour. Nous aimerions tous &#8211; si la situation le permet &#8211; maintenir le Bi\u00e8reTour ! Tout est dans le \u00ab\u00a0si la situation le permet\u00a0\u00bb&#8230; C&rsquo;est \u00e0 dire si le ... Read More","og_url":"https:\/\/www.altercampagne.net\/?p=17851","og_site_name":"AlterTour","article_published_time":"2020-03-15T10:27:00+00:00","article_modified_time":"2020-03-27T13:50:40+00:00","og_image":[{"width":900,"height":470,"url":"https:\/\/www.altercampagne.net\/wp-content\/uploads\/2020\/03\/DSCF0626.jpg","type":"image\/jpeg"}],"author":"Mathieu","twitter_card":"summary_large_image","twitter_misc":{"\u00c9crit par":"Mathieu","Dur\u00e9e de lecture estim\u00e9e":"2 minutes"},"schema":{"@context":"https:\/\/schema.org","@graph":[{"@type":"Article","@id":"https:\/\/www.altercampagne.net\/?p=17851#article","isPartOf":{"@id":"https:\/\/www.altercampagne.net\/?p=17851"},"author":{"name":"Mathieu","@id":"https:\/\/www.altercampagne.net\/#\/schema\/person\/0f261460c09e430caa0f9bcffa319109"},"headline":"Bi\u00e8reTour ou pas Bi\u00e8reTour ?","datePublished":"2020-03-15T10:27:00+00:00","dateModified":"2020-03-27T13:50:40+00:00","mainEntityOfPage":{"@id":"https:\/\/www.altercampagne.net\/?p=17851"},"wordCount":413,"image":{"@id":"https:\/\/www.altercampagne.net\/?p=17851#primaryimage"},"thumbnailUrl":"https:\/\/www.altercampagne.net\/wp-content\/uploads\/2020\/03\/DSCF0626.jpg","keywords":["Bi\u00e8reTour","covid-19","corona","coronavirus"],"articleSection":["Auvergne-Rh\u00f4ne-Alpes","Bourgogne-Franche-Comt\u00e9","Bi\u00e8reTour","Bi\u00e8re"],"inLanguage":"fr-FR"},{"@type":"WebPage","@id":"https:\/\/www.altercampagne.net\/?p=17851","url":"https:\/\/www.altercampagne.net\/?p=17851","name":"Bi\u00e8reTour ou pas Bi\u00e8reTour ? - AlterTour","isPartOf":{"@id":"https:\/\/www.altercampagne.net\/#website"},"primaryImageOfPage":{"@id":"https:\/\/www.altercampagne.net\/?p=17851#primaryimage"},"image":{"@id":"https:\/\/www.altercampagne.net\/?p=17851#primaryimage"},"thumbnailUrl":"https:\/\/www.altercampagne.net\/wp-content\/uploads\/2020\/03\/DSCF0626.jpg","datePublished":"2020-03-15T10:27:00+00:00","dateModified":"2020-03-27T13:50:40+00:00","author":{"@id":"https:\/\/www.altercampagne.net\/#\/schema\/person\/0f261460c09e430caa0f9bcffa319109"},"breadcrumb":{"@id":"https:\/\/www.altercampagne.net\/?p=17851#breadcrumb"},"inLanguage":"fr-FR","potentialAction":[{"@type":"ReadAction","target":["https:\/\/www.altercampagne.net\/?p=17851"]}]},{"@type":"ImageObject","inLanguage":"fr-FR","@id":"https:\/\/www.altercampagne.net\/?p=17851#primaryimage","url":"https:\/\/www.altercampagne.net\/wp-content\/uploads\/2020\/03\/DSCF0626.jpg","contentUrl":"https:\/\/www.altercampagne.net\/wp-content\/uploads\/2020\/03\/DSCF0626.jpg","width":900,"height":470},{"@type":"BreadcrumbList","@id":"https:\/\/www.altercampagne.net\/?p=17851#breadcrumb","itemListElement":[{"@type":"ListItem","position":1,"name":"Accueil","item":"https:\/\/www.altercampagne.net\/"},{"@type":"ListItem","position":2,"name":"Bi\u00e8reTour ou pas Bi\u00e8reTour ?"}]},{"@type":"WebSite","@id":"https:\/\/www.altercampagne.net\/#website","url":"https:\/\/www.altercampagne.net\/","name":"AlterTour","description":"Reliez les Alternatives \u00e0 v\u00e9lo","potentialAction":[{"@type":"SearchAction","target":{"@type":"EntryPoint","urlTemplate":"https:\/\/www.altercampagne.net\/?s={search_term_string}"},"query-input":{"@type":"PropertyValueSpecification","valueRequired":true,"valueName":"search_term_string"}}],"inLanguage":"fr-FR"},{"@type":"Person","@id":"https:\/\/www.altercampagne.net\/#\/schema\/person\/0f261460c09e430caa0f9bcffa319109","name":"Mathieu","image":{"@type":"ImageObject","inLanguage":"fr-FR","@id":"https:\/\/secure.gravatar.com\/avatar\/aa9d3d24c83f2141e5e2709d0f63d09a99f6be6bb7a50abc4915838d9f54501a?s=96&d=mm&r=g","url":"https:\/\/secure.gravatar.com\/avatar\/aa9d3d24c83f2141e5e2709d0f63d09a99f6be6bb7a50abc4915838d9f54501a?s=96&d=mm&r=g","contentUrl":"https:\/\/secure.gravatar.com\/avatar\/aa9d3d24c83f2141e5e2709d0f63d09a99f6be6bb7a50abc4915838d9f54501a?s=96&d=mm&r=g","caption":"Mathieu"},"url":"https:\/\/www.altercampagne.net\/?author=214"}]}},"_links":{"self":[{"href":"https:\/\/www.altercampagne.net\/index.php?rest_route=\/wp\/v2\/posts\/17851","targetHints":{"allow":["GET"]}}],"collection":[{"href":"https:\/\/www.altercampagne.net\/index.php?rest_route=\/wp\/v2\/posts"}],"about":[{"href":"https:\/\/www.altercampagne.net\/index.php?rest_route=\/wp\/v2\/types\/post"}],"author":[{"embeddable":true,"href":"https:\/\/www.altercampagne.net\/index.php?rest_route=\/wp\/v2\/users\/214"}],"replies":[{"embeddable":true,"href":"https:\/\/www.altercampagne.net\/index.php?rest_route=%2Fwp%2Fv2%2Fcomments&post=17851"}],"version-history":[{"count":9,"href":"https:\/\/www.altercampagne.net\/index.php?rest_route=\/wp\/v2\/posts\/17851\/revisions"}],"predecessor-version":[{"id":17893,"href":"https:\/\/www.altercampagne.net\/index.php?rest_route=\/wp\/v2\/posts\/17851\/revisions\/17893"}],"wp:featuredmedia":[{"embeddable":true,"href":"https:\/\/www.altercampagne.net\/index.php?rest_route=\/wp\/v2\/media\/17852"}],"wp:attachment":[{"href":"https:\/\/www.altercampagne.net\/index.php?rest_route=%2Fwp%2Fv2%2Fmedia&parent=17851"}],"wp:term":[{"taxonomy":"category","embeddable":true,"href":"https:\/\/www.altercampagne.net\/index.php?rest_route=%2Fwp%2Fv2%2Fcategories&post=17851"},{"taxonomy":"post_tag","embeddable":true,"href":"https:\/\/www.altercampagne.net\/index.php?rest_route=%2Fwp%2Fv2%2Ftags&post=17851"}],"curies":[{"name":"wp","href":"https:\/\/api.w.org\/{rel}","templated":true}]}}