{"id":17935,"date":"2020-03-31T06:00:00","date_gmt":"2020-03-31T04:00:00","guid":{"rendered":"http:\/\/www.altercampagne.net\/?p=17935"},"modified":"2024-10-28T14:15:59","modified_gmt":"2024-10-28T13:15:59","slug":"1-personne-1-voix","status":"publish","type":"post","link":"https:\/\/www.altercampagne.net\/?p=17935","title":{"rendered":"1 personne = 1 voix !"},"content":{"rendered":"\n<p>Aux <strong><a rel=\"noreferrer noopener\" aria-label=\"Bi\u00e8res du Temps (s\u2019ouvre dans un nouvel onglet)\" href=\"https:\/\/www.lesbieresdutemps.com\/\" target=\"_blank\">Bi\u00e8res du Temps<\/a><\/strong> (\u00e0 Champier) on d\u00e9cide ensemble ! Les 5 salari\u00e9s : Julie, Pauline, C\u00e9cile, Robert et \u00c9tienne d\u00e9tiennent la majorit\u00e9 du capital de la Soci\u00e9t\u00e9 Coop\u00e9rative de Production (SCOP). Pendant les assembl\u00e9es g\u00e9n\u00e9rales (AG), les d\u00e9cisions sont prises en commun et les coop\u00e9rateurs sont \u00e0 \u00e9galit\u00e9. Les investissements, les embauches, les augmentations\u2026 toutes ces d\u00e9cisions importantes sont prises par le collectif. Du c\u00f4t\u00e9 des b\u00e9n\u00e9fices, ils sont r\u00e9partis \u00e9quitablement entre l\u2019entreprise (r\u00e9serves), les salari\u00e9s (participation) et les associ\u00e9s (dividendes).<\/p>\n\n\n\n<h4 class=\"wp-block-heading\">La fili\u00e8re bio au c\u0153ur du projet<\/h4>\n\n\n\n<p>Brasser une bi\u00e8re 100% bio a \u00e9t\u00e9 une \u00e9vidence d\u00e8s les premiers pas de la brasserie en 2011. Ici, pas d\u2019intrants chimiques de synth\u00e8se dans l\u2019orge brassicole et le houblon achet\u00e9 par le collectif. Pas d\u2019additifs suspects pour rehausser le go\u00fbt ou pour modifier la tenue de mousse. On laisse la nature agir le temps qu\u2019il faut. Une semaine de fermentation + deux semaines de garde pour permettre \u00e0 la bi\u00e8re de d\u00e9velopper ses ar\u00f4mes. Voici les doux noms des bi\u00e8res propos\u00e9es : \u00ab Au fils du temps \u00bb, \u00ab La nuit des temps \u00bb, \u00ab Au temps pour moi \u00bb, \u00ab L\u2019air du temps \u00bb et \u00ab Temp\u00eate am\u00e8re \u00bb.<\/p>\n\n\n\n<p> Les Bi\u00e8res du Temps accueilleront le Bi\u00e8reTour le 16 mai 2020, infos et inscriptions : <strong><a rel=\"noreferrer noopener\" href=\"https:\/\/www.bieretour.net\/\" target=\"_blank\">bieretour.net<\/a><\/strong> <\/p>\n\n\n\n<p class=\"has-text-align-right\"><strong>Mathieu<\/strong><\/p>\n\n\n\n<p class=\"has-text-align-right has-white-color has-text-color has-link-color wp-elements-4479f4247ab452b77d9cb5686481002e\"><strong>Mathieu Fromont<\/strong>, <a href=\"https:\/\/www.facebook.com\/BrasseriePlumeJurassienne\" target=\"_blank\" rel=\"noreferrer noopener\"><strong>Brasserie Plume Jur<\/strong><\/a><a href=\"https:\/\/www.facebook.com\/BrasseriePlumeJurassienne\"><strong>assienne<\/strong><\/a><\/p>\n\n\n\n<p><span class=\"visually-hidden\">Mathieu Fromont <a href=\"https:\/\/www.facebook.com\/BrasseriePlumeJurassienne\">Brasserie Plume Jurassienne<\/a> (Cramans, Jura)<\/span><\/p>\n","protected":false},"excerpt":{"rendered":"<p>Aux Bi\u00e8res du Temps (\u00e0 Champier) on d\u00e9cide ensemble ! Les 5 salari\u00e9s : Julie, Pauline, C\u00e9cile, Robert et \u00c9tienne d\u00e9tiennent la majorit\u00e9 du capital de la Soci\u00e9t\u00e9 Coop\u00e9rative de Production (SCOP). Pendant les assembl\u00e9es g\u00e9n\u00e9rales (AG), les d\u00e9cisions sont prises en commun et les coop\u00e9rateurs sont \u00e0 \u00e9galit\u00e9. Les &#8230; <\/p>\n<div><a href=\"https:\/\/www.altercampagne.net\/?p=17935\" class=\"more-link\">Read More<\/a><\/div>\n","protected":false},"author":214,"featured_media":17936,"comment_status":"closed","ping_status":"closed","sticky":false,"template":"","format":"standard","meta":{"footnotes":""},"categories":[3471,3574,4037,3967],"tags":[552,1489,1658,1727,1982,4153,4154,4450,4454],"class_list":["post-17935","post","type-post","status-publish","format-standard","has-post-thumbnail","hentry","category-auvergne-rhone-alpes","category-bieretour","category-biere","category-edition-2020","tag-mathieu-fromont","tag-auvergne-rhone-alpes","tag-rhone-alpes","tag-scop","tag-isere","tag-bieres-du-temps","tag-champier","tag-brasserie-plume-jurassienne","tag-brasserie-plume"],"yoast_head":"<!-- This site is optimized with the Yoast SEO plugin v27.3 - https:\/\/yoast.com\/product\/yoast-seo-wordpress\/ -->\n<title>1 personne = 1 voix ! - AlterTour<\/title>\n<meta name=\"robots\" content=\"index, follow, max-snippet:-1, max-image-preview:large, max-video-preview:-1\" \/>\n<link rel=\"canonical\" href=\"https:\/\/www.altercampagne.net\/?p=17935\" \/>\n<meta property=\"og:locale\" content=\"fr_FR\" \/>\n<meta property=\"og:type\" content=\"article\" \/>\n<meta property=\"og:title\" content=\"1 personne = 1 voix ! - AlterTour\" \/>\n<meta property=\"og:description\" content=\"Aux Bi\u00e8res du Temps (\u00e0 Champier) on d\u00e9cide ensemble ! Les 5 salari\u00e9s : Julie, Pauline, C\u00e9cile, Robert et \u00c9tienne d\u00e9tiennent la majorit\u00e9 du capital de la Soci\u00e9t\u00e9 Coop\u00e9rative de Production (SCOP). Pendant les assembl\u00e9es g\u00e9n\u00e9rales (AG), les d\u00e9cisions sont prises en commun et les coop\u00e9rateurs sont \u00e0 \u00e9galit\u00e9. Les ... Read More\" \/>\n<meta property=\"og:url\" content=\"https:\/\/www.altercampagne.net\/?p=17935\" \/>\n<meta property=\"og:site_name\" content=\"AlterTour\" \/>\n<meta property=\"article:published_time\" content=\"2020-03-31T04:00:00+00:00\" \/>\n<meta property=\"article:modified_time\" content=\"2024-10-28T13:15:59+00:00\" \/>\n<meta property=\"og:image\" content=\"https:\/\/www.altercampagne.net\/wp-content\/uploads\/2020\/03\/Les-Bi\u00e8res-du-Temps.jpg\" \/>\n\t<meta property=\"og:image:width\" content=\"960\" \/>\n\t<meta property=\"og:image:height\" content=\"502\" \/>\n\t<meta property=\"og:image:type\" content=\"image\/jpeg\" \/>\n<meta name=\"author\" content=\"Mathieu\" \/>\n<meta name=\"twitter:card\" content=\"summary_large_image\" \/>\n<meta name=\"twitter:label1\" content=\"\u00c9crit par\" \/>\n\t<meta name=\"twitter:data1\" content=\"Mathieu\" \/>\n\t<meta name=\"twitter:label2\" content=\"Dur\u00e9e de lecture estim\u00e9e\" \/>\n\t<meta name=\"twitter:data2\" content=\"2 minutes\" \/>\n<script type=\"application\/ld+json\" class=\"yoast-schema-graph\">{\"@context\":\"https:\\\/\\\/schema.org\",\"@graph\":[{\"@type\":\"Article\",\"@id\":\"https:\\\/\\\/www.altercampagne.net\\\/?p=17935#article\",\"isPartOf\":{\"@id\":\"https:\\\/\\\/www.altercampagne.net\\\/?p=17935\"},\"author\":{\"name\":\"Mathieu\",\"@id\":\"https:\\\/\\\/www.altercampagne.net\\\/#\\\/schema\\\/person\\\/0f261460c09e430caa0f9bcffa319109\"},\"headline\":\"1 personne = 1 voix !\",\"datePublished\":\"2020-03-31T04:00:00+00:00\",\"dateModified\":\"2024-10-28T13:15:59+00:00\",\"mainEntityOfPage\":{\"@id\":\"https:\\\/\\\/www.altercampagne.net\\\/?p=17935\"},\"wordCount\":251,\"image\":{\"@id\":\"https:\\\/\\\/www.altercampagne.net\\\/?p=17935#primaryimage\"},\"thumbnailUrl\":\"https:\\\/\\\/www.altercampagne.net\\\/wp-content\\\/uploads\\\/2020\\\/03\\\/Les-Bi\u00e8res-du-Temps.jpg\",\"keywords\":[\"Mathieu Fromont\",\"Auvergne-Rh\u00f4ne-Alpes\",\"Rho\u0302ne-Alpes\",\"SCOP\",\"Is\u00e8re\",\"Bi\u00e8res du temps\",\"Champier\",\"Brasserie Plume Jurassienne\",\"brasserie plume\"],\"articleSection\":[\"Auvergne-Rh\u00f4ne-Alpes\",\"Bi\u00e8reTour\",\"Bi\u00e8re\",\"Edition 2020\"],\"inLanguage\":\"fr-FR\"},{\"@type\":\"WebPage\",\"@id\":\"https:\\\/\\\/www.altercampagne.net\\\/?p=17935\",\"url\":\"https:\\\/\\\/www.altercampagne.net\\\/?p=17935\",\"name\":\"1 personne = 1 voix ! - AlterTour\",\"isPartOf\":{\"@id\":\"https:\\\/\\\/www.altercampagne.net\\\/#website\"},\"primaryImageOfPage\":{\"@id\":\"https:\\\/\\\/www.altercampagne.net\\\/?p=17935#primaryimage\"},\"image\":{\"@id\":\"https:\\\/\\\/www.altercampagne.net\\\/?p=17935#primaryimage\"},\"thumbnailUrl\":\"https:\\\/\\\/www.altercampagne.net\\\/wp-content\\\/uploads\\\/2020\\\/03\\\/Les-Bi\u00e8res-du-Temps.jpg\",\"datePublished\":\"2020-03-31T04:00:00+00:00\",\"dateModified\":\"2024-10-28T13:15:59+00:00\",\"author\":{\"@id\":\"https:\\\/\\\/www.altercampagne.net\\\/#\\\/schema\\\/person\\\/0f261460c09e430caa0f9bcffa319109\"},\"breadcrumb\":{\"@id\":\"https:\\\/\\\/www.altercampagne.net\\\/?p=17935#breadcrumb\"},\"inLanguage\":\"fr-FR\",\"potentialAction\":[{\"@type\":\"ReadAction\",\"target\":[\"https:\\\/\\\/www.altercampagne.net\\\/?p=17935\"]}]},{\"@type\":\"ImageObject\",\"inLanguage\":\"fr-FR\",\"@id\":\"https:\\\/\\\/www.altercampagne.net\\\/?p=17935#primaryimage\",\"url\":\"https:\\\/\\\/www.altercampagne.net\\\/wp-content\\\/uploads\\\/2020\\\/03\\\/Les-Bi\u00e8res-du-Temps.jpg\",\"contentUrl\":\"https:\\\/\\\/www.altercampagne.net\\\/wp-content\\\/uploads\\\/2020\\\/03\\\/Les-Bi\u00e8res-du-Temps.jpg\",\"width\":960,\"height\":502},{\"@type\":\"BreadcrumbList\",\"@id\":\"https:\\\/\\\/www.altercampagne.net\\\/?p=17935#breadcrumb\",\"itemListElement\":[{\"@type\":\"ListItem\",\"position\":1,\"name\":\"Accueil\",\"item\":\"https:\\\/\\\/www.altercampagne.net\\\/\"},{\"@type\":\"ListItem\",\"position\":2,\"name\":\"1 personne = 1 voix !\"}]},{\"@type\":\"WebSite\",\"@id\":\"https:\\\/\\\/www.altercampagne.net\\\/#website\",\"url\":\"https:\\\/\\\/www.altercampagne.net\\\/\",\"name\":\"AlterTour\",\"description\":\"Reliez les Alternatives \u00e0 v\u00e9lo\",\"potentialAction\":[{\"@type\":\"SearchAction\",\"target\":{\"@type\":\"EntryPoint\",\"urlTemplate\":\"https:\\\/\\\/www.altercampagne.net\\\/?s={search_term_string}\"},\"query-input\":{\"@type\":\"PropertyValueSpecification\",\"valueRequired\":true,\"valueName\":\"search_term_string\"}}],\"inLanguage\":\"fr-FR\"},{\"@type\":\"Person\",\"@id\":\"https:\\\/\\\/www.altercampagne.net\\\/#\\\/schema\\\/person\\\/0f261460c09e430caa0f9bcffa319109\",\"name\":\"Mathieu\",\"image\":{\"@type\":\"ImageObject\",\"inLanguage\":\"fr-FR\",\"@id\":\"https:\\\/\\\/secure.gravatar.com\\\/avatar\\\/aa9d3d24c83f2141e5e2709d0f63d09a99f6be6bb7a50abc4915838d9f54501a?s=96&d=mm&r=g\",\"url\":\"https:\\\/\\\/secure.gravatar.com\\\/avatar\\\/aa9d3d24c83f2141e5e2709d0f63d09a99f6be6bb7a50abc4915838d9f54501a?s=96&d=mm&r=g\",\"contentUrl\":\"https:\\\/\\\/secure.gravatar.com\\\/avatar\\\/aa9d3d24c83f2141e5e2709d0f63d09a99f6be6bb7a50abc4915838d9f54501a?s=96&d=mm&r=g\",\"caption\":\"Mathieu\"},\"url\":\"https:\\\/\\\/www.altercampagne.net\\\/?author=214\"}]}<\/script>\n<!-- \/ Yoast SEO plugin. -->","yoast_head_json":{"title":"1 personne = 1 voix ! - AlterTour","robots":{"index":"index","follow":"follow","max-snippet":"max-snippet:-1","max-image-preview":"max-image-preview:large","max-video-preview":"max-video-preview:-1"},"canonical":"https:\/\/www.altercampagne.net\/?p=17935","og_locale":"fr_FR","og_type":"article","og_title":"1 personne = 1 voix ! - AlterTour","og_description":"Aux Bi\u00e8res du Temps (\u00e0 Champier) on d\u00e9cide ensemble ! Les 5 salari\u00e9s : Julie, Pauline, C\u00e9cile, Robert et \u00c9tienne d\u00e9tiennent la majorit\u00e9 du capital de la Soci\u00e9t\u00e9 Coop\u00e9rative de Production (SCOP). Pendant les assembl\u00e9es g\u00e9n\u00e9rales (AG), les d\u00e9cisions sont prises en commun et les coop\u00e9rateurs sont \u00e0 \u00e9galit\u00e9. Les ... Read More","og_url":"https:\/\/www.altercampagne.net\/?p=17935","og_site_name":"AlterTour","article_published_time":"2020-03-31T04:00:00+00:00","article_modified_time":"2024-10-28T13:15:59+00:00","og_image":[{"width":960,"height":502,"url":"https:\/\/www.altercampagne.net\/wp-content\/uploads\/2020\/03\/Les-Bi\u00e8res-du-Temps.jpg","type":"image\/jpeg"}],"author":"Mathieu","twitter_card":"summary_large_image","twitter_misc":{"\u00c9crit par":"Mathieu","Dur\u00e9e de lecture estim\u00e9e":"2 minutes"},"schema":{"@context":"https:\/\/schema.org","@graph":[{"@type":"Article","@id":"https:\/\/www.altercampagne.net\/?p=17935#article","isPartOf":{"@id":"https:\/\/www.altercampagne.net\/?p=17935"},"author":{"name":"Mathieu","@id":"https:\/\/www.altercampagne.net\/#\/schema\/person\/0f261460c09e430caa0f9bcffa319109"},"headline":"1 personne = 1 voix !","datePublished":"2020-03-31T04:00:00+00:00","dateModified":"2024-10-28T13:15:59+00:00","mainEntityOfPage":{"@id":"https:\/\/www.altercampagne.net\/?p=17935"},"wordCount":251,"image":{"@id":"https:\/\/www.altercampagne.net\/?p=17935#primaryimage"},"thumbnailUrl":"https:\/\/www.altercampagne.net\/wp-content\/uploads\/2020\/03\/Les-Bi\u00e8res-du-Temps.jpg","keywords":["Mathieu Fromont","Auvergne-Rh\u00f4ne-Alpes","Rho\u0302ne-Alpes","SCOP","Is\u00e8re","Bi\u00e8res du temps","Champier","Brasserie Plume Jurassienne","brasserie plume"],"articleSection":["Auvergne-Rh\u00f4ne-Alpes","Bi\u00e8reTour","Bi\u00e8re","Edition 2020"],"inLanguage":"fr-FR"},{"@type":"WebPage","@id":"https:\/\/www.altercampagne.net\/?p=17935","url":"https:\/\/www.altercampagne.net\/?p=17935","name":"1 personne = 1 voix ! - AlterTour","isPartOf":{"@id":"https:\/\/www.altercampagne.net\/#website"},"primaryImageOfPage":{"@id":"https:\/\/www.altercampagne.net\/?p=17935#primaryimage"},"image":{"@id":"https:\/\/www.altercampagne.net\/?p=17935#primaryimage"},"thumbnailUrl":"https:\/\/www.altercampagne.net\/wp-content\/uploads\/2020\/03\/Les-Bi\u00e8res-du-Temps.jpg","datePublished":"2020-03-31T04:00:00+00:00","dateModified":"2024-10-28T13:15:59+00:00","author":{"@id":"https:\/\/www.altercampagne.net\/#\/schema\/person\/0f261460c09e430caa0f9bcffa319109"},"breadcrumb":{"@id":"https:\/\/www.altercampagne.net\/?p=17935#breadcrumb"},"inLanguage":"fr-FR","potentialAction":[{"@type":"ReadAction","target":["https:\/\/www.altercampagne.net\/?p=17935"]}]},{"@type":"ImageObject","inLanguage":"fr-FR","@id":"https:\/\/www.altercampagne.net\/?p=17935#primaryimage","url":"https:\/\/www.altercampagne.net\/wp-content\/uploads\/2020\/03\/Les-Bi\u00e8res-du-Temps.jpg","contentUrl":"https:\/\/www.altercampagne.net\/wp-content\/uploads\/2020\/03\/Les-Bi\u00e8res-du-Temps.jpg","width":960,"height":502},{"@type":"BreadcrumbList","@id":"https:\/\/www.altercampagne.net\/?p=17935#breadcrumb","itemListElement":[{"@type":"ListItem","position":1,"name":"Accueil","item":"https:\/\/www.altercampagne.net\/"},{"@type":"ListItem","position":2,"name":"1 personne = 1 voix !"}]},{"@type":"WebSite","@id":"https:\/\/www.altercampagne.net\/#website","url":"https:\/\/www.altercampagne.net\/","name":"AlterTour","description":"Reliez les Alternatives \u00e0 v\u00e9lo","potentialAction":[{"@type":"SearchAction","target":{"@type":"EntryPoint","urlTemplate":"https:\/\/www.altercampagne.net\/?s={search_term_string}"},"query-input":{"@type":"PropertyValueSpecification","valueRequired":true,"valueName":"search_term_string"}}],"inLanguage":"fr-FR"},{"@type":"Person","@id":"https:\/\/www.altercampagne.net\/#\/schema\/person\/0f261460c09e430caa0f9bcffa319109","name":"Mathieu","image":{"@type":"ImageObject","inLanguage":"fr-FR","@id":"https:\/\/secure.gravatar.com\/avatar\/aa9d3d24c83f2141e5e2709d0f63d09a99f6be6bb7a50abc4915838d9f54501a?s=96&d=mm&r=g","url":"https:\/\/secure.gravatar.com\/avatar\/aa9d3d24c83f2141e5e2709d0f63d09a99f6be6bb7a50abc4915838d9f54501a?s=96&d=mm&r=g","contentUrl":"https:\/\/secure.gravatar.com\/avatar\/aa9d3d24c83f2141e5e2709d0f63d09a99f6be6bb7a50abc4915838d9f54501a?s=96&d=mm&r=g","caption":"Mathieu"},"url":"https:\/\/www.altercampagne.net\/?author=214"}]}},"_links":{"self":[{"href":"https:\/\/www.altercampagne.net\/index.php?rest_route=\/wp\/v2\/posts\/17935","targetHints":{"allow":["GET"]}}],"collection":[{"href":"https:\/\/www.altercampagne.net\/index.php?rest_route=\/wp\/v2\/posts"}],"about":[{"href":"https:\/\/www.altercampagne.net\/index.php?rest_route=\/wp\/v2\/types\/post"}],"author":[{"embeddable":true,"href":"https:\/\/www.altercampagne.net\/index.php?rest_route=\/wp\/v2\/users\/214"}],"replies":[{"embeddable":true,"href":"https:\/\/www.altercampagne.net\/index.php?rest_route=%2Fwp%2Fv2%2Fcomments&post=17935"}],"version-history":[{"count":8,"href":"https:\/\/www.altercampagne.net\/index.php?rest_route=\/wp\/v2\/posts\/17935\/revisions"}],"predecessor-version":[{"id":28610,"href":"https:\/\/www.altercampagne.net\/index.php?rest_route=\/wp\/v2\/posts\/17935\/revisions\/28610"}],"wp:featuredmedia":[{"embeddable":true,"href":"https:\/\/www.altercampagne.net\/index.php?rest_route=\/wp\/v2\/media\/17936"}],"wp:attachment":[{"href":"https:\/\/www.altercampagne.net\/index.php?rest_route=%2Fwp%2Fv2%2Fmedia&parent=17935"}],"wp:term":[{"taxonomy":"category","embeddable":true,"href":"https:\/\/www.altercampagne.net\/index.php?rest_route=%2Fwp%2Fv2%2Fcategories&post=17935"},{"taxonomy":"post_tag","embeddable":true,"href":"https:\/\/www.altercampagne.net\/index.php?rest_route=%2Fwp%2Fv2%2Ftags&post=17935"}],"curies":[{"name":"wp","href":"https:\/\/api.w.org\/{rel}","templated":true}]}}