{"id":17954,"date":"2020-04-01T14:03:31","date_gmt":"2020-04-01T12:03:31","guid":{"rendered":"http:\/\/www.altercampagne.net\/?p=17954"},"modified":"2021-05-06T10:42:34","modified_gmt":"2021-05-06T08:42:34","slug":"le-ou-comment-faire-eclore-1-million-didees-en-7-lettres","status":"publish","type":"post","link":"https:\/\/www.altercampagne.net\/?p=17954","title":{"rendered":"L&rsquo;ECREVIS ou comment faire \u00e9clore 1 million d&rsquo;id\u00e9es en 7 lettres ?"},"content":{"rendered":"\n<h4 class=\"wp-block-heading\">L\u2019ECREVIS s\u2019incruste assez \u00e0 Annecy<\/h4>\n\n\n\n<p>C\u2019est en 2018 que cet <strong>E<\/strong>space <strong>C<\/strong>ommun de <strong>R<\/strong>encontres <strong>E<\/strong>xtraordinaires <strong>V<\/strong>ecteur d\u2019<strong>I<\/strong>d\u00e9es \u00e0 <strong>S<\/strong>uivre (<strong><a rel=\"noreferrer noopener\" aria-label=\"ECREVIS (s\u2019ouvre dans un nouvel onglet)\" href=\"https:\/\/ecrevis.eco\/site\/\" target=\"_blank\">ECREVIS<\/a><\/strong>) voit le jour. Dans une ancienne menuiserie sur les hauteurs d\u2019Annecy, un collectif lance le projet utopique de mutualiser un <strong>espace mixte et ouvert \u00e0 tous<\/strong>. \u00c0 l\u2019ECREVIS, on a d\u00e9cid\u00e9 d\u2019exp\u00e9rimenter. Une partie du lieu est \u00ab lou\u00e9e \u00bb \u00e0 des ind\u00e9pendants et des artistes (\u00e9b\u00e9niste, graphiste, sculpteur, etc.) qui contribuent financi\u00e8rement, \u00e0 hauteur de ce qu\u2019ils peuvent donner, tandis qu\u2019une grande pi\u00e8ce commune sert \u00e0 mettre sur pied des \u00e9v\u00e9nements vari\u00e9s. <\/p>\n\n\n\n<h4 class=\"wp-block-heading\">Et si on s&rsquo;offrait un grand pot de marmelade culturelle ?<\/h4>\n\n\n\n<p>En ayant fait le choix de la participation libre et consciente, l&rsquo;ECREVIS offre \u00e0 tous la possibilit\u00e9 de participer et d\u2019organiser des <strong>animations<\/strong>. Et il y en a pour tous les go\u00fbts ! Dans une m\u00eame semaine, on peut participer \u00e0 des ateliers, assister \u00e0 un spectacle de th\u00e9\u00e2tre, pr\u00e9parer des actions militantes, faire une balade \u00e0 la d\u00e9couverte des plantes comestibles\u2026 et bien plus encore. Ici, la seule limite qu\u2019on se donne, c\u2019est celle de la <strong>volont\u00e9<\/strong> et de l\u2019<strong>imagination<\/strong>. Et puisque celle-ci semble d\u00e9bordante parmi les membres, on ne cesse de s\u2019\u00e9merveiller \u00e0 Annecy.<\/p>\n\n\n\n<h4 class=\"wp-block-heading\">Ils ont r\u00eav\u00e9 grand\u2026 et c\u2019est encore mieux !<\/h4>\n\n\n\n<p>C\u2019est un v\u00e9ritable raz-de-mar\u00e9e de projets et d\u2019id\u00e9es qui s\u2019est d\u00e9vers\u00e9 sur l\u2019ECREVIS depuis sa cr\u00e9ation. <em>\u00ab\u00a0Il n\u2019y avait rien de tel \u00e0 Annecy, on voulait donc monter un espace o\u00f9 chacun se sente \u00e0 l\u2019aise de s\u2019exprimer et d\u2019exp\u00e9rimenter<\/em>\u00ab\u00a0, t\u00e9moigne Ombeline, membre de l\u2019\u00e9quipe. <em>\u00ab\u00a0C\u2019est vrai que tout est arriv\u00e9 tr\u00e8s vite, mais c\u2019est d\u00fb \u00e0 la formidable <strong>\u00e9nergie des membres et des b\u00e9n\u00e9voles<\/strong>. Quand on a imagin\u00e9 le lieu, on a r\u00eav\u00e9 grand\u2026 et c\u2019est encore mieux !<\/em>\u00a0\u00bb Les initiatives fleurissent et malgr\u00e9 toutes les sollicitations on trouve ici une ambiance apais\u00e9e. <em>\u00ab\u00a0Il n\u2019y a aucune obligation, nous sommes une association et les projets viennent de ceux qui le souhaitent. Certaines semaines, le programme est tr\u00e8s charg\u00e9 et la semaine suivante, c\u2019est le calme plat<\/em>\u00ab\u00a0. Ombeline est convaincue que nos rythmes de vie sont d\u00e9mesur\u00e9s : <em>\u00ab\u00a0On court toujours, \u00e0 la recherche d\u2019un emploi, de loisirs, etc. \u00c0 l\u2019ECREVIS, on met sur pied des ateliers pour <strong>faire soi-m\u00eame<\/strong>, prendre le temps de r\u00e9apprendre des savoirs mais aussi d\u2019<strong>\u00e9changer et de se d\u00e9couvrir<\/strong>\u00ab\u00a0.&nbsp; <\/em><\/p>\n\n\n\n<p class=\"has-text-align-right\"><em>Jonas V<\/em>.<\/p>\n\n\n\n<p><strong>L\u2019AlterTour rencontrera l&rsquo;ECREVIS le 16 juillet \u00e0 Annecy (14)<\/strong>. Retrouvez toutes les informations sur le&nbsp;<strong><a href=\"http:\/\/www.altercampagne.net\/?page_id=17732\">programme de l\u2019AlterTour<\/a><\/strong>.<\/p>\n","protected":false},"excerpt":{"rendered":"<p>C\u2019est en 2018 que cet Espace Commun de Rencontres Extraordinaires Vecteur d\u2019Id\u00e9es \u00e0 Suivre ( Ecrevis) voit le jour. Dans une ancienne menuiserie sur les hauteurs d\u2019Annecy, un collectif lance le projet utopique de mutualiser un espace mixte et ouvert \u00e0 tous.<\/p>\n","protected":false},"author":316,"featured_media":17956,"comment_status":"closed","ping_status":"closed","sticky":false,"template":"","format":"standard","meta":{"footnotes":""},"categories":[3471,4313,3967,3540],"tags":[1489,1650,1975,2058,4160,4161],"class_list":["post-17954","post","type-post","status-publish","format-standard","has-post-thumbnail","hentry","category-auvergne-rhone-alpes","category-altertour","category-edition-2020","category-transverse","tag-auvergne-rhone-alpes","tag-rhone-alpes","tag-haute-savoie","tag-annecy","tag-espace-commun-de-rencontres-extraordinaires-vecteur-didees-a-suivre-ecrevis","tag-ecrevis"],"yoast_head":"<!-- This site is optimized with the Yoast SEO plugin v27.3 - https:\/\/yoast.com\/product\/yoast-seo-wordpress\/ -->\n<title>L&#039;ECREVIS ou comment faire \u00e9clore 1 million d&#039;id\u00e9es en 7 lettres ? - AlterTour<\/title>\n<meta name=\"robots\" content=\"index, follow, max-snippet:-1, max-image-preview:large, max-video-preview:-1\" \/>\n<link rel=\"canonical\" href=\"https:\/\/www.altercampagne.net\/?p=17954\" \/>\n<meta property=\"og:locale\" content=\"fr_FR\" \/>\n<meta property=\"og:type\" content=\"article\" \/>\n<meta property=\"og:title\" content=\"L&#039;ECREVIS ou comment faire \u00e9clore 1 million d&#039;id\u00e9es en 7 lettres ? - AlterTour\" \/>\n<meta property=\"og:description\" content=\"C\u2019est en 2018 que cet Espace Commun de Rencontres Extraordinaires Vecteur d\u2019Id\u00e9es \u00e0 Suivre ( Ecrevis) voit le jour. Dans une ancienne menuiserie sur les hauteurs d\u2019Annecy, un collectif lance le projet utopique de mutualiser un espace mixte et ouvert \u00e0 tous.\" \/>\n<meta property=\"og:url\" content=\"https:\/\/www.altercampagne.net\/?p=17954\" \/>\n<meta property=\"og:site_name\" content=\"AlterTour\" \/>\n<meta property=\"article:published_time\" content=\"2020-04-01T12:03:31+00:00\" \/>\n<meta property=\"article:modified_time\" content=\"2021-05-06T08:42:34+00:00\" \/>\n<meta property=\"og:image\" content=\"https:\/\/www.altercampagne.net\/wp-content\/uploads\/2020\/04\/LEcrvisse.jpg\" \/>\n\t<meta property=\"og:image:width\" content=\"1000\" \/>\n\t<meta property=\"og:image:height\" content=\"522\" \/>\n\t<meta property=\"og:image:type\" content=\"image\/jpeg\" \/>\n<meta name=\"author\" content=\"Jonas\" \/>\n<meta name=\"twitter:card\" content=\"summary_large_image\" \/>\n<meta name=\"twitter:label1\" content=\"\u00c9crit par\" \/>\n\t<meta name=\"twitter:data1\" content=\"Jonas\" \/>\n\t<meta name=\"twitter:label2\" content=\"Dur\u00e9e de lecture estim\u00e9e\" \/>\n\t<meta name=\"twitter:data2\" content=\"2 minutes\" \/>\n<script type=\"application\/ld+json\" class=\"yoast-schema-graph\">{\"@context\":\"https:\\\/\\\/schema.org\",\"@graph\":[{\"@type\":\"Article\",\"@id\":\"https:\\\/\\\/www.altercampagne.net\\\/?p=17954#article\",\"isPartOf\":{\"@id\":\"https:\\\/\\\/www.altercampagne.net\\\/?p=17954\"},\"author\":{\"name\":\"Jonas\",\"@id\":\"https:\\\/\\\/www.altercampagne.net\\\/#\\\/schema\\\/person\\\/308dc295a67929d58321ff6b59820daa\"},\"headline\":\"L&rsquo;ECREVIS ou comment faire \u00e9clore 1 million d&rsquo;id\u00e9es en 7 lettres ?\",\"datePublished\":\"2020-04-01T12:03:31+00:00\",\"dateModified\":\"2021-05-06T08:42:34+00:00\",\"mainEntityOfPage\":{\"@id\":\"https:\\\/\\\/www.altercampagne.net\\\/?p=17954\"},\"wordCount\":461,\"image\":{\"@id\":\"https:\\\/\\\/www.altercampagne.net\\\/?p=17954#primaryimage\"},\"thumbnailUrl\":\"https:\\\/\\\/www.altercampagne.net\\\/wp-content\\\/uploads\\\/2020\\\/04\\\/LEcrvisse.jpg\",\"keywords\":[\"Auvergne-Rh\u00f4ne-Alpes\",\"Rhone-Alpes\",\"haute-savoie\",\"Annecy\",\"Espace Commun de Rencontres Extraordinaires Vecteur d\u2019Id\u00e9es \u00e0 Suivre (ECREVIS\",\"\u00e9crevis\"],\"articleSection\":[\"Auvergne-Rh\u00f4ne-Alpes\",\"AlterTour\",\"Edition 2020\",\"Transverse\"],\"inLanguage\":\"fr-FR\"},{\"@type\":\"WebPage\",\"@id\":\"https:\\\/\\\/www.altercampagne.net\\\/?p=17954\",\"url\":\"https:\\\/\\\/www.altercampagne.net\\\/?p=17954\",\"name\":\"L'ECREVIS ou comment faire \u00e9clore 1 million d'id\u00e9es en 7 lettres ? - AlterTour\",\"isPartOf\":{\"@id\":\"https:\\\/\\\/www.altercampagne.net\\\/#website\"},\"primaryImageOfPage\":{\"@id\":\"https:\\\/\\\/www.altercampagne.net\\\/?p=17954#primaryimage\"},\"image\":{\"@id\":\"https:\\\/\\\/www.altercampagne.net\\\/?p=17954#primaryimage\"},\"thumbnailUrl\":\"https:\\\/\\\/www.altercampagne.net\\\/wp-content\\\/uploads\\\/2020\\\/04\\\/LEcrvisse.jpg\",\"datePublished\":\"2020-04-01T12:03:31+00:00\",\"dateModified\":\"2021-05-06T08:42:34+00:00\",\"author\":{\"@id\":\"https:\\\/\\\/www.altercampagne.net\\\/#\\\/schema\\\/person\\\/308dc295a67929d58321ff6b59820daa\"},\"breadcrumb\":{\"@id\":\"https:\\\/\\\/www.altercampagne.net\\\/?p=17954#breadcrumb\"},\"inLanguage\":\"fr-FR\",\"potentialAction\":[{\"@type\":\"ReadAction\",\"target\":[\"https:\\\/\\\/www.altercampagne.net\\\/?p=17954\"]}]},{\"@type\":\"ImageObject\",\"inLanguage\":\"fr-FR\",\"@id\":\"https:\\\/\\\/www.altercampagne.net\\\/?p=17954#primaryimage\",\"url\":\"https:\\\/\\\/www.altercampagne.net\\\/wp-content\\\/uploads\\\/2020\\\/04\\\/LEcrvisse.jpg\",\"contentUrl\":\"https:\\\/\\\/www.altercampagne.net\\\/wp-content\\\/uploads\\\/2020\\\/04\\\/LEcrvisse.jpg\",\"width\":1000,\"height\":522},{\"@type\":\"BreadcrumbList\",\"@id\":\"https:\\\/\\\/www.altercampagne.net\\\/?p=17954#breadcrumb\",\"itemListElement\":[{\"@type\":\"ListItem\",\"position\":1,\"name\":\"Accueil\",\"item\":\"https:\\\/\\\/www.altercampagne.net\\\/\"},{\"@type\":\"ListItem\",\"position\":2,\"name\":\"L&rsquo;ECREVIS ou comment faire \u00e9clore 1 million d&rsquo;id\u00e9es en 7 lettres ?\"}]},{\"@type\":\"WebSite\",\"@id\":\"https:\\\/\\\/www.altercampagne.net\\\/#website\",\"url\":\"https:\\\/\\\/www.altercampagne.net\\\/\",\"name\":\"AlterTour\",\"description\":\"Reliez les Alternatives \u00e0 v\u00e9lo\",\"potentialAction\":[{\"@type\":\"SearchAction\",\"target\":{\"@type\":\"EntryPoint\",\"urlTemplate\":\"https:\\\/\\\/www.altercampagne.net\\\/?s={search_term_string}\"},\"query-input\":{\"@type\":\"PropertyValueSpecification\",\"valueRequired\":true,\"valueName\":\"search_term_string\"}}],\"inLanguage\":\"fr-FR\"},{\"@type\":\"Person\",\"@id\":\"https:\\\/\\\/www.altercampagne.net\\\/#\\\/schema\\\/person\\\/308dc295a67929d58321ff6b59820daa\",\"name\":\"Jonas\",\"image\":{\"@type\":\"ImageObject\",\"inLanguage\":\"fr-FR\",\"@id\":\"https:\\\/\\\/secure.gravatar.com\\\/avatar\\\/ade7b451791545d463915f445a8aee91b58c48cdcbc1ab2b8583fa2f30e159e4?s=96&d=mm&r=g\",\"url\":\"https:\\\/\\\/secure.gravatar.com\\\/avatar\\\/ade7b451791545d463915f445a8aee91b58c48cdcbc1ab2b8583fa2f30e159e4?s=96&d=mm&r=g\",\"contentUrl\":\"https:\\\/\\\/secure.gravatar.com\\\/avatar\\\/ade7b451791545d463915f445a8aee91b58c48cdcbc1ab2b8583fa2f30e159e4?s=96&d=mm&r=g\",\"caption\":\"Jonas\"},\"url\":\"https:\\\/\\\/www.altercampagne.net\\\/?author=316\"}]}<\/script>\n<!-- \/ Yoast SEO plugin. -->","yoast_head_json":{"title":"L'ECREVIS ou comment faire \u00e9clore 1 million d'id\u00e9es en 7 lettres ? - AlterTour","robots":{"index":"index","follow":"follow","max-snippet":"max-snippet:-1","max-image-preview":"max-image-preview:large","max-video-preview":"max-video-preview:-1"},"canonical":"https:\/\/www.altercampagne.net\/?p=17954","og_locale":"fr_FR","og_type":"article","og_title":"L'ECREVIS ou comment faire \u00e9clore 1 million d'id\u00e9es en 7 lettres ? - AlterTour","og_description":"C\u2019est en 2018 que cet Espace Commun de Rencontres Extraordinaires Vecteur d\u2019Id\u00e9es \u00e0 Suivre ( Ecrevis) voit le jour. Dans une ancienne menuiserie sur les hauteurs d\u2019Annecy, un collectif lance le projet utopique de mutualiser un espace mixte et ouvert \u00e0 tous.","og_url":"https:\/\/www.altercampagne.net\/?p=17954","og_site_name":"AlterTour","article_published_time":"2020-04-01T12:03:31+00:00","article_modified_time":"2021-05-06T08:42:34+00:00","og_image":[{"width":1000,"height":522,"url":"https:\/\/www.altercampagne.net\/wp-content\/uploads\/2020\/04\/LEcrvisse.jpg","type":"image\/jpeg"}],"author":"Jonas","twitter_card":"summary_large_image","twitter_misc":{"\u00c9crit par":"Jonas","Dur\u00e9e de lecture estim\u00e9e":"2 minutes"},"schema":{"@context":"https:\/\/schema.org","@graph":[{"@type":"Article","@id":"https:\/\/www.altercampagne.net\/?p=17954#article","isPartOf":{"@id":"https:\/\/www.altercampagne.net\/?p=17954"},"author":{"name":"Jonas","@id":"https:\/\/www.altercampagne.net\/#\/schema\/person\/308dc295a67929d58321ff6b59820daa"},"headline":"L&rsquo;ECREVIS ou comment faire \u00e9clore 1 million d&rsquo;id\u00e9es en 7 lettres ?","datePublished":"2020-04-01T12:03:31+00:00","dateModified":"2021-05-06T08:42:34+00:00","mainEntityOfPage":{"@id":"https:\/\/www.altercampagne.net\/?p=17954"},"wordCount":461,"image":{"@id":"https:\/\/www.altercampagne.net\/?p=17954#primaryimage"},"thumbnailUrl":"https:\/\/www.altercampagne.net\/wp-content\/uploads\/2020\/04\/LEcrvisse.jpg","keywords":["Auvergne-Rh\u00f4ne-Alpes","Rhone-Alpes","haute-savoie","Annecy","Espace Commun de Rencontres Extraordinaires Vecteur d\u2019Id\u00e9es \u00e0 Suivre (ECREVIS","\u00e9crevis"],"articleSection":["Auvergne-Rh\u00f4ne-Alpes","AlterTour","Edition 2020","Transverse"],"inLanguage":"fr-FR"},{"@type":"WebPage","@id":"https:\/\/www.altercampagne.net\/?p=17954","url":"https:\/\/www.altercampagne.net\/?p=17954","name":"L'ECREVIS ou comment faire \u00e9clore 1 million d'id\u00e9es en 7 lettres ? - AlterTour","isPartOf":{"@id":"https:\/\/www.altercampagne.net\/#website"},"primaryImageOfPage":{"@id":"https:\/\/www.altercampagne.net\/?p=17954#primaryimage"},"image":{"@id":"https:\/\/www.altercampagne.net\/?p=17954#primaryimage"},"thumbnailUrl":"https:\/\/www.altercampagne.net\/wp-content\/uploads\/2020\/04\/LEcrvisse.jpg","datePublished":"2020-04-01T12:03:31+00:00","dateModified":"2021-05-06T08:42:34+00:00","author":{"@id":"https:\/\/www.altercampagne.net\/#\/schema\/person\/308dc295a67929d58321ff6b59820daa"},"breadcrumb":{"@id":"https:\/\/www.altercampagne.net\/?p=17954#breadcrumb"},"inLanguage":"fr-FR","potentialAction":[{"@type":"ReadAction","target":["https:\/\/www.altercampagne.net\/?p=17954"]}]},{"@type":"ImageObject","inLanguage":"fr-FR","@id":"https:\/\/www.altercampagne.net\/?p=17954#primaryimage","url":"https:\/\/www.altercampagne.net\/wp-content\/uploads\/2020\/04\/LEcrvisse.jpg","contentUrl":"https:\/\/www.altercampagne.net\/wp-content\/uploads\/2020\/04\/LEcrvisse.jpg","width":1000,"height":522},{"@type":"BreadcrumbList","@id":"https:\/\/www.altercampagne.net\/?p=17954#breadcrumb","itemListElement":[{"@type":"ListItem","position":1,"name":"Accueil","item":"https:\/\/www.altercampagne.net\/"},{"@type":"ListItem","position":2,"name":"L&rsquo;ECREVIS ou comment faire \u00e9clore 1 million d&rsquo;id\u00e9es en 7 lettres ?"}]},{"@type":"WebSite","@id":"https:\/\/www.altercampagne.net\/#website","url":"https:\/\/www.altercampagne.net\/","name":"AlterTour","description":"Reliez les Alternatives \u00e0 v\u00e9lo","potentialAction":[{"@type":"SearchAction","target":{"@type":"EntryPoint","urlTemplate":"https:\/\/www.altercampagne.net\/?s={search_term_string}"},"query-input":{"@type":"PropertyValueSpecification","valueRequired":true,"valueName":"search_term_string"}}],"inLanguage":"fr-FR"},{"@type":"Person","@id":"https:\/\/www.altercampagne.net\/#\/schema\/person\/308dc295a67929d58321ff6b59820daa","name":"Jonas","image":{"@type":"ImageObject","inLanguage":"fr-FR","@id":"https:\/\/secure.gravatar.com\/avatar\/ade7b451791545d463915f445a8aee91b58c48cdcbc1ab2b8583fa2f30e159e4?s=96&d=mm&r=g","url":"https:\/\/secure.gravatar.com\/avatar\/ade7b451791545d463915f445a8aee91b58c48cdcbc1ab2b8583fa2f30e159e4?s=96&d=mm&r=g","contentUrl":"https:\/\/secure.gravatar.com\/avatar\/ade7b451791545d463915f445a8aee91b58c48cdcbc1ab2b8583fa2f30e159e4?s=96&d=mm&r=g","caption":"Jonas"},"url":"https:\/\/www.altercampagne.net\/?author=316"}]}},"_links":{"self":[{"href":"https:\/\/www.altercampagne.net\/index.php?rest_route=\/wp\/v2\/posts\/17954","targetHints":{"allow":["GET"]}}],"collection":[{"href":"https:\/\/www.altercampagne.net\/index.php?rest_route=\/wp\/v2\/posts"}],"about":[{"href":"https:\/\/www.altercampagne.net\/index.php?rest_route=\/wp\/v2\/types\/post"}],"author":[{"embeddable":true,"href":"https:\/\/www.altercampagne.net\/index.php?rest_route=\/wp\/v2\/users\/316"}],"replies":[{"embeddable":true,"href":"https:\/\/www.altercampagne.net\/index.php?rest_route=%2Fwp%2Fv2%2Fcomments&post=17954"}],"version-history":[{"count":10,"href":"https:\/\/www.altercampagne.net\/index.php?rest_route=\/wp\/v2\/posts\/17954\/revisions"}],"predecessor-version":[{"id":18229,"href":"https:\/\/www.altercampagne.net\/index.php?rest_route=\/wp\/v2\/posts\/17954\/revisions\/18229"}],"wp:featuredmedia":[{"embeddable":true,"href":"https:\/\/www.altercampagne.net\/index.php?rest_route=\/wp\/v2\/media\/17956"}],"wp:attachment":[{"href":"https:\/\/www.altercampagne.net\/index.php?rest_route=%2Fwp%2Fv2%2Fmedia&parent=17954"}],"wp:term":[{"taxonomy":"category","embeddable":true,"href":"https:\/\/www.altercampagne.net\/index.php?rest_route=%2Fwp%2Fv2%2Fcategories&post=17954"},{"taxonomy":"post_tag","embeddable":true,"href":"https:\/\/www.altercampagne.net\/index.php?rest_route=%2Fwp%2Fv2%2Ftags&post=17954"}],"curies":[{"name":"wp","href":"https:\/\/api.w.org\/{rel}","templated":true}]}}