{"id":1803,"date":"2015-07-22T18:05:16","date_gmt":"2015-07-22T16:05:16","guid":{"rendered":"http:\/\/www.altercampagne.net\/?p=1803"},"modified":"2019-09-13T11:04:38","modified_gmt":"2019-09-13T09:04:38","slug":"le-22-juillet-a-nancy","status":"publish","type":"post","link":"https:\/\/www.altercampagne.net\/?p=1803","title":{"rendered":"\u00c9tape du 22 juillet : L&rsquo;Atelier Dynamo, la Nancyclette, l&rsquo;Etoile et la Lanterne et le CCAN \u00e0 Nancy"},"content":{"rendered":"<p>Apr\u00e8s avoir quitt\u00e9 Robin et ses amis de l&rsquo;Ortie de secours, nous avons p\u00e9dal\u00e9 une quarantaine de kilom\u00e8tres le long du chemin de halage entre Bayon et Nancy (enfin presque, on a h\u00e2te de revenir p\u00e9daler sur une future voie verte et compl\u00e8te, le paysage vaut le d\u00e9tour). Sit\u00f4t le pique nique aval\u00e9 dans le parc de la p\u00e9pini\u00e8re \u00e0 Nancy, les cyclistes de l&rsquo;AlterTour ont rejoint les nanc\u00e9ens au local de l&rsquo;<a href=\"http:\/\/www.atelierdynamo.fr\/\" target=\"_blank\" rel=\"noopener noreferrer\">atelier Dynamo<\/a> pour faire quelques retouches \u00e0 leurs v\u00e9los et visiter ce merveilleux local, pr\u00e9sent\u00e9 par Baptiste. Ensuite, c&rsquo;est parti pour une <a href=\"https:\/\/www.facebook.com\/nancyclette\" target=\"_blank\" rel=\"noopener noreferrer\">nancyclette<\/a>, la v\u00e9lourution locale en musique et \u00e9quip\u00e9e d&rsquo;un bar mobile, pendant que d&rsquo;autres se rafraichissent dans les fontaine de la p\u00e9pini\u00e8re par cette journ\u00e9e caniculaire.<\/p>\n<p>De retour dans le parc, Mourad et ses copains de <a href=\"http:\/\/letoileetlalanterne.fr\/\" target=\"_blank\" rel=\"noopener noreferrer\">l&rsquo;Etoile et la Lanterne<\/a> ont anim\u00e9 une auberge de la parole, espace d&rsquo;expression po\u00e9tique et participatif : on y a entendu parler de vaches, de colibris, d&rsquo;araign\u00e9e, de djellaba, de sociocratie et de roi des aulnes.<\/p>\n<p>Suite \u00e0 quelques tergiversations et changements de programme au sujet de l&rsquo;\u00e9quation complexe du repas et de la soir\u00e9e en deux groupes, l&rsquo;intelligence collective a permis d&rsquo;\u00e9laborer LA solution, merci\u00a0 l&rsquo;autogestion ! Tout le monde est donc parti au <a href=\"http:\/\/ccan.herbesfolles.org\/\" target=\"_blank\" rel=\"noopener noreferrer\">Centre Culturel Autog\u00e9r\u00e9 de Nancy<\/a> (\u00e7a tombe bien) qui nous a pr\u00e9par\u00e9 un repas d\u00e9licieusement v\u00e9gan et hautement appr\u00e9ci\u00e9 ! Les quelques rescap\u00e9s de la journ\u00e9e sont rest\u00e9s au CCAN pour un \u00e9change riche avec toutes les associations qui font le CCAN autour de nos exp\u00e9riences respectives de&#8230; l&rsquo;auto-gestion (on ne s&rsquo;en lasse pas !). Les derniers warriors ont fini la journ\u00e9e par une mont\u00e9e h\u00e9ro\u00efque jusqu&rsquo;au terrain municipal de Vandoeuvre o\u00f9 ils ont mont\u00e9 leur tente \u00e0 une heure bien avanc\u00e9e&#8230;<\/p>\n<p style=\"text-align: right;\"><strong>H\u00e9l\u00e8ne<\/strong><\/p>\n","protected":false},"excerpt":{"rendered":"<p>Apr\u00e8s avoir quitt\u00e9 Robin et ses amis de l&rsquo;Ortie de secours, nous avons p\u00e9dal\u00e9 une quarantaine de kilom\u00e8tres le long du chemin de halage entre Bayon et Nancy (enfin presque, on a h\u00e2te de revenir p\u00e9daler sur une future voie verte et compl\u00e8te, le paysage vaut le d\u00e9tour). Sit\u00f4t le &#8230; <\/p>\n<div><a href=\"https:\/\/www.altercampagne.net\/?p=1803\" class=\"more-link\">Read More<\/a><\/div>\n","protected":false},"author":184,"featured_media":15352,"comment_status":"closed","ping_status":"closed","sticky":false,"template":"","format":"standard","meta":{"footnotes":""},"categories":[3475,3460,3932],"tags":[242,2704,1672,1566,1565,1540,1536,758,247,26,241,233,207,192,173,102,44],"class_list":["post-1803","post","type-post","status-publish","format-standard","has-post-thumbnail","hentry","category-grand-est","category-edition-2015","category-velo","tag-centre-culturel-autogere-de-nancy","tag-alterjournaliste","tag-1672","tag-nancyclette","tag-bayon","tag-meurthe-et-moselle","tag-vegan","tag-letoile-et-la-lanterne","tag-lorraine","tag-nancy","tag-ccan","tag-cop21","tag-ortie-de-secours","tag-altertour-2015","tag-atelier-dynamo","tag-velorution","tag-climat"],"yoast_head":"<!-- This site is optimized with the Yoast SEO plugin v27.3 - https:\/\/yoast.com\/product\/yoast-seo-wordpress\/ -->\n<title>\u00c9tape du 22 juillet : L&#039;Atelier Dynamo, la Nancyclette, l&#039;Etoile et la Lanterne et le CCAN \u00e0 Nancy - AlterTour<\/title>\n<meta name=\"robots\" content=\"index, follow, max-snippet:-1, max-image-preview:large, max-video-preview:-1\" \/>\n<link rel=\"canonical\" href=\"https:\/\/www.altercampagne.net\/?p=1803\" \/>\n<meta property=\"og:locale\" content=\"fr_FR\" \/>\n<meta property=\"og:type\" content=\"article\" \/>\n<meta property=\"og:title\" content=\"\u00c9tape du 22 juillet : L&#039;Atelier Dynamo, la Nancyclette, l&#039;Etoile et la Lanterne et le CCAN \u00e0 Nancy - AlterTour\" \/>\n<meta property=\"og:description\" content=\"Apr\u00e8s avoir quitt\u00e9 Robin et ses amis de l&rsquo;Ortie de secours, nous avons p\u00e9dal\u00e9 une quarantaine de kilom\u00e8tres le long du chemin de halage entre Bayon et Nancy (enfin presque, on a h\u00e2te de revenir p\u00e9daler sur une future voie verte et compl\u00e8te, le paysage vaut le d\u00e9tour). Sit\u00f4t le ... Read More\" \/>\n<meta property=\"og:url\" content=\"https:\/\/www.altercampagne.net\/?p=1803\" \/>\n<meta property=\"og:site_name\" content=\"AlterTour\" \/>\n<meta property=\"article:published_time\" content=\"2015-07-22T16:05:16+00:00\" \/>\n<meta property=\"article:modified_time\" content=\"2019-09-13T09:04:38+00:00\" \/>\n<meta property=\"og:image\" content=\"https:\/\/www.altercampagne.net\/wp-content\/uploads\/2015\/07\/2015-07-22_14.45.jpg\" \/>\n\t<meta property=\"og:image:width\" content=\"902\" \/>\n\t<meta property=\"og:image:height\" content=\"472\" \/>\n\t<meta property=\"og:image:type\" content=\"image\/jpeg\" \/>\n<meta name=\"author\" content=\"Genevi\u00e8ve\" \/>\n<meta name=\"twitter:card\" content=\"summary_large_image\" \/>\n<meta name=\"twitter:label1\" content=\"\u00c9crit par\" \/>\n\t<meta name=\"twitter:data1\" content=\"Genevi\u00e8ve\" \/>\n\t<meta name=\"twitter:label2\" content=\"Dur\u00e9e de lecture estim\u00e9e\" \/>\n\t<meta name=\"twitter:data2\" content=\"2 minutes\" \/>\n<script type=\"application\/ld+json\" class=\"yoast-schema-graph\">{\"@context\":\"https:\\\/\\\/schema.org\",\"@graph\":[{\"@type\":\"Article\",\"@id\":\"https:\\\/\\\/www.altercampagne.net\\\/?p=1803#article\",\"isPartOf\":{\"@id\":\"https:\\\/\\\/www.altercampagne.net\\\/?p=1803\"},\"author\":{\"name\":\"Genevi\u00e8ve\",\"@id\":\"https:\\\/\\\/www.altercampagne.net\\\/#\\\/schema\\\/person\\\/55135b6f6a4ceae0f5048a9621ed0a4a\"},\"headline\":\"\u00c9tape du 22 juillet : L&rsquo;Atelier Dynamo, la Nancyclette, l&rsquo;Etoile et la Lanterne et le CCAN \u00e0 Nancy\",\"datePublished\":\"2015-07-22T16:05:16+00:00\",\"dateModified\":\"2019-09-13T09:04:38+00:00\",\"mainEntityOfPage\":{\"@id\":\"https:\\\/\\\/www.altercampagne.net\\\/?p=1803\"},\"wordCount\":350,\"image\":{\"@id\":\"https:\\\/\\\/www.altercampagne.net\\\/?p=1803#primaryimage\"},\"thumbnailUrl\":\"https:\\\/\\\/www.altercampagne.net\\\/wp-content\\\/uploads\\\/2015\\\/07\\\/2015-07-22_14.45.jpg\",\"keywords\":[\"Centre Culturel Autog\u00e9r\u00e9 de Nancy\",\"alterjournaliste\",\"2015\",\"nancyclette\",\"Bayon\",\"Meurthe-et-Moselle\",\"v\u00e9gan\",\"L'Etoile et la Lanterne\",\"Lorraine\",\"Nancy\",\"CCAN\",\"cop21\",\"ortie de secours\",\"AlterTour 2015\",\"Atelier Dynamo\",\"v\u00e9lorution\",\"climat\"],\"articleSection\":[\"Grand Est\",\"\u00c9dition 2015\",\"V\u00e9lo\"],\"inLanguage\":\"fr-FR\"},{\"@type\":\"WebPage\",\"@id\":\"https:\\\/\\\/www.altercampagne.net\\\/?p=1803\",\"url\":\"https:\\\/\\\/www.altercampagne.net\\\/?p=1803\",\"name\":\"\u00c9tape du 22 juillet : L'Atelier Dynamo, la Nancyclette, l'Etoile et la Lanterne et le CCAN \u00e0 Nancy - AlterTour\",\"isPartOf\":{\"@id\":\"https:\\\/\\\/www.altercampagne.net\\\/#website\"},\"primaryImageOfPage\":{\"@id\":\"https:\\\/\\\/www.altercampagne.net\\\/?p=1803#primaryimage\"},\"image\":{\"@id\":\"https:\\\/\\\/www.altercampagne.net\\\/?p=1803#primaryimage\"},\"thumbnailUrl\":\"https:\\\/\\\/www.altercampagne.net\\\/wp-content\\\/uploads\\\/2015\\\/07\\\/2015-07-22_14.45.jpg\",\"datePublished\":\"2015-07-22T16:05:16+00:00\",\"dateModified\":\"2019-09-13T09:04:38+00:00\",\"author\":{\"@id\":\"https:\\\/\\\/www.altercampagne.net\\\/#\\\/schema\\\/person\\\/55135b6f6a4ceae0f5048a9621ed0a4a\"},\"breadcrumb\":{\"@id\":\"https:\\\/\\\/www.altercampagne.net\\\/?p=1803#breadcrumb\"},\"inLanguage\":\"fr-FR\",\"potentialAction\":[{\"@type\":\"ReadAction\",\"target\":[\"https:\\\/\\\/www.altercampagne.net\\\/?p=1803\"]}]},{\"@type\":\"ImageObject\",\"inLanguage\":\"fr-FR\",\"@id\":\"https:\\\/\\\/www.altercampagne.net\\\/?p=1803#primaryimage\",\"url\":\"https:\\\/\\\/www.altercampagne.net\\\/wp-content\\\/uploads\\\/2015\\\/07\\\/2015-07-22_14.45.jpg\",\"contentUrl\":\"https:\\\/\\\/www.altercampagne.net\\\/wp-content\\\/uploads\\\/2015\\\/07\\\/2015-07-22_14.45.jpg\",\"width\":902,\"height\":472},{\"@type\":\"BreadcrumbList\",\"@id\":\"https:\\\/\\\/www.altercampagne.net\\\/?p=1803#breadcrumb\",\"itemListElement\":[{\"@type\":\"ListItem\",\"position\":1,\"name\":\"Accueil\",\"item\":\"https:\\\/\\\/www.altercampagne.net\\\/\"},{\"@type\":\"ListItem\",\"position\":2,\"name\":\"\u00c9tape du 22 juillet : L&rsquo;Atelier Dynamo, la Nancyclette, l&rsquo;Etoile et la Lanterne et le CCAN \u00e0 Nancy\"}]},{\"@type\":\"WebSite\",\"@id\":\"https:\\\/\\\/www.altercampagne.net\\\/#website\",\"url\":\"https:\\\/\\\/www.altercampagne.net\\\/\",\"name\":\"AlterTour\",\"description\":\"Reliez les Alternatives \u00e0 v\u00e9lo\",\"potentialAction\":[{\"@type\":\"SearchAction\",\"target\":{\"@type\":\"EntryPoint\",\"urlTemplate\":\"https:\\\/\\\/www.altercampagne.net\\\/?s={search_term_string}\"},\"query-input\":{\"@type\":\"PropertyValueSpecification\",\"valueRequired\":true,\"valueName\":\"search_term_string\"}}],\"inLanguage\":\"fr-FR\"},{\"@type\":\"Person\",\"@id\":\"https:\\\/\\\/www.altercampagne.net\\\/#\\\/schema\\\/person\\\/55135b6f6a4ceae0f5048a9621ed0a4a\",\"name\":\"Genevi\u00e8ve\",\"image\":{\"@type\":\"ImageObject\",\"inLanguage\":\"fr-FR\",\"@id\":\"https:\\\/\\\/secure.gravatar.com\\\/avatar\\\/0eb694242cfa4f68e376980536b280cb2a5b7c4eb4c43faf61cb38c0cf90eebf?s=96&d=mm&r=g\",\"url\":\"https:\\\/\\\/secure.gravatar.com\\\/avatar\\\/0eb694242cfa4f68e376980536b280cb2a5b7c4eb4c43faf61cb38c0cf90eebf?s=96&d=mm&r=g\",\"contentUrl\":\"https:\\\/\\\/secure.gravatar.com\\\/avatar\\\/0eb694242cfa4f68e376980536b280cb2a5b7c4eb4c43faf61cb38c0cf90eebf?s=96&d=mm&r=g\",\"caption\":\"Genevi\u00e8ve\"},\"url\":\"https:\\\/\\\/www.altercampagne.net\\\/?author=184\"}]}<\/script>\n<!-- \/ Yoast SEO plugin. -->","yoast_head_json":{"title":"\u00c9tape du 22 juillet : L'Atelier Dynamo, la Nancyclette, l'Etoile et la Lanterne et le CCAN \u00e0 Nancy - AlterTour","robots":{"index":"index","follow":"follow","max-snippet":"max-snippet:-1","max-image-preview":"max-image-preview:large","max-video-preview":"max-video-preview:-1"},"canonical":"https:\/\/www.altercampagne.net\/?p=1803","og_locale":"fr_FR","og_type":"article","og_title":"\u00c9tape du 22 juillet : L'Atelier Dynamo, la Nancyclette, l'Etoile et la Lanterne et le CCAN \u00e0 Nancy - AlterTour","og_description":"Apr\u00e8s avoir quitt\u00e9 Robin et ses amis de l&rsquo;Ortie de secours, nous avons p\u00e9dal\u00e9 une quarantaine de kilom\u00e8tres le long du chemin de halage entre Bayon et Nancy (enfin presque, on a h\u00e2te de revenir p\u00e9daler sur une future voie verte et compl\u00e8te, le paysage vaut le d\u00e9tour). Sit\u00f4t le ... Read More","og_url":"https:\/\/www.altercampagne.net\/?p=1803","og_site_name":"AlterTour","article_published_time":"2015-07-22T16:05:16+00:00","article_modified_time":"2019-09-13T09:04:38+00:00","og_image":[{"width":902,"height":472,"url":"https:\/\/www.altercampagne.net\/wp-content\/uploads\/2015\/07\/2015-07-22_14.45.jpg","type":"image\/jpeg"}],"author":"Genevi\u00e8ve","twitter_card":"summary_large_image","twitter_misc":{"\u00c9crit par":"Genevi\u00e8ve","Dur\u00e9e de lecture estim\u00e9e":"2 minutes"},"schema":{"@context":"https:\/\/schema.org","@graph":[{"@type":"Article","@id":"https:\/\/www.altercampagne.net\/?p=1803#article","isPartOf":{"@id":"https:\/\/www.altercampagne.net\/?p=1803"},"author":{"name":"Genevi\u00e8ve","@id":"https:\/\/www.altercampagne.net\/#\/schema\/person\/55135b6f6a4ceae0f5048a9621ed0a4a"},"headline":"\u00c9tape du 22 juillet : L&rsquo;Atelier Dynamo, la Nancyclette, l&rsquo;Etoile et la Lanterne et le CCAN \u00e0 Nancy","datePublished":"2015-07-22T16:05:16+00:00","dateModified":"2019-09-13T09:04:38+00:00","mainEntityOfPage":{"@id":"https:\/\/www.altercampagne.net\/?p=1803"},"wordCount":350,"image":{"@id":"https:\/\/www.altercampagne.net\/?p=1803#primaryimage"},"thumbnailUrl":"https:\/\/www.altercampagne.net\/wp-content\/uploads\/2015\/07\/2015-07-22_14.45.jpg","keywords":["Centre Culturel Autog\u00e9r\u00e9 de Nancy","alterjournaliste","2015","nancyclette","Bayon","Meurthe-et-Moselle","v\u00e9gan","L'Etoile et la Lanterne","Lorraine","Nancy","CCAN","cop21","ortie de secours","AlterTour 2015","Atelier Dynamo","v\u00e9lorution","climat"],"articleSection":["Grand Est","\u00c9dition 2015","V\u00e9lo"],"inLanguage":"fr-FR"},{"@type":"WebPage","@id":"https:\/\/www.altercampagne.net\/?p=1803","url":"https:\/\/www.altercampagne.net\/?p=1803","name":"\u00c9tape du 22 juillet : L'Atelier Dynamo, la Nancyclette, l'Etoile et la Lanterne et le CCAN \u00e0 Nancy - AlterTour","isPartOf":{"@id":"https:\/\/www.altercampagne.net\/#website"},"primaryImageOfPage":{"@id":"https:\/\/www.altercampagne.net\/?p=1803#primaryimage"},"image":{"@id":"https:\/\/www.altercampagne.net\/?p=1803#primaryimage"},"thumbnailUrl":"https:\/\/www.altercampagne.net\/wp-content\/uploads\/2015\/07\/2015-07-22_14.45.jpg","datePublished":"2015-07-22T16:05:16+00:00","dateModified":"2019-09-13T09:04:38+00:00","author":{"@id":"https:\/\/www.altercampagne.net\/#\/schema\/person\/55135b6f6a4ceae0f5048a9621ed0a4a"},"breadcrumb":{"@id":"https:\/\/www.altercampagne.net\/?p=1803#breadcrumb"},"inLanguage":"fr-FR","potentialAction":[{"@type":"ReadAction","target":["https:\/\/www.altercampagne.net\/?p=1803"]}]},{"@type":"ImageObject","inLanguage":"fr-FR","@id":"https:\/\/www.altercampagne.net\/?p=1803#primaryimage","url":"https:\/\/www.altercampagne.net\/wp-content\/uploads\/2015\/07\/2015-07-22_14.45.jpg","contentUrl":"https:\/\/www.altercampagne.net\/wp-content\/uploads\/2015\/07\/2015-07-22_14.45.jpg","width":902,"height":472},{"@type":"BreadcrumbList","@id":"https:\/\/www.altercampagne.net\/?p=1803#breadcrumb","itemListElement":[{"@type":"ListItem","position":1,"name":"Accueil","item":"https:\/\/www.altercampagne.net\/"},{"@type":"ListItem","position":2,"name":"\u00c9tape du 22 juillet : L&rsquo;Atelier Dynamo, la Nancyclette, l&rsquo;Etoile et la Lanterne et le CCAN \u00e0 Nancy"}]},{"@type":"WebSite","@id":"https:\/\/www.altercampagne.net\/#website","url":"https:\/\/www.altercampagne.net\/","name":"AlterTour","description":"Reliez les Alternatives \u00e0 v\u00e9lo","potentialAction":[{"@type":"SearchAction","target":{"@type":"EntryPoint","urlTemplate":"https:\/\/www.altercampagne.net\/?s={search_term_string}"},"query-input":{"@type":"PropertyValueSpecification","valueRequired":true,"valueName":"search_term_string"}}],"inLanguage":"fr-FR"},{"@type":"Person","@id":"https:\/\/www.altercampagne.net\/#\/schema\/person\/55135b6f6a4ceae0f5048a9621ed0a4a","name":"Genevi\u00e8ve","image":{"@type":"ImageObject","inLanguage":"fr-FR","@id":"https:\/\/secure.gravatar.com\/avatar\/0eb694242cfa4f68e376980536b280cb2a5b7c4eb4c43faf61cb38c0cf90eebf?s=96&d=mm&r=g","url":"https:\/\/secure.gravatar.com\/avatar\/0eb694242cfa4f68e376980536b280cb2a5b7c4eb4c43faf61cb38c0cf90eebf?s=96&d=mm&r=g","contentUrl":"https:\/\/secure.gravatar.com\/avatar\/0eb694242cfa4f68e376980536b280cb2a5b7c4eb4c43faf61cb38c0cf90eebf?s=96&d=mm&r=g","caption":"Genevi\u00e8ve"},"url":"https:\/\/www.altercampagne.net\/?author=184"}]}},"_links":{"self":[{"href":"https:\/\/www.altercampagne.net\/index.php?rest_route=\/wp\/v2\/posts\/1803","targetHints":{"allow":["GET"]}}],"collection":[{"href":"https:\/\/www.altercampagne.net\/index.php?rest_route=\/wp\/v2\/posts"}],"about":[{"href":"https:\/\/www.altercampagne.net\/index.php?rest_route=\/wp\/v2\/types\/post"}],"author":[{"embeddable":true,"href":"https:\/\/www.altercampagne.net\/index.php?rest_route=\/wp\/v2\/users\/184"}],"replies":[{"embeddable":true,"href":"https:\/\/www.altercampagne.net\/index.php?rest_route=%2Fwp%2Fv2%2Fcomments&post=1803"}],"version-history":[{"count":0,"href":"https:\/\/www.altercampagne.net\/index.php?rest_route=\/wp\/v2\/posts\/1803\/revisions"}],"wp:featuredmedia":[{"embeddable":true,"href":"https:\/\/www.altercampagne.net\/index.php?rest_route=\/wp\/v2\/media\/15352"}],"wp:attachment":[{"href":"https:\/\/www.altercampagne.net\/index.php?rest_route=%2Fwp%2Fv2%2Fmedia&parent=1803"}],"wp:term":[{"taxonomy":"category","embeddable":true,"href":"https:\/\/www.altercampagne.net\/index.php?rest_route=%2Fwp%2Fv2%2Fcategories&post=1803"},{"taxonomy":"post_tag","embeddable":true,"href":"https:\/\/www.altercampagne.net\/index.php?rest_route=%2Fwp%2Fv2%2Ftags&post=1803"}],"curies":[{"name":"wp","href":"https:\/\/api.w.org\/{rel}","templated":true}]}}