{"id":1805,"date":"2015-07-21T18:06:08","date_gmt":"2015-07-21T16:06:08","guid":{"rendered":"http:\/\/www.altercampagne.net\/?p=1805"},"modified":"2019-09-16T10:22:45","modified_gmt":"2019-09-16T08:22:45","slug":"un-quebecois-qui-se-degourdit-les-pattes-en-lorraine","status":"publish","type":"post","link":"https:\/\/www.altercampagne.net\/?p=1805","title":{"rendered":"Un qu\u00e9b\u00e9cois qui se d\u00e9gourdit les pattes en Lorraine"},"content":{"rendered":"<p><b>21 juillet 2015<\/b>\u00a0 en passant par Pierre-La-Treiche<\/p>\n<p><a href=\"http:\/\/www.altercampagne.net\/wp-content\/uploads\/2015\/07\/00S8dbmjVuE5w7HlCzuqRgOcmmBn3myicZm9YD0bXo3Hw952-h634-no.jpg\"><img loading=\"lazy\" decoding=\"async\" class=\" wp-image-1862 size-medium alignright\" src=\"http:\/\/www.altercampagne.net\/wp-content\/uploads\/2015\/07\/00S8dbmjVuE5w7HlCzuqRgOcmmBn3myicZm9YD0bXo3Hw952-h634-no-300x200.jpg\" alt=\"00S8dbmjVuE5w7HlCzuqRgOcmmBn3myicZm9YD0bXo3H=w952-h634-no\" width=\"300\" height=\"200\" srcset=\"https:\/\/www.altercampagne.net\/wp-content\/uploads\/2015\/07\/00S8dbmjVuE5w7HlCzuqRgOcmmBn3myicZm9YD0bXo3Hw952-h634-no-300x200.jpg 300w, https:\/\/www.altercampagne.net\/wp-content\/uploads\/2015\/07\/00S8dbmjVuE5w7HlCzuqRgOcmmBn3myicZm9YD0bXo3Hw952-h634-no.jpg 952w\" sizes=\"auto, (max-width: 300px) 100vw, 300px\" \/><\/a>\u00c7a fait qu&rsquo;on s&rsquo;est r\u00e9veill\u00e9s de bon matin, comme c&rsquo;est de coutume \u00e0 l&rsquo;AlterTour. 7h tapant, et pis pas banal \u00e0 part de \u00e7a, tin to\u00e9 ben : sous les grincements d&rsquo;nos deux machiav\u00e9liques apprentis musiciens q&rsquo;y&rsquo;avaient ben pr\u00e9par\u00e9s leu coup. Fabien pis Luc qu&rsquo;y&rsquo;ont troqu\u00e9s leurs froc de prof de sport pour une flute pis un violon. J&rsquo;vous dit qu&rsquo;on s&rsquo;est remis les yeux drette en face des trous direct devant telle exp\u00e9rimentation ! Pis toute la gang s&rsquo;est activ\u00e9e. Les ceuzes qu&rsquo;y&rsquo;\u00e9taient partis sa brosse hier avaient mal aux ch&rsquo;veux, faut dire qu&rsquo;on s&rsquo;\u00e9tait fait abreuv\u00e9s par d&rsquo;l&rsquo;alcool de Quetsch, avec une nuit pass\u00e9e sur les mottes d&rsquo;argiles d&rsquo;un champs s\u00e9ch\u00e9 au soleil, confort total. On pouvait d\u00e9j\u00e0 sentir la canicule s&rsquo;en venir \u00e0 grands pas.<\/p>\n<p>Ptit d\u00e9j, r\u00e9paration v\u00e9lo, l&rsquo;organisation du quotidien qui se met en branle pis \u00e0 9h on est fin pr\u00eats (ou presque en tout cas) a d\u00e9coller d&rsquo;la ferme d&rsquo;la Chaudeau ou S\u00e9bastien et Lucile nous ont si bien re\u00e7us. Faque on est r&rsquo;partis par les sentiers bucoliques de Lorraine, une piste sul&rsquo;bord d&rsquo;la Moselle, \u00e0 l&rsquo;abri des arbres. Pis par les routes, une 50aine de kilom\u00e8tres \u00e0 se br\u00fbler au soleil pour la destination finale, l&rsquo;asso <strong><a href=\"Meurthe-et-Moselle\" target=\"_blank\" rel=\"noopener noreferrer\">Ortie de Secours<\/a><\/strong> install\u00e9e en permaculture. Pr\u00e9sentation d&rsquo;la place avec nos h\u00f4tes Robin et Fabien, des jardins, soir\u00e9e pizza au feu d&rsquo;bois, musique bi\u00e8re et vin et pis ben la convivialit\u00e9 particuli\u00e8re \u00e0 l&rsquo;AlterTour, les rencontres pis les \u00e9changes qui nous enrichissent. Le plaisir est dans le partage !<\/p>\n<p>L\u00e0-d&rsquo;ssus, bonne nuit !<\/p>\n<p style=\"text-align: right;\"><strong>Isaac<\/strong><\/p>\n","protected":false},"excerpt":{"rendered":"<p>21 juillet 2015\u00a0 en passant par Pierre-La-Treiche \u00c7a fait qu&rsquo;on s&rsquo;est r\u00e9veill\u00e9s de bon matin, comme c&rsquo;est de coutume \u00e0 l&rsquo;AlterTour. 7h tapant, et pis pas banal \u00e0 part de \u00e7a, tin to\u00e9 ben : sous les grincements d&rsquo;nos deux machiav\u00e9liques apprentis musiciens q&rsquo;y&rsquo;avaient ben pr\u00e9par\u00e9s leu coup. Fabien pis &#8230; <\/p>\n<div><a href=\"https:\/\/www.altercampagne.net\/?p=1805\" class=\"more-link\">Read More<\/a><\/div>\n","protected":false},"author":184,"featured_media":15644,"comment_status":"closed","ping_status":"closed","sticky":false,"template":"","format":"standard","meta":{"footnotes":""},"categories":[3483,3475,3460],"tags":[44,172,192,207,233,247,274,294,352,1540,1672,2704],"class_list":["post-1805","post","type-post","status-publish","format-standard","has-post-thumbnail","hentry","category-agriculture","category-grand-est","category-edition-2015","tag-climat","tag-ferme-de-la-chaudeau","tag-altertour-2015","tag-ortie-de-secours","tag-cop21","tag-lorraine","tag-acces-a-la-terre","tag-permaculture","tag-pierre-la-treiche","tag-meurthe-et-moselle","tag-1672","tag-alterjournaliste"],"yoast_head":"<!-- This site is optimized with the Yoast SEO plugin v27.3 - https:\/\/yoast.com\/product\/yoast-seo-wordpress\/ -->\n<title>Un qu\u00e9b\u00e9cois qui se d\u00e9gourdit les pattes en Lorraine - AlterTour<\/title>\n<meta name=\"robots\" content=\"index, follow, max-snippet:-1, max-image-preview:large, max-video-preview:-1\" \/>\n<link rel=\"canonical\" href=\"https:\/\/www.altercampagne.net\/?p=1805\" \/>\n<meta property=\"og:locale\" content=\"fr_FR\" \/>\n<meta property=\"og:type\" content=\"article\" \/>\n<meta property=\"og:title\" content=\"Un qu\u00e9b\u00e9cois qui se d\u00e9gourdit les pattes en Lorraine - AlterTour\" \/>\n<meta property=\"og:description\" content=\"21 juillet 2015\u00a0 en passant par Pierre-La-Treiche \u00c7a fait qu&rsquo;on s&rsquo;est r\u00e9veill\u00e9s de bon matin, comme c&rsquo;est de coutume \u00e0 l&rsquo;AlterTour. 7h tapant, et pis pas banal \u00e0 part de \u00e7a, tin to\u00e9 ben : sous les grincements d&rsquo;nos deux machiav\u00e9liques apprentis musiciens q&rsquo;y&rsquo;avaient ben pr\u00e9par\u00e9s leu coup. Fabien pis ... Read More\" \/>\n<meta property=\"og:url\" content=\"https:\/\/www.altercampagne.net\/?p=1805\" \/>\n<meta property=\"og:site_name\" content=\"AlterTour\" \/>\n<meta property=\"article:published_time\" content=\"2015-07-21T16:06:08+00:00\" \/>\n<meta property=\"article:modified_time\" content=\"2019-09-16T08:22:45+00:00\" \/>\n<meta property=\"og:image\" content=\"https:\/\/www.altercampagne.net\/wp-content\/uploads\/2015\/07\/2015-07-20_19.10.jpg\" \/>\n\t<meta property=\"og:image:width\" content=\"902\" \/>\n\t<meta property=\"og:image:height\" content=\"472\" \/>\n\t<meta property=\"og:image:type\" content=\"image\/jpeg\" \/>\n<meta name=\"author\" content=\"Genevi\u00e8ve\" \/>\n<meta name=\"twitter:card\" content=\"summary_large_image\" \/>\n<meta name=\"twitter:label1\" content=\"\u00c9crit par\" \/>\n\t<meta name=\"twitter:data1\" content=\"Genevi\u00e8ve\" \/>\n\t<meta name=\"twitter:label2\" content=\"Dur\u00e9e de lecture estim\u00e9e\" \/>\n\t<meta name=\"twitter:data2\" content=\"1 minute\" \/>\n<script type=\"application\/ld+json\" class=\"yoast-schema-graph\">{\"@context\":\"https:\\\/\\\/schema.org\",\"@graph\":[{\"@type\":\"Article\",\"@id\":\"https:\\\/\\\/www.altercampagne.net\\\/?p=1805#article\",\"isPartOf\":{\"@id\":\"https:\\\/\\\/www.altercampagne.net\\\/?p=1805\"},\"author\":{\"name\":\"Genevi\u00e8ve\",\"@id\":\"https:\\\/\\\/www.altercampagne.net\\\/#\\\/schema\\\/person\\\/55135b6f6a4ceae0f5048a9621ed0a4a\"},\"headline\":\"Un qu\u00e9b\u00e9cois qui se d\u00e9gourdit les pattes en Lorraine\",\"datePublished\":\"2015-07-21T16:06:08+00:00\",\"dateModified\":\"2019-09-16T08:22:45+00:00\",\"mainEntityOfPage\":{\"@id\":\"https:\\\/\\\/www.altercampagne.net\\\/?p=1805\"},\"wordCount\":327,\"image\":{\"@id\":\"https:\\\/\\\/www.altercampagne.net\\\/?p=1805#primaryimage\"},\"thumbnailUrl\":\"https:\\\/\\\/www.altercampagne.net\\\/wp-content\\\/uploads\\\/2015\\\/07\\\/2015-07-20_19.10.jpg\",\"keywords\":[\"climat\",\"Ferme de la Chaudeau\",\"AlterTour 2015\",\"ortie de secours\",\"cop21\",\"Lorraine\",\"acc\u00e8s \u00e0 la terre\",\"permaculture\",\"Pierre-la-Treiche\",\"Meurthe-et-Moselle\",\"2015\",\"alterjournaliste\"],\"articleSection\":[\"Agriculture\",\"Grand Est\",\"\u00c9dition 2015\"],\"inLanguage\":\"fr-FR\"},{\"@type\":\"WebPage\",\"@id\":\"https:\\\/\\\/www.altercampagne.net\\\/?p=1805\",\"url\":\"https:\\\/\\\/www.altercampagne.net\\\/?p=1805\",\"name\":\"Un qu\u00e9b\u00e9cois qui se d\u00e9gourdit les pattes en Lorraine - AlterTour\",\"isPartOf\":{\"@id\":\"https:\\\/\\\/www.altercampagne.net\\\/#website\"},\"primaryImageOfPage\":{\"@id\":\"https:\\\/\\\/www.altercampagne.net\\\/?p=1805#primaryimage\"},\"image\":{\"@id\":\"https:\\\/\\\/www.altercampagne.net\\\/?p=1805#primaryimage\"},\"thumbnailUrl\":\"https:\\\/\\\/www.altercampagne.net\\\/wp-content\\\/uploads\\\/2015\\\/07\\\/2015-07-20_19.10.jpg\",\"datePublished\":\"2015-07-21T16:06:08+00:00\",\"dateModified\":\"2019-09-16T08:22:45+00:00\",\"author\":{\"@id\":\"https:\\\/\\\/www.altercampagne.net\\\/#\\\/schema\\\/person\\\/55135b6f6a4ceae0f5048a9621ed0a4a\"},\"breadcrumb\":{\"@id\":\"https:\\\/\\\/www.altercampagne.net\\\/?p=1805#breadcrumb\"},\"inLanguage\":\"fr-FR\",\"potentialAction\":[{\"@type\":\"ReadAction\",\"target\":[\"https:\\\/\\\/www.altercampagne.net\\\/?p=1805\"]}]},{\"@type\":\"ImageObject\",\"inLanguage\":\"fr-FR\",\"@id\":\"https:\\\/\\\/www.altercampagne.net\\\/?p=1805#primaryimage\",\"url\":\"https:\\\/\\\/www.altercampagne.net\\\/wp-content\\\/uploads\\\/2015\\\/07\\\/2015-07-20_19.10.jpg\",\"contentUrl\":\"https:\\\/\\\/www.altercampagne.net\\\/wp-content\\\/uploads\\\/2015\\\/07\\\/2015-07-20_19.10.jpg\",\"width\":902,\"height\":472},{\"@type\":\"BreadcrumbList\",\"@id\":\"https:\\\/\\\/www.altercampagne.net\\\/?p=1805#breadcrumb\",\"itemListElement\":[{\"@type\":\"ListItem\",\"position\":1,\"name\":\"Accueil\",\"item\":\"https:\\\/\\\/www.altercampagne.net\\\/\"},{\"@type\":\"ListItem\",\"position\":2,\"name\":\"Un qu\u00e9b\u00e9cois qui se d\u00e9gourdit les pattes en Lorraine\"}]},{\"@type\":\"WebSite\",\"@id\":\"https:\\\/\\\/www.altercampagne.net\\\/#website\",\"url\":\"https:\\\/\\\/www.altercampagne.net\\\/\",\"name\":\"AlterTour\",\"description\":\"Reliez les Alternatives \u00e0 v\u00e9lo\",\"potentialAction\":[{\"@type\":\"SearchAction\",\"target\":{\"@type\":\"EntryPoint\",\"urlTemplate\":\"https:\\\/\\\/www.altercampagne.net\\\/?s={search_term_string}\"},\"query-input\":{\"@type\":\"PropertyValueSpecification\",\"valueRequired\":true,\"valueName\":\"search_term_string\"}}],\"inLanguage\":\"fr-FR\"},{\"@type\":\"Person\",\"@id\":\"https:\\\/\\\/www.altercampagne.net\\\/#\\\/schema\\\/person\\\/55135b6f6a4ceae0f5048a9621ed0a4a\",\"name\":\"Genevi\u00e8ve\",\"image\":{\"@type\":\"ImageObject\",\"inLanguage\":\"fr-FR\",\"@id\":\"https:\\\/\\\/secure.gravatar.com\\\/avatar\\\/0eb694242cfa4f68e376980536b280cb2a5b7c4eb4c43faf61cb38c0cf90eebf?s=96&d=mm&r=g\",\"url\":\"https:\\\/\\\/secure.gravatar.com\\\/avatar\\\/0eb694242cfa4f68e376980536b280cb2a5b7c4eb4c43faf61cb38c0cf90eebf?s=96&d=mm&r=g\",\"contentUrl\":\"https:\\\/\\\/secure.gravatar.com\\\/avatar\\\/0eb694242cfa4f68e376980536b280cb2a5b7c4eb4c43faf61cb38c0cf90eebf?s=96&d=mm&r=g\",\"caption\":\"Genevi\u00e8ve\"},\"url\":\"https:\\\/\\\/www.altercampagne.net\\\/?author=184\"}]}<\/script>\n<!-- \/ Yoast SEO plugin. -->","yoast_head_json":{"title":"Un qu\u00e9b\u00e9cois qui se d\u00e9gourdit les pattes en Lorraine - AlterTour","robots":{"index":"index","follow":"follow","max-snippet":"max-snippet:-1","max-image-preview":"max-image-preview:large","max-video-preview":"max-video-preview:-1"},"canonical":"https:\/\/www.altercampagne.net\/?p=1805","og_locale":"fr_FR","og_type":"article","og_title":"Un qu\u00e9b\u00e9cois qui se d\u00e9gourdit les pattes en Lorraine - AlterTour","og_description":"21 juillet 2015\u00a0 en passant par Pierre-La-Treiche \u00c7a fait qu&rsquo;on s&rsquo;est r\u00e9veill\u00e9s de bon matin, comme c&rsquo;est de coutume \u00e0 l&rsquo;AlterTour. 7h tapant, et pis pas banal \u00e0 part de \u00e7a, tin to\u00e9 ben : sous les grincements d&rsquo;nos deux machiav\u00e9liques apprentis musiciens q&rsquo;y&rsquo;avaient ben pr\u00e9par\u00e9s leu coup. Fabien pis ... Read More","og_url":"https:\/\/www.altercampagne.net\/?p=1805","og_site_name":"AlterTour","article_published_time":"2015-07-21T16:06:08+00:00","article_modified_time":"2019-09-16T08:22:45+00:00","og_image":[{"width":902,"height":472,"url":"https:\/\/www.altercampagne.net\/wp-content\/uploads\/2015\/07\/2015-07-20_19.10.jpg","type":"image\/jpeg"}],"author":"Genevi\u00e8ve","twitter_card":"summary_large_image","twitter_misc":{"\u00c9crit par":"Genevi\u00e8ve","Dur\u00e9e de lecture estim\u00e9e":"1 minute"},"schema":{"@context":"https:\/\/schema.org","@graph":[{"@type":"Article","@id":"https:\/\/www.altercampagne.net\/?p=1805#article","isPartOf":{"@id":"https:\/\/www.altercampagne.net\/?p=1805"},"author":{"name":"Genevi\u00e8ve","@id":"https:\/\/www.altercampagne.net\/#\/schema\/person\/55135b6f6a4ceae0f5048a9621ed0a4a"},"headline":"Un qu\u00e9b\u00e9cois qui se d\u00e9gourdit les pattes en Lorraine","datePublished":"2015-07-21T16:06:08+00:00","dateModified":"2019-09-16T08:22:45+00:00","mainEntityOfPage":{"@id":"https:\/\/www.altercampagne.net\/?p=1805"},"wordCount":327,"image":{"@id":"https:\/\/www.altercampagne.net\/?p=1805#primaryimage"},"thumbnailUrl":"https:\/\/www.altercampagne.net\/wp-content\/uploads\/2015\/07\/2015-07-20_19.10.jpg","keywords":["climat","Ferme de la Chaudeau","AlterTour 2015","ortie de secours","cop21","Lorraine","acc\u00e8s \u00e0 la terre","permaculture","Pierre-la-Treiche","Meurthe-et-Moselle","2015","alterjournaliste"],"articleSection":["Agriculture","Grand Est","\u00c9dition 2015"],"inLanguage":"fr-FR"},{"@type":"WebPage","@id":"https:\/\/www.altercampagne.net\/?p=1805","url":"https:\/\/www.altercampagne.net\/?p=1805","name":"Un qu\u00e9b\u00e9cois qui se d\u00e9gourdit les pattes en Lorraine - AlterTour","isPartOf":{"@id":"https:\/\/www.altercampagne.net\/#website"},"primaryImageOfPage":{"@id":"https:\/\/www.altercampagne.net\/?p=1805#primaryimage"},"image":{"@id":"https:\/\/www.altercampagne.net\/?p=1805#primaryimage"},"thumbnailUrl":"https:\/\/www.altercampagne.net\/wp-content\/uploads\/2015\/07\/2015-07-20_19.10.jpg","datePublished":"2015-07-21T16:06:08+00:00","dateModified":"2019-09-16T08:22:45+00:00","author":{"@id":"https:\/\/www.altercampagne.net\/#\/schema\/person\/55135b6f6a4ceae0f5048a9621ed0a4a"},"breadcrumb":{"@id":"https:\/\/www.altercampagne.net\/?p=1805#breadcrumb"},"inLanguage":"fr-FR","potentialAction":[{"@type":"ReadAction","target":["https:\/\/www.altercampagne.net\/?p=1805"]}]},{"@type":"ImageObject","inLanguage":"fr-FR","@id":"https:\/\/www.altercampagne.net\/?p=1805#primaryimage","url":"https:\/\/www.altercampagne.net\/wp-content\/uploads\/2015\/07\/2015-07-20_19.10.jpg","contentUrl":"https:\/\/www.altercampagne.net\/wp-content\/uploads\/2015\/07\/2015-07-20_19.10.jpg","width":902,"height":472},{"@type":"BreadcrumbList","@id":"https:\/\/www.altercampagne.net\/?p=1805#breadcrumb","itemListElement":[{"@type":"ListItem","position":1,"name":"Accueil","item":"https:\/\/www.altercampagne.net\/"},{"@type":"ListItem","position":2,"name":"Un qu\u00e9b\u00e9cois qui se d\u00e9gourdit les pattes en Lorraine"}]},{"@type":"WebSite","@id":"https:\/\/www.altercampagne.net\/#website","url":"https:\/\/www.altercampagne.net\/","name":"AlterTour","description":"Reliez les Alternatives \u00e0 v\u00e9lo","potentialAction":[{"@type":"SearchAction","target":{"@type":"EntryPoint","urlTemplate":"https:\/\/www.altercampagne.net\/?s={search_term_string}"},"query-input":{"@type":"PropertyValueSpecification","valueRequired":true,"valueName":"search_term_string"}}],"inLanguage":"fr-FR"},{"@type":"Person","@id":"https:\/\/www.altercampagne.net\/#\/schema\/person\/55135b6f6a4ceae0f5048a9621ed0a4a","name":"Genevi\u00e8ve","image":{"@type":"ImageObject","inLanguage":"fr-FR","@id":"https:\/\/secure.gravatar.com\/avatar\/0eb694242cfa4f68e376980536b280cb2a5b7c4eb4c43faf61cb38c0cf90eebf?s=96&d=mm&r=g","url":"https:\/\/secure.gravatar.com\/avatar\/0eb694242cfa4f68e376980536b280cb2a5b7c4eb4c43faf61cb38c0cf90eebf?s=96&d=mm&r=g","contentUrl":"https:\/\/secure.gravatar.com\/avatar\/0eb694242cfa4f68e376980536b280cb2a5b7c4eb4c43faf61cb38c0cf90eebf?s=96&d=mm&r=g","caption":"Genevi\u00e8ve"},"url":"https:\/\/www.altercampagne.net\/?author=184"}]}},"_links":{"self":[{"href":"https:\/\/www.altercampagne.net\/index.php?rest_route=\/wp\/v2\/posts\/1805","targetHints":{"allow":["GET"]}}],"collection":[{"href":"https:\/\/www.altercampagne.net\/index.php?rest_route=\/wp\/v2\/posts"}],"about":[{"href":"https:\/\/www.altercampagne.net\/index.php?rest_route=\/wp\/v2\/types\/post"}],"author":[{"embeddable":true,"href":"https:\/\/www.altercampagne.net\/index.php?rest_route=\/wp\/v2\/users\/184"}],"replies":[{"embeddable":true,"href":"https:\/\/www.altercampagne.net\/index.php?rest_route=%2Fwp%2Fv2%2Fcomments&post=1805"}],"version-history":[{"count":0,"href":"https:\/\/www.altercampagne.net\/index.php?rest_route=\/wp\/v2\/posts\/1805\/revisions"}],"wp:featuredmedia":[{"embeddable":true,"href":"https:\/\/www.altercampagne.net\/index.php?rest_route=\/wp\/v2\/media\/15644"}],"wp:attachment":[{"href":"https:\/\/www.altercampagne.net\/index.php?rest_route=%2Fwp%2Fv2%2Fmedia&parent=1805"}],"wp:term":[{"taxonomy":"category","embeddable":true,"href":"https:\/\/www.altercampagne.net\/index.php?rest_route=%2Fwp%2Fv2%2Fcategories&post=1805"},{"taxonomy":"post_tag","embeddable":true,"href":"https:\/\/www.altercampagne.net\/index.php?rest_route=%2Fwp%2Fv2%2Ftags&post=1805"}],"curies":[{"name":"wp","href":"https:\/\/api.w.org\/{rel}","templated":true}]}}