{"id":1811,"date":"2015-07-25T18:03:54","date_gmt":"2015-07-25T16:03:54","guid":{"rendered":"http:\/\/www.altercampagne.net\/?p=1811"},"modified":"2019-09-16T10:08:41","modified_gmt":"2019-09-16T08:08:41","slug":"25-juillet-ca-commence-comme-un-poeme-de-baudelaire-quand-le-ciel-bas-et-lourd-pese-comme-un-couvercle","status":"publish","type":"post","link":"https:\/\/www.altercampagne.net\/?p=1811","title":{"rendered":"\u00c7a commence comme un po\u00e8me de Baudelaire \u00ab quand le ciel bas et lourd p\u00e8se comme un couvercle\u2026. \u00bb."},"content":{"rendered":"<p>\u00c7a commence comme un po\u00e8me de Baudelaire \u00ab\u00a0quand le ciel bas et lourd p\u00e8se comme un couvercle\u2026.\u00a0\u00bb. Devant le caf\u00e9 qui passe des papiers s\u2019envolent. A peine r\u00e9veill\u00e9s et agglutin\u00e9s debout autour des victuailles du matin, le vent nous enjoint \u00e0 d\u00e9guerpir de son terrain de jeu (un terrain de foot en fait).<\/p>\n<p>Eole secoue les toiles et appelle les nuages qui jettent d\u00e9j\u00e0 leur eau de lavage sur les toiles encore chiffonn\u00e9es par leur nuit trop courte. La tartine dans la bouche nous n\u2019avons pas assez de nos deux bras pour plier, bouchonner, tire bouchonner nos trucs et nos machins dans leurs sacs, sacoches, pochons, boites, housse, trousses\u2026 Ce matin, le caf\u00e9 sera tr\u00e8s allong\u00e9.<\/p>\n<p>Le vent fait le boulot imparti au gardien du temps. Il nous presse au d\u00e9part, nous pousse, charg\u00e9s de nos nombreux bagages, \u00e0 passer sous le pont remplir le grand camion rest\u00e9 \u00e0 la lisi\u00e8re des constructions des hommes trop basses pour lui.<\/p>\n<p>Sous le ciel gris, entre l\u2019eau kaki de la Moselle et les verts humides des arbres, nos capes d\u00e9pli\u00e9es font des pointill\u00e9s color\u00e9s dans la nature d\u2019humeur automnale.<\/p>\n<p>Est-ce la morosit\u00e9 du temps qui s\u2019est transmise \u00e0 notre cort\u00e8ge, notre v\u00e9lorution \u00e0 Metz\u00a0? C\u2019est vrai qu\u2019il faut chercher les pi\u00e9tons en ce samedi de juillet pluvieux. Quatre personnes au march\u00e9 bio\u2026.<\/p>\n<p>Si quelqu\u2019un appr\u00e9cie la pluie et le d\u00e9sert humain qu\u2019elle suscite c\u2019est le jardinier du jardin \u00e9ph\u00e9m\u00e8re \u2013sous surveillance vid\u00e9o- install\u00e9 devant le grand th\u00e9\u00e2tre ,\u00a0\u00ab quand il y a trop de soleil il y a du vandalisme\u00a0\u00bb\u2026.<\/p>\n<p>Quelques coups de p\u00e9dales et notre humeur s\u2019all\u00e8ge, nous voil\u00e0 dans un jardin associatif \u00e0 vocation p\u00e9dagogique de <a href=\"http:\/\/cpncoquelicots.org\/\" target=\"_blank\" rel=\"noopener noreferrer\"><strong>CPN Coqulicots<\/strong><\/a>, un havre de verdure et d\u2019inventivit\u00e9 au milieu de barres d\u2019immeubles tristes. Le poulailler abrite OPO, ORI et OVER (vous voyez le jeu de mots). Over, c\u2019est la plus grosse, la Meusienne, elle est blonde, l\u00e9g\u00e8rement ambr\u00e9e\u2026 mais ici, on ne les mange pas\u00a0; elle est douce sous les doigts car elle se laisse caresser comme un chien. Plus loin, le corbeau commotionn\u00e9 par sa chute et apport\u00e9 par une petite voisine accepte sans broncher sa convalescence et la promiscuit\u00e9 des volailles. D\u00e9j\u00e0 quelques altertouriens portent de grosses pierres de Chaumont pour continuer la spirale aromatique du jardin, d\u2019autres colmatent les petits espaces avec de plus petites pierres. Lorsque la spirales de pierres sera termin\u00e9e, les vides int\u00e9rieurs seront combl\u00e9s avec de la terre puis plant\u00e9s d\u2019herbes aromatiques. La spirale de pierre permet de cr\u00e9er des micro climats diff\u00e9rents, c\u2019est un syst\u00e8me ing\u00e9nieux et esth\u00e9tique pour faire pousser des plantes d\u2019origine g\u00e9ographique diff\u00e9rentes.<\/p>\n<p>Mais il nous faut d\u00e9j\u00e0 quitter nos h\u00f4tes fort sympathiques pour manger du bitume jusqu\u2019au camping de Volstroff.<\/p>\n<p><a name=\"_GoBack\"><\/a> La nature, la gentillesse et la vitalit\u00e9 des hommes a eu le pouvoir de changer la tonalit\u00e9 du po\u00e8me, lan\u00e7ant un autre vers le cr\u00e9puscule de notre journ\u00e9e\u00a0\u00ab\u00a0la nature est un temple o\u00f9 de vivants piliers\u2026\u00a0\u00bb, lan\u00e7ant d\u2019autres musiques et d\u2019autres chants .<\/p>\n<p style=\"text-align: right;\"><strong>V\u00e9ronique<\/strong><\/p>\n","protected":false},"excerpt":{"rendered":"<p>\u00c7a commence comme un po\u00e8me de Baudelaire \u00ab\u00a0quand le ciel bas et lourd p\u00e8se comme un couvercle\u2026.\u00a0\u00bb. Devant le caf\u00e9 qui passe des papiers s\u2019envolent. A peine r\u00e9veill\u00e9s et agglutin\u00e9s debout autour des victuailles du matin, le vent nous enjoint \u00e0 d\u00e9guerpir de son terrain de jeu (un terrain de &#8230; <\/p>\n<div><a href=\"https:\/\/www.altercampagne.net\/?p=1811\" class=\"more-link\">Read More<\/a><\/div>\n","protected":false},"author":184,"featured_media":15640,"comment_status":"closed","ping_status":"closed","sticky":false,"template":"","format":"standard","meta":{"footnotes":""},"categories":[3475,3486,3460,3488],"tags":[27,44,102,192,204,233,247,1515,1546,1551,1672,2704],"class_list":["post-1811","post","type-post","status-publish","format-standard","has-post-thumbnail","hentry","category-grand-est","category-environnement","category-edition-2015","category-social","tag-metz","tag-climat","tag-velorution","tag-altertour-2015","tag-cpn-coquelicots","tag-cop21","tag-lorraine","tag-alsace-champagne-ardenne-lorraine","tag-moselle","tag-spirale-aromatique","tag-1672","tag-alterjournaliste"],"yoast_head":"<!-- This site is optimized with the Yoast SEO plugin v27.3 - https:\/\/yoast.com\/product\/yoast-seo-wordpress\/ -->\n<title>\u00c7a commence comme un po\u00e8me de Baudelaire \u00ab quand le ciel bas et lourd p\u00e8se comme un couvercle\u2026. \u00bb. - AlterTour<\/title>\n<meta name=\"robots\" content=\"index, follow, max-snippet:-1, max-image-preview:large, max-video-preview:-1\" \/>\n<link rel=\"canonical\" href=\"https:\/\/www.altercampagne.net\/?p=1811\" \/>\n<meta property=\"og:locale\" content=\"fr_FR\" \/>\n<meta property=\"og:type\" content=\"article\" \/>\n<meta property=\"og:title\" content=\"\u00c7a commence comme un po\u00e8me de Baudelaire \u00ab quand le ciel bas et lourd p\u00e8se comme un couvercle\u2026. \u00bb. - AlterTour\" \/>\n<meta property=\"og:description\" content=\"\u00c7a commence comme un po\u00e8me de Baudelaire \u00ab\u00a0quand le ciel bas et lourd p\u00e8se comme un couvercle\u2026.\u00a0\u00bb. Devant le caf\u00e9 qui passe des papiers s\u2019envolent. A peine r\u00e9veill\u00e9s et agglutin\u00e9s debout autour des victuailles du matin, le vent nous enjoint \u00e0 d\u00e9guerpir de son terrain de jeu (un terrain de ... Read More\" \/>\n<meta property=\"og:url\" content=\"https:\/\/www.altercampagne.net\/?p=1811\" \/>\n<meta property=\"og:site_name\" content=\"AlterTour\" \/>\n<meta property=\"article:published_time\" content=\"2015-07-25T16:03:54+00:00\" \/>\n<meta property=\"article:modified_time\" content=\"2019-09-16T08:08:41+00:00\" \/>\n<meta property=\"og:image\" content=\"https:\/\/www.altercampagne.net\/wp-content\/uploads\/2015\/07\/2015-07-25_15.32.jpg\" \/>\n\t<meta property=\"og:image:width\" content=\"902\" \/>\n\t<meta property=\"og:image:height\" content=\"472\" \/>\n\t<meta property=\"og:image:type\" content=\"image\/jpeg\" \/>\n<meta name=\"author\" content=\"Genevi\u00e8ve\" \/>\n<meta name=\"twitter:card\" content=\"summary_large_image\" \/>\n<meta name=\"twitter:label1\" content=\"\u00c9crit par\" \/>\n\t<meta name=\"twitter:data1\" content=\"Genevi\u00e8ve\" \/>\n\t<meta name=\"twitter:label2\" content=\"Dur\u00e9e de lecture estim\u00e9e\" \/>\n\t<meta name=\"twitter:data2\" content=\"3 minutes\" \/>\n<script type=\"application\/ld+json\" class=\"yoast-schema-graph\">{\"@context\":\"https:\\\/\\\/schema.org\",\"@graph\":[{\"@type\":\"Article\",\"@id\":\"https:\\\/\\\/www.altercampagne.net\\\/?p=1811#article\",\"isPartOf\":{\"@id\":\"https:\\\/\\\/www.altercampagne.net\\\/?p=1811\"},\"author\":{\"name\":\"Genevi\u00e8ve\",\"@id\":\"https:\\\/\\\/www.altercampagne.net\\\/#\\\/schema\\\/person\\\/55135b6f6a4ceae0f5048a9621ed0a4a\"},\"headline\":\"\u00c7a commence comme un po\u00e8me de Baudelaire \u00ab quand le ciel bas et lourd p\u00e8se comme un couvercle\u2026. \u00bb.\",\"datePublished\":\"2015-07-25T16:03:54+00:00\",\"dateModified\":\"2019-09-16T08:08:41+00:00\",\"mainEntityOfPage\":{\"@id\":\"https:\\\/\\\/www.altercampagne.net\\\/?p=1811\"},\"wordCount\":577,\"image\":{\"@id\":\"https:\\\/\\\/www.altercampagne.net\\\/?p=1811#primaryimage\"},\"thumbnailUrl\":\"https:\\\/\\\/www.altercampagne.net\\\/wp-content\\\/uploads\\\/2015\\\/07\\\/2015-07-25_15.32.jpg\",\"keywords\":[\"Metz\",\"climat\",\"v\u00e9lorution\",\"AlterTour 2015\",\"CPN Coquelicots\",\"cop21\",\"Lorraine\",\"Alsace-Champagne-Ardenne-Lorraine\",\"Moselle\",\"spirale aromatique\",\"2015\",\"alterjournaliste\"],\"articleSection\":[\"Grand Est\",\"Environnement\",\"\u00c9dition 2015\",\"Social\"],\"inLanguage\":\"fr-FR\"},{\"@type\":\"WebPage\",\"@id\":\"https:\\\/\\\/www.altercampagne.net\\\/?p=1811\",\"url\":\"https:\\\/\\\/www.altercampagne.net\\\/?p=1811\",\"name\":\"\u00c7a commence comme un po\u00e8me de Baudelaire \u00ab quand le ciel bas et lourd p\u00e8se comme un couvercle\u2026. \u00bb. - AlterTour\",\"isPartOf\":{\"@id\":\"https:\\\/\\\/www.altercampagne.net\\\/#website\"},\"primaryImageOfPage\":{\"@id\":\"https:\\\/\\\/www.altercampagne.net\\\/?p=1811#primaryimage\"},\"image\":{\"@id\":\"https:\\\/\\\/www.altercampagne.net\\\/?p=1811#primaryimage\"},\"thumbnailUrl\":\"https:\\\/\\\/www.altercampagne.net\\\/wp-content\\\/uploads\\\/2015\\\/07\\\/2015-07-25_15.32.jpg\",\"datePublished\":\"2015-07-25T16:03:54+00:00\",\"dateModified\":\"2019-09-16T08:08:41+00:00\",\"author\":{\"@id\":\"https:\\\/\\\/www.altercampagne.net\\\/#\\\/schema\\\/person\\\/55135b6f6a4ceae0f5048a9621ed0a4a\"},\"breadcrumb\":{\"@id\":\"https:\\\/\\\/www.altercampagne.net\\\/?p=1811#breadcrumb\"},\"inLanguage\":\"fr-FR\",\"potentialAction\":[{\"@type\":\"ReadAction\",\"target\":[\"https:\\\/\\\/www.altercampagne.net\\\/?p=1811\"]}]},{\"@type\":\"ImageObject\",\"inLanguage\":\"fr-FR\",\"@id\":\"https:\\\/\\\/www.altercampagne.net\\\/?p=1811#primaryimage\",\"url\":\"https:\\\/\\\/www.altercampagne.net\\\/wp-content\\\/uploads\\\/2015\\\/07\\\/2015-07-25_15.32.jpg\",\"contentUrl\":\"https:\\\/\\\/www.altercampagne.net\\\/wp-content\\\/uploads\\\/2015\\\/07\\\/2015-07-25_15.32.jpg\",\"width\":902,\"height\":472},{\"@type\":\"BreadcrumbList\",\"@id\":\"https:\\\/\\\/www.altercampagne.net\\\/?p=1811#breadcrumb\",\"itemListElement\":[{\"@type\":\"ListItem\",\"position\":1,\"name\":\"Accueil\",\"item\":\"https:\\\/\\\/www.altercampagne.net\\\/\"},{\"@type\":\"ListItem\",\"position\":2,\"name\":\"\u00c7a commence comme un po\u00e8me de Baudelaire \u00ab quand le ciel bas et lourd p\u00e8se comme un couvercle\u2026. \u00bb.\"}]},{\"@type\":\"WebSite\",\"@id\":\"https:\\\/\\\/www.altercampagne.net\\\/#website\",\"url\":\"https:\\\/\\\/www.altercampagne.net\\\/\",\"name\":\"AlterTour\",\"description\":\"Reliez les Alternatives \u00e0 v\u00e9lo\",\"potentialAction\":[{\"@type\":\"SearchAction\",\"target\":{\"@type\":\"EntryPoint\",\"urlTemplate\":\"https:\\\/\\\/www.altercampagne.net\\\/?s={search_term_string}\"},\"query-input\":{\"@type\":\"PropertyValueSpecification\",\"valueRequired\":true,\"valueName\":\"search_term_string\"}}],\"inLanguage\":\"fr-FR\"},{\"@type\":\"Person\",\"@id\":\"https:\\\/\\\/www.altercampagne.net\\\/#\\\/schema\\\/person\\\/55135b6f6a4ceae0f5048a9621ed0a4a\",\"name\":\"Genevi\u00e8ve\",\"image\":{\"@type\":\"ImageObject\",\"inLanguage\":\"fr-FR\",\"@id\":\"https:\\\/\\\/secure.gravatar.com\\\/avatar\\\/0eb694242cfa4f68e376980536b280cb2a5b7c4eb4c43faf61cb38c0cf90eebf?s=96&d=mm&r=g\",\"url\":\"https:\\\/\\\/secure.gravatar.com\\\/avatar\\\/0eb694242cfa4f68e376980536b280cb2a5b7c4eb4c43faf61cb38c0cf90eebf?s=96&d=mm&r=g\",\"contentUrl\":\"https:\\\/\\\/secure.gravatar.com\\\/avatar\\\/0eb694242cfa4f68e376980536b280cb2a5b7c4eb4c43faf61cb38c0cf90eebf?s=96&d=mm&r=g\",\"caption\":\"Genevi\u00e8ve\"},\"url\":\"https:\\\/\\\/www.altercampagne.net\\\/?author=184\"}]}<\/script>\n<!-- \/ Yoast SEO plugin. -->","yoast_head_json":{"title":"\u00c7a commence comme un po\u00e8me de Baudelaire \u00ab quand le ciel bas et lourd p\u00e8se comme un couvercle\u2026. \u00bb. - AlterTour","robots":{"index":"index","follow":"follow","max-snippet":"max-snippet:-1","max-image-preview":"max-image-preview:large","max-video-preview":"max-video-preview:-1"},"canonical":"https:\/\/www.altercampagne.net\/?p=1811","og_locale":"fr_FR","og_type":"article","og_title":"\u00c7a commence comme un po\u00e8me de Baudelaire \u00ab quand le ciel bas et lourd p\u00e8se comme un couvercle\u2026. \u00bb. - AlterTour","og_description":"\u00c7a commence comme un po\u00e8me de Baudelaire \u00ab\u00a0quand le ciel bas et lourd p\u00e8se comme un couvercle\u2026.\u00a0\u00bb. Devant le caf\u00e9 qui passe des papiers s\u2019envolent. A peine r\u00e9veill\u00e9s et agglutin\u00e9s debout autour des victuailles du matin, le vent nous enjoint \u00e0 d\u00e9guerpir de son terrain de jeu (un terrain de ... Read More","og_url":"https:\/\/www.altercampagne.net\/?p=1811","og_site_name":"AlterTour","article_published_time":"2015-07-25T16:03:54+00:00","article_modified_time":"2019-09-16T08:08:41+00:00","og_image":[{"width":902,"height":472,"url":"https:\/\/www.altercampagne.net\/wp-content\/uploads\/2015\/07\/2015-07-25_15.32.jpg","type":"image\/jpeg"}],"author":"Genevi\u00e8ve","twitter_card":"summary_large_image","twitter_misc":{"\u00c9crit par":"Genevi\u00e8ve","Dur\u00e9e de lecture estim\u00e9e":"3 minutes"},"schema":{"@context":"https:\/\/schema.org","@graph":[{"@type":"Article","@id":"https:\/\/www.altercampagne.net\/?p=1811#article","isPartOf":{"@id":"https:\/\/www.altercampagne.net\/?p=1811"},"author":{"name":"Genevi\u00e8ve","@id":"https:\/\/www.altercampagne.net\/#\/schema\/person\/55135b6f6a4ceae0f5048a9621ed0a4a"},"headline":"\u00c7a commence comme un po\u00e8me de Baudelaire \u00ab quand le ciel bas et lourd p\u00e8se comme un couvercle\u2026. \u00bb.","datePublished":"2015-07-25T16:03:54+00:00","dateModified":"2019-09-16T08:08:41+00:00","mainEntityOfPage":{"@id":"https:\/\/www.altercampagne.net\/?p=1811"},"wordCount":577,"image":{"@id":"https:\/\/www.altercampagne.net\/?p=1811#primaryimage"},"thumbnailUrl":"https:\/\/www.altercampagne.net\/wp-content\/uploads\/2015\/07\/2015-07-25_15.32.jpg","keywords":["Metz","climat","v\u00e9lorution","AlterTour 2015","CPN Coquelicots","cop21","Lorraine","Alsace-Champagne-Ardenne-Lorraine","Moselle","spirale aromatique","2015","alterjournaliste"],"articleSection":["Grand Est","Environnement","\u00c9dition 2015","Social"],"inLanguage":"fr-FR"},{"@type":"WebPage","@id":"https:\/\/www.altercampagne.net\/?p=1811","url":"https:\/\/www.altercampagne.net\/?p=1811","name":"\u00c7a commence comme un po\u00e8me de Baudelaire \u00ab quand le ciel bas et lourd p\u00e8se comme un couvercle\u2026. \u00bb. - AlterTour","isPartOf":{"@id":"https:\/\/www.altercampagne.net\/#website"},"primaryImageOfPage":{"@id":"https:\/\/www.altercampagne.net\/?p=1811#primaryimage"},"image":{"@id":"https:\/\/www.altercampagne.net\/?p=1811#primaryimage"},"thumbnailUrl":"https:\/\/www.altercampagne.net\/wp-content\/uploads\/2015\/07\/2015-07-25_15.32.jpg","datePublished":"2015-07-25T16:03:54+00:00","dateModified":"2019-09-16T08:08:41+00:00","author":{"@id":"https:\/\/www.altercampagne.net\/#\/schema\/person\/55135b6f6a4ceae0f5048a9621ed0a4a"},"breadcrumb":{"@id":"https:\/\/www.altercampagne.net\/?p=1811#breadcrumb"},"inLanguage":"fr-FR","potentialAction":[{"@type":"ReadAction","target":["https:\/\/www.altercampagne.net\/?p=1811"]}]},{"@type":"ImageObject","inLanguage":"fr-FR","@id":"https:\/\/www.altercampagne.net\/?p=1811#primaryimage","url":"https:\/\/www.altercampagne.net\/wp-content\/uploads\/2015\/07\/2015-07-25_15.32.jpg","contentUrl":"https:\/\/www.altercampagne.net\/wp-content\/uploads\/2015\/07\/2015-07-25_15.32.jpg","width":902,"height":472},{"@type":"BreadcrumbList","@id":"https:\/\/www.altercampagne.net\/?p=1811#breadcrumb","itemListElement":[{"@type":"ListItem","position":1,"name":"Accueil","item":"https:\/\/www.altercampagne.net\/"},{"@type":"ListItem","position":2,"name":"\u00c7a commence comme un po\u00e8me de Baudelaire \u00ab quand le ciel bas et lourd p\u00e8se comme un couvercle\u2026. \u00bb."}]},{"@type":"WebSite","@id":"https:\/\/www.altercampagne.net\/#website","url":"https:\/\/www.altercampagne.net\/","name":"AlterTour","description":"Reliez les Alternatives \u00e0 v\u00e9lo","potentialAction":[{"@type":"SearchAction","target":{"@type":"EntryPoint","urlTemplate":"https:\/\/www.altercampagne.net\/?s={search_term_string}"},"query-input":{"@type":"PropertyValueSpecification","valueRequired":true,"valueName":"search_term_string"}}],"inLanguage":"fr-FR"},{"@type":"Person","@id":"https:\/\/www.altercampagne.net\/#\/schema\/person\/55135b6f6a4ceae0f5048a9621ed0a4a","name":"Genevi\u00e8ve","image":{"@type":"ImageObject","inLanguage":"fr-FR","@id":"https:\/\/secure.gravatar.com\/avatar\/0eb694242cfa4f68e376980536b280cb2a5b7c4eb4c43faf61cb38c0cf90eebf?s=96&d=mm&r=g","url":"https:\/\/secure.gravatar.com\/avatar\/0eb694242cfa4f68e376980536b280cb2a5b7c4eb4c43faf61cb38c0cf90eebf?s=96&d=mm&r=g","contentUrl":"https:\/\/secure.gravatar.com\/avatar\/0eb694242cfa4f68e376980536b280cb2a5b7c4eb4c43faf61cb38c0cf90eebf?s=96&d=mm&r=g","caption":"Genevi\u00e8ve"},"url":"https:\/\/www.altercampagne.net\/?author=184"}]}},"_links":{"self":[{"href":"https:\/\/www.altercampagne.net\/index.php?rest_route=\/wp\/v2\/posts\/1811","targetHints":{"allow":["GET"]}}],"collection":[{"href":"https:\/\/www.altercampagne.net\/index.php?rest_route=\/wp\/v2\/posts"}],"about":[{"href":"https:\/\/www.altercampagne.net\/index.php?rest_route=\/wp\/v2\/types\/post"}],"author":[{"embeddable":true,"href":"https:\/\/www.altercampagne.net\/index.php?rest_route=\/wp\/v2\/users\/184"}],"replies":[{"embeddable":true,"href":"https:\/\/www.altercampagne.net\/index.php?rest_route=%2Fwp%2Fv2%2Fcomments&post=1811"}],"version-history":[{"count":0,"href":"https:\/\/www.altercampagne.net\/index.php?rest_route=\/wp\/v2\/posts\/1811\/revisions"}],"wp:featuredmedia":[{"embeddable":true,"href":"https:\/\/www.altercampagne.net\/index.php?rest_route=\/wp\/v2\/media\/15640"}],"wp:attachment":[{"href":"https:\/\/www.altercampagne.net\/index.php?rest_route=%2Fwp%2Fv2%2Fmedia&parent=1811"}],"wp:term":[{"taxonomy":"category","embeddable":true,"href":"https:\/\/www.altercampagne.net\/index.php?rest_route=%2Fwp%2Fv2%2Fcategories&post=1811"},{"taxonomy":"post_tag","embeddable":true,"href":"https:\/\/www.altercampagne.net\/index.php?rest_route=%2Fwp%2Fv2%2Ftags&post=1811"}],"curies":[{"name":"wp","href":"https:\/\/api.w.org\/{rel}","templated":true}]}}