{"id":1815,"date":"2015-07-31T22:45:33","date_gmt":"2015-07-31T20:45:33","guid":{"rendered":"http:\/\/www.altercampagne.net\/?p=1815"},"modified":"2019-09-16T09:38:17","modified_gmt":"2019-09-16T07:38:17","slug":"altertour-pour-ecrire-demain","status":"publish","type":"post","link":"https:\/\/www.altercampagne.net\/?p=1815","title":{"rendered":"AlterTour pour \u00e9crire demain&#8230;"},"content":{"rendered":"<p>De Charleville-M\u00e9zi\u00e8res o\u00f9 nous saluons notre h\u00f4te d\u2019un \u00ab\u00a0hourrah\u00a0\u00bb collectif en lieu et place d\u2019un gros c\u00e2lin qui eut rendu son chien trop jaloux, nous avalons sans sourciller les 42 kms de route nous s\u00e9parant de Pouru St R\u00e9my o\u00f9 nous attend un accueil des plus chaleureux. Emmanuel connait l\u2019AlterTour pour l\u2019avoir d\u00e9j\u00e0 re\u00e7u en 2009 dans son alter-scierie. Aujourd\u2019hui, c\u2019est chez lui qu\u2019il nous re\u00e7oit avec un grand panneau color\u00e9 \u00ab <strong>AlterTour<\/strong> <strong>bienvenue<\/strong> <strong>pour \u00e9crire demain<\/strong>\u00a0\u00bb pour une apr\u00e8s-midi de repos et un campement en bord d\u2019\u00e9tang des plus bucoliques.<\/p>\n<p>Sophie, du collectif <em>Sauvegardons<\/em> <em>nos<\/em> <em>\u00e9coles<\/em>, nous narre bri\u00e8vement les nombreuses actions militantes (de la gr\u00e8ve de la faim aux s\u00e9questrations du DASEN et aux haies de d\u00e9shonneur en passant par des <em>die<\/em> <em>in<\/em> sur la voie publique) tent\u00e9es d\u00e9sesp\u00e9r\u00e9ment pour sauver les classes supprim\u00e9es une \u00e0 une au fil de la d\u00e9sertification du d\u00e9partement, obligeant les jeunes \u00e0 multiplier les temps de transport et ne faisant qu\u2019amplifier le ph\u00e9nom\u00e8ne de l\u2019exode rural.<\/p>\n<p><em>Z\u2019DANVOUZ\u2019ECOLO <\/em>\u0153uvre pareillement pour pr\u00e9server l\u2019ensemble du territoire (service public compris) mais comment re-d\u00e9velopper un d\u00e9partement\u00a0? De plus en plus de citadins souhaitent s\u2019installer \u00e0 la campagne sans \u00eatre toujours respectueux de la fragile nature et de ses habitants. Certains jeunes cherchent des terres pour s\u2019y installer, alors\u2026\u00a0?! Des id\u00e9es sont lanc\u00e9es, quelques exp\u00e9riences \u00e9chang\u00e9es, et pour les n\u00e9o-ruraux pas bien int\u00e9gr\u00e9s, un conseil d\u2019ATcycliste, \u00ab\u00a0organisez un accueil des nouveaux\u00a0!\u00a0\u00bb<\/p>\n<p>Pour terminer festivement cette journ\u00e9e, quelques chants lyriques de toute beaut\u00e9 (sans OGM \u00e9videmment\u00a0!) suivis de deux groupes de rocks stars (non dop\u00e9es) capables de se d\u00e9cha\u00eener jusqu\u2019\u00e0 l\u2019aube-d\u2019un monde nouveau\u00a0!<\/p>\n","protected":false},"excerpt":{"rendered":"<p>De Charleville-M\u00e9zi\u00e8res o\u00f9 nous saluons notre h\u00f4te d\u2019un \u00ab\u00a0hourrah\u00a0\u00bb collectif en lieu et place d\u2019un gros c\u00e2lin qui eut rendu son chien trop jaloux, nous avalons sans sourciller les 42 kms de route nous s\u00e9parant de Pouru St R\u00e9my o\u00f9 nous attend un accueil des plus chaleureux. Emmanuel connait l\u2019AlterTour &#8230; <\/p>\n<div><a href=\"https:\/\/www.altercampagne.net\/?p=1815\" class=\"more-link\">Read More<\/a><\/div>\n","protected":false},"author":214,"featured_media":15622,"comment_status":"closed","ping_status":"closed","sticky":false,"template":"","format":"standard","meta":{"footnotes":""},"categories":[3475,3938,3460],"tags":[192,247,770,1515,1529,1530,1531,1532,1672,2704],"class_list":["post-1815","post","type-post","status-publish","format-standard","has-post-thumbnail","hentry","category-grand-est","category-education","category-edition-2015","tag-altertour-2015","tag-lorraine","tag-collectif-sauvegardons-nos-ecoles","tag-alsace-champagne-ardenne-lorraine","tag-charleville-mezieres","tag-ardennes","tag-pouru-st-remy","tag-pouru-saint-remy","tag-1672","tag-alterjournaliste"],"yoast_head":"<!-- This site is optimized with the Yoast SEO plugin v27.3 - https:\/\/yoast.com\/product\/yoast-seo-wordpress\/ -->\n<title>AlterTour pour \u00e9crire demain... - AlterTour<\/title>\n<meta name=\"robots\" content=\"index, follow, max-snippet:-1, max-image-preview:large, max-video-preview:-1\" \/>\n<link rel=\"canonical\" href=\"https:\/\/www.altercampagne.net\/?p=1815\" \/>\n<meta property=\"og:locale\" content=\"fr_FR\" \/>\n<meta property=\"og:type\" content=\"article\" \/>\n<meta property=\"og:title\" content=\"AlterTour pour \u00e9crire demain... - AlterTour\" \/>\n<meta property=\"og:description\" content=\"De Charleville-M\u00e9zi\u00e8res o\u00f9 nous saluons notre h\u00f4te d\u2019un \u00ab\u00a0hourrah\u00a0\u00bb collectif en lieu et place d\u2019un gros c\u00e2lin qui eut rendu son chien trop jaloux, nous avalons sans sourciller les 42 kms de route nous s\u00e9parant de Pouru St R\u00e9my o\u00f9 nous attend un accueil des plus chaleureux. Emmanuel connait l\u2019AlterTour ... Read More\" \/>\n<meta property=\"og:url\" content=\"https:\/\/www.altercampagne.net\/?p=1815\" \/>\n<meta property=\"og:site_name\" content=\"AlterTour\" \/>\n<meta property=\"article:published_time\" content=\"2015-07-31T20:45:33+00:00\" \/>\n<meta property=\"article:modified_time\" content=\"2019-09-16T07:38:17+00:00\" \/>\n<meta property=\"og:image\" content=\"https:\/\/www.altercampagne.net\/wp-content\/uploads\/2015\/07\/2015-07-31_19.18.jpg\" \/>\n\t<meta property=\"og:image:width\" content=\"907\" \/>\n\t<meta property=\"og:image:height\" content=\"474\" \/>\n\t<meta property=\"og:image:type\" content=\"image\/jpeg\" \/>\n<meta name=\"author\" content=\"Mathieu\" \/>\n<meta name=\"twitter:card\" content=\"summary_large_image\" \/>\n<meta name=\"twitter:label1\" content=\"\u00c9crit par\" \/>\n\t<meta name=\"twitter:data1\" content=\"Mathieu\" \/>\n\t<meta name=\"twitter:label2\" content=\"Dur\u00e9e de lecture estim\u00e9e\" \/>\n\t<meta name=\"twitter:data2\" content=\"2 minutes\" \/>\n<script type=\"application\/ld+json\" class=\"yoast-schema-graph\">{\"@context\":\"https:\\\/\\\/schema.org\",\"@graph\":[{\"@type\":\"Article\",\"@id\":\"https:\\\/\\\/www.altercampagne.net\\\/?p=1815#article\",\"isPartOf\":{\"@id\":\"https:\\\/\\\/www.altercampagne.net\\\/?p=1815\"},\"author\":{\"name\":\"Mathieu\",\"@id\":\"https:\\\/\\\/www.altercampagne.net\\\/#\\\/schema\\\/person\\\/0f261460c09e430caa0f9bcffa319109\"},\"headline\":\"AlterTour pour \u00e9crire demain&#8230;\",\"datePublished\":\"2015-07-31T20:45:33+00:00\",\"dateModified\":\"2019-09-16T07:38:17+00:00\",\"mainEntityOfPage\":{\"@id\":\"https:\\\/\\\/www.altercampagne.net\\\/?p=1815\"},\"wordCount\":318,\"image\":{\"@id\":\"https:\\\/\\\/www.altercampagne.net\\\/?p=1815#primaryimage\"},\"thumbnailUrl\":\"https:\\\/\\\/www.altercampagne.net\\\/wp-content\\\/uploads\\\/2015\\\/07\\\/2015-07-31_19.18.jpg\",\"keywords\":[\"AlterTour 2015\",\"Lorraine\",\"Collectif Sauvegardons nos \u00e9coles\",\"Alsace-Champagne-Ardenne-Lorraine\",\"Charleville-M\u00e9zi\u00e8res\",\"Ardennes\",\"Pouru St R\u00e9my\",\"Pouru Saint R\u00e9my\",\"2015\",\"alterjournaliste\"],\"articleSection\":[\"Grand Est\",\"Education\",\"\u00c9dition 2015\"],\"inLanguage\":\"fr-FR\"},{\"@type\":\"WebPage\",\"@id\":\"https:\\\/\\\/www.altercampagne.net\\\/?p=1815\",\"url\":\"https:\\\/\\\/www.altercampagne.net\\\/?p=1815\",\"name\":\"AlterTour pour \u00e9crire demain... - AlterTour\",\"isPartOf\":{\"@id\":\"https:\\\/\\\/www.altercampagne.net\\\/#website\"},\"primaryImageOfPage\":{\"@id\":\"https:\\\/\\\/www.altercampagne.net\\\/?p=1815#primaryimage\"},\"image\":{\"@id\":\"https:\\\/\\\/www.altercampagne.net\\\/?p=1815#primaryimage\"},\"thumbnailUrl\":\"https:\\\/\\\/www.altercampagne.net\\\/wp-content\\\/uploads\\\/2015\\\/07\\\/2015-07-31_19.18.jpg\",\"datePublished\":\"2015-07-31T20:45:33+00:00\",\"dateModified\":\"2019-09-16T07:38:17+00:00\",\"author\":{\"@id\":\"https:\\\/\\\/www.altercampagne.net\\\/#\\\/schema\\\/person\\\/0f261460c09e430caa0f9bcffa319109\"},\"breadcrumb\":{\"@id\":\"https:\\\/\\\/www.altercampagne.net\\\/?p=1815#breadcrumb\"},\"inLanguage\":\"fr-FR\",\"potentialAction\":[{\"@type\":\"ReadAction\",\"target\":[\"https:\\\/\\\/www.altercampagne.net\\\/?p=1815\"]}]},{\"@type\":\"ImageObject\",\"inLanguage\":\"fr-FR\",\"@id\":\"https:\\\/\\\/www.altercampagne.net\\\/?p=1815#primaryimage\",\"url\":\"https:\\\/\\\/www.altercampagne.net\\\/wp-content\\\/uploads\\\/2015\\\/07\\\/2015-07-31_19.18.jpg\",\"contentUrl\":\"https:\\\/\\\/www.altercampagne.net\\\/wp-content\\\/uploads\\\/2015\\\/07\\\/2015-07-31_19.18.jpg\",\"width\":907,\"height\":474},{\"@type\":\"BreadcrumbList\",\"@id\":\"https:\\\/\\\/www.altercampagne.net\\\/?p=1815#breadcrumb\",\"itemListElement\":[{\"@type\":\"ListItem\",\"position\":1,\"name\":\"Accueil\",\"item\":\"https:\\\/\\\/www.altercampagne.net\\\/\"},{\"@type\":\"ListItem\",\"position\":2,\"name\":\"AlterTour pour \u00e9crire demain&#8230;\"}]},{\"@type\":\"WebSite\",\"@id\":\"https:\\\/\\\/www.altercampagne.net\\\/#website\",\"url\":\"https:\\\/\\\/www.altercampagne.net\\\/\",\"name\":\"AlterTour\",\"description\":\"Reliez les Alternatives \u00e0 v\u00e9lo\",\"potentialAction\":[{\"@type\":\"SearchAction\",\"target\":{\"@type\":\"EntryPoint\",\"urlTemplate\":\"https:\\\/\\\/www.altercampagne.net\\\/?s={search_term_string}\"},\"query-input\":{\"@type\":\"PropertyValueSpecification\",\"valueRequired\":true,\"valueName\":\"search_term_string\"}}],\"inLanguage\":\"fr-FR\"},{\"@type\":\"Person\",\"@id\":\"https:\\\/\\\/www.altercampagne.net\\\/#\\\/schema\\\/person\\\/0f261460c09e430caa0f9bcffa319109\",\"name\":\"Mathieu\",\"image\":{\"@type\":\"ImageObject\",\"inLanguage\":\"fr-FR\",\"@id\":\"https:\\\/\\\/secure.gravatar.com\\\/avatar\\\/aa9d3d24c83f2141e5e2709d0f63d09a99f6be6bb7a50abc4915838d9f54501a?s=96&d=mm&r=g\",\"url\":\"https:\\\/\\\/secure.gravatar.com\\\/avatar\\\/aa9d3d24c83f2141e5e2709d0f63d09a99f6be6bb7a50abc4915838d9f54501a?s=96&d=mm&r=g\",\"contentUrl\":\"https:\\\/\\\/secure.gravatar.com\\\/avatar\\\/aa9d3d24c83f2141e5e2709d0f63d09a99f6be6bb7a50abc4915838d9f54501a?s=96&d=mm&r=g\",\"caption\":\"Mathieu\"},\"url\":\"https:\\\/\\\/www.altercampagne.net\\\/?author=214\"}]}<\/script>\n<!-- \/ Yoast SEO plugin. -->","yoast_head_json":{"title":"AlterTour pour \u00e9crire demain... - AlterTour","robots":{"index":"index","follow":"follow","max-snippet":"max-snippet:-1","max-image-preview":"max-image-preview:large","max-video-preview":"max-video-preview:-1"},"canonical":"https:\/\/www.altercampagne.net\/?p=1815","og_locale":"fr_FR","og_type":"article","og_title":"AlterTour pour \u00e9crire demain... - AlterTour","og_description":"De Charleville-M\u00e9zi\u00e8res o\u00f9 nous saluons notre h\u00f4te d\u2019un \u00ab\u00a0hourrah\u00a0\u00bb collectif en lieu et place d\u2019un gros c\u00e2lin qui eut rendu son chien trop jaloux, nous avalons sans sourciller les 42 kms de route nous s\u00e9parant de Pouru St R\u00e9my o\u00f9 nous attend un accueil des plus chaleureux. Emmanuel connait l\u2019AlterTour ... Read More","og_url":"https:\/\/www.altercampagne.net\/?p=1815","og_site_name":"AlterTour","article_published_time":"2015-07-31T20:45:33+00:00","article_modified_time":"2019-09-16T07:38:17+00:00","og_image":[{"width":907,"height":474,"url":"https:\/\/www.altercampagne.net\/wp-content\/uploads\/2015\/07\/2015-07-31_19.18.jpg","type":"image\/jpeg"}],"author":"Mathieu","twitter_card":"summary_large_image","twitter_misc":{"\u00c9crit par":"Mathieu","Dur\u00e9e de lecture estim\u00e9e":"2 minutes"},"schema":{"@context":"https:\/\/schema.org","@graph":[{"@type":"Article","@id":"https:\/\/www.altercampagne.net\/?p=1815#article","isPartOf":{"@id":"https:\/\/www.altercampagne.net\/?p=1815"},"author":{"name":"Mathieu","@id":"https:\/\/www.altercampagne.net\/#\/schema\/person\/0f261460c09e430caa0f9bcffa319109"},"headline":"AlterTour pour \u00e9crire demain&#8230;","datePublished":"2015-07-31T20:45:33+00:00","dateModified":"2019-09-16T07:38:17+00:00","mainEntityOfPage":{"@id":"https:\/\/www.altercampagne.net\/?p=1815"},"wordCount":318,"image":{"@id":"https:\/\/www.altercampagne.net\/?p=1815#primaryimage"},"thumbnailUrl":"https:\/\/www.altercampagne.net\/wp-content\/uploads\/2015\/07\/2015-07-31_19.18.jpg","keywords":["AlterTour 2015","Lorraine","Collectif Sauvegardons nos \u00e9coles","Alsace-Champagne-Ardenne-Lorraine","Charleville-M\u00e9zi\u00e8res","Ardennes","Pouru St R\u00e9my","Pouru Saint R\u00e9my","2015","alterjournaliste"],"articleSection":["Grand Est","Education","\u00c9dition 2015"],"inLanguage":"fr-FR"},{"@type":"WebPage","@id":"https:\/\/www.altercampagne.net\/?p=1815","url":"https:\/\/www.altercampagne.net\/?p=1815","name":"AlterTour pour \u00e9crire demain... - AlterTour","isPartOf":{"@id":"https:\/\/www.altercampagne.net\/#website"},"primaryImageOfPage":{"@id":"https:\/\/www.altercampagne.net\/?p=1815#primaryimage"},"image":{"@id":"https:\/\/www.altercampagne.net\/?p=1815#primaryimage"},"thumbnailUrl":"https:\/\/www.altercampagne.net\/wp-content\/uploads\/2015\/07\/2015-07-31_19.18.jpg","datePublished":"2015-07-31T20:45:33+00:00","dateModified":"2019-09-16T07:38:17+00:00","author":{"@id":"https:\/\/www.altercampagne.net\/#\/schema\/person\/0f261460c09e430caa0f9bcffa319109"},"breadcrumb":{"@id":"https:\/\/www.altercampagne.net\/?p=1815#breadcrumb"},"inLanguage":"fr-FR","potentialAction":[{"@type":"ReadAction","target":["https:\/\/www.altercampagne.net\/?p=1815"]}]},{"@type":"ImageObject","inLanguage":"fr-FR","@id":"https:\/\/www.altercampagne.net\/?p=1815#primaryimage","url":"https:\/\/www.altercampagne.net\/wp-content\/uploads\/2015\/07\/2015-07-31_19.18.jpg","contentUrl":"https:\/\/www.altercampagne.net\/wp-content\/uploads\/2015\/07\/2015-07-31_19.18.jpg","width":907,"height":474},{"@type":"BreadcrumbList","@id":"https:\/\/www.altercampagne.net\/?p=1815#breadcrumb","itemListElement":[{"@type":"ListItem","position":1,"name":"Accueil","item":"https:\/\/www.altercampagne.net\/"},{"@type":"ListItem","position":2,"name":"AlterTour pour \u00e9crire demain&#8230;"}]},{"@type":"WebSite","@id":"https:\/\/www.altercampagne.net\/#website","url":"https:\/\/www.altercampagne.net\/","name":"AlterTour","description":"Reliez les Alternatives \u00e0 v\u00e9lo","potentialAction":[{"@type":"SearchAction","target":{"@type":"EntryPoint","urlTemplate":"https:\/\/www.altercampagne.net\/?s={search_term_string}"},"query-input":{"@type":"PropertyValueSpecification","valueRequired":true,"valueName":"search_term_string"}}],"inLanguage":"fr-FR"},{"@type":"Person","@id":"https:\/\/www.altercampagne.net\/#\/schema\/person\/0f261460c09e430caa0f9bcffa319109","name":"Mathieu","image":{"@type":"ImageObject","inLanguage":"fr-FR","@id":"https:\/\/secure.gravatar.com\/avatar\/aa9d3d24c83f2141e5e2709d0f63d09a99f6be6bb7a50abc4915838d9f54501a?s=96&d=mm&r=g","url":"https:\/\/secure.gravatar.com\/avatar\/aa9d3d24c83f2141e5e2709d0f63d09a99f6be6bb7a50abc4915838d9f54501a?s=96&d=mm&r=g","contentUrl":"https:\/\/secure.gravatar.com\/avatar\/aa9d3d24c83f2141e5e2709d0f63d09a99f6be6bb7a50abc4915838d9f54501a?s=96&d=mm&r=g","caption":"Mathieu"},"url":"https:\/\/www.altercampagne.net\/?author=214"}]}},"_links":{"self":[{"href":"https:\/\/www.altercampagne.net\/index.php?rest_route=\/wp\/v2\/posts\/1815","targetHints":{"allow":["GET"]}}],"collection":[{"href":"https:\/\/www.altercampagne.net\/index.php?rest_route=\/wp\/v2\/posts"}],"about":[{"href":"https:\/\/www.altercampagne.net\/index.php?rest_route=\/wp\/v2\/types\/post"}],"author":[{"embeddable":true,"href":"https:\/\/www.altercampagne.net\/index.php?rest_route=\/wp\/v2\/users\/214"}],"replies":[{"embeddable":true,"href":"https:\/\/www.altercampagne.net\/index.php?rest_route=%2Fwp%2Fv2%2Fcomments&post=1815"}],"version-history":[{"count":0,"href":"https:\/\/www.altercampagne.net\/index.php?rest_route=\/wp\/v2\/posts\/1815\/revisions"}],"wp:featuredmedia":[{"embeddable":true,"href":"https:\/\/www.altercampagne.net\/index.php?rest_route=\/wp\/v2\/media\/15622"}],"wp:attachment":[{"href":"https:\/\/www.altercampagne.net\/index.php?rest_route=%2Fwp%2Fv2%2Fmedia&parent=1815"}],"wp:term":[{"taxonomy":"category","embeddable":true,"href":"https:\/\/www.altercampagne.net\/index.php?rest_route=%2Fwp%2Fv2%2Fcategories&post=1815"},{"taxonomy":"post_tag","embeddable":true,"href":"https:\/\/www.altercampagne.net\/index.php?rest_route=%2Fwp%2Fv2%2Ftags&post=1815"}],"curies":[{"name":"wp","href":"https:\/\/api.w.org\/{rel}","templated":true}]}}