{"id":1818,"date":"2015-07-29T17:49:57","date_gmt":"2015-07-29T15:49:57","guid":{"rendered":"http:\/\/www.altercampagne.net\/?p=1818"},"modified":"2019-09-16T10:01:50","modified_gmt":"2019-09-16T08:01:50","slug":"terra-la-1ere-amap-du-luxembourg","status":"publish","type":"post","link":"https:\/\/www.altercampagne.net\/?p=1818","title":{"rendered":"Terra la 1ere AMAP du Luxembourg !"},"content":{"rendered":"<p>Aujourd\u2019hui r\u00e9veil au Luxembourg\u00a0! Une journ\u00e9e bien charg\u00e9e nous attend\u00a0! A 10h nous \u00e9tait propos\u00e9s la visite d\u2019un jardin en permaculture en coop\u00e9rative nomm\u00e9e <a href=\"http:\/\/www.terra-coop.lu\/#!home-french\/ct46\" target=\"_blank\" rel=\"noopener noreferrer\"><strong>TERRA<\/strong><\/a>. Ce projet commence il y a \u00e0 peu pr\u00e8s 1 an et demi sur 1 hectare de terrain. Elle fonctionne toute l\u2019ann\u00e9e sur le principe d\u2019une AMAP avec 5-6 personnes par jour\u00a0; salari\u00e9s, woofeurs ou en formation maraichage. Elle emploie diff\u00e9rentes techniques pour \u00e9liminer les intrus du jardin sans pesticide comme par exemple pour se d\u00e9barrasser des limaces, ils se sont munis d\u2019oies coureur d\u2019Inde tr\u00e8s efficaces\u00a0! Pour l\u2019arrosage ils se sont inspir\u00e9s de la technique espagnole le <em>Poritex<\/em>\u00a0; apr\u00e8s avoir construit des rigoles et mis du caoutchouc poreux, une pompe solaire fait s\u2019\u00e9couler l\u2019eau sans en perdre comme lors des arrosages au tuyau. Au Luxembourg 95% des aliments sont import\u00e9s car l\u2019agriculture n\u2019est pas viable, mais TERRA veut prouver le contraire\u00a0! En effet ils font plus de 150 paniers par semaine. Au m\u00eame moment Mme la ministre de l\u2019\u00e9cologie du Luxembourg (qui sera pr\u00e9sente \u00e0 la COP21) arrive sur les lieux, invit\u00e9e par le tour Alternatiba son discours divise\u00a0: elle d\u00e9\u00e7oit beaucoup en \u00e9vitant des r\u00e9ponses auxquelles elle ne peut faire face. Elle nous fait comprendre \u00e9galement que si les citoyens ne se mobilisent pas les \u00ab\u00a0politiciens\u00a0\u00bb ne feront rien. Mais elle dit qu\u2019elle fera tout son possible ayant \u00e9t\u00e9 militante avant d\u2019\u00eatre \u00e9lue.<\/p>\n<p>Nous reprenons ensuite la route sous un temps mitig\u00e9, tr\u00e8s a\u00e9r\u00e9 et avec un parcours assez difficile. Nous arrivons ensuite \u00e0 Beckerich avec de l\u2019avance\u00a0!!! Ce qui reste un exploit\u00a0! Nous visitons une scierie de 1358, qui est \u00e0 pr\u00e9sent un mus\u00e9e vivant, c\u2019est-\u00e0-dire que tout fonctionne. Vers 17h nous avons eu une pr\u00e9sentation de l&rsquo;ASBL (association) <a href=\"http:\/\/www.beki.lu\/lire.php?e=7\" target=\"_blank\" rel=\"noopener noreferrer\"><strong>de K\u00e4r<\/strong><\/a> qui a cr\u00e9\u00e9 la monnaie locale le <a href=\"http:\/\/www.beki.lu\/\" target=\"_blank\" rel=\"noopener noreferrer\"><strong>BEKI<\/strong><\/a> en 2013 qui concerne environ 17\u00a0000 habitants. Puis nous avons eu une intervention de Katy Fox du <a href=\"http:\/\/cell.lu\/fr\/\" target=\"_blank\" rel=\"noopener noreferrer\"><strong>Centre for Ecological Learning Luxembourg<\/strong><\/a>. Nous plantons les tentes pr\u00e8s de la salle omnisport et le soir un groupe mets l\u2019ambiance jusqu\u2019\u00e0 ce que la lumi\u00e8re s\u2019\u00e9teigne\u00a0!<\/p>\n<p style=\"text-align: right;\">\u00a0<strong>Marine<\/strong><\/p>\n","protected":false},"excerpt":{"rendered":"<p>Aujourd\u2019hui r\u00e9veil au Luxembourg\u00a0! Une journ\u00e9e bien charg\u00e9e nous attend\u00a0! A 10h nous \u00e9tait propos\u00e9s la visite d\u2019un jardin en permaculture en coop\u00e9rative nomm\u00e9e TERRA. Ce projet commence il y a \u00e0 peu pr\u00e8s 1 an et demi sur 1 hectare de terrain. Elle fonctionne toute l\u2019ann\u00e9e sur le principe &#8230; <\/p>\n<div><a href=\"https:\/\/www.altercampagne.net\/?p=1818\" class=\"more-link\">Read More<\/a><\/div>\n","protected":false},"author":214,"featured_media":15635,"comment_status":"closed","ping_status":"closed","sticky":false,"template":"","format":"standard","meta":{"footnotes":""},"categories":[3483,3460],"tags":[563,2704,1672,1545,1544,1543,566,565,564,11,268,266,233,218,192,175,24],"class_list":["post-1818","post","type-post","status-publish","format-standard","has-post-thumbnail","hentry","category-agriculture","category-edition-2015","tag-beckerich","tag-alterjournaliste","tag-1672","tag-district-de-diekirch","tag-canton-de-redange","tag-woofeurs","tag-centre-for-ecological-learning-luxembourg","tag-cooperative-terra","tag-katy-fox","tag-alternatiba","tag-monnaie-locale","tag-beki","tag-cop21","tag-tour-alternatiba","tag-altertour-2015","tag-asbl-de-kar","tag-luxembourg"],"yoast_head":"<!-- This site is optimized with the Yoast SEO plugin v27.3 - https:\/\/yoast.com\/product\/yoast-seo-wordpress\/ -->\n<title>Terra la 1ere AMAP du Luxembourg ! - AlterTour<\/title>\n<meta name=\"robots\" content=\"index, follow, max-snippet:-1, max-image-preview:large, max-video-preview:-1\" \/>\n<link rel=\"canonical\" href=\"https:\/\/www.altercampagne.net\/?p=1818\" \/>\n<meta property=\"og:locale\" content=\"fr_FR\" \/>\n<meta property=\"og:type\" content=\"article\" \/>\n<meta property=\"og:title\" content=\"Terra la 1ere AMAP du Luxembourg ! - AlterTour\" \/>\n<meta property=\"og:description\" content=\"Aujourd\u2019hui r\u00e9veil au Luxembourg\u00a0! Une journ\u00e9e bien charg\u00e9e nous attend\u00a0! A 10h nous \u00e9tait propos\u00e9s la visite d\u2019un jardin en permaculture en coop\u00e9rative nomm\u00e9e TERRA. Ce projet commence il y a \u00e0 peu pr\u00e8s 1 an et demi sur 1 hectare de terrain. Elle fonctionne toute l\u2019ann\u00e9e sur le principe ... Read More\" \/>\n<meta property=\"og:url\" content=\"https:\/\/www.altercampagne.net\/?p=1818\" \/>\n<meta property=\"og:site_name\" content=\"AlterTour\" \/>\n<meta property=\"article:published_time\" content=\"2015-07-29T15:49:57+00:00\" \/>\n<meta property=\"article:modified_time\" content=\"2019-09-16T08:01:50+00:00\" \/>\n<meta property=\"og:image\" content=\"https:\/\/www.altercampagne.net\/wp-content\/uploads\/2015\/07\/2015-07-28_10.18.jpg\" \/>\n\t<meta property=\"og:image:width\" content=\"902\" \/>\n\t<meta property=\"og:image:height\" content=\"472\" \/>\n\t<meta property=\"og:image:type\" content=\"image\/jpeg\" \/>\n<meta name=\"author\" content=\"Mathieu\" \/>\n<meta name=\"twitter:card\" content=\"summary_large_image\" \/>\n<meta name=\"twitter:label1\" content=\"\u00c9crit par\" \/>\n\t<meta name=\"twitter:data1\" content=\"Mathieu\" \/>\n\t<meta name=\"twitter:label2\" content=\"Dur\u00e9e de lecture estim\u00e9e\" \/>\n\t<meta name=\"twitter:data2\" content=\"2 minutes\" \/>\n<script type=\"application\/ld+json\" class=\"yoast-schema-graph\">{\"@context\":\"https:\\\/\\\/schema.org\",\"@graph\":[{\"@type\":\"Article\",\"@id\":\"https:\\\/\\\/www.altercampagne.net\\\/?p=1818#article\",\"isPartOf\":{\"@id\":\"https:\\\/\\\/www.altercampagne.net\\\/?p=1818\"},\"author\":{\"name\":\"Mathieu\",\"@id\":\"https:\\\/\\\/www.altercampagne.net\\\/#\\\/schema\\\/person\\\/0f261460c09e430caa0f9bcffa319109\"},\"headline\":\"Terra la 1ere AMAP du Luxembourg !\",\"datePublished\":\"2015-07-29T15:49:57+00:00\",\"dateModified\":\"2019-09-16T08:01:50+00:00\",\"mainEntityOfPage\":{\"@id\":\"https:\\\/\\\/www.altercampagne.net\\\/?p=1818\"},\"wordCount\":385,\"image\":{\"@id\":\"https:\\\/\\\/www.altercampagne.net\\\/?p=1818#primaryimage\"},\"thumbnailUrl\":\"https:\\\/\\\/www.altercampagne.net\\\/wp-content\\\/uploads\\\/2015\\\/07\\\/2015-07-28_10.18.jpg\",\"keywords\":[\"Beckerich\",\"alterjournaliste\",\"2015\",\"district de Diekirch\",\"canton de Redange\",\"woofeurs\",\"Centre for Ecological Learning Luxembourg\",\"coop\u00e9rative TERRA\",\"Katy Fox\",\"alternatiba\",\"monnaie locale\",\"Beki\",\"cop21\",\"Tour Alternatiba\",\"AlterTour 2015\",\"Asbl de K\u00e4r\",\"luxembourg\"],\"articleSection\":[\"Agriculture\",\"\u00c9dition 2015\"],\"inLanguage\":\"fr-FR\"},{\"@type\":\"WebPage\",\"@id\":\"https:\\\/\\\/www.altercampagne.net\\\/?p=1818\",\"url\":\"https:\\\/\\\/www.altercampagne.net\\\/?p=1818\",\"name\":\"Terra la 1ere AMAP du Luxembourg ! - AlterTour\",\"isPartOf\":{\"@id\":\"https:\\\/\\\/www.altercampagne.net\\\/#website\"},\"primaryImageOfPage\":{\"@id\":\"https:\\\/\\\/www.altercampagne.net\\\/?p=1818#primaryimage\"},\"image\":{\"@id\":\"https:\\\/\\\/www.altercampagne.net\\\/?p=1818#primaryimage\"},\"thumbnailUrl\":\"https:\\\/\\\/www.altercampagne.net\\\/wp-content\\\/uploads\\\/2015\\\/07\\\/2015-07-28_10.18.jpg\",\"datePublished\":\"2015-07-29T15:49:57+00:00\",\"dateModified\":\"2019-09-16T08:01:50+00:00\",\"author\":{\"@id\":\"https:\\\/\\\/www.altercampagne.net\\\/#\\\/schema\\\/person\\\/0f261460c09e430caa0f9bcffa319109\"},\"breadcrumb\":{\"@id\":\"https:\\\/\\\/www.altercampagne.net\\\/?p=1818#breadcrumb\"},\"inLanguage\":\"fr-FR\",\"potentialAction\":[{\"@type\":\"ReadAction\",\"target\":[\"https:\\\/\\\/www.altercampagne.net\\\/?p=1818\"]}]},{\"@type\":\"ImageObject\",\"inLanguage\":\"fr-FR\",\"@id\":\"https:\\\/\\\/www.altercampagne.net\\\/?p=1818#primaryimage\",\"url\":\"https:\\\/\\\/www.altercampagne.net\\\/wp-content\\\/uploads\\\/2015\\\/07\\\/2015-07-28_10.18.jpg\",\"contentUrl\":\"https:\\\/\\\/www.altercampagne.net\\\/wp-content\\\/uploads\\\/2015\\\/07\\\/2015-07-28_10.18.jpg\",\"width\":902,\"height\":472},{\"@type\":\"BreadcrumbList\",\"@id\":\"https:\\\/\\\/www.altercampagne.net\\\/?p=1818#breadcrumb\",\"itemListElement\":[{\"@type\":\"ListItem\",\"position\":1,\"name\":\"Accueil\",\"item\":\"https:\\\/\\\/www.altercampagne.net\\\/\"},{\"@type\":\"ListItem\",\"position\":2,\"name\":\"Terra la 1ere AMAP du Luxembourg !\"}]},{\"@type\":\"WebSite\",\"@id\":\"https:\\\/\\\/www.altercampagne.net\\\/#website\",\"url\":\"https:\\\/\\\/www.altercampagne.net\\\/\",\"name\":\"AlterTour\",\"description\":\"Reliez les Alternatives \u00e0 v\u00e9lo\",\"potentialAction\":[{\"@type\":\"SearchAction\",\"target\":{\"@type\":\"EntryPoint\",\"urlTemplate\":\"https:\\\/\\\/www.altercampagne.net\\\/?s={search_term_string}\"},\"query-input\":{\"@type\":\"PropertyValueSpecification\",\"valueRequired\":true,\"valueName\":\"search_term_string\"}}],\"inLanguage\":\"fr-FR\"},{\"@type\":\"Person\",\"@id\":\"https:\\\/\\\/www.altercampagne.net\\\/#\\\/schema\\\/person\\\/0f261460c09e430caa0f9bcffa319109\",\"name\":\"Mathieu\",\"image\":{\"@type\":\"ImageObject\",\"inLanguage\":\"fr-FR\",\"@id\":\"https:\\\/\\\/secure.gravatar.com\\\/avatar\\\/aa9d3d24c83f2141e5e2709d0f63d09a99f6be6bb7a50abc4915838d9f54501a?s=96&d=mm&r=g\",\"url\":\"https:\\\/\\\/secure.gravatar.com\\\/avatar\\\/aa9d3d24c83f2141e5e2709d0f63d09a99f6be6bb7a50abc4915838d9f54501a?s=96&d=mm&r=g\",\"contentUrl\":\"https:\\\/\\\/secure.gravatar.com\\\/avatar\\\/aa9d3d24c83f2141e5e2709d0f63d09a99f6be6bb7a50abc4915838d9f54501a?s=96&d=mm&r=g\",\"caption\":\"Mathieu\"},\"url\":\"https:\\\/\\\/www.altercampagne.net\\\/?author=214\"}]}<\/script>\n<!-- \/ Yoast SEO plugin. -->","yoast_head_json":{"title":"Terra la 1ere AMAP du Luxembourg ! - AlterTour","robots":{"index":"index","follow":"follow","max-snippet":"max-snippet:-1","max-image-preview":"max-image-preview:large","max-video-preview":"max-video-preview:-1"},"canonical":"https:\/\/www.altercampagne.net\/?p=1818","og_locale":"fr_FR","og_type":"article","og_title":"Terra la 1ere AMAP du Luxembourg ! - AlterTour","og_description":"Aujourd\u2019hui r\u00e9veil au Luxembourg\u00a0! Une journ\u00e9e bien charg\u00e9e nous attend\u00a0! A 10h nous \u00e9tait propos\u00e9s la visite d\u2019un jardin en permaculture en coop\u00e9rative nomm\u00e9e TERRA. Ce projet commence il y a \u00e0 peu pr\u00e8s 1 an et demi sur 1 hectare de terrain. Elle fonctionne toute l\u2019ann\u00e9e sur le principe ... Read More","og_url":"https:\/\/www.altercampagne.net\/?p=1818","og_site_name":"AlterTour","article_published_time":"2015-07-29T15:49:57+00:00","article_modified_time":"2019-09-16T08:01:50+00:00","og_image":[{"width":902,"height":472,"url":"https:\/\/www.altercampagne.net\/wp-content\/uploads\/2015\/07\/2015-07-28_10.18.jpg","type":"image\/jpeg"}],"author":"Mathieu","twitter_card":"summary_large_image","twitter_misc":{"\u00c9crit par":"Mathieu","Dur\u00e9e de lecture estim\u00e9e":"2 minutes"},"schema":{"@context":"https:\/\/schema.org","@graph":[{"@type":"Article","@id":"https:\/\/www.altercampagne.net\/?p=1818#article","isPartOf":{"@id":"https:\/\/www.altercampagne.net\/?p=1818"},"author":{"name":"Mathieu","@id":"https:\/\/www.altercampagne.net\/#\/schema\/person\/0f261460c09e430caa0f9bcffa319109"},"headline":"Terra la 1ere AMAP du Luxembourg !","datePublished":"2015-07-29T15:49:57+00:00","dateModified":"2019-09-16T08:01:50+00:00","mainEntityOfPage":{"@id":"https:\/\/www.altercampagne.net\/?p=1818"},"wordCount":385,"image":{"@id":"https:\/\/www.altercampagne.net\/?p=1818#primaryimage"},"thumbnailUrl":"https:\/\/www.altercampagne.net\/wp-content\/uploads\/2015\/07\/2015-07-28_10.18.jpg","keywords":["Beckerich","alterjournaliste","2015","district de Diekirch","canton de Redange","woofeurs","Centre for Ecological Learning Luxembourg","coop\u00e9rative TERRA","Katy Fox","alternatiba","monnaie locale","Beki","cop21","Tour Alternatiba","AlterTour 2015","Asbl de K\u00e4r","luxembourg"],"articleSection":["Agriculture","\u00c9dition 2015"],"inLanguage":"fr-FR"},{"@type":"WebPage","@id":"https:\/\/www.altercampagne.net\/?p=1818","url":"https:\/\/www.altercampagne.net\/?p=1818","name":"Terra la 1ere AMAP du Luxembourg ! - AlterTour","isPartOf":{"@id":"https:\/\/www.altercampagne.net\/#website"},"primaryImageOfPage":{"@id":"https:\/\/www.altercampagne.net\/?p=1818#primaryimage"},"image":{"@id":"https:\/\/www.altercampagne.net\/?p=1818#primaryimage"},"thumbnailUrl":"https:\/\/www.altercampagne.net\/wp-content\/uploads\/2015\/07\/2015-07-28_10.18.jpg","datePublished":"2015-07-29T15:49:57+00:00","dateModified":"2019-09-16T08:01:50+00:00","author":{"@id":"https:\/\/www.altercampagne.net\/#\/schema\/person\/0f261460c09e430caa0f9bcffa319109"},"breadcrumb":{"@id":"https:\/\/www.altercampagne.net\/?p=1818#breadcrumb"},"inLanguage":"fr-FR","potentialAction":[{"@type":"ReadAction","target":["https:\/\/www.altercampagne.net\/?p=1818"]}]},{"@type":"ImageObject","inLanguage":"fr-FR","@id":"https:\/\/www.altercampagne.net\/?p=1818#primaryimage","url":"https:\/\/www.altercampagne.net\/wp-content\/uploads\/2015\/07\/2015-07-28_10.18.jpg","contentUrl":"https:\/\/www.altercampagne.net\/wp-content\/uploads\/2015\/07\/2015-07-28_10.18.jpg","width":902,"height":472},{"@type":"BreadcrumbList","@id":"https:\/\/www.altercampagne.net\/?p=1818#breadcrumb","itemListElement":[{"@type":"ListItem","position":1,"name":"Accueil","item":"https:\/\/www.altercampagne.net\/"},{"@type":"ListItem","position":2,"name":"Terra la 1ere AMAP du Luxembourg !"}]},{"@type":"WebSite","@id":"https:\/\/www.altercampagne.net\/#website","url":"https:\/\/www.altercampagne.net\/","name":"AlterTour","description":"Reliez les Alternatives \u00e0 v\u00e9lo","potentialAction":[{"@type":"SearchAction","target":{"@type":"EntryPoint","urlTemplate":"https:\/\/www.altercampagne.net\/?s={search_term_string}"},"query-input":{"@type":"PropertyValueSpecification","valueRequired":true,"valueName":"search_term_string"}}],"inLanguage":"fr-FR"},{"@type":"Person","@id":"https:\/\/www.altercampagne.net\/#\/schema\/person\/0f261460c09e430caa0f9bcffa319109","name":"Mathieu","image":{"@type":"ImageObject","inLanguage":"fr-FR","@id":"https:\/\/secure.gravatar.com\/avatar\/aa9d3d24c83f2141e5e2709d0f63d09a99f6be6bb7a50abc4915838d9f54501a?s=96&d=mm&r=g","url":"https:\/\/secure.gravatar.com\/avatar\/aa9d3d24c83f2141e5e2709d0f63d09a99f6be6bb7a50abc4915838d9f54501a?s=96&d=mm&r=g","contentUrl":"https:\/\/secure.gravatar.com\/avatar\/aa9d3d24c83f2141e5e2709d0f63d09a99f6be6bb7a50abc4915838d9f54501a?s=96&d=mm&r=g","caption":"Mathieu"},"url":"https:\/\/www.altercampagne.net\/?author=214"}]}},"_links":{"self":[{"href":"https:\/\/www.altercampagne.net\/index.php?rest_route=\/wp\/v2\/posts\/1818","targetHints":{"allow":["GET"]}}],"collection":[{"href":"https:\/\/www.altercampagne.net\/index.php?rest_route=\/wp\/v2\/posts"}],"about":[{"href":"https:\/\/www.altercampagne.net\/index.php?rest_route=\/wp\/v2\/types\/post"}],"author":[{"embeddable":true,"href":"https:\/\/www.altercampagne.net\/index.php?rest_route=\/wp\/v2\/users\/214"}],"replies":[{"embeddable":true,"href":"https:\/\/www.altercampagne.net\/index.php?rest_route=%2Fwp%2Fv2%2Fcomments&post=1818"}],"version-history":[{"count":0,"href":"https:\/\/www.altercampagne.net\/index.php?rest_route=\/wp\/v2\/posts\/1818\/revisions"}],"wp:featuredmedia":[{"embeddable":true,"href":"https:\/\/www.altercampagne.net\/index.php?rest_route=\/wp\/v2\/media\/15635"}],"wp:attachment":[{"href":"https:\/\/www.altercampagne.net\/index.php?rest_route=%2Fwp%2Fv2%2Fmedia&parent=1818"}],"wp:term":[{"taxonomy":"category","embeddable":true,"href":"https:\/\/www.altercampagne.net\/index.php?rest_route=%2Fwp%2Fv2%2Fcategories&post=1818"},{"taxonomy":"post_tag","embeddable":true,"href":"https:\/\/www.altercampagne.net\/index.php?rest_route=%2Fwp%2Fv2%2Ftags&post=1818"}],"curies":[{"name":"wp","href":"https:\/\/api.w.org\/{rel}","templated":true}]}}