{"id":18222,"date":"2020-04-27T05:22:00","date_gmt":"2020-04-27T03:22:00","guid":{"rendered":"http:\/\/www.altercampagne.net\/?p=18222"},"modified":"2021-05-06T10:41:13","modified_gmt":"2021-05-06T08:41:13","slug":"le-pic-vert-super-heros","status":"publish","type":"post","link":"https:\/\/www.altercampagne.net\/?p=18222","title":{"rendered":"Le Pic-Vert super-h\u00e9ros"},"content":{"rendered":"\n<p>La  nature a trouv\u00e9 son nouveau superh\u00e9ros ! L\u00e0 o\u00f9 vous en avez besoin, <a rel=\"noreferrer noopener\" aria-label=\"le  pic-vert  (s\u2019ouvre dans un nouvel onglet)\" href=\"http:\/\/lepicvert.org\/\" target=\"_blank\"><strong>le Pic-Vert <\/strong><\/a>veille : un b\u00e2timent d\u00e9laiss\u00e9, une mare \u00e0 cr\u00e9er, un espace  naturel \u00e0 prot\u00e9ger, un projet de zone industrielle mal pens\u00e9 ou un  groupe de petits explorateurs curieux de la nature, il y est. <\/p>\n\n\n\n<p>Depuis <strong> plus de 20 ans<\/strong> cette association bas\u00e9e \u00e0 R\u00e9aumont \u0153uvre pour redonner  une place essentielle, autant dans les t\u00eates que sur le territoire  Voironnais\/Bi\u00e8vrois, \u00e0 la nature et \u00e0 la biodiversit\u00e9. <\/p>\n\n\n\n<h4 class=\"wp-block-heading\">Un r\u00e9seau de 800 adh\u00e9rents pour cette association de d\u00e9fense de la nature<\/h4>\n\n\n\n<p>Educateur et  protecteur de la nature \u00e0 ses d\u00e9buts, elle a \u00e9tendu son champ d\u2019action \u00e0  la gestion d\u2019espaces de biodiversit\u00e9 et \u00e0 l\u2019intervention aupr\u00e8s de  collectivit\u00e9s. Et \u00e7a marche ! Elle compte aujourd\u2019hui <strong>8 r\u00e9serves de  biodiversit\u00e9<\/strong>, g\u00e8re plusieurs espaces naturels sensibles, travaille sur  le PLU avec des communes, s&rsquo;entretient avec les candidats aux  municipales. <\/p>\n\n\n\n<p> Sa grande force : un r\u00e9seau de plus de 800 adh\u00e9rents qui  enrichissent  la connaissance de leur territoire d\u2019action. Alors, qui sera le prochain  pic-vert de la biodiversit\u00e9 ? <\/p>\n\n\n\n<blockquote class=\"wp-block-quote is-layout-flow wp-block-quote-is-layout-flow\"><p> <strong>\u201c Il y a urgence mais il n\u2019y a pas urgence \u00e0 faire n\u2019importe quoi !\u201d<\/strong> <\/p><cite> Dominique Venturini, Co-pr\u00e9sident du Pic-Vert  <\/cite><\/blockquote>\n\n\n\n<p>&nbsp;\u201c<em>Avec  tout ce qui se passe actuellement sur la plan\u00e8te, on nous dit qu\u2019il y a  urgence mais il n\u2019y a pas urgence \u00e0 faire n\u2019importe quoi ! C\u2019est tout  le paradoxe. <\/em><\/p>\n\n\n\n<p><em>C\u2019est pour \u00e7a qu\u2019on a envie de rencontrer les mairies, pour  que nos actions soient pens\u00e9es correctement et que ceux qui savent  soient \u00e9cout\u00e9s. On a besoin que ce soit efficace mais aussi p\u00e9renne.  C\u2019est une notion importante pour nous.&nbsp;<\/em><\/p>\n\n\n\n<p><em>(&#8230;)<\/em> <em>La  d\u00e9marche demande du temps et pour se d\u00e9p\u00eacher de faire les choses bien,  il faut laisser au temps le temps.\u201d<\/em> <\/p>\n\n\n\n<p><strong>L&rsquo;AlterTour rencontrera le Pic Vert le 9 juillet&nbsp; \u00e0&nbsp; La Buisse (38)<\/strong>. Retrouvez toutes les informations sur <a rel=\"noreferrer noopener\" aria-label=\"le programme de l'AlterTour.&nbsp;&nbsp;  (s\u2019ouvre dans un nouvel onglet)\" href=\"http:\/\/www.altercampagne.net\/?page_id=17732\" target=\"_blank\">le <strong>programme de l&rsquo;AlterTour<\/strong>.&nbsp;<\/a><\/p>\n\n\n\n<p class=\"has-text-align-right\"><strong>Anne-Claire<\/strong><\/p>\n","protected":false},"excerpt":{"rendered":"<p>La  nature a trouv\u00e9 son nouveau superh\u00e9ros ! Une mare \u00e0 cr\u00e9er, un espace naturel \u00e0 prot\u00e9ger ou un groupe de petits explorateurs curieux de la nature\u2026 L\u00e0 o\u00f9 vous en avez besoin, le Pic-vert veille. <\/p>\n","protected":false},"author":260,"featured_media":18325,"comment_status":"closed","ping_status":"closed","sticky":false,"template":"","format":"standard","meta":{"footnotes":""},"categories":[3471,4313,3967,3486],"tags":[1800,1982,4165],"class_list":["post-18222","post","type-post","status-publish","format-standard","has-post-thumbnail","hentry","category-auvergne-rhone-alpes","category-altertour","category-edition-2020","category-environnement","tag-association-de-respect-de-lenvironnement","tag-isere","tag-reaumont"],"yoast_head":"<!-- This site is optimized with the Yoast SEO plugin v27.3 - https:\/\/yoast.com\/product\/yoast-seo-wordpress\/ -->\n<title>Le Pic-Vert super-h\u00e9ros - AlterTour<\/title>\n<meta name=\"robots\" content=\"index, follow, max-snippet:-1, max-image-preview:large, max-video-preview:-1\" \/>\n<link rel=\"canonical\" href=\"https:\/\/www.altercampagne.net\/?p=18222\" \/>\n<meta property=\"og:locale\" content=\"fr_FR\" \/>\n<meta property=\"og:type\" content=\"article\" \/>\n<meta property=\"og:title\" content=\"Le Pic-Vert super-h\u00e9ros - AlterTour\" \/>\n<meta property=\"og:description\" content=\"La nature a trouv\u00e9 son nouveau superh\u00e9ros ! Une mare \u00e0 cr\u00e9er, un espace naturel \u00e0 prot\u00e9ger ou un groupe de petits explorateurs curieux de la nature\u2026 L\u00e0 o\u00f9 vous en avez besoin, le Pic-vert veille.\" \/>\n<meta property=\"og:url\" content=\"https:\/\/www.altercampagne.net\/?p=18222\" \/>\n<meta property=\"og:site_name\" content=\"AlterTour\" \/>\n<meta property=\"article:published_time\" content=\"2020-04-27T03:22:00+00:00\" \/>\n<meta property=\"article:modified_time\" content=\"2021-05-06T08:41:13+00:00\" \/>\n<meta property=\"og:image\" content=\"https:\/\/www.altercampagne.net\/wp-content\/uploads\/2020\/05\/Pic-vert.jpg\" \/>\n\t<meta property=\"og:image:width\" content=\"850\" \/>\n\t<meta property=\"og:image:height\" content=\"444\" \/>\n\t<meta property=\"og:image:type\" content=\"image\/jpeg\" \/>\n<meta name=\"author\" content=\"C\u00e9line M\" \/>\n<meta name=\"twitter:card\" content=\"summary_large_image\" \/>\n<meta name=\"twitter:label1\" content=\"\u00c9crit par\" \/>\n\t<meta name=\"twitter:data1\" content=\"C\u00e9line M\" \/>\n\t<meta name=\"twitter:label2\" content=\"Dur\u00e9e de lecture estim\u00e9e\" \/>\n\t<meta name=\"twitter:data2\" content=\"2 minutes\" \/>\n<script type=\"application\/ld+json\" class=\"yoast-schema-graph\">{\"@context\":\"https:\\\/\\\/schema.org\",\"@graph\":[{\"@type\":\"Article\",\"@id\":\"https:\\\/\\\/www.altercampagne.net\\\/?p=18222#article\",\"isPartOf\":{\"@id\":\"https:\\\/\\\/www.altercampagne.net\\\/?p=18222\"},\"author\":{\"name\":\"C\u00e9line M\",\"@id\":\"https:\\\/\\\/www.altercampagne.net\\\/#\\\/schema\\\/person\\\/6abfdeaa04062713d2692f1874e9e867\"},\"headline\":\"Le Pic-Vert super-h\u00e9ros\",\"datePublished\":\"2020-04-27T03:22:00+00:00\",\"dateModified\":\"2021-05-06T08:41:13+00:00\",\"mainEntityOfPage\":{\"@id\":\"https:\\\/\\\/www.altercampagne.net\\\/?p=18222\"},\"wordCount\":345,\"image\":{\"@id\":\"https:\\\/\\\/www.altercampagne.net\\\/?p=18222#primaryimage\"},\"thumbnailUrl\":\"https:\\\/\\\/www.altercampagne.net\\\/wp-content\\\/uploads\\\/2020\\\/05\\\/Pic-vert.jpg\",\"keywords\":[\"Association de respect de l\u2019environnement\",\"Is\u00e8re\",\"R\u00e9aumont\"],\"articleSection\":[\"Auvergne-Rh\u00f4ne-Alpes\",\"AlterTour\",\"Edition 2020\",\"Environnement\"],\"inLanguage\":\"fr-FR\"},{\"@type\":\"WebPage\",\"@id\":\"https:\\\/\\\/www.altercampagne.net\\\/?p=18222\",\"url\":\"https:\\\/\\\/www.altercampagne.net\\\/?p=18222\",\"name\":\"Le Pic-Vert super-h\u00e9ros - AlterTour\",\"isPartOf\":{\"@id\":\"https:\\\/\\\/www.altercampagne.net\\\/#website\"},\"primaryImageOfPage\":{\"@id\":\"https:\\\/\\\/www.altercampagne.net\\\/?p=18222#primaryimage\"},\"image\":{\"@id\":\"https:\\\/\\\/www.altercampagne.net\\\/?p=18222#primaryimage\"},\"thumbnailUrl\":\"https:\\\/\\\/www.altercampagne.net\\\/wp-content\\\/uploads\\\/2020\\\/05\\\/Pic-vert.jpg\",\"datePublished\":\"2020-04-27T03:22:00+00:00\",\"dateModified\":\"2021-05-06T08:41:13+00:00\",\"author\":{\"@id\":\"https:\\\/\\\/www.altercampagne.net\\\/#\\\/schema\\\/person\\\/6abfdeaa04062713d2692f1874e9e867\"},\"breadcrumb\":{\"@id\":\"https:\\\/\\\/www.altercampagne.net\\\/?p=18222#breadcrumb\"},\"inLanguage\":\"fr-FR\",\"potentialAction\":[{\"@type\":\"ReadAction\",\"target\":[\"https:\\\/\\\/www.altercampagne.net\\\/?p=18222\"]}]},{\"@type\":\"ImageObject\",\"inLanguage\":\"fr-FR\",\"@id\":\"https:\\\/\\\/www.altercampagne.net\\\/?p=18222#primaryimage\",\"url\":\"https:\\\/\\\/www.altercampagne.net\\\/wp-content\\\/uploads\\\/2020\\\/05\\\/Pic-vert.jpg\",\"contentUrl\":\"https:\\\/\\\/www.altercampagne.net\\\/wp-content\\\/uploads\\\/2020\\\/05\\\/Pic-vert.jpg\",\"width\":850,\"height\":444,\"caption\":\"photo de groupe le Pic Vert\"},{\"@type\":\"BreadcrumbList\",\"@id\":\"https:\\\/\\\/www.altercampagne.net\\\/?p=18222#breadcrumb\",\"itemListElement\":[{\"@type\":\"ListItem\",\"position\":1,\"name\":\"Accueil\",\"item\":\"https:\\\/\\\/www.altercampagne.net\\\/\"},{\"@type\":\"ListItem\",\"position\":2,\"name\":\"Le Pic-Vert super-h\u00e9ros\"}]},{\"@type\":\"WebSite\",\"@id\":\"https:\\\/\\\/www.altercampagne.net\\\/#website\",\"url\":\"https:\\\/\\\/www.altercampagne.net\\\/\",\"name\":\"AlterTour\",\"description\":\"Reliez les Alternatives \u00e0 v\u00e9lo\",\"potentialAction\":[{\"@type\":\"SearchAction\",\"target\":{\"@type\":\"EntryPoint\",\"urlTemplate\":\"https:\\\/\\\/www.altercampagne.net\\\/?s={search_term_string}\"},\"query-input\":{\"@type\":\"PropertyValueSpecification\",\"valueRequired\":true,\"valueName\":\"search_term_string\"}}],\"inLanguage\":\"fr-FR\"},{\"@type\":\"Person\",\"@id\":\"https:\\\/\\\/www.altercampagne.net\\\/#\\\/schema\\\/person\\\/6abfdeaa04062713d2692f1874e9e867\",\"name\":\"C\u00e9line M\",\"image\":{\"@type\":\"ImageObject\",\"inLanguage\":\"fr-FR\",\"@id\":\"https:\\\/\\\/secure.gravatar.com\\\/avatar\\\/fca839c5b9abb27db806f0f1b9861bc8b9e9460c64f9ebdbddcd4be858273278?s=96&d=mm&r=g\",\"url\":\"https:\\\/\\\/secure.gravatar.com\\\/avatar\\\/fca839c5b9abb27db806f0f1b9861bc8b9e9460c64f9ebdbddcd4be858273278?s=96&d=mm&r=g\",\"contentUrl\":\"https:\\\/\\\/secure.gravatar.com\\\/avatar\\\/fca839c5b9abb27db806f0f1b9861bc8b9e9460c64f9ebdbddcd4be858273278?s=96&d=mm&r=g\",\"caption\":\"C\u00e9line M\"},\"url\":\"https:\\\/\\\/www.altercampagne.net\\\/?author=260\"}]}<\/script>\n<!-- \/ Yoast SEO plugin. -->","yoast_head_json":{"title":"Le Pic-Vert super-h\u00e9ros - AlterTour","robots":{"index":"index","follow":"follow","max-snippet":"max-snippet:-1","max-image-preview":"max-image-preview:large","max-video-preview":"max-video-preview:-1"},"canonical":"https:\/\/www.altercampagne.net\/?p=18222","og_locale":"fr_FR","og_type":"article","og_title":"Le Pic-Vert super-h\u00e9ros - AlterTour","og_description":"La nature a trouv\u00e9 son nouveau superh\u00e9ros ! Une mare \u00e0 cr\u00e9er, un espace naturel \u00e0 prot\u00e9ger ou un groupe de petits explorateurs curieux de la nature\u2026 L\u00e0 o\u00f9 vous en avez besoin, le Pic-vert veille.","og_url":"https:\/\/www.altercampagne.net\/?p=18222","og_site_name":"AlterTour","article_published_time":"2020-04-27T03:22:00+00:00","article_modified_time":"2021-05-06T08:41:13+00:00","og_image":[{"width":850,"height":444,"url":"https:\/\/www.altercampagne.net\/wp-content\/uploads\/2020\/05\/Pic-vert.jpg","type":"image\/jpeg"}],"author":"C\u00e9line M","twitter_card":"summary_large_image","twitter_misc":{"\u00c9crit par":"C\u00e9line M","Dur\u00e9e de lecture estim\u00e9e":"2 minutes"},"schema":{"@context":"https:\/\/schema.org","@graph":[{"@type":"Article","@id":"https:\/\/www.altercampagne.net\/?p=18222#article","isPartOf":{"@id":"https:\/\/www.altercampagne.net\/?p=18222"},"author":{"name":"C\u00e9line M","@id":"https:\/\/www.altercampagne.net\/#\/schema\/person\/6abfdeaa04062713d2692f1874e9e867"},"headline":"Le Pic-Vert super-h\u00e9ros","datePublished":"2020-04-27T03:22:00+00:00","dateModified":"2021-05-06T08:41:13+00:00","mainEntityOfPage":{"@id":"https:\/\/www.altercampagne.net\/?p=18222"},"wordCount":345,"image":{"@id":"https:\/\/www.altercampagne.net\/?p=18222#primaryimage"},"thumbnailUrl":"https:\/\/www.altercampagne.net\/wp-content\/uploads\/2020\/05\/Pic-vert.jpg","keywords":["Association de respect de l\u2019environnement","Is\u00e8re","R\u00e9aumont"],"articleSection":["Auvergne-Rh\u00f4ne-Alpes","AlterTour","Edition 2020","Environnement"],"inLanguage":"fr-FR"},{"@type":"WebPage","@id":"https:\/\/www.altercampagne.net\/?p=18222","url":"https:\/\/www.altercampagne.net\/?p=18222","name":"Le Pic-Vert super-h\u00e9ros - AlterTour","isPartOf":{"@id":"https:\/\/www.altercampagne.net\/#website"},"primaryImageOfPage":{"@id":"https:\/\/www.altercampagne.net\/?p=18222#primaryimage"},"image":{"@id":"https:\/\/www.altercampagne.net\/?p=18222#primaryimage"},"thumbnailUrl":"https:\/\/www.altercampagne.net\/wp-content\/uploads\/2020\/05\/Pic-vert.jpg","datePublished":"2020-04-27T03:22:00+00:00","dateModified":"2021-05-06T08:41:13+00:00","author":{"@id":"https:\/\/www.altercampagne.net\/#\/schema\/person\/6abfdeaa04062713d2692f1874e9e867"},"breadcrumb":{"@id":"https:\/\/www.altercampagne.net\/?p=18222#breadcrumb"},"inLanguage":"fr-FR","potentialAction":[{"@type":"ReadAction","target":["https:\/\/www.altercampagne.net\/?p=18222"]}]},{"@type":"ImageObject","inLanguage":"fr-FR","@id":"https:\/\/www.altercampagne.net\/?p=18222#primaryimage","url":"https:\/\/www.altercampagne.net\/wp-content\/uploads\/2020\/05\/Pic-vert.jpg","contentUrl":"https:\/\/www.altercampagne.net\/wp-content\/uploads\/2020\/05\/Pic-vert.jpg","width":850,"height":444,"caption":"photo de groupe le Pic Vert"},{"@type":"BreadcrumbList","@id":"https:\/\/www.altercampagne.net\/?p=18222#breadcrumb","itemListElement":[{"@type":"ListItem","position":1,"name":"Accueil","item":"https:\/\/www.altercampagne.net\/"},{"@type":"ListItem","position":2,"name":"Le Pic-Vert super-h\u00e9ros"}]},{"@type":"WebSite","@id":"https:\/\/www.altercampagne.net\/#website","url":"https:\/\/www.altercampagne.net\/","name":"AlterTour","description":"Reliez les Alternatives \u00e0 v\u00e9lo","potentialAction":[{"@type":"SearchAction","target":{"@type":"EntryPoint","urlTemplate":"https:\/\/www.altercampagne.net\/?s={search_term_string}"},"query-input":{"@type":"PropertyValueSpecification","valueRequired":true,"valueName":"search_term_string"}}],"inLanguage":"fr-FR"},{"@type":"Person","@id":"https:\/\/www.altercampagne.net\/#\/schema\/person\/6abfdeaa04062713d2692f1874e9e867","name":"C\u00e9line M","image":{"@type":"ImageObject","inLanguage":"fr-FR","@id":"https:\/\/secure.gravatar.com\/avatar\/fca839c5b9abb27db806f0f1b9861bc8b9e9460c64f9ebdbddcd4be858273278?s=96&d=mm&r=g","url":"https:\/\/secure.gravatar.com\/avatar\/fca839c5b9abb27db806f0f1b9861bc8b9e9460c64f9ebdbddcd4be858273278?s=96&d=mm&r=g","contentUrl":"https:\/\/secure.gravatar.com\/avatar\/fca839c5b9abb27db806f0f1b9861bc8b9e9460c64f9ebdbddcd4be858273278?s=96&d=mm&r=g","caption":"C\u00e9line M"},"url":"https:\/\/www.altercampagne.net\/?author=260"}]}},"_links":{"self":[{"href":"https:\/\/www.altercampagne.net\/index.php?rest_route=\/wp\/v2\/posts\/18222","targetHints":{"allow":["GET"]}}],"collection":[{"href":"https:\/\/www.altercampagne.net\/index.php?rest_route=\/wp\/v2\/posts"}],"about":[{"href":"https:\/\/www.altercampagne.net\/index.php?rest_route=\/wp\/v2\/types\/post"}],"author":[{"embeddable":true,"href":"https:\/\/www.altercampagne.net\/index.php?rest_route=\/wp\/v2\/users\/260"}],"replies":[{"embeddable":true,"href":"https:\/\/www.altercampagne.net\/index.php?rest_route=%2Fwp%2Fv2%2Fcomments&post=18222"}],"version-history":[{"count":11,"href":"https:\/\/www.altercampagne.net\/index.php?rest_route=\/wp\/v2\/posts\/18222\/revisions"}],"predecessor-version":[{"id":18365,"href":"https:\/\/www.altercampagne.net\/index.php?rest_route=\/wp\/v2\/posts\/18222\/revisions\/18365"}],"wp:featuredmedia":[{"embeddable":true,"href":"https:\/\/www.altercampagne.net\/index.php?rest_route=\/wp\/v2\/media\/18325"}],"wp:attachment":[{"href":"https:\/\/www.altercampagne.net\/index.php?rest_route=%2Fwp%2Fv2%2Fmedia&parent=18222"}],"wp:term":[{"taxonomy":"category","embeddable":true,"href":"https:\/\/www.altercampagne.net\/index.php?rest_route=%2Fwp%2Fv2%2Fcategories&post=18222"},{"taxonomy":"post_tag","embeddable":true,"href":"https:\/\/www.altercampagne.net\/index.php?rest_route=%2Fwp%2Fv2%2Ftags&post=18222"}],"curies":[{"name":"wp","href":"https:\/\/api.w.org\/{rel}","templated":true}]}}