{"id":18333,"date":"2020-05-03T20:12:00","date_gmt":"2020-05-03T18:12:00","guid":{"rendered":"http:\/\/www.altercampagne.net\/?p=18333"},"modified":"2021-05-06T10:41:13","modified_gmt":"2021-05-06T08:41:13","slug":"lappel-de-la-foret","status":"publish","type":"post","link":"https:\/\/www.altercampagne.net\/?p=18333","title":{"rendered":"L\u2019appel de la for\u00eat"},"content":{"rendered":"\n<p>En  2012, des citoyen.ne.s se rassemblent dans le Morvan pour lutter contre  l\u2019implantation d\u2019une m\u00e9ga-scierie doubl\u00e9e d\u2019un incin\u00e9rateur dans le  bois du Tron\u00e7ay. <\/p>\n\n\n\n<h4 class=\"wp-block-heading\">R\u00e9fl\u00e9chir collectivement \u00e0 une gestion raisonn\u00e9e de la for\u00eat&#8230; et gagner une bataille.<\/h4>\n\n\n\n<p>Ils\u00b7elles cr\u00e9ent l\u2019association <a href=\"http:\/\/adretmorvan.org\/\" target=\"_blank\" rel=\"noreferrer noopener\" aria-label=\"ADRET Morvan (s\u2019ouvre dans un nouvel onglet)\"><strong>ADRET Morvan<\/strong><\/a> pour  r\u00e9clamer l\u2019arr\u00eat des travaux et r\u00e9fl\u00e9chir collectivement \u00e0 une gestion  raisonn\u00e9e de la for\u00eat, contre une vision capitaliste de son  exploitation. <\/p>\n\n\n\n<p>Certain\u00b7e\u00b7s opposant\u00b7e\u00b7s occupent le site pendant deux ans  et cr\u00e9ent <strong>la ZAD du bois du Tron\u00e7ay<\/strong>. Apr\u00e8s trois ans de lutte, <strong>le  tribunal donne raison aux citoyen\u00b7ne\u00b7s<\/strong>. Le projet d\u2019incin\u00e9rateur est  abandonn\u00e9. <\/p>\n\n\n\n<h4 class=\"wp-block-heading\">Puis cr\u00e9er un lieu alternatif pour d\u00e9fendre la for\u00eat.<\/h4>\n\n\n\n<p>En 2015, les membres de l\u2019association se lancent dans la  cr\u00e9ation d\u2019un \u00e9colieu pour le d\u00e9veloppement d\u2019une \u00e9conomie locale,  solidaire et respectueuse de la nature. Ils\u00b7elles rach\u00e8tent un ancien  restaurant au carrefour de Vauclaix, qui devient <strong>Le Carrou\u00e8ge.  <\/strong><\/p>\n\n\n\n<p>Enti\u00e8rement anim\u00e9 par des b\u00e9n\u00e9voles, c\u2019est un espace dans la for\u00eat qui  accueille une boutique alimentaire de produits locaux, un bar-restaurant  bio. C\u2019est aussi un lieu culturel o\u00f9 l\u2019on peut se retrouver tous les  samedis autour d\u2019un \u00e9v\u00e9nement.&nbsp;Une for\u00eat, c\u2019est du temps\u2026<\/p>\n\n\n\n<h4 class=\"wp-block-heading\">Pour une plus grande r\u00e9silience de la for\u00eat<\/h4>\n\n\n\n<p>\u00ab\u00a0<em>Depuis une quinzaine d\u2019ann\u00e9es, la rotation des arbres est pass\u00e9e en  dessous de l\u2019\u00e2ge de la vie d\u2019un humain&#8230; Face \u00e0 cette  vision capitaliste, on pourrait r\u00e9fl\u00e9chir dans le sens d\u2019une plus grande  r\u00e9silience de la for\u00eat. L\u2019id\u00e9e n\u2019est pas de mettre celle-ci sous  cloche, mais de r\u00e9fl\u00e9chir \u00e0 une politique de valorisation locale<\/em>.\u00a0\u00bb<\/p>\n\n\n\n<p><strong>  R\u00e9gis Lindeperg,  copr\u00e9sident d\u2019ADRET Morvan.  <\/strong><\/p>\n\n\n\n<p><strong>L&rsquo;AlterTour rencontrera ADRET Morvan \u2013 Le Carrou\u00e8ge le 3 ao\u00fbt&nbsp; \u00e0&nbsp; <\/strong>Brassy (58). Retrouvez toutes les informations sur le <a href=\"http:\/\/www.altercampagne.net\/?page_id=17732\" target=\"_blank\" rel=\"noreferrer noopener\" aria-label=\"programme de l'AlterTour. (s\u2019ouvre dans un nouvel onglet)\"><strong>programme de l&rsquo;AlterTour<\/strong>.<\/a>&nbsp; <\/p>\n","protected":false},"excerpt":{"rendered":"<p>En  2012, des citoyen.ne.s se rassemblent dans le Morvan pour lutter contre  l\u2019implantation d\u2019une m\u00e9ga-scierie doubl\u00e9e d\u2019un incin\u00e9rateur dans le  bois du Tron\u00e7ay. <\/p>\n","protected":false},"author":216,"featured_media":18335,"comment_status":"closed","ping_status":"closed","sticky":false,"template":"","format":"standard","meta":{"footnotes":""},"categories":[4313,3495,3967,3486,3540],"tags":[484,730,1056,1748,3918,4170],"class_list":["post-18333","post","type-post","status-publish","format-standard","has-post-thumbnail","hentry","category-altertour","category-bourgogne-franche-comte","category-edition-2020","category-environnement","category-transverse","tag-zad","tag-foret","tag-nievre","tag-morvan","tag-lutte","tag-brassy"],"yoast_head":"<!-- This site is optimized with the Yoast SEO plugin v27.3 - https:\/\/yoast.com\/product\/yoast-seo-wordpress\/ -->\n<title>L\u2019appel de la for\u00eat - AlterTour<\/title>\n<meta name=\"robots\" content=\"index, follow, max-snippet:-1, max-image-preview:large, max-video-preview:-1\" \/>\n<link rel=\"canonical\" href=\"https:\/\/www.altercampagne.net\/?p=18333\" \/>\n<meta property=\"og:locale\" content=\"fr_FR\" \/>\n<meta property=\"og:type\" content=\"article\" \/>\n<meta property=\"og:title\" content=\"L\u2019appel de la for\u00eat - AlterTour\" \/>\n<meta property=\"og:description\" content=\"En 2012, des citoyen.ne.s se rassemblent dans le Morvan pour lutter contre l\u2019implantation d\u2019une m\u00e9ga-scierie doubl\u00e9e d\u2019un incin\u00e9rateur dans le bois du Tron\u00e7ay.\" \/>\n<meta property=\"og:url\" content=\"https:\/\/www.altercampagne.net\/?p=18333\" \/>\n<meta property=\"og:site_name\" content=\"AlterTour\" \/>\n<meta property=\"article:published_time\" content=\"2020-05-03T18:12:00+00:00\" \/>\n<meta property=\"article:modified_time\" content=\"2021-05-06T08:41:13+00:00\" \/>\n<meta property=\"og:image\" content=\"https:\/\/www.altercampagne.net\/wp-content\/uploads\/2020\/05\/Adret-Morvan-Carrouege.jpg\" \/>\n\t<meta property=\"og:image:width\" content=\"900\" \/>\n\t<meta property=\"og:image:height\" content=\"470\" \/>\n\t<meta property=\"og:image:type\" content=\"image\/jpeg\" \/>\n<meta name=\"author\" content=\"Caroline\" \/>\n<meta name=\"twitter:card\" content=\"summary_large_image\" \/>\n<meta name=\"twitter:label1\" content=\"\u00c9crit par\" \/>\n\t<meta name=\"twitter:data1\" content=\"Caroline\" \/>\n\t<meta name=\"twitter:label2\" content=\"Dur\u00e9e de lecture estim\u00e9e\" \/>\n\t<meta name=\"twitter:data2\" content=\"2 minutes\" \/>\n<script type=\"application\/ld+json\" class=\"yoast-schema-graph\">{\"@context\":\"https:\\\/\\\/schema.org\",\"@graph\":[{\"@type\":\"Article\",\"@id\":\"https:\\\/\\\/www.altercampagne.net\\\/?p=18333#article\",\"isPartOf\":{\"@id\":\"https:\\\/\\\/www.altercampagne.net\\\/?p=18333\"},\"author\":{\"name\":\"Caroline\",\"@id\":\"https:\\\/\\\/www.altercampagne.net\\\/#\\\/schema\\\/person\\\/421b4f48966c880a3141f1c707fe0dfb\"},\"headline\":\"L\u2019appel de la for\u00eat\",\"datePublished\":\"2020-05-03T18:12:00+00:00\",\"dateModified\":\"2021-05-06T08:41:13+00:00\",\"mainEntityOfPage\":{\"@id\":\"https:\\\/\\\/www.altercampagne.net\\\/?p=18333\"},\"wordCount\":354,\"image\":{\"@id\":\"https:\\\/\\\/www.altercampagne.net\\\/?p=18333#primaryimage\"},\"thumbnailUrl\":\"https:\\\/\\\/www.altercampagne.net\\\/wp-content\\\/uploads\\\/2020\\\/05\\\/Adret-Morvan-Carrouege.jpg\",\"keywords\":[\"zad\",\"for\u00eat\",\"ni\u00e8vre\",\"Morvan\",\"lutte\",\"Brassy\"],\"articleSection\":[\"AlterTour\",\"Bourgogne-Franche-Comt\u00e9\",\"Edition 2020\",\"Environnement\",\"Transverse\"],\"inLanguage\":\"fr-FR\"},{\"@type\":\"WebPage\",\"@id\":\"https:\\\/\\\/www.altercampagne.net\\\/?p=18333\",\"url\":\"https:\\\/\\\/www.altercampagne.net\\\/?p=18333\",\"name\":\"L\u2019appel de la for\u00eat - AlterTour\",\"isPartOf\":{\"@id\":\"https:\\\/\\\/www.altercampagne.net\\\/#website\"},\"primaryImageOfPage\":{\"@id\":\"https:\\\/\\\/www.altercampagne.net\\\/?p=18333#primaryimage\"},\"image\":{\"@id\":\"https:\\\/\\\/www.altercampagne.net\\\/?p=18333#primaryimage\"},\"thumbnailUrl\":\"https:\\\/\\\/www.altercampagne.net\\\/wp-content\\\/uploads\\\/2020\\\/05\\\/Adret-Morvan-Carrouege.jpg\",\"datePublished\":\"2020-05-03T18:12:00+00:00\",\"dateModified\":\"2021-05-06T08:41:13+00:00\",\"author\":{\"@id\":\"https:\\\/\\\/www.altercampagne.net\\\/#\\\/schema\\\/person\\\/421b4f48966c880a3141f1c707fe0dfb\"},\"breadcrumb\":{\"@id\":\"https:\\\/\\\/www.altercampagne.net\\\/?p=18333#breadcrumb\"},\"inLanguage\":\"fr-FR\",\"potentialAction\":[{\"@type\":\"ReadAction\",\"target\":[\"https:\\\/\\\/www.altercampagne.net\\\/?p=18333\"]}]},{\"@type\":\"ImageObject\",\"inLanguage\":\"fr-FR\",\"@id\":\"https:\\\/\\\/www.altercampagne.net\\\/?p=18333#primaryimage\",\"url\":\"https:\\\/\\\/www.altercampagne.net\\\/wp-content\\\/uploads\\\/2020\\\/05\\\/Adret-Morvan-Carrouege.jpg\",\"contentUrl\":\"https:\\\/\\\/www.altercampagne.net\\\/wp-content\\\/uploads\\\/2020\\\/05\\\/Adret-Morvan-Carrouege.jpg\",\"width\":900,\"height\":470},{\"@type\":\"BreadcrumbList\",\"@id\":\"https:\\\/\\\/www.altercampagne.net\\\/?p=18333#breadcrumb\",\"itemListElement\":[{\"@type\":\"ListItem\",\"position\":1,\"name\":\"Accueil\",\"item\":\"https:\\\/\\\/www.altercampagne.net\\\/\"},{\"@type\":\"ListItem\",\"position\":2,\"name\":\"L\u2019appel de la for\u00eat\"}]},{\"@type\":\"WebSite\",\"@id\":\"https:\\\/\\\/www.altercampagne.net\\\/#website\",\"url\":\"https:\\\/\\\/www.altercampagne.net\\\/\",\"name\":\"AlterTour\",\"description\":\"Reliez les Alternatives \u00e0 v\u00e9lo\",\"potentialAction\":[{\"@type\":\"SearchAction\",\"target\":{\"@type\":\"EntryPoint\",\"urlTemplate\":\"https:\\\/\\\/www.altercampagne.net\\\/?s={search_term_string}\"},\"query-input\":{\"@type\":\"PropertyValueSpecification\",\"valueRequired\":true,\"valueName\":\"search_term_string\"}}],\"inLanguage\":\"fr-FR\"},{\"@type\":\"Person\",\"@id\":\"https:\\\/\\\/www.altercampagne.net\\\/#\\\/schema\\\/person\\\/421b4f48966c880a3141f1c707fe0dfb\",\"name\":\"Caroline\",\"image\":{\"@type\":\"ImageObject\",\"inLanguage\":\"fr-FR\",\"@id\":\"https:\\\/\\\/secure.gravatar.com\\\/avatar\\\/c52626c699af0e583bd4325dea955b162fd29507f1cf26f1a0ac63cfc8bc3e12?s=96&d=mm&r=g\",\"url\":\"https:\\\/\\\/secure.gravatar.com\\\/avatar\\\/c52626c699af0e583bd4325dea955b162fd29507f1cf26f1a0ac63cfc8bc3e12?s=96&d=mm&r=g\",\"contentUrl\":\"https:\\\/\\\/secure.gravatar.com\\\/avatar\\\/c52626c699af0e583bd4325dea955b162fd29507f1cf26f1a0ac63cfc8bc3e12?s=96&d=mm&r=g\",\"caption\":\"Caroline\"},\"url\":\"https:\\\/\\\/www.altercampagne.net\\\/?author=216\"}]}<\/script>\n<!-- \/ Yoast SEO plugin. -->","yoast_head_json":{"title":"L\u2019appel de la for\u00eat - AlterTour","robots":{"index":"index","follow":"follow","max-snippet":"max-snippet:-1","max-image-preview":"max-image-preview:large","max-video-preview":"max-video-preview:-1"},"canonical":"https:\/\/www.altercampagne.net\/?p=18333","og_locale":"fr_FR","og_type":"article","og_title":"L\u2019appel de la for\u00eat - AlterTour","og_description":"En 2012, des citoyen.ne.s se rassemblent dans le Morvan pour lutter contre l\u2019implantation d\u2019une m\u00e9ga-scierie doubl\u00e9e d\u2019un incin\u00e9rateur dans le bois du Tron\u00e7ay.","og_url":"https:\/\/www.altercampagne.net\/?p=18333","og_site_name":"AlterTour","article_published_time":"2020-05-03T18:12:00+00:00","article_modified_time":"2021-05-06T08:41:13+00:00","og_image":[{"width":900,"height":470,"url":"https:\/\/www.altercampagne.net\/wp-content\/uploads\/2020\/05\/Adret-Morvan-Carrouege.jpg","type":"image\/jpeg"}],"author":"Caroline","twitter_card":"summary_large_image","twitter_misc":{"\u00c9crit par":"Caroline","Dur\u00e9e de lecture estim\u00e9e":"2 minutes"},"schema":{"@context":"https:\/\/schema.org","@graph":[{"@type":"Article","@id":"https:\/\/www.altercampagne.net\/?p=18333#article","isPartOf":{"@id":"https:\/\/www.altercampagne.net\/?p=18333"},"author":{"name":"Caroline","@id":"https:\/\/www.altercampagne.net\/#\/schema\/person\/421b4f48966c880a3141f1c707fe0dfb"},"headline":"L\u2019appel de la for\u00eat","datePublished":"2020-05-03T18:12:00+00:00","dateModified":"2021-05-06T08:41:13+00:00","mainEntityOfPage":{"@id":"https:\/\/www.altercampagne.net\/?p=18333"},"wordCount":354,"image":{"@id":"https:\/\/www.altercampagne.net\/?p=18333#primaryimage"},"thumbnailUrl":"https:\/\/www.altercampagne.net\/wp-content\/uploads\/2020\/05\/Adret-Morvan-Carrouege.jpg","keywords":["zad","for\u00eat","ni\u00e8vre","Morvan","lutte","Brassy"],"articleSection":["AlterTour","Bourgogne-Franche-Comt\u00e9","Edition 2020","Environnement","Transverse"],"inLanguage":"fr-FR"},{"@type":"WebPage","@id":"https:\/\/www.altercampagne.net\/?p=18333","url":"https:\/\/www.altercampagne.net\/?p=18333","name":"L\u2019appel de la for\u00eat - AlterTour","isPartOf":{"@id":"https:\/\/www.altercampagne.net\/#website"},"primaryImageOfPage":{"@id":"https:\/\/www.altercampagne.net\/?p=18333#primaryimage"},"image":{"@id":"https:\/\/www.altercampagne.net\/?p=18333#primaryimage"},"thumbnailUrl":"https:\/\/www.altercampagne.net\/wp-content\/uploads\/2020\/05\/Adret-Morvan-Carrouege.jpg","datePublished":"2020-05-03T18:12:00+00:00","dateModified":"2021-05-06T08:41:13+00:00","author":{"@id":"https:\/\/www.altercampagne.net\/#\/schema\/person\/421b4f48966c880a3141f1c707fe0dfb"},"breadcrumb":{"@id":"https:\/\/www.altercampagne.net\/?p=18333#breadcrumb"},"inLanguage":"fr-FR","potentialAction":[{"@type":"ReadAction","target":["https:\/\/www.altercampagne.net\/?p=18333"]}]},{"@type":"ImageObject","inLanguage":"fr-FR","@id":"https:\/\/www.altercampagne.net\/?p=18333#primaryimage","url":"https:\/\/www.altercampagne.net\/wp-content\/uploads\/2020\/05\/Adret-Morvan-Carrouege.jpg","contentUrl":"https:\/\/www.altercampagne.net\/wp-content\/uploads\/2020\/05\/Adret-Morvan-Carrouege.jpg","width":900,"height":470},{"@type":"BreadcrumbList","@id":"https:\/\/www.altercampagne.net\/?p=18333#breadcrumb","itemListElement":[{"@type":"ListItem","position":1,"name":"Accueil","item":"https:\/\/www.altercampagne.net\/"},{"@type":"ListItem","position":2,"name":"L\u2019appel de la for\u00eat"}]},{"@type":"WebSite","@id":"https:\/\/www.altercampagne.net\/#website","url":"https:\/\/www.altercampagne.net\/","name":"AlterTour","description":"Reliez les Alternatives \u00e0 v\u00e9lo","potentialAction":[{"@type":"SearchAction","target":{"@type":"EntryPoint","urlTemplate":"https:\/\/www.altercampagne.net\/?s={search_term_string}"},"query-input":{"@type":"PropertyValueSpecification","valueRequired":true,"valueName":"search_term_string"}}],"inLanguage":"fr-FR"},{"@type":"Person","@id":"https:\/\/www.altercampagne.net\/#\/schema\/person\/421b4f48966c880a3141f1c707fe0dfb","name":"Caroline","image":{"@type":"ImageObject","inLanguage":"fr-FR","@id":"https:\/\/secure.gravatar.com\/avatar\/c52626c699af0e583bd4325dea955b162fd29507f1cf26f1a0ac63cfc8bc3e12?s=96&d=mm&r=g","url":"https:\/\/secure.gravatar.com\/avatar\/c52626c699af0e583bd4325dea955b162fd29507f1cf26f1a0ac63cfc8bc3e12?s=96&d=mm&r=g","contentUrl":"https:\/\/secure.gravatar.com\/avatar\/c52626c699af0e583bd4325dea955b162fd29507f1cf26f1a0ac63cfc8bc3e12?s=96&d=mm&r=g","caption":"Caroline"},"url":"https:\/\/www.altercampagne.net\/?author=216"}]}},"_links":{"self":[{"href":"https:\/\/www.altercampagne.net\/index.php?rest_route=\/wp\/v2\/posts\/18333","targetHints":{"allow":["GET"]}}],"collection":[{"href":"https:\/\/www.altercampagne.net\/index.php?rest_route=\/wp\/v2\/posts"}],"about":[{"href":"https:\/\/www.altercampagne.net\/index.php?rest_route=\/wp\/v2\/types\/post"}],"author":[{"embeddable":true,"href":"https:\/\/www.altercampagne.net\/index.php?rest_route=\/wp\/v2\/users\/216"}],"replies":[{"embeddable":true,"href":"https:\/\/www.altercampagne.net\/index.php?rest_route=%2Fwp%2Fv2%2Fcomments&post=18333"}],"version-history":[{"count":10,"href":"https:\/\/www.altercampagne.net\/index.php?rest_route=\/wp\/v2\/posts\/18333\/revisions"}],"predecessor-version":[{"id":18375,"href":"https:\/\/www.altercampagne.net\/index.php?rest_route=\/wp\/v2\/posts\/18333\/revisions\/18375"}],"wp:featuredmedia":[{"embeddable":true,"href":"https:\/\/www.altercampagne.net\/index.php?rest_route=\/wp\/v2\/media\/18335"}],"wp:attachment":[{"href":"https:\/\/www.altercampagne.net\/index.php?rest_route=%2Fwp%2Fv2%2Fmedia&parent=18333"}],"wp:term":[{"taxonomy":"category","embeddable":true,"href":"https:\/\/www.altercampagne.net\/index.php?rest_route=%2Fwp%2Fv2%2Fcategories&post=18333"},{"taxonomy":"post_tag","embeddable":true,"href":"https:\/\/www.altercampagne.net\/index.php?rest_route=%2Fwp%2Fv2%2Ftags&post=18333"}],"curies":[{"name":"wp","href":"https:\/\/api.w.org\/{rel}","templated":true}]}}