{"id":1836,"date":"2015-08-11T21:02:20","date_gmt":"2015-08-11T19:02:20","guid":{"rendered":"http:\/\/www.altercampagne.net\/?p=1836"},"modified":"2019-09-16T09:27:36","modified_gmt":"2019-09-16T07:27:36","slug":"laltertour-passe-a-bruxelles-le-13-aout-2015","status":"publish","type":"post","link":"https:\/\/www.altercampagne.net\/?p=1836","title":{"rendered":"L\u2019AlterTour passe \u00e0 Bruxelles le 13 ao\u00fbt 2015"},"content":{"rendered":"<p>Rejoignez-nous !<br \/>\n17h : Gare du Nord, place Simon Bolivar, avec votre v\u00e9lo, trottinette, rollers, skate \u2026 pour la grande masse critique climatique.<br \/>\n18h : devant la Bourse, pour des animations et des temps d\u2019\u00e9changes sur le climat.<\/p>\n<p>L\u2019AlterTour est une aventure humaine, joyeuse, cr\u00e9ative et collective. Il relie \u00e0 v\u00e9lo des Alternatives agissant sur l\u2019alimentation, les d\u00e9placements, l\u2019\u00e9nergie, l\u2019habitat, la gestion des d\u00e9chets, etc. Chaque \u00e9t\u00e9, 250 Altercyclistes d\u2019horizons diff\u00e9rents et de tous \u00e2ges d\u00e9couvrent des acteurs de la transition, de la d\u00e9croissance, de l\u2019\u00e9cologie, de l\u2019autogestion&#8230; Pour cette 8\u00e8me \u00e9dition, l\u2019AlterTour passe en Belgique et par Bruxelles, avec le th\u00e8me \u00ab\u00a0E(t)moi pour le climat !?\u00a0\u00bb<br \/>\nDepuis les accords de Kyoto en 1995, les \u00c9tats se rassemblent une fois par an. Fin 2015, la COP21 aura lieu \u00e0 Paris. \u00c7a y est ? C\u2019est Le Grand Soir ? Et si pour contrebalancer les d\u00e9sordres climatiques, il valait mieux repenser consid\u00e9rablement nos modes de vie ?<br \/>\nUn grand nombre d\u2019associations, de collectifs, d\u2019entreprises, d\u2019individus agit au quotidien contre le d\u00e9r\u00e8glement climatique. Ils inventent d\u00e8s aujourd\u2019hui la soci\u00e9t\u00e9 de demain.<br \/>\nVenez p\u00e9daler et \u00e9changer avec nous !<br \/>\nMerci de diffuser l\u2019info.<\/p>\n","protected":false},"excerpt":{"rendered":"<p>Rejoignez-nous ! 17h : Gare du Nord, place Simon Bolivar, avec votre v\u00e9lo, trottinette, rollers, skate \u2026 pour la grande masse critique climatique. 18h : devant la Bourse, pour des animations et des temps d\u2019\u00e9changes sur le climat. L\u2019AlterTour est une aventure humaine, joyeuse, cr\u00e9ative et collective. Il relie \u00e0 &#8230; <\/p>\n<div><a href=\"https:\/\/www.altercampagne.net\/?p=1836\" class=\"more-link\">Read More<\/a><\/div>\n","protected":false},"author":214,"featured_media":15614,"comment_status":"closed","ping_status":"closed","sticky":false,"template":"","format":"standard","meta":{"footnotes":""},"categories":[3526,3486,3460],"tags":[10,44,53,102,192,233,333,334,1512,1513,1672,1679],"class_list":["post-1836","post","type-post","status-publish","format-standard","has-post-thumbnail","hentry","category-belgique","category-environnement","category-edition-2015","tag-bruxelles","tag-climat","tag-alternatives","tag-velorution","tag-altertour-2015","tag-cop21","tag-masse-critique","tag-porteur-de-parole","tag-brussel","tag-region-de-bruxelles-capitale","tag-1672","tag-bruxelles-capitale"],"yoast_head":"<!-- This site is optimized with the Yoast SEO plugin v27.3 - https:\/\/yoast.com\/product\/yoast-seo-wordpress\/ -->\n<title>L\u2019AlterTour passe \u00e0 Bruxelles le 13 ao\u00fbt 2015 - AlterTour<\/title>\n<meta name=\"robots\" content=\"index, follow, max-snippet:-1, max-image-preview:large, max-video-preview:-1\" \/>\n<link rel=\"canonical\" href=\"https:\/\/www.altercampagne.net\/?p=1836\" \/>\n<meta property=\"og:locale\" content=\"fr_FR\" \/>\n<meta property=\"og:type\" content=\"article\" \/>\n<meta property=\"og:title\" content=\"L\u2019AlterTour passe \u00e0 Bruxelles le 13 ao\u00fbt 2015 - AlterTour\" \/>\n<meta property=\"og:description\" content=\"Rejoignez-nous ! 17h : Gare du Nord, place Simon Bolivar, avec votre v\u00e9lo, trottinette, rollers, skate \u2026 pour la grande masse critique climatique. 18h : devant la Bourse, pour des animations et des temps d\u2019\u00e9changes sur le climat. L\u2019AlterTour est une aventure humaine, joyeuse, cr\u00e9ative et collective. Il relie \u00e0 ... Read More\" \/>\n<meta property=\"og:url\" content=\"https:\/\/www.altercampagne.net\/?p=1836\" \/>\n<meta property=\"og:site_name\" content=\"AlterTour\" \/>\n<meta property=\"article:published_time\" content=\"2015-08-11T19:02:20+00:00\" \/>\n<meta property=\"article:modified_time\" content=\"2019-09-16T07:27:36+00:00\" \/>\n<meta property=\"og:image\" content=\"https:\/\/www.altercampagne.net\/wp-content\/uploads\/2015\/08\/2015-08-10_09.00.jpg\" \/>\n\t<meta property=\"og:image:width\" content=\"907\" \/>\n\t<meta property=\"og:image:height\" content=\"474\" \/>\n\t<meta property=\"og:image:type\" content=\"image\/jpeg\" \/>\n<meta name=\"author\" content=\"Mathieu\" \/>\n<meta name=\"twitter:card\" content=\"summary_large_image\" \/>\n<meta name=\"twitter:label1\" content=\"\u00c9crit par\" \/>\n\t<meta name=\"twitter:data1\" content=\"Mathieu\" \/>\n\t<meta name=\"twitter:label2\" content=\"Dur\u00e9e de lecture estim\u00e9e\" \/>\n\t<meta name=\"twitter:data2\" content=\"1 minute\" \/>\n<script type=\"application\/ld+json\" class=\"yoast-schema-graph\">{\"@context\":\"https:\\\/\\\/schema.org\",\"@graph\":[{\"@type\":\"Article\",\"@id\":\"https:\\\/\\\/www.altercampagne.net\\\/?p=1836#article\",\"isPartOf\":{\"@id\":\"https:\\\/\\\/www.altercampagne.net\\\/?p=1836\"},\"author\":{\"name\":\"Mathieu\",\"@id\":\"https:\\\/\\\/www.altercampagne.net\\\/#\\\/schema\\\/person\\\/0f261460c09e430caa0f9bcffa319109\"},\"headline\":\"L\u2019AlterTour passe \u00e0 Bruxelles le 13 ao\u00fbt 2015\",\"datePublished\":\"2015-08-11T19:02:20+00:00\",\"dateModified\":\"2019-09-16T07:27:36+00:00\",\"mainEntityOfPage\":{\"@id\":\"https:\\\/\\\/www.altercampagne.net\\\/?p=1836\"},\"wordCount\":216,\"image\":{\"@id\":\"https:\\\/\\\/www.altercampagne.net\\\/?p=1836#primaryimage\"},\"thumbnailUrl\":\"https:\\\/\\\/www.altercampagne.net\\\/wp-content\\\/uploads\\\/2015\\\/08\\\/2015-08-10_09.00.jpg\",\"keywords\":[\"bruxelles\",\"climat\",\"Alternatives\",\"v\u00e9lorution\",\"AlterTour 2015\",\"cop21\",\"masse critique\",\"porteur de parole\",\"Brussel\",\"R\u00e9gion de Bruxelles-Capitale\",\"2015\",\"Bruxelles-Capitale\"],\"articleSection\":[\"Belgique\",\"Environnement\",\"\u00c9dition 2015\"],\"inLanguage\":\"fr-FR\"},{\"@type\":\"WebPage\",\"@id\":\"https:\\\/\\\/www.altercampagne.net\\\/?p=1836\",\"url\":\"https:\\\/\\\/www.altercampagne.net\\\/?p=1836\",\"name\":\"L\u2019AlterTour passe \u00e0 Bruxelles le 13 ao\u00fbt 2015 - AlterTour\",\"isPartOf\":{\"@id\":\"https:\\\/\\\/www.altercampagne.net\\\/#website\"},\"primaryImageOfPage\":{\"@id\":\"https:\\\/\\\/www.altercampagne.net\\\/?p=1836#primaryimage\"},\"image\":{\"@id\":\"https:\\\/\\\/www.altercampagne.net\\\/?p=1836#primaryimage\"},\"thumbnailUrl\":\"https:\\\/\\\/www.altercampagne.net\\\/wp-content\\\/uploads\\\/2015\\\/08\\\/2015-08-10_09.00.jpg\",\"datePublished\":\"2015-08-11T19:02:20+00:00\",\"dateModified\":\"2019-09-16T07:27:36+00:00\",\"author\":{\"@id\":\"https:\\\/\\\/www.altercampagne.net\\\/#\\\/schema\\\/person\\\/0f261460c09e430caa0f9bcffa319109\"},\"breadcrumb\":{\"@id\":\"https:\\\/\\\/www.altercampagne.net\\\/?p=1836#breadcrumb\"},\"inLanguage\":\"fr-FR\",\"potentialAction\":[{\"@type\":\"ReadAction\",\"target\":[\"https:\\\/\\\/www.altercampagne.net\\\/?p=1836\"]}]},{\"@type\":\"ImageObject\",\"inLanguage\":\"fr-FR\",\"@id\":\"https:\\\/\\\/www.altercampagne.net\\\/?p=1836#primaryimage\",\"url\":\"https:\\\/\\\/www.altercampagne.net\\\/wp-content\\\/uploads\\\/2015\\\/08\\\/2015-08-10_09.00.jpg\",\"contentUrl\":\"https:\\\/\\\/www.altercampagne.net\\\/wp-content\\\/uploads\\\/2015\\\/08\\\/2015-08-10_09.00.jpg\",\"width\":907,\"height\":474},{\"@type\":\"BreadcrumbList\",\"@id\":\"https:\\\/\\\/www.altercampagne.net\\\/?p=1836#breadcrumb\",\"itemListElement\":[{\"@type\":\"ListItem\",\"position\":1,\"name\":\"Accueil\",\"item\":\"https:\\\/\\\/www.altercampagne.net\\\/\"},{\"@type\":\"ListItem\",\"position\":2,\"name\":\"L\u2019AlterTour passe \u00e0 Bruxelles le 13 ao\u00fbt 2015\"}]},{\"@type\":\"WebSite\",\"@id\":\"https:\\\/\\\/www.altercampagne.net\\\/#website\",\"url\":\"https:\\\/\\\/www.altercampagne.net\\\/\",\"name\":\"AlterTour\",\"description\":\"Reliez les Alternatives \u00e0 v\u00e9lo\",\"potentialAction\":[{\"@type\":\"SearchAction\",\"target\":{\"@type\":\"EntryPoint\",\"urlTemplate\":\"https:\\\/\\\/www.altercampagne.net\\\/?s={search_term_string}\"},\"query-input\":{\"@type\":\"PropertyValueSpecification\",\"valueRequired\":true,\"valueName\":\"search_term_string\"}}],\"inLanguage\":\"fr-FR\"},{\"@type\":\"Person\",\"@id\":\"https:\\\/\\\/www.altercampagne.net\\\/#\\\/schema\\\/person\\\/0f261460c09e430caa0f9bcffa319109\",\"name\":\"Mathieu\",\"image\":{\"@type\":\"ImageObject\",\"inLanguage\":\"fr-FR\",\"@id\":\"https:\\\/\\\/secure.gravatar.com\\\/avatar\\\/aa9d3d24c83f2141e5e2709d0f63d09a99f6be6bb7a50abc4915838d9f54501a?s=96&d=mm&r=g\",\"url\":\"https:\\\/\\\/secure.gravatar.com\\\/avatar\\\/aa9d3d24c83f2141e5e2709d0f63d09a99f6be6bb7a50abc4915838d9f54501a?s=96&d=mm&r=g\",\"contentUrl\":\"https:\\\/\\\/secure.gravatar.com\\\/avatar\\\/aa9d3d24c83f2141e5e2709d0f63d09a99f6be6bb7a50abc4915838d9f54501a?s=96&d=mm&r=g\",\"caption\":\"Mathieu\"},\"url\":\"https:\\\/\\\/www.altercampagne.net\\\/?author=214\"}]}<\/script>\n<!-- \/ Yoast SEO plugin. -->","yoast_head_json":{"title":"L\u2019AlterTour passe \u00e0 Bruxelles le 13 ao\u00fbt 2015 - AlterTour","robots":{"index":"index","follow":"follow","max-snippet":"max-snippet:-1","max-image-preview":"max-image-preview:large","max-video-preview":"max-video-preview:-1"},"canonical":"https:\/\/www.altercampagne.net\/?p=1836","og_locale":"fr_FR","og_type":"article","og_title":"L\u2019AlterTour passe \u00e0 Bruxelles le 13 ao\u00fbt 2015 - AlterTour","og_description":"Rejoignez-nous ! 17h : Gare du Nord, place Simon Bolivar, avec votre v\u00e9lo, trottinette, rollers, skate \u2026 pour la grande masse critique climatique. 18h : devant la Bourse, pour des animations et des temps d\u2019\u00e9changes sur le climat. L\u2019AlterTour est une aventure humaine, joyeuse, cr\u00e9ative et collective. Il relie \u00e0 ... Read More","og_url":"https:\/\/www.altercampagne.net\/?p=1836","og_site_name":"AlterTour","article_published_time":"2015-08-11T19:02:20+00:00","article_modified_time":"2019-09-16T07:27:36+00:00","og_image":[{"width":907,"height":474,"url":"https:\/\/www.altercampagne.net\/wp-content\/uploads\/2015\/08\/2015-08-10_09.00.jpg","type":"image\/jpeg"}],"author":"Mathieu","twitter_card":"summary_large_image","twitter_misc":{"\u00c9crit par":"Mathieu","Dur\u00e9e de lecture estim\u00e9e":"1 minute"},"schema":{"@context":"https:\/\/schema.org","@graph":[{"@type":"Article","@id":"https:\/\/www.altercampagne.net\/?p=1836#article","isPartOf":{"@id":"https:\/\/www.altercampagne.net\/?p=1836"},"author":{"name":"Mathieu","@id":"https:\/\/www.altercampagne.net\/#\/schema\/person\/0f261460c09e430caa0f9bcffa319109"},"headline":"L\u2019AlterTour passe \u00e0 Bruxelles le 13 ao\u00fbt 2015","datePublished":"2015-08-11T19:02:20+00:00","dateModified":"2019-09-16T07:27:36+00:00","mainEntityOfPage":{"@id":"https:\/\/www.altercampagne.net\/?p=1836"},"wordCount":216,"image":{"@id":"https:\/\/www.altercampagne.net\/?p=1836#primaryimage"},"thumbnailUrl":"https:\/\/www.altercampagne.net\/wp-content\/uploads\/2015\/08\/2015-08-10_09.00.jpg","keywords":["bruxelles","climat","Alternatives","v\u00e9lorution","AlterTour 2015","cop21","masse critique","porteur de parole","Brussel","R\u00e9gion de Bruxelles-Capitale","2015","Bruxelles-Capitale"],"articleSection":["Belgique","Environnement","\u00c9dition 2015"],"inLanguage":"fr-FR"},{"@type":"WebPage","@id":"https:\/\/www.altercampagne.net\/?p=1836","url":"https:\/\/www.altercampagne.net\/?p=1836","name":"L\u2019AlterTour passe \u00e0 Bruxelles le 13 ao\u00fbt 2015 - AlterTour","isPartOf":{"@id":"https:\/\/www.altercampagne.net\/#website"},"primaryImageOfPage":{"@id":"https:\/\/www.altercampagne.net\/?p=1836#primaryimage"},"image":{"@id":"https:\/\/www.altercampagne.net\/?p=1836#primaryimage"},"thumbnailUrl":"https:\/\/www.altercampagne.net\/wp-content\/uploads\/2015\/08\/2015-08-10_09.00.jpg","datePublished":"2015-08-11T19:02:20+00:00","dateModified":"2019-09-16T07:27:36+00:00","author":{"@id":"https:\/\/www.altercampagne.net\/#\/schema\/person\/0f261460c09e430caa0f9bcffa319109"},"breadcrumb":{"@id":"https:\/\/www.altercampagne.net\/?p=1836#breadcrumb"},"inLanguage":"fr-FR","potentialAction":[{"@type":"ReadAction","target":["https:\/\/www.altercampagne.net\/?p=1836"]}]},{"@type":"ImageObject","inLanguage":"fr-FR","@id":"https:\/\/www.altercampagne.net\/?p=1836#primaryimage","url":"https:\/\/www.altercampagne.net\/wp-content\/uploads\/2015\/08\/2015-08-10_09.00.jpg","contentUrl":"https:\/\/www.altercampagne.net\/wp-content\/uploads\/2015\/08\/2015-08-10_09.00.jpg","width":907,"height":474},{"@type":"BreadcrumbList","@id":"https:\/\/www.altercampagne.net\/?p=1836#breadcrumb","itemListElement":[{"@type":"ListItem","position":1,"name":"Accueil","item":"https:\/\/www.altercampagne.net\/"},{"@type":"ListItem","position":2,"name":"L\u2019AlterTour passe \u00e0 Bruxelles le 13 ao\u00fbt 2015"}]},{"@type":"WebSite","@id":"https:\/\/www.altercampagne.net\/#website","url":"https:\/\/www.altercampagne.net\/","name":"AlterTour","description":"Reliez les Alternatives \u00e0 v\u00e9lo","potentialAction":[{"@type":"SearchAction","target":{"@type":"EntryPoint","urlTemplate":"https:\/\/www.altercampagne.net\/?s={search_term_string}"},"query-input":{"@type":"PropertyValueSpecification","valueRequired":true,"valueName":"search_term_string"}}],"inLanguage":"fr-FR"},{"@type":"Person","@id":"https:\/\/www.altercampagne.net\/#\/schema\/person\/0f261460c09e430caa0f9bcffa319109","name":"Mathieu","image":{"@type":"ImageObject","inLanguage":"fr-FR","@id":"https:\/\/secure.gravatar.com\/avatar\/aa9d3d24c83f2141e5e2709d0f63d09a99f6be6bb7a50abc4915838d9f54501a?s=96&d=mm&r=g","url":"https:\/\/secure.gravatar.com\/avatar\/aa9d3d24c83f2141e5e2709d0f63d09a99f6be6bb7a50abc4915838d9f54501a?s=96&d=mm&r=g","contentUrl":"https:\/\/secure.gravatar.com\/avatar\/aa9d3d24c83f2141e5e2709d0f63d09a99f6be6bb7a50abc4915838d9f54501a?s=96&d=mm&r=g","caption":"Mathieu"},"url":"https:\/\/www.altercampagne.net\/?author=214"}]}},"_links":{"self":[{"href":"https:\/\/www.altercampagne.net\/index.php?rest_route=\/wp\/v2\/posts\/1836","targetHints":{"allow":["GET"]}}],"collection":[{"href":"https:\/\/www.altercampagne.net\/index.php?rest_route=\/wp\/v2\/posts"}],"about":[{"href":"https:\/\/www.altercampagne.net\/index.php?rest_route=\/wp\/v2\/types\/post"}],"author":[{"embeddable":true,"href":"https:\/\/www.altercampagne.net\/index.php?rest_route=\/wp\/v2\/users\/214"}],"replies":[{"embeddable":true,"href":"https:\/\/www.altercampagne.net\/index.php?rest_route=%2Fwp%2Fv2%2Fcomments&post=1836"}],"version-history":[{"count":0,"href":"https:\/\/www.altercampagne.net\/index.php?rest_route=\/wp\/v2\/posts\/1836\/revisions"}],"wp:featuredmedia":[{"embeddable":true,"href":"https:\/\/www.altercampagne.net\/index.php?rest_route=\/wp\/v2\/media\/15614"}],"wp:attachment":[{"href":"https:\/\/www.altercampagne.net\/index.php?rest_route=%2Fwp%2Fv2%2Fmedia&parent=1836"}],"wp:term":[{"taxonomy":"category","embeddable":true,"href":"https:\/\/www.altercampagne.net\/index.php?rest_route=%2Fwp%2Fv2%2Fcategories&post=1836"},{"taxonomy":"post_tag","embeddable":true,"href":"https:\/\/www.altercampagne.net\/index.php?rest_route=%2Fwp%2Fv2%2Ftags&post=1836"}],"curies":[{"name":"wp","href":"https:\/\/api.w.org\/{rel}","templated":true}]}}