{"id":18387,"date":"2020-05-12T11:36:54","date_gmt":"2020-05-12T09:36:54","guid":{"rendered":"http:\/\/www.altercampagne.net\/?p=18387"},"modified":"2020-05-12T11:36:55","modified_gmt":"2020-05-12T09:36:55","slug":"le-bieretour-pas-en-ete-mais-peut-etre-en-septembre","status":"publish","type":"post","link":"https:\/\/www.altercampagne.net\/?p=18387","title":{"rendered":"Le Bi\u00e8reTour pas en \u00e9t\u00e9, mais peut \u00eatre en septembre"},"content":{"rendered":"\n<p><em>on p\u00e9dale encore un peu dans le brouillard&#8230;<\/em><\/p>\n\n\n\n<p> C&rsquo;est rempli de tristesse que je vous annonce la nouvelle, le Bi\u00e8reTour  n&rsquo;aura pas lieu cet \u00e9t\u00e9&#8230; enfin techniquement peut \u00eatre que si car  l&rsquo;\u00e9t\u00e9 c&rsquo;est jusqu&rsquo;au 21 septembre. Et pour l&rsquo;instant on a d\u00e9cid\u00e9 qu&rsquo;il  ne se d\u00e9roulerait pas en mai, ni en juin, ni en juillet et pas non plus  en ao\u00fbt. Mais septembre&#8230; pourquoi pas !<br> <br> <strong>On peut r\u00eaver le faire en septembre<\/strong>, si les accueillant\u00b7e\u00b7s sont disponibles et si tous les param\u00e8tres le rendent possible.<br> Mais pour l&rsquo;heure, pas moyen de trancher. Comme beaucoup nous manquons  d&rsquo;information, nous attendons les prochaines annonces et nous esp\u00e9rons  pouvoir vous en dire plus \u00e0 la mi-juin.<br> <br> Nous avons fait le choix de ne pas vous donner de faux espoirs en  essayant de le maintenir en juillet\/ao\u00fbt pour plusieurs raisons :<\/p>\n\n\n\n<ul class=\"wp-block-list\"><li>on ne veut pas repousser cinquante fois la \ndate et t&#8217;emb\u00eater en maintenant un suspens insupportable, c&rsquo;est mauvais \npour le c\u0153ur et on tient \u00e0 toi<\/li><li>une partie de l&rsquo;\u00e9quipe Bi\u00e8reTour est aussi mobilis\u00e9e sur un autre voyage \u00e0 v\u00e9lo qui s&rsquo;appelle l&rsquo;<a href=\"https:\/\/bieretour.us20.list-manage.com\/track\/click?u=6bef111f7491c0c09f2f629bf&amp;id=e6c50483eb&amp;e=6bd708121b\" target=\"_blank\" rel=\"noreferrer noopener\">AlterTour<\/a> et qui esp\u00e8re se d\u00e9rouler de juillet \u00e0 ao\u00fbt et on ne pourra pas mener \u00e0 bien les deux tours en m\u00eame temps<\/li><li>une partie de l&rsquo;\u00e9quipement collectif dont on a besoin sur le Bi\u00e8reTour sera utilis\u00e9 sur l&rsquo;AlterTour<\/li><\/ul>\n\n\n\n<p>\n\nLa <strong>bonne nouvelle<\/strong> dans tout \u00e7a c&rsquo;est que si tu as envie de faire du v\u00e9lo cet \u00e9t\u00e9, tu peux tout \u00e0 fait participer \u00e0 l&rsquo;<strong>AlterTour<\/strong>, <a href=\"https:\/\/bieretour.us20.list-manage.com\/track\/click?u=6bef111f7491c0c09f2f629bf&amp;id=3290d6055b&amp;e=6bd708121b\" target=\"_blank\" rel=\"noreferrer noopener\">il reste de la place<\/a>,\n et peut \u00eatre qu&rsquo;on fera quand m\u00eame le Bi\u00e8reTour en septembre. \u00c7a \nressemble un peu au Bi\u00e8reTour sauf qu&rsquo;on ne va pas voir uniquement des \nacteurs de la bi\u00e8re : on en voit quelques uns mais on voit aussi tout un\n tas d&rsquo;autres alternatives sur d&rsquo;autres sujets.<br>\nSi jamais tu veux en savoir plus, regardes <a href=\"https:\/\/bieretour.us20.list-manage.com\/track\/click?u=6bef111f7491c0c09f2f629bf&amp;id=bdb044e470&amp;e=6bd708121b\" target=\"_blank\" rel=\"noreferrer noopener\">le parcours<\/a> et le <a href=\"https:\/\/bieretour.us20.list-manage.com\/track\/click?u=6bef111f7491c0c09f2f629bf&amp;id=ee5702896c&amp;e=6bd708121b\" target=\"_blank\" rel=\"noreferrer noopener\">d\u00e9tail des \u00e9tapes<\/a>.\n\n<\/p>\n\n\n\n<p> Pour rester inform\u00e9\u00b7e tu peux toujours nous suivre via cette <a rel=\"noreferrer noopener\" href=\"https:\/\/bieretour.us20.list-manage.com\/track\/click?u=6bef111f7491c0c09f2f629bf&amp;id=bde2bf9f3f&amp;e=6bd708121b\" target=\"_blank\"><strong>newsletter<\/strong><\/a> et la <a rel=\"noreferrer noopener\" href=\"https:\/\/bieretour.us20.list-manage.com\/track\/click?u=6bef111f7491c0c09f2f629bf&amp;id=460a7f4bee&amp;e=6bd708121b\" target=\"_blank\"><strong>page FB du Bi\u00e8reTour<\/strong><\/a>.<\/p>\n","protected":false},"excerpt":{"rendered":"<p>on p\u00e9dale encore un peu dans le brouillard&#8230; C&rsquo;est rempli de tristesse que je vous annonce la nouvelle, le Bi\u00e8reTour n&rsquo;aura pas lieu cet \u00e9t\u00e9&#8230; enfin techniquement peut \u00eatre que si car l&rsquo;\u00e9t\u00e9 c&rsquo;est jusqu&rsquo;au 21 septembre. Et pour l&rsquo;instant on a d\u00e9cid\u00e9 qu&rsquo;il ne se d\u00e9roulerait pas en mai, &#8230; <\/p>\n<div><a href=\"https:\/\/www.altercampagne.net\/?p=18387\" class=\"more-link\">Read More<\/a><\/div>\n","protected":false},"author":231,"featured_media":18388,"comment_status":"closed","ping_status":"closed","sticky":false,"template":"","format":"standard","meta":{"footnotes":""},"categories":[3471,3495,3574,4037,3967],"tags":[3567,4163],"class_list":["post-18387","post","type-post","status-publish","format-standard","has-post-thumbnail","hentry","category-auvergne-rhone-alpes","category-bourgogne-franche-comte","category-bieretour","category-biere","category-edition-2020","tag-bieretour","tag-bieretour-2020"],"yoast_head":"<!-- This site is optimized with the Yoast SEO plugin v27.3 - https:\/\/yoast.com\/product\/yoast-seo-wordpress\/ -->\n<title>Le Bi\u00e8reTour pas en \u00e9t\u00e9, mais peut \u00eatre en septembre - AlterTour<\/title>\n<meta name=\"robots\" content=\"index, follow, max-snippet:-1, max-image-preview:large, max-video-preview:-1\" \/>\n<link rel=\"canonical\" href=\"https:\/\/www.altercampagne.net\/?p=18387\" \/>\n<meta property=\"og:locale\" content=\"fr_FR\" \/>\n<meta property=\"og:type\" content=\"article\" \/>\n<meta property=\"og:title\" content=\"Le Bi\u00e8reTour pas en \u00e9t\u00e9, mais peut \u00eatre en septembre - AlterTour\" \/>\n<meta property=\"og:description\" content=\"on p\u00e9dale encore un peu dans le brouillard&#8230; C&rsquo;est rempli de tristesse que je vous annonce la nouvelle, le Bi\u00e8reTour n&rsquo;aura pas lieu cet \u00e9t\u00e9&#8230; enfin techniquement peut \u00eatre que si car l&rsquo;\u00e9t\u00e9 c&rsquo;est jusqu&rsquo;au 21 septembre. Et pour l&rsquo;instant on a d\u00e9cid\u00e9 qu&rsquo;il ne se d\u00e9roulerait pas en mai, ... Read More\" \/>\n<meta property=\"og:url\" content=\"https:\/\/www.altercampagne.net\/?p=18387\" \/>\n<meta property=\"og:site_name\" content=\"AlterTour\" \/>\n<meta property=\"article:published_time\" content=\"2020-05-12T09:36:54+00:00\" \/>\n<meta property=\"article:modified_time\" content=\"2020-05-12T09:36:55+00:00\" \/>\n<meta property=\"og:image\" content=\"https:\/\/www.altercampagne.net\/wp-content\/uploads\/2020\/05\/unnamed.jpg\" \/>\n\t<meta property=\"og:image:width\" content=\"900\" \/>\n\t<meta property=\"og:image:height\" content=\"470\" \/>\n\t<meta property=\"og:image:type\" content=\"image\/jpeg\" \/>\n<meta name=\"author\" content=\"Fabien\" \/>\n<meta name=\"twitter:card\" content=\"summary_large_image\" \/>\n<meta name=\"twitter:label1\" content=\"\u00c9crit par\" \/>\n\t<meta name=\"twitter:data1\" content=\"Fabien\" \/>\n\t<meta name=\"twitter:label2\" content=\"Dur\u00e9e de lecture estim\u00e9e\" \/>\n\t<meta name=\"twitter:data2\" content=\"2 minutes\" \/>\n<script type=\"application\/ld+json\" class=\"yoast-schema-graph\">{\"@context\":\"https:\\\/\\\/schema.org\",\"@graph\":[{\"@type\":\"Article\",\"@id\":\"https:\\\/\\\/www.altercampagne.net\\\/?p=18387#article\",\"isPartOf\":{\"@id\":\"https:\\\/\\\/www.altercampagne.net\\\/?p=18387\"},\"author\":{\"name\":\"Fabien\",\"@id\":\"https:\\\/\\\/www.altercampagne.net\\\/#\\\/schema\\\/person\\\/c90e98c0124da37fa1f0ab236a9a0e95\"},\"headline\":\"Le Bi\u00e8reTour pas en \u00e9t\u00e9, mais peut \u00eatre en septembre\",\"datePublished\":\"2020-05-12T09:36:54+00:00\",\"dateModified\":\"2020-05-12T09:36:55+00:00\",\"mainEntityOfPage\":{\"@id\":\"https:\\\/\\\/www.altercampagne.net\\\/?p=18387\"},\"wordCount\":383,\"image\":{\"@id\":\"https:\\\/\\\/www.altercampagne.net\\\/?p=18387#primaryimage\"},\"thumbnailUrl\":\"https:\\\/\\\/www.altercampagne.net\\\/wp-content\\\/uploads\\\/2020\\\/05\\\/unnamed.jpg\",\"keywords\":[\"Bi\u00e8reTour\",\"BiereTour 2020\"],\"articleSection\":[\"Auvergne-Rh\u00f4ne-Alpes\",\"Bourgogne-Franche-Comt\u00e9\",\"Bi\u00e8reTour\",\"Bi\u00e8re\",\"Edition 2020\"],\"inLanguage\":\"fr-FR\"},{\"@type\":\"WebPage\",\"@id\":\"https:\\\/\\\/www.altercampagne.net\\\/?p=18387\",\"url\":\"https:\\\/\\\/www.altercampagne.net\\\/?p=18387\",\"name\":\"Le Bi\u00e8reTour pas en \u00e9t\u00e9, mais peut \u00eatre en septembre - AlterTour\",\"isPartOf\":{\"@id\":\"https:\\\/\\\/www.altercampagne.net\\\/#website\"},\"primaryImageOfPage\":{\"@id\":\"https:\\\/\\\/www.altercampagne.net\\\/?p=18387#primaryimage\"},\"image\":{\"@id\":\"https:\\\/\\\/www.altercampagne.net\\\/?p=18387#primaryimage\"},\"thumbnailUrl\":\"https:\\\/\\\/www.altercampagne.net\\\/wp-content\\\/uploads\\\/2020\\\/05\\\/unnamed.jpg\",\"datePublished\":\"2020-05-12T09:36:54+00:00\",\"dateModified\":\"2020-05-12T09:36:55+00:00\",\"author\":{\"@id\":\"https:\\\/\\\/www.altercampagne.net\\\/#\\\/schema\\\/person\\\/c90e98c0124da37fa1f0ab236a9a0e95\"},\"breadcrumb\":{\"@id\":\"https:\\\/\\\/www.altercampagne.net\\\/?p=18387#breadcrumb\"},\"inLanguage\":\"fr-FR\",\"potentialAction\":[{\"@type\":\"ReadAction\",\"target\":[\"https:\\\/\\\/www.altercampagne.net\\\/?p=18387\"]}]},{\"@type\":\"ImageObject\",\"inLanguage\":\"fr-FR\",\"@id\":\"https:\\\/\\\/www.altercampagne.net\\\/?p=18387#primaryimage\",\"url\":\"https:\\\/\\\/www.altercampagne.net\\\/wp-content\\\/uploads\\\/2020\\\/05\\\/unnamed.jpg\",\"contentUrl\":\"https:\\\/\\\/www.altercampagne.net\\\/wp-content\\\/uploads\\\/2020\\\/05\\\/unnamed.jpg\",\"width\":900,\"height\":470},{\"@type\":\"BreadcrumbList\",\"@id\":\"https:\\\/\\\/www.altercampagne.net\\\/?p=18387#breadcrumb\",\"itemListElement\":[{\"@type\":\"ListItem\",\"position\":1,\"name\":\"Accueil\",\"item\":\"https:\\\/\\\/www.altercampagne.net\\\/\"},{\"@type\":\"ListItem\",\"position\":2,\"name\":\"Le Bi\u00e8reTour pas en \u00e9t\u00e9, mais peut \u00eatre en septembre\"}]},{\"@type\":\"WebSite\",\"@id\":\"https:\\\/\\\/www.altercampagne.net\\\/#website\",\"url\":\"https:\\\/\\\/www.altercampagne.net\\\/\",\"name\":\"AlterTour\",\"description\":\"Reliez les Alternatives \u00e0 v\u00e9lo\",\"potentialAction\":[{\"@type\":\"SearchAction\",\"target\":{\"@type\":\"EntryPoint\",\"urlTemplate\":\"https:\\\/\\\/www.altercampagne.net\\\/?s={search_term_string}\"},\"query-input\":{\"@type\":\"PropertyValueSpecification\",\"valueRequired\":true,\"valueName\":\"search_term_string\"}}],\"inLanguage\":\"fr-FR\"},{\"@type\":\"Person\",\"@id\":\"https:\\\/\\\/www.altercampagne.net\\\/#\\\/schema\\\/person\\\/c90e98c0124da37fa1f0ab236a9a0e95\",\"name\":\"Fabien\",\"image\":{\"@type\":\"ImageObject\",\"inLanguage\":\"fr-FR\",\"@id\":\"https:\\\/\\\/secure.gravatar.com\\\/avatar\\\/2fd4c2c6469f9ce829878a1d31336a6ede35ba0fab2c332ef4d6e4fb52fb5dab?s=96&d=mm&r=g\",\"url\":\"https:\\\/\\\/secure.gravatar.com\\\/avatar\\\/2fd4c2c6469f9ce829878a1d31336a6ede35ba0fab2c332ef4d6e4fb52fb5dab?s=96&d=mm&r=g\",\"contentUrl\":\"https:\\\/\\\/secure.gravatar.com\\\/avatar\\\/2fd4c2c6469f9ce829878a1d31336a6ede35ba0fab2c332ef4d6e4fb52fb5dab?s=96&d=mm&r=g\",\"caption\":\"Fabien\"},\"url\":\"https:\\\/\\\/www.altercampagne.net\\\/?author=231\"}]}<\/script>\n<!-- \/ Yoast SEO plugin. -->","yoast_head_json":{"title":"Le Bi\u00e8reTour pas en \u00e9t\u00e9, mais peut \u00eatre en septembre - AlterTour","robots":{"index":"index","follow":"follow","max-snippet":"max-snippet:-1","max-image-preview":"max-image-preview:large","max-video-preview":"max-video-preview:-1"},"canonical":"https:\/\/www.altercampagne.net\/?p=18387","og_locale":"fr_FR","og_type":"article","og_title":"Le Bi\u00e8reTour pas en \u00e9t\u00e9, mais peut \u00eatre en septembre - AlterTour","og_description":"on p\u00e9dale encore un peu dans le brouillard&#8230; C&rsquo;est rempli de tristesse que je vous annonce la nouvelle, le Bi\u00e8reTour n&rsquo;aura pas lieu cet \u00e9t\u00e9&#8230; enfin techniquement peut \u00eatre que si car l&rsquo;\u00e9t\u00e9 c&rsquo;est jusqu&rsquo;au 21 septembre. Et pour l&rsquo;instant on a d\u00e9cid\u00e9 qu&rsquo;il ne se d\u00e9roulerait pas en mai, ... Read More","og_url":"https:\/\/www.altercampagne.net\/?p=18387","og_site_name":"AlterTour","article_published_time":"2020-05-12T09:36:54+00:00","article_modified_time":"2020-05-12T09:36:55+00:00","og_image":[{"width":900,"height":470,"url":"https:\/\/www.altercampagne.net\/wp-content\/uploads\/2020\/05\/unnamed.jpg","type":"image\/jpeg"}],"author":"Fabien","twitter_card":"summary_large_image","twitter_misc":{"\u00c9crit par":"Fabien","Dur\u00e9e de lecture estim\u00e9e":"2 minutes"},"schema":{"@context":"https:\/\/schema.org","@graph":[{"@type":"Article","@id":"https:\/\/www.altercampagne.net\/?p=18387#article","isPartOf":{"@id":"https:\/\/www.altercampagne.net\/?p=18387"},"author":{"name":"Fabien","@id":"https:\/\/www.altercampagne.net\/#\/schema\/person\/c90e98c0124da37fa1f0ab236a9a0e95"},"headline":"Le Bi\u00e8reTour pas en \u00e9t\u00e9, mais peut \u00eatre en septembre","datePublished":"2020-05-12T09:36:54+00:00","dateModified":"2020-05-12T09:36:55+00:00","mainEntityOfPage":{"@id":"https:\/\/www.altercampagne.net\/?p=18387"},"wordCount":383,"image":{"@id":"https:\/\/www.altercampagne.net\/?p=18387#primaryimage"},"thumbnailUrl":"https:\/\/www.altercampagne.net\/wp-content\/uploads\/2020\/05\/unnamed.jpg","keywords":["Bi\u00e8reTour","BiereTour 2020"],"articleSection":["Auvergne-Rh\u00f4ne-Alpes","Bourgogne-Franche-Comt\u00e9","Bi\u00e8reTour","Bi\u00e8re","Edition 2020"],"inLanguage":"fr-FR"},{"@type":"WebPage","@id":"https:\/\/www.altercampagne.net\/?p=18387","url":"https:\/\/www.altercampagne.net\/?p=18387","name":"Le Bi\u00e8reTour pas en \u00e9t\u00e9, mais peut \u00eatre en septembre - AlterTour","isPartOf":{"@id":"https:\/\/www.altercampagne.net\/#website"},"primaryImageOfPage":{"@id":"https:\/\/www.altercampagne.net\/?p=18387#primaryimage"},"image":{"@id":"https:\/\/www.altercampagne.net\/?p=18387#primaryimage"},"thumbnailUrl":"https:\/\/www.altercampagne.net\/wp-content\/uploads\/2020\/05\/unnamed.jpg","datePublished":"2020-05-12T09:36:54+00:00","dateModified":"2020-05-12T09:36:55+00:00","author":{"@id":"https:\/\/www.altercampagne.net\/#\/schema\/person\/c90e98c0124da37fa1f0ab236a9a0e95"},"breadcrumb":{"@id":"https:\/\/www.altercampagne.net\/?p=18387#breadcrumb"},"inLanguage":"fr-FR","potentialAction":[{"@type":"ReadAction","target":["https:\/\/www.altercampagne.net\/?p=18387"]}]},{"@type":"ImageObject","inLanguage":"fr-FR","@id":"https:\/\/www.altercampagne.net\/?p=18387#primaryimage","url":"https:\/\/www.altercampagne.net\/wp-content\/uploads\/2020\/05\/unnamed.jpg","contentUrl":"https:\/\/www.altercampagne.net\/wp-content\/uploads\/2020\/05\/unnamed.jpg","width":900,"height":470},{"@type":"BreadcrumbList","@id":"https:\/\/www.altercampagne.net\/?p=18387#breadcrumb","itemListElement":[{"@type":"ListItem","position":1,"name":"Accueil","item":"https:\/\/www.altercampagne.net\/"},{"@type":"ListItem","position":2,"name":"Le Bi\u00e8reTour pas en \u00e9t\u00e9, mais peut \u00eatre en septembre"}]},{"@type":"WebSite","@id":"https:\/\/www.altercampagne.net\/#website","url":"https:\/\/www.altercampagne.net\/","name":"AlterTour","description":"Reliez les Alternatives \u00e0 v\u00e9lo","potentialAction":[{"@type":"SearchAction","target":{"@type":"EntryPoint","urlTemplate":"https:\/\/www.altercampagne.net\/?s={search_term_string}"},"query-input":{"@type":"PropertyValueSpecification","valueRequired":true,"valueName":"search_term_string"}}],"inLanguage":"fr-FR"},{"@type":"Person","@id":"https:\/\/www.altercampagne.net\/#\/schema\/person\/c90e98c0124da37fa1f0ab236a9a0e95","name":"Fabien","image":{"@type":"ImageObject","inLanguage":"fr-FR","@id":"https:\/\/secure.gravatar.com\/avatar\/2fd4c2c6469f9ce829878a1d31336a6ede35ba0fab2c332ef4d6e4fb52fb5dab?s=96&d=mm&r=g","url":"https:\/\/secure.gravatar.com\/avatar\/2fd4c2c6469f9ce829878a1d31336a6ede35ba0fab2c332ef4d6e4fb52fb5dab?s=96&d=mm&r=g","contentUrl":"https:\/\/secure.gravatar.com\/avatar\/2fd4c2c6469f9ce829878a1d31336a6ede35ba0fab2c332ef4d6e4fb52fb5dab?s=96&d=mm&r=g","caption":"Fabien"},"url":"https:\/\/www.altercampagne.net\/?author=231"}]}},"_links":{"self":[{"href":"https:\/\/www.altercampagne.net\/index.php?rest_route=\/wp\/v2\/posts\/18387","targetHints":{"allow":["GET"]}}],"collection":[{"href":"https:\/\/www.altercampagne.net\/index.php?rest_route=\/wp\/v2\/posts"}],"about":[{"href":"https:\/\/www.altercampagne.net\/index.php?rest_route=\/wp\/v2\/types\/post"}],"author":[{"embeddable":true,"href":"https:\/\/www.altercampagne.net\/index.php?rest_route=\/wp\/v2\/users\/231"}],"replies":[{"embeddable":true,"href":"https:\/\/www.altercampagne.net\/index.php?rest_route=%2Fwp%2Fv2%2Fcomments&post=18387"}],"version-history":[{"count":1,"href":"https:\/\/www.altercampagne.net\/index.php?rest_route=\/wp\/v2\/posts\/18387\/revisions"}],"predecessor-version":[{"id":18389,"href":"https:\/\/www.altercampagne.net\/index.php?rest_route=\/wp\/v2\/posts\/18387\/revisions\/18389"}],"wp:featuredmedia":[{"embeddable":true,"href":"https:\/\/www.altercampagne.net\/index.php?rest_route=\/wp\/v2\/media\/18388"}],"wp:attachment":[{"href":"https:\/\/www.altercampagne.net\/index.php?rest_route=%2Fwp%2Fv2%2Fmedia&parent=18387"}],"wp:term":[{"taxonomy":"category","embeddable":true,"href":"https:\/\/www.altercampagne.net\/index.php?rest_route=%2Fwp%2Fv2%2Fcategories&post=18387"},{"taxonomy":"post_tag","embeddable":true,"href":"https:\/\/www.altercampagne.net\/index.php?rest_route=%2Fwp%2Fv2%2Ftags&post=18387"}],"curies":[{"name":"wp","href":"https:\/\/api.w.org\/{rel}","templated":true}]}}