{"id":1842,"date":"2015-08-13T20:51:27","date_gmt":"2015-08-13T18:51:27","guid":{"rendered":"http:\/\/www.altercampagne.net\/?p=1842"},"modified":"2019-09-16T09:25:27","modified_gmt":"2019-09-16T07:25:27","slug":"alterjournee-du-13-aout-2015","status":"publish","type":"post","link":"https:\/\/www.altercampagne.net\/?p=1842","title":{"rendered":"Alterjourn\u00e9e du 13 ao\u00fbt 2015"},"content":{"rendered":"<p>Alterjournalistes, pour le plaisir de vos mollets, un cadavre exquis assembl\u00e9 par Violaine et H\u00e9l\u00e8ne<\/p>\n<p>5h52\u00a0: Le ciel s\u2019\u00e9veille, les avions s\u2019envolent\u00a0: retour bruital \u00e0 l\u2019ambiance de la ZAD.<\/p>\n<p>7h45\u00a0: Entre bruits d\u2019avions et passage de trains, la m\u00e9lodie chant\u00e9e par Marine nous r\u00e9veille en douceur.<\/p>\n<p>8h38\u00a0: Pendant la nuit, les avions ont fait demi-tour et le matin ils se cachent dans les nuages.<\/p>\n<p>9h48\u00a0: Fini le petit d\u00e9jeuner, vaisselle et rangement, la journ\u00e9e \u00ab\u00a0repos\u00a0\u00bb peut commencer.<\/p>\n<p>11h13\u00a0: Caf\u00e9 cannelle, th\u00e9 \u00e0 la menthe, cr\u00eapes, raisins secs\u00a0: Humana Terre.<\/p>\n<p>11h\u00a034 : chacun fait fait fait ce qui lui pla\u00eet pla\u00eet pla\u00eet\u00a0: r\u00e9paration v\u00e9los, atelier banderoles, atelier yourte et rigoles (ahahah).<\/p>\n<p>A 12h26, le porte gourde est devenu porte courgettes.<\/p>\n<p>13h03\u00a0: au passage, une petite voix \u00e0 moins d\u2019un m\u00e8tre du sol\u00a0: \u00ab\u00a0regarde, c\u2019est la f\u00eate du v\u00e9lo\u00a0!\u00a0\u00bb<\/p>\n<p>13h13\u00a0: mais o\u00f9 est l\u2019ombre\u00a0?<\/p>\n<p>13h24\u00a0: 29\u00b0C<\/p>\n<p>13h27\u00a0: maintenant il est possible de toucher les avions du bout des doigts.<\/p>\n<p>17h22\u00a0: Vooruitgangstratt. Sur une cariole, une centrale nucl\u00e9aire a pouss\u00e9, elle dit\u00a0:\u00a0\u00bb le red\u00e9marrage de Thiange 2 c\u2019est non\u00a0!\u00a0\u00bb<\/p>\n<p>17h45\u00a0: Bruxelles montes sur ta selle\u00a0!<\/p>\n<p>18h18\u00a0: une odeur de frites<\/p>\n<p>18h19\u00a0: 32\u00b0C<\/p>\n<p>18h47\u00a0: le ciel va nous tomber sur la t\u00eate\u00a0!<\/p>\n<p>19h27\u00a0: c\u2019est \u00e7a une drache\u00a0?<\/p>\n<p>20h24\u00a0: Catalyseurs de bi\u00e8res<\/p>\n<p>20h58\u00a0: \u00e7a brille. Convergence couscous.<\/p>\n<p>22h03\u00a0: au repas du soir, l\u2019eau du cimeti\u00e8re fait des histoires<\/p>\n<p>23h55\u00a0: on n\u2019y voit rien sur les p\u2019tits chemins\u00a0!<\/p>\n<p>0h28\u00a0: C\u2019est d\u00e9j\u00e0 demain. On dit entre nous que les avions ne circulent plus minuit \u2026 pas si s\u00fbr\u00a0!<\/p>\n","protected":false},"excerpt":{"rendered":"<p>Alterjournalistes, pour le plaisir de vos mollets, un cadavre exquis assembl\u00e9 par Violaine et H\u00e9l\u00e8ne 5h52\u00a0: Le ciel s\u2019\u00e9veille, les avions s\u2019envolent\u00a0: retour bruital \u00e0 l\u2019ambiance de la ZAD. 7h45\u00a0: Entre bruits d\u2019avions et passage de trains, la m\u00e9lodie chant\u00e9e par Marine nous r\u00e9veille en douceur. 8h38\u00a0: Pendant la nuit, &#8230; <\/p>\n<div><a href=\"https:\/\/www.altercampagne.net\/?p=1842\" class=\"more-link\">Read More<\/a><\/div>\n","protected":false},"author":214,"featured_media":15612,"comment_status":"closed","ping_status":"closed","sticky":false,"template":"","format":"standard","meta":{"footnotes":""},"categories":[3483,3526,3460],"tags":[10,179,192,312,335,484,1512,1513,1672,1678,2704],"class_list":["post-1842","post","type-post","status-publish","format-standard","has-post-thumbnail","hentry","category-agriculture","category-belgique","category-edition-2015","tag-bruxelles","tag-zad-du-keelbeek","tag-altertour-2015","tag-haren","tag-humanaterre","tag-zad","tag-brussel","tag-region-de-bruxelles-capitale","tag-1672","tag-keelbeek","tag-alterjournaliste"],"yoast_head":"<!-- This site is optimized with the Yoast SEO plugin v27.3 - https:\/\/yoast.com\/product\/yoast-seo-wordpress\/ -->\n<title>Alterjourn\u00e9e du 13 ao\u00fbt 2015 - AlterTour<\/title>\n<meta name=\"robots\" content=\"index, follow, max-snippet:-1, max-image-preview:large, max-video-preview:-1\" \/>\n<link rel=\"canonical\" href=\"https:\/\/www.altercampagne.net\/?p=1842\" \/>\n<meta property=\"og:locale\" content=\"fr_FR\" \/>\n<meta property=\"og:type\" content=\"article\" \/>\n<meta property=\"og:title\" content=\"Alterjourn\u00e9e du 13 ao\u00fbt 2015 - AlterTour\" \/>\n<meta property=\"og:description\" content=\"Alterjournalistes, pour le plaisir de vos mollets, un cadavre exquis assembl\u00e9 par Violaine et H\u00e9l\u00e8ne 5h52\u00a0: Le ciel s\u2019\u00e9veille, les avions s\u2019envolent\u00a0: retour bruital \u00e0 l\u2019ambiance de la ZAD. 7h45\u00a0: Entre bruits d\u2019avions et passage de trains, la m\u00e9lodie chant\u00e9e par Marine nous r\u00e9veille en douceur. 8h38\u00a0: Pendant la nuit, ... Read More\" \/>\n<meta property=\"og:url\" content=\"https:\/\/www.altercampagne.net\/?p=1842\" \/>\n<meta property=\"og:site_name\" content=\"AlterTour\" \/>\n<meta property=\"article:published_time\" content=\"2015-08-13T18:51:27+00:00\" \/>\n<meta property=\"article:modified_time\" content=\"2019-09-16T07:25:27+00:00\" \/>\n<meta property=\"og:image\" content=\"https:\/\/www.altercampagne.net\/wp-content\/uploads\/2015\/08\/2015-08-13_13.45.jpg\" \/>\n\t<meta property=\"og:image:width\" content=\"902\" \/>\n\t<meta property=\"og:image:height\" content=\"472\" \/>\n\t<meta property=\"og:image:type\" content=\"image\/jpeg\" \/>\n<meta name=\"author\" content=\"Mathieu\" \/>\n<meta name=\"twitter:card\" content=\"summary_large_image\" \/>\n<meta name=\"twitter:label1\" content=\"\u00c9crit par\" \/>\n\t<meta name=\"twitter:data1\" content=\"Mathieu\" \/>\n\t<meta name=\"twitter:label2\" content=\"Dur\u00e9e de lecture estim\u00e9e\" \/>\n\t<meta name=\"twitter:data2\" content=\"1 minute\" \/>\n<script type=\"application\/ld+json\" class=\"yoast-schema-graph\">{\"@context\":\"https:\\\/\\\/schema.org\",\"@graph\":[{\"@type\":\"Article\",\"@id\":\"https:\\\/\\\/www.altercampagne.net\\\/?p=1842#article\",\"isPartOf\":{\"@id\":\"https:\\\/\\\/www.altercampagne.net\\\/?p=1842\"},\"author\":{\"name\":\"Mathieu\",\"@id\":\"https:\\\/\\\/www.altercampagne.net\\\/#\\\/schema\\\/person\\\/0f261460c09e430caa0f9bcffa319109\"},\"headline\":\"Alterjourn\u00e9e du 13 ao\u00fbt 2015\",\"datePublished\":\"2015-08-13T18:51:27+00:00\",\"dateModified\":\"2019-09-16T07:25:27+00:00\",\"mainEntityOfPage\":{\"@id\":\"https:\\\/\\\/www.altercampagne.net\\\/?p=1842\"},\"wordCount\":286,\"image\":{\"@id\":\"https:\\\/\\\/www.altercampagne.net\\\/?p=1842#primaryimage\"},\"thumbnailUrl\":\"https:\\\/\\\/www.altercampagne.net\\\/wp-content\\\/uploads\\\/2015\\\/08\\\/2015-08-13_13.45.jpg\",\"keywords\":[\"bruxelles\",\"Zad du Keelbeek\",\"AlterTour 2015\",\"haren\",\"humanaterre\",\"zad\",\"Brussel\",\"R\u00e9gion de Bruxelles-Capitale\",\"2015\",\"keelbeek\",\"alterjournaliste\"],\"articleSection\":[\"Agriculture\",\"Belgique\",\"\u00c9dition 2015\"],\"inLanguage\":\"fr-FR\"},{\"@type\":\"WebPage\",\"@id\":\"https:\\\/\\\/www.altercampagne.net\\\/?p=1842\",\"url\":\"https:\\\/\\\/www.altercampagne.net\\\/?p=1842\",\"name\":\"Alterjourn\u00e9e du 13 ao\u00fbt 2015 - AlterTour\",\"isPartOf\":{\"@id\":\"https:\\\/\\\/www.altercampagne.net\\\/#website\"},\"primaryImageOfPage\":{\"@id\":\"https:\\\/\\\/www.altercampagne.net\\\/?p=1842#primaryimage\"},\"image\":{\"@id\":\"https:\\\/\\\/www.altercampagne.net\\\/?p=1842#primaryimage\"},\"thumbnailUrl\":\"https:\\\/\\\/www.altercampagne.net\\\/wp-content\\\/uploads\\\/2015\\\/08\\\/2015-08-13_13.45.jpg\",\"datePublished\":\"2015-08-13T18:51:27+00:00\",\"dateModified\":\"2019-09-16T07:25:27+00:00\",\"author\":{\"@id\":\"https:\\\/\\\/www.altercampagne.net\\\/#\\\/schema\\\/person\\\/0f261460c09e430caa0f9bcffa319109\"},\"breadcrumb\":{\"@id\":\"https:\\\/\\\/www.altercampagne.net\\\/?p=1842#breadcrumb\"},\"inLanguage\":\"fr-FR\",\"potentialAction\":[{\"@type\":\"ReadAction\",\"target\":[\"https:\\\/\\\/www.altercampagne.net\\\/?p=1842\"]}]},{\"@type\":\"ImageObject\",\"inLanguage\":\"fr-FR\",\"@id\":\"https:\\\/\\\/www.altercampagne.net\\\/?p=1842#primaryimage\",\"url\":\"https:\\\/\\\/www.altercampagne.net\\\/wp-content\\\/uploads\\\/2015\\\/08\\\/2015-08-13_13.45.jpg\",\"contentUrl\":\"https:\\\/\\\/www.altercampagne.net\\\/wp-content\\\/uploads\\\/2015\\\/08\\\/2015-08-13_13.45.jpg\",\"width\":902,\"height\":472},{\"@type\":\"BreadcrumbList\",\"@id\":\"https:\\\/\\\/www.altercampagne.net\\\/?p=1842#breadcrumb\",\"itemListElement\":[{\"@type\":\"ListItem\",\"position\":1,\"name\":\"Accueil\",\"item\":\"https:\\\/\\\/www.altercampagne.net\\\/\"},{\"@type\":\"ListItem\",\"position\":2,\"name\":\"Alterjourn\u00e9e du 13 ao\u00fbt 2015\"}]},{\"@type\":\"WebSite\",\"@id\":\"https:\\\/\\\/www.altercampagne.net\\\/#website\",\"url\":\"https:\\\/\\\/www.altercampagne.net\\\/\",\"name\":\"AlterTour\",\"description\":\"Reliez les Alternatives \u00e0 v\u00e9lo\",\"potentialAction\":[{\"@type\":\"SearchAction\",\"target\":{\"@type\":\"EntryPoint\",\"urlTemplate\":\"https:\\\/\\\/www.altercampagne.net\\\/?s={search_term_string}\"},\"query-input\":{\"@type\":\"PropertyValueSpecification\",\"valueRequired\":true,\"valueName\":\"search_term_string\"}}],\"inLanguage\":\"fr-FR\"},{\"@type\":\"Person\",\"@id\":\"https:\\\/\\\/www.altercampagne.net\\\/#\\\/schema\\\/person\\\/0f261460c09e430caa0f9bcffa319109\",\"name\":\"Mathieu\",\"image\":{\"@type\":\"ImageObject\",\"inLanguage\":\"fr-FR\",\"@id\":\"https:\\\/\\\/secure.gravatar.com\\\/avatar\\\/aa9d3d24c83f2141e5e2709d0f63d09a99f6be6bb7a50abc4915838d9f54501a?s=96&d=mm&r=g\",\"url\":\"https:\\\/\\\/secure.gravatar.com\\\/avatar\\\/aa9d3d24c83f2141e5e2709d0f63d09a99f6be6bb7a50abc4915838d9f54501a?s=96&d=mm&r=g\",\"contentUrl\":\"https:\\\/\\\/secure.gravatar.com\\\/avatar\\\/aa9d3d24c83f2141e5e2709d0f63d09a99f6be6bb7a50abc4915838d9f54501a?s=96&d=mm&r=g\",\"caption\":\"Mathieu\"},\"url\":\"https:\\\/\\\/www.altercampagne.net\\\/?author=214\"}]}<\/script>\n<!-- \/ Yoast SEO plugin. -->","yoast_head_json":{"title":"Alterjourn\u00e9e du 13 ao\u00fbt 2015 - AlterTour","robots":{"index":"index","follow":"follow","max-snippet":"max-snippet:-1","max-image-preview":"max-image-preview:large","max-video-preview":"max-video-preview:-1"},"canonical":"https:\/\/www.altercampagne.net\/?p=1842","og_locale":"fr_FR","og_type":"article","og_title":"Alterjourn\u00e9e du 13 ao\u00fbt 2015 - AlterTour","og_description":"Alterjournalistes, pour le plaisir de vos mollets, un cadavre exquis assembl\u00e9 par Violaine et H\u00e9l\u00e8ne 5h52\u00a0: Le ciel s\u2019\u00e9veille, les avions s\u2019envolent\u00a0: retour bruital \u00e0 l\u2019ambiance de la ZAD. 7h45\u00a0: Entre bruits d\u2019avions et passage de trains, la m\u00e9lodie chant\u00e9e par Marine nous r\u00e9veille en douceur. 8h38\u00a0: Pendant la nuit, ... Read More","og_url":"https:\/\/www.altercampagne.net\/?p=1842","og_site_name":"AlterTour","article_published_time":"2015-08-13T18:51:27+00:00","article_modified_time":"2019-09-16T07:25:27+00:00","og_image":[{"width":902,"height":472,"url":"https:\/\/www.altercampagne.net\/wp-content\/uploads\/2015\/08\/2015-08-13_13.45.jpg","type":"image\/jpeg"}],"author":"Mathieu","twitter_card":"summary_large_image","twitter_misc":{"\u00c9crit par":"Mathieu","Dur\u00e9e de lecture estim\u00e9e":"1 minute"},"schema":{"@context":"https:\/\/schema.org","@graph":[{"@type":"Article","@id":"https:\/\/www.altercampagne.net\/?p=1842#article","isPartOf":{"@id":"https:\/\/www.altercampagne.net\/?p=1842"},"author":{"name":"Mathieu","@id":"https:\/\/www.altercampagne.net\/#\/schema\/person\/0f261460c09e430caa0f9bcffa319109"},"headline":"Alterjourn\u00e9e du 13 ao\u00fbt 2015","datePublished":"2015-08-13T18:51:27+00:00","dateModified":"2019-09-16T07:25:27+00:00","mainEntityOfPage":{"@id":"https:\/\/www.altercampagne.net\/?p=1842"},"wordCount":286,"image":{"@id":"https:\/\/www.altercampagne.net\/?p=1842#primaryimage"},"thumbnailUrl":"https:\/\/www.altercampagne.net\/wp-content\/uploads\/2015\/08\/2015-08-13_13.45.jpg","keywords":["bruxelles","Zad du Keelbeek","AlterTour 2015","haren","humanaterre","zad","Brussel","R\u00e9gion de Bruxelles-Capitale","2015","keelbeek","alterjournaliste"],"articleSection":["Agriculture","Belgique","\u00c9dition 2015"],"inLanguage":"fr-FR"},{"@type":"WebPage","@id":"https:\/\/www.altercampagne.net\/?p=1842","url":"https:\/\/www.altercampagne.net\/?p=1842","name":"Alterjourn\u00e9e du 13 ao\u00fbt 2015 - AlterTour","isPartOf":{"@id":"https:\/\/www.altercampagne.net\/#website"},"primaryImageOfPage":{"@id":"https:\/\/www.altercampagne.net\/?p=1842#primaryimage"},"image":{"@id":"https:\/\/www.altercampagne.net\/?p=1842#primaryimage"},"thumbnailUrl":"https:\/\/www.altercampagne.net\/wp-content\/uploads\/2015\/08\/2015-08-13_13.45.jpg","datePublished":"2015-08-13T18:51:27+00:00","dateModified":"2019-09-16T07:25:27+00:00","author":{"@id":"https:\/\/www.altercampagne.net\/#\/schema\/person\/0f261460c09e430caa0f9bcffa319109"},"breadcrumb":{"@id":"https:\/\/www.altercampagne.net\/?p=1842#breadcrumb"},"inLanguage":"fr-FR","potentialAction":[{"@type":"ReadAction","target":["https:\/\/www.altercampagne.net\/?p=1842"]}]},{"@type":"ImageObject","inLanguage":"fr-FR","@id":"https:\/\/www.altercampagne.net\/?p=1842#primaryimage","url":"https:\/\/www.altercampagne.net\/wp-content\/uploads\/2015\/08\/2015-08-13_13.45.jpg","contentUrl":"https:\/\/www.altercampagne.net\/wp-content\/uploads\/2015\/08\/2015-08-13_13.45.jpg","width":902,"height":472},{"@type":"BreadcrumbList","@id":"https:\/\/www.altercampagne.net\/?p=1842#breadcrumb","itemListElement":[{"@type":"ListItem","position":1,"name":"Accueil","item":"https:\/\/www.altercampagne.net\/"},{"@type":"ListItem","position":2,"name":"Alterjourn\u00e9e du 13 ao\u00fbt 2015"}]},{"@type":"WebSite","@id":"https:\/\/www.altercampagne.net\/#website","url":"https:\/\/www.altercampagne.net\/","name":"AlterTour","description":"Reliez les Alternatives \u00e0 v\u00e9lo","potentialAction":[{"@type":"SearchAction","target":{"@type":"EntryPoint","urlTemplate":"https:\/\/www.altercampagne.net\/?s={search_term_string}"},"query-input":{"@type":"PropertyValueSpecification","valueRequired":true,"valueName":"search_term_string"}}],"inLanguage":"fr-FR"},{"@type":"Person","@id":"https:\/\/www.altercampagne.net\/#\/schema\/person\/0f261460c09e430caa0f9bcffa319109","name":"Mathieu","image":{"@type":"ImageObject","inLanguage":"fr-FR","@id":"https:\/\/secure.gravatar.com\/avatar\/aa9d3d24c83f2141e5e2709d0f63d09a99f6be6bb7a50abc4915838d9f54501a?s=96&d=mm&r=g","url":"https:\/\/secure.gravatar.com\/avatar\/aa9d3d24c83f2141e5e2709d0f63d09a99f6be6bb7a50abc4915838d9f54501a?s=96&d=mm&r=g","contentUrl":"https:\/\/secure.gravatar.com\/avatar\/aa9d3d24c83f2141e5e2709d0f63d09a99f6be6bb7a50abc4915838d9f54501a?s=96&d=mm&r=g","caption":"Mathieu"},"url":"https:\/\/www.altercampagne.net\/?author=214"}]}},"_links":{"self":[{"href":"https:\/\/www.altercampagne.net\/index.php?rest_route=\/wp\/v2\/posts\/1842","targetHints":{"allow":["GET"]}}],"collection":[{"href":"https:\/\/www.altercampagne.net\/index.php?rest_route=\/wp\/v2\/posts"}],"about":[{"href":"https:\/\/www.altercampagne.net\/index.php?rest_route=\/wp\/v2\/types\/post"}],"author":[{"embeddable":true,"href":"https:\/\/www.altercampagne.net\/index.php?rest_route=\/wp\/v2\/users\/214"}],"replies":[{"embeddable":true,"href":"https:\/\/www.altercampagne.net\/index.php?rest_route=%2Fwp%2Fv2%2Fcomments&post=1842"}],"version-history":[{"count":0,"href":"https:\/\/www.altercampagne.net\/index.php?rest_route=\/wp\/v2\/posts\/1842\/revisions"}],"wp:featuredmedia":[{"embeddable":true,"href":"https:\/\/www.altercampagne.net\/index.php?rest_route=\/wp\/v2\/media\/15612"}],"wp:attachment":[{"href":"https:\/\/www.altercampagne.net\/index.php?rest_route=%2Fwp%2Fv2%2Fmedia&parent=1842"}],"wp:term":[{"taxonomy":"category","embeddable":true,"href":"https:\/\/www.altercampagne.net\/index.php?rest_route=%2Fwp%2Fv2%2Fcategories&post=1842"},{"taxonomy":"post_tag","embeddable":true,"href":"https:\/\/www.altercampagne.net\/index.php?rest_route=%2Fwp%2Fv2%2Ftags&post=1842"}],"curies":[{"name":"wp","href":"https:\/\/api.w.org\/{rel}","templated":true}]}}