{"id":18483,"date":"2020-06-03T21:15:00","date_gmt":"2020-06-03T19:15:00","guid":{"rendered":"http:\/\/www.altercampagne.net\/?p=18483"},"modified":"2021-05-06T10:41:12","modified_gmt":"2021-05-06T08:41:12","slug":"jeune-communaute-dynamique-partagerait-chateau-du-18eme-siecle","status":"publish","type":"post","link":"https:\/\/www.altercampagne.net\/?p=18483","title":{"rendered":"Jeune communaut\u00e9 dynamique partagerait ch\u00e2teau du 18\u00e8me si\u00e8cle&#8230;"},"content":{"rendered":"\n<p>Par C\u00e9dric Codet<\/p>\n\n\n\n<p>Prenez  une maison de ma\u00eetre du XVIII si\u00e8cle dans un cadre verdoyant \u00e0 Dullin  (Savoie) ; R\u00e9am\u00e9nagez-la pour cr\u00e9er des appartements individuels et des  lieux de vie collectifs ; Mettez-y des familles dont les membres  exercent des m\u00e9tiers tr\u00e8s vari\u00e9s : un boulanger, un mara\u00eecher, un  tourneur sur bois, une th\u00e9rapeute et un consultant en management.  Ajoutez un g\u00eete et vous voil\u00e0 avec non pas un tiers lieu mais<strong> trois  lieux en un<\/strong> ! <\/p>\n\n\n\n<h4 class=\"wp-block-heading\">Un laboratoire du vivre ensemble<\/h4>\n\n\n\n<p>Le <a href=\"http:\/\/www.lechateaupartage.fr\/\" target=\"_blank\" rel=\"noreferrer noopener\" aria-label=\"Ch\u00e2teau partag\u00e9 (s\u2019ouvre dans un nouvel onglet)\">C<\/a><strong><a href=\"http:\/\/www.lechateaupartage.fr\/\" target=\"_blank\" rel=\"noreferrer noopener\" aria-label=\"Ch\u00e2teau partag\u00e9 (s\u2019ouvre dans un nouvel onglet)\">h\u00e2teau partag\u00e9<\/a> <\/strong>c\u2019est 17 habitants qui y vivent, y  travaillent et s\u2019ouvrent sur le monde par l\u2019<strong>activit\u00e9 d\u2019accueil paysan,  les chantiers participatifs et la programmation culturelle.<\/strong> <\/p>\n\n\n\n<p>Cr\u00e9\u00e9 en  2009, c\u2019est un laboratoire du vivre ensemble o\u00f9 chaque foyer apporte ses  id\u00e9aux. Et puisque \u00ab <em>Le collectif a une volont\u00e9 propre qui ne  correspond pas \u00e0 volont\u00e9 de chacun \u00bb<\/em> la sociocratie, l\u2019\u00e9coute et la  d\u00e9cision par consentement sont au c\u0153ur de son fonctionnement ; Ceci afin  que chacun se sente inclus dans le projet aussi bien dans ses  d\u00e9ceptions que dans ses joies !<strong>&nbsp;<\/strong><\/p>\n\n\n\n<p><strong>\u00ab\u00a0Apprendre \u00e0 partager son temps<\/strong>\u00ab\u00a0<\/p>\n\n\n\n<p><em>La maxime \u00ab Seul on va  plus vite, ensemble on va plus loin \u00bb est inscrite dans notre charte.  Dans ce sens, les moments d\u00e9di\u00e9s au groupe, comme les t\u00e2ches m\u00e9nag\u00e8res  ou le point hebdomadaire, sont \u00ab institutionnalis\u00e9s \u00bb et aident \u00e0  s\u2019accorder des pauses. <\/em><\/p>\n\n\n\n<p> <em>On  commence chaque r\u00e9union par un \u00ab tour m\u00e9t\u00e9o \u00bb pour \u00e9couter ce que  chacun am\u00e8ne en \u00e9motions, o\u00f9 il en est dans sa vie. Ce n\u2019est pas un  exercice productif en soi, mais essentiel pour la vie en commun car nous  sommes assez ind\u00e9pendants au quotidien. D\u2019ailleurs n\u2019est-ce pas pour  les moments improductifs qu\u2019on vit ? <\/em> <\/p>\n\n\n\n<p class=\"has-text-align-right\"> Baptou, tourneur sur bois et habitant <\/p>\n\n\n\n<p>L<strong>&lsquo;<\/strong>AlterTour rencontrera Le ch\u00e2teau partag\u00e9 \u00e0 Dullin (73) <strong>le 10 juillet. <\/strong>Retrouvez toutes les informations sur le <a href=\"http:\/\/www.altercampagne.net\/?page_id=17732\" target=\"_blank\" rel=\"noreferrer noopener\" aria-label=\"programme de l'AlterTour.&nbsp;  (s\u2019ouvre dans un nouvel onglet)\"><strong>programme de l&rsquo;AlterTour<\/strong>.&nbsp; <\/a><\/p>\n","protected":false},"excerpt":{"rendered":"<p>Le Ch\u00e2teau partag\u00e9 c\u2019est 17 habitants qui y vivent, y  travaillent et s\u2019ouvrent sur le monde par l\u2019activit\u00e9 d\u2019accueil paysan,  les chantiers participatifs et la programmation culturelle. <\/p>\n","protected":false},"author":215,"featured_media":18484,"comment_status":"closed","ping_status":"closed","sticky":false,"template":"","format":"standard","meta":{"footnotes":""},"categories":[3471,4313,3484,3967,3485,3540],"tags":[818,1074,1650,4028,4176],"class_list":["post-18483","post","type-post","status-publish","format-standard","has-post-thumbnail","hentry","category-auvergne-rhone-alpes","category-altertour","category-economie","category-edition-2020","category-habitat","category-transverse","tag-savoie","tag-habitat-partage","tag-rhone-alpes","tag-tiers-lieu","tag-dullin"],"yoast_head":"<!-- This site is optimized with the Yoast SEO plugin v27.3 - https:\/\/yoast.com\/product\/yoast-seo-wordpress\/ -->\n<title>Jeune communaut\u00e9 dynamique partagerait ch\u00e2teau du 18\u00e8me si\u00e8cle... - AlterTour<\/title>\n<meta name=\"robots\" content=\"index, follow, max-snippet:-1, max-image-preview:large, max-video-preview:-1\" \/>\n<link rel=\"canonical\" href=\"https:\/\/www.altercampagne.net\/?p=18483\" \/>\n<meta property=\"og:locale\" content=\"fr_FR\" \/>\n<meta property=\"og:type\" content=\"article\" \/>\n<meta property=\"og:title\" content=\"Jeune communaut\u00e9 dynamique partagerait ch\u00e2teau du 18\u00e8me si\u00e8cle... - AlterTour\" \/>\n<meta property=\"og:description\" content=\"Le Ch\u00e2teau partag\u00e9 c\u2019est 17 habitants qui y vivent, y travaillent et s\u2019ouvrent sur le monde par l\u2019activit\u00e9 d\u2019accueil paysan, les chantiers participatifs et la programmation culturelle.\" \/>\n<meta property=\"og:url\" content=\"https:\/\/www.altercampagne.net\/?p=18483\" \/>\n<meta property=\"og:site_name\" content=\"AlterTour\" \/>\n<meta property=\"article:published_time\" content=\"2020-06-03T19:15:00+00:00\" \/>\n<meta property=\"article:modified_time\" content=\"2021-05-06T08:41:12+00:00\" \/>\n<meta property=\"og:image\" content=\"https:\/\/www.altercampagne.net\/wp-content\/uploads\/2020\/05\/Ch\u00e2teau-partag\u00e9-2019_1.jpg\" \/>\n\t<meta property=\"og:image:width\" content=\"900\" \/>\n\t<meta property=\"og:image:height\" content=\"470\" \/>\n\t<meta property=\"og:image:type\" content=\"image\/jpeg\" \/>\n<meta name=\"author\" content=\"AlterTour\" \/>\n<meta name=\"twitter:card\" content=\"summary_large_image\" \/>\n<meta name=\"twitter:label1\" content=\"\u00c9crit par\" \/>\n\t<meta name=\"twitter:data1\" content=\"AlterTour\" \/>\n\t<meta name=\"twitter:label2\" content=\"Dur\u00e9e de lecture estim\u00e9e\" \/>\n\t<meta name=\"twitter:data2\" content=\"2 minutes\" \/>\n<script type=\"application\/ld+json\" class=\"yoast-schema-graph\">{\"@context\":\"https:\\\/\\\/schema.org\",\"@graph\":[{\"@type\":\"Article\",\"@id\":\"https:\\\/\\\/www.altercampagne.net\\\/?p=18483#article\",\"isPartOf\":{\"@id\":\"https:\\\/\\\/www.altercampagne.net\\\/?p=18483\"},\"author\":{\"name\":\"AlterTour\",\"@id\":\"https:\\\/\\\/www.altercampagne.net\\\/#\\\/schema\\\/person\\\/e5b68c803196f649c2152249d262d94a\"},\"headline\":\"Jeune communaut\u00e9 dynamique partagerait ch\u00e2teau du 18\u00e8me si\u00e8cle&#8230;\",\"datePublished\":\"2020-06-03T19:15:00+00:00\",\"dateModified\":\"2021-05-06T08:41:12+00:00\",\"mainEntityOfPage\":{\"@id\":\"https:\\\/\\\/www.altercampagne.net\\\/?p=18483\"},\"wordCount\":341,\"image\":{\"@id\":\"https:\\\/\\\/www.altercampagne.net\\\/?p=18483#primaryimage\"},\"thumbnailUrl\":\"https:\\\/\\\/www.altercampagne.net\\\/wp-content\\\/uploads\\\/2020\\\/05\\\/Ch\u00e2teau-partag\u00e9-2019_1.jpg\",\"keywords\":[\"Savoie\",\"habitat partag\u00e9\",\"Rhone-Alpes\",\"tiers-lieu\",\"Dullin\"],\"articleSection\":[\"Auvergne-Rh\u00f4ne-Alpes\",\"AlterTour\",\"\u00c9conomie\",\"Edition 2020\",\"Habitat\",\"Transverse\"],\"inLanguage\":\"fr-FR\"},{\"@type\":\"WebPage\",\"@id\":\"https:\\\/\\\/www.altercampagne.net\\\/?p=18483\",\"url\":\"https:\\\/\\\/www.altercampagne.net\\\/?p=18483\",\"name\":\"Jeune communaut\u00e9 dynamique partagerait ch\u00e2teau du 18\u00e8me si\u00e8cle... - AlterTour\",\"isPartOf\":{\"@id\":\"https:\\\/\\\/www.altercampagne.net\\\/#website\"},\"primaryImageOfPage\":{\"@id\":\"https:\\\/\\\/www.altercampagne.net\\\/?p=18483#primaryimage\"},\"image\":{\"@id\":\"https:\\\/\\\/www.altercampagne.net\\\/?p=18483#primaryimage\"},\"thumbnailUrl\":\"https:\\\/\\\/www.altercampagne.net\\\/wp-content\\\/uploads\\\/2020\\\/05\\\/Ch\u00e2teau-partag\u00e9-2019_1.jpg\",\"datePublished\":\"2020-06-03T19:15:00+00:00\",\"dateModified\":\"2021-05-06T08:41:12+00:00\",\"author\":{\"@id\":\"https:\\\/\\\/www.altercampagne.net\\\/#\\\/schema\\\/person\\\/e5b68c803196f649c2152249d262d94a\"},\"breadcrumb\":{\"@id\":\"https:\\\/\\\/www.altercampagne.net\\\/?p=18483#breadcrumb\"},\"inLanguage\":\"fr-FR\",\"potentialAction\":[{\"@type\":\"ReadAction\",\"target\":[\"https:\\\/\\\/www.altercampagne.net\\\/?p=18483\"]}]},{\"@type\":\"ImageObject\",\"inLanguage\":\"fr-FR\",\"@id\":\"https:\\\/\\\/www.altercampagne.net\\\/?p=18483#primaryimage\",\"url\":\"https:\\\/\\\/www.altercampagne.net\\\/wp-content\\\/uploads\\\/2020\\\/05\\\/Ch\u00e2teau-partag\u00e9-2019_1.jpg\",\"contentUrl\":\"https:\\\/\\\/www.altercampagne.net\\\/wp-content\\\/uploads\\\/2020\\\/05\\\/Ch\u00e2teau-partag\u00e9-2019_1.jpg\",\"width\":900,\"height\":470},{\"@type\":\"BreadcrumbList\",\"@id\":\"https:\\\/\\\/www.altercampagne.net\\\/?p=18483#breadcrumb\",\"itemListElement\":[{\"@type\":\"ListItem\",\"position\":1,\"name\":\"Accueil\",\"item\":\"https:\\\/\\\/www.altercampagne.net\\\/\"},{\"@type\":\"ListItem\",\"position\":2,\"name\":\"Jeune communaut\u00e9 dynamique partagerait ch\u00e2teau du 18\u00e8me si\u00e8cle&#8230;\"}]},{\"@type\":\"WebSite\",\"@id\":\"https:\\\/\\\/www.altercampagne.net\\\/#website\",\"url\":\"https:\\\/\\\/www.altercampagne.net\\\/\",\"name\":\"AlterTour\",\"description\":\"Reliez les Alternatives \u00e0 v\u00e9lo\",\"potentialAction\":[{\"@type\":\"SearchAction\",\"target\":{\"@type\":\"EntryPoint\",\"urlTemplate\":\"https:\\\/\\\/www.altercampagne.net\\\/?s={search_term_string}\"},\"query-input\":{\"@type\":\"PropertyValueSpecification\",\"valueRequired\":true,\"valueName\":\"search_term_string\"}}],\"inLanguage\":\"fr-FR\"},{\"@type\":\"Person\",\"@id\":\"https:\\\/\\\/www.altercampagne.net\\\/#\\\/schema\\\/person\\\/e5b68c803196f649c2152249d262d94a\",\"name\":\"AlterTour\",\"image\":{\"@type\":\"ImageObject\",\"inLanguage\":\"fr-FR\",\"@id\":\"https:\\\/\\\/secure.gravatar.com\\\/avatar\\\/3f2ed77f8506b8ea264ad5938bb0114bfa10f35b64086a66dfbb6e9f58ad9693?s=96&d=mm&r=g\",\"url\":\"https:\\\/\\\/secure.gravatar.com\\\/avatar\\\/3f2ed77f8506b8ea264ad5938bb0114bfa10f35b64086a66dfbb6e9f58ad9693?s=96&d=mm&r=g\",\"contentUrl\":\"https:\\\/\\\/secure.gravatar.com\\\/avatar\\\/3f2ed77f8506b8ea264ad5938bb0114bfa10f35b64086a66dfbb6e9f58ad9693?s=96&d=mm&r=g\",\"caption\":\"AlterTour\"},\"url\":\"https:\\\/\\\/www.altercampagne.net\\\/?author=215\"}]}<\/script>\n<!-- \/ Yoast SEO plugin. -->","yoast_head_json":{"title":"Jeune communaut\u00e9 dynamique partagerait ch\u00e2teau du 18\u00e8me si\u00e8cle... - AlterTour","robots":{"index":"index","follow":"follow","max-snippet":"max-snippet:-1","max-image-preview":"max-image-preview:large","max-video-preview":"max-video-preview:-1"},"canonical":"https:\/\/www.altercampagne.net\/?p=18483","og_locale":"fr_FR","og_type":"article","og_title":"Jeune communaut\u00e9 dynamique partagerait ch\u00e2teau du 18\u00e8me si\u00e8cle... - AlterTour","og_description":"Le Ch\u00e2teau partag\u00e9 c\u2019est 17 habitants qui y vivent, y travaillent et s\u2019ouvrent sur le monde par l\u2019activit\u00e9 d\u2019accueil paysan, les chantiers participatifs et la programmation culturelle.","og_url":"https:\/\/www.altercampagne.net\/?p=18483","og_site_name":"AlterTour","article_published_time":"2020-06-03T19:15:00+00:00","article_modified_time":"2021-05-06T08:41:12+00:00","og_image":[{"width":900,"height":470,"url":"https:\/\/www.altercampagne.net\/wp-content\/uploads\/2020\/05\/Ch\u00e2teau-partag\u00e9-2019_1.jpg","type":"image\/jpeg"}],"author":"AlterTour","twitter_card":"summary_large_image","twitter_misc":{"\u00c9crit par":"AlterTour","Dur\u00e9e de lecture estim\u00e9e":"2 minutes"},"schema":{"@context":"https:\/\/schema.org","@graph":[{"@type":"Article","@id":"https:\/\/www.altercampagne.net\/?p=18483#article","isPartOf":{"@id":"https:\/\/www.altercampagne.net\/?p=18483"},"author":{"name":"AlterTour","@id":"https:\/\/www.altercampagne.net\/#\/schema\/person\/e5b68c803196f649c2152249d262d94a"},"headline":"Jeune communaut\u00e9 dynamique partagerait ch\u00e2teau du 18\u00e8me si\u00e8cle&#8230;","datePublished":"2020-06-03T19:15:00+00:00","dateModified":"2021-05-06T08:41:12+00:00","mainEntityOfPage":{"@id":"https:\/\/www.altercampagne.net\/?p=18483"},"wordCount":341,"image":{"@id":"https:\/\/www.altercampagne.net\/?p=18483#primaryimage"},"thumbnailUrl":"https:\/\/www.altercampagne.net\/wp-content\/uploads\/2020\/05\/Ch\u00e2teau-partag\u00e9-2019_1.jpg","keywords":["Savoie","habitat partag\u00e9","Rhone-Alpes","tiers-lieu","Dullin"],"articleSection":["Auvergne-Rh\u00f4ne-Alpes","AlterTour","\u00c9conomie","Edition 2020","Habitat","Transverse"],"inLanguage":"fr-FR"},{"@type":"WebPage","@id":"https:\/\/www.altercampagne.net\/?p=18483","url":"https:\/\/www.altercampagne.net\/?p=18483","name":"Jeune communaut\u00e9 dynamique partagerait ch\u00e2teau du 18\u00e8me si\u00e8cle... - AlterTour","isPartOf":{"@id":"https:\/\/www.altercampagne.net\/#website"},"primaryImageOfPage":{"@id":"https:\/\/www.altercampagne.net\/?p=18483#primaryimage"},"image":{"@id":"https:\/\/www.altercampagne.net\/?p=18483#primaryimage"},"thumbnailUrl":"https:\/\/www.altercampagne.net\/wp-content\/uploads\/2020\/05\/Ch\u00e2teau-partag\u00e9-2019_1.jpg","datePublished":"2020-06-03T19:15:00+00:00","dateModified":"2021-05-06T08:41:12+00:00","author":{"@id":"https:\/\/www.altercampagne.net\/#\/schema\/person\/e5b68c803196f649c2152249d262d94a"},"breadcrumb":{"@id":"https:\/\/www.altercampagne.net\/?p=18483#breadcrumb"},"inLanguage":"fr-FR","potentialAction":[{"@type":"ReadAction","target":["https:\/\/www.altercampagne.net\/?p=18483"]}]},{"@type":"ImageObject","inLanguage":"fr-FR","@id":"https:\/\/www.altercampagne.net\/?p=18483#primaryimage","url":"https:\/\/www.altercampagne.net\/wp-content\/uploads\/2020\/05\/Ch\u00e2teau-partag\u00e9-2019_1.jpg","contentUrl":"https:\/\/www.altercampagne.net\/wp-content\/uploads\/2020\/05\/Ch\u00e2teau-partag\u00e9-2019_1.jpg","width":900,"height":470},{"@type":"BreadcrumbList","@id":"https:\/\/www.altercampagne.net\/?p=18483#breadcrumb","itemListElement":[{"@type":"ListItem","position":1,"name":"Accueil","item":"https:\/\/www.altercampagne.net\/"},{"@type":"ListItem","position":2,"name":"Jeune communaut\u00e9 dynamique partagerait ch\u00e2teau du 18\u00e8me si\u00e8cle&#8230;"}]},{"@type":"WebSite","@id":"https:\/\/www.altercampagne.net\/#website","url":"https:\/\/www.altercampagne.net\/","name":"AlterTour","description":"Reliez les Alternatives \u00e0 v\u00e9lo","potentialAction":[{"@type":"SearchAction","target":{"@type":"EntryPoint","urlTemplate":"https:\/\/www.altercampagne.net\/?s={search_term_string}"},"query-input":{"@type":"PropertyValueSpecification","valueRequired":true,"valueName":"search_term_string"}}],"inLanguage":"fr-FR"},{"@type":"Person","@id":"https:\/\/www.altercampagne.net\/#\/schema\/person\/e5b68c803196f649c2152249d262d94a","name":"AlterTour","image":{"@type":"ImageObject","inLanguage":"fr-FR","@id":"https:\/\/secure.gravatar.com\/avatar\/3f2ed77f8506b8ea264ad5938bb0114bfa10f35b64086a66dfbb6e9f58ad9693?s=96&d=mm&r=g","url":"https:\/\/secure.gravatar.com\/avatar\/3f2ed77f8506b8ea264ad5938bb0114bfa10f35b64086a66dfbb6e9f58ad9693?s=96&d=mm&r=g","contentUrl":"https:\/\/secure.gravatar.com\/avatar\/3f2ed77f8506b8ea264ad5938bb0114bfa10f35b64086a66dfbb6e9f58ad9693?s=96&d=mm&r=g","caption":"AlterTour"},"url":"https:\/\/www.altercampagne.net\/?author=215"}]}},"_links":{"self":[{"href":"https:\/\/www.altercampagne.net\/index.php?rest_route=\/wp\/v2\/posts\/18483","targetHints":{"allow":["GET"]}}],"collection":[{"href":"https:\/\/www.altercampagne.net\/index.php?rest_route=\/wp\/v2\/posts"}],"about":[{"href":"https:\/\/www.altercampagne.net\/index.php?rest_route=\/wp\/v2\/types\/post"}],"author":[{"embeddable":true,"href":"https:\/\/www.altercampagne.net\/index.php?rest_route=\/wp\/v2\/users\/215"}],"replies":[{"embeddable":true,"href":"https:\/\/www.altercampagne.net\/index.php?rest_route=%2Fwp%2Fv2%2Fcomments&post=18483"}],"version-history":[{"count":4,"href":"https:\/\/www.altercampagne.net\/index.php?rest_route=\/wp\/v2\/posts\/18483\/revisions"}],"predecessor-version":[{"id":18676,"href":"https:\/\/www.altercampagne.net\/index.php?rest_route=\/wp\/v2\/posts\/18483\/revisions\/18676"}],"wp:featuredmedia":[{"embeddable":true,"href":"https:\/\/www.altercampagne.net\/index.php?rest_route=\/wp\/v2\/media\/18484"}],"wp:attachment":[{"href":"https:\/\/www.altercampagne.net\/index.php?rest_route=%2Fwp%2Fv2%2Fmedia&parent=18483"}],"wp:term":[{"taxonomy":"category","embeddable":true,"href":"https:\/\/www.altercampagne.net\/index.php?rest_route=%2Fwp%2Fv2%2Fcategories&post=18483"},{"taxonomy":"post_tag","embeddable":true,"href":"https:\/\/www.altercampagne.net\/index.php?rest_route=%2Fwp%2Fv2%2Ftags&post=18483"}],"curies":[{"name":"wp","href":"https:\/\/api.w.org\/{rel}","templated":true}]}}