{"id":1870,"date":"2015-08-17T22:13:48","date_gmt":"2015-08-17T20:13:48","guid":{"rendered":"http:\/\/www.altercampagne.net\/?p=1870"},"modified":"2024-08-27T16:50:11","modified_gmt":"2024-08-27T14:50:11","slug":"lundi-laltertour-faisait-une-escale-desobeissante-dans-les-rues-de-lille","status":"publish","type":"post","link":"https:\/\/www.altercampagne.net\/?p=1870","title":{"rendered":"Lundi, l\u2019AlterTour faisait une escale d\u00e9sob\u00e9issante dans les rues de Lille"},"content":{"rendered":"<p class=\"chapo\"><strong>Lundi, une cinquantaine d\u2019\u00ab alter-cyclistes \u00bb partis de Mouscron ont pos\u00e9 leur biclou \u00e0 Lille. Au programme, des ateliers, des actions et de la convivialit\u00e9. On les a suivis du bois de Boulogne \u00e0 la grand-place de Lille.<\/strong><\/p>\n<p>L\u2019AlterTour, vous connaissez ? Pour faire bref, on va dire que c\u2019est une boucle cycliste de 1 400 km \u00e0 travers la France, men\u00e9e par 250 personnes en relais, tous \u00e9tant l\u00e0 pour assurer la promotion d\u2019un autre monde. \u00ab <i>Pour une plan\u00e8te non dop\u00e9e<\/i> \u00bb stipule d\u2019ailleurs le slogan de l\u2019\u00e9v\u00e9nement qui sillonne les routes de l\u2019Hexagone depuis huit ans. Et les sujets de contestation de ces \u00ab alter-cyclistes \u00bb sont nombreux : les OGM, les pesticides, le travail, les antennes relais et, cette ann\u00e9e, le climat. \u00ab <i>C\u2019est un sujet f\u00e9d\u00e9rateur<\/i> \u00bb, sourit l\u2019Orl\u00e9anaise Genevi\u00e8ve embringu\u00e9e dans l\u2019AlterTour depuis trois semaines. \u00c0 l\u2019entr\u00e9e du parc des Poussins, tandis que la cinquantaine de membres du peloton \u00ab alter \u00bb d\u00e9bat de d\u00e9sob\u00e9issance civile, la dame tente de convaincre les promeneurs \u00e0 grand renfort de tracts. \u00ab <i>L\u2019accueil est courtois, les gens \u00e9coutent\u2026<\/i> \u00bb<\/p>\n<p>\u00c0 quelques m\u00e8tres de l\u00e0, le groupe \u00ab alter \u00bb \u00e9coute avec attention l\u2019orateur du jour, Alessandro Di Giuseppe, figure embl\u00e9matique des D\u00e9boulonneurs lillois, fer de lance de l\u2019\u00c9glise de la Tr\u00e8s Sainte Consommation. Le militant parle de ses exp\u00e9riences politique et judiciaire. Les questions fusent avant que tous ne se d\u00e9cident \u00e0 enfourcher les v\u00e9los et \u00e0 se diriger vers la grand-place. \u00ab <i>L\u00e0, il y aura plus de monde. On va faire quelques ateliers, distribuer des tracts, confectionner des affiches puis on barbouillera<\/i> \u00bb, propose l\u2019un des participants. \u00ab <i>D\u2019habitude, on fait des conf\u00e9rences, des ateliers, on visite des fermes, des maisons auto-construites\u2026 Aujourd\u2019hui, pour la premi\u00e8re fois, on va faire une action de d\u00e9sob\u00e9issance civile<\/i> \u00bb, sourit Mathieu Fromont, coordinateur de l\u2019AlterTour, dans le peloton depuis le d\u00e9part de Bar-le-Duc le 18 juillet.<\/p>\n<p>Main dans la main, \u00ab alter-cyclistes \u00bb et d\u00e9boulonneurs ont donc pris le chemin de la place Rihour o\u00f9 un premier panneau publicitaire a \u00e9t\u00e9 victime d\u2019enrubannage puis red\u00e9cor\u00e9 des affiches confectionn\u00e9es pour l\u2019occasion. \u00ab <i>Pour votre sant\u00e9, \u00e9vitez la pub<\/i> \u00bb, \u00ab <i>tous les jours je lave mon cerveau avec la pub<\/i> \u00bb\u2026 ont ainsi remplac\u00e9 la campagne d\u2019une grande marque de restauration rapide. La troupe a ensuite continu\u00e9 son travail d\u2019enrubannage dans les rues adjacentes. Sous l\u2019\u0153il amus\u00e9 et curieux des badauds.<\/p>\n<p><b>Mardi, l\u2019AlterTour sera \u00e0 Loos-en-Gohelle : altertour.net<\/b><\/p>\n<p style=\"text-align: right;\"><span class=\"author vcard fn\">FLORENCE PIAZZETA ET PHILIPPE PAUHET<\/span><\/p>\n<p>Source : la voix du Nord : <a href=\"http:\/\/www.lavoixdunord.fr\/region\/lundi-l-alter-tour-faisait-une-escale-desobeissante-ia19b0n2995355\" target=\"_blank\" rel=\"noopener\">http:\/\/www.lavoixdunord.fr\/region\/lundi-l-alter-tour-faisait-une-escale-desobeissante-ia19b0n2995355<\/a><\/p>\n","protected":false},"excerpt":{"rendered":"<p>Lundi, une cinquantaine d\u2019\u00ab alter-cyclistes \u00bb partis de Mouscron ont pos\u00e9 leur biclou \u00e0 Lille. Au programme, des ateliers, des actions et de la convivialit\u00e9. On les a suivis du bois de Boulogne \u00e0 la grand-place de Lille. L\u2019AlterTour, vous connaissez ? Pour faire bref, on va dire que c\u2019est &#8230; <\/p>\n<div><a href=\"https:\/\/www.altercampagne.net\/?p=1870\" class=\"more-link\">Read More<\/a><\/div>\n","protected":false},"author":214,"featured_media":0,"comment_status":"closed","ping_status":"closed","sticky":false,"template":"","format":"standard","meta":{"footnotes":""},"categories":[239],"tags":[343,3302,1673,1672,1599,1503,1502,1501,1497,344,23,342,298,297,233,205,192,44,31],"class_list":["post-1870","post","type-post","status-publish","format-standard","hentry","category-revue-de-presse","tag-eglise-de-la-tres-sainte-consommation","tag-deboulonneurs-de-lille","tag-grand-place","tag-1672","tag-nord-pas-de-calais","tag-mouscron","tag-loos-en-gohelle","tag-nord","tag-nord-pas-de-calais-picardie","tag-stop-pub","tag-belgique","tag-la-voix-du-nord","tag-anti-pub","tag-deboulonneurs","tag-cop21","tag-18-juillet-2015","tag-altertour-2015","tag-climat","tag-lille","no-post-thumbnail"],"yoast_head":"<!-- This site is optimized with the Yoast SEO plugin v27.3 - https:\/\/yoast.com\/product\/yoast-seo-wordpress\/ -->\n<title>Lundi, l\u2019AlterTour faisait une escale d\u00e9sob\u00e9issante dans les rues de Lille - AlterTour<\/title>\n<meta name=\"robots\" content=\"index, follow, max-snippet:-1, max-image-preview:large, max-video-preview:-1\" \/>\n<link rel=\"canonical\" href=\"https:\/\/www.altercampagne.net\/?p=1870\" \/>\n<meta property=\"og:locale\" content=\"fr_FR\" \/>\n<meta property=\"og:type\" content=\"article\" \/>\n<meta property=\"og:title\" content=\"Lundi, l\u2019AlterTour faisait une escale d\u00e9sob\u00e9issante dans les rues de Lille - AlterTour\" \/>\n<meta property=\"og:description\" content=\"Lundi, une cinquantaine d\u2019\u00ab alter-cyclistes \u00bb partis de Mouscron ont pos\u00e9 leur biclou \u00e0 Lille. Au programme, des ateliers, des actions et de la convivialit\u00e9. On les a suivis du bois de Boulogne \u00e0 la grand-place de Lille. L\u2019AlterTour, vous connaissez ? Pour faire bref, on va dire que c\u2019est ... Read More\" \/>\n<meta property=\"og:url\" content=\"https:\/\/www.altercampagne.net\/?p=1870\" \/>\n<meta property=\"og:site_name\" content=\"AlterTour\" \/>\n<meta property=\"article:published_time\" content=\"2015-08-17T20:13:48+00:00\" \/>\n<meta property=\"article:modified_time\" content=\"2024-08-27T14:50:11+00:00\" \/>\n<meta name=\"author\" content=\"Mathieu\" \/>\n<meta name=\"twitter:card\" content=\"summary_large_image\" \/>\n<meta name=\"twitter:label1\" content=\"\u00c9crit par\" \/>\n\t<meta name=\"twitter:data1\" content=\"Mathieu\" \/>\n\t<meta name=\"twitter:label2\" content=\"Dur\u00e9e de lecture estim\u00e9e\" \/>\n\t<meta name=\"twitter:data2\" content=\"3 minutes\" \/>\n<script type=\"application\/ld+json\" class=\"yoast-schema-graph\">{\"@context\":\"https:\\\/\\\/schema.org\",\"@graph\":[{\"@type\":\"Article\",\"@id\":\"https:\\\/\\\/www.altercampagne.net\\\/?p=1870#article\",\"isPartOf\":{\"@id\":\"https:\\\/\\\/www.altercampagne.net\\\/?p=1870\"},\"author\":{\"name\":\"Mathieu\",\"@id\":\"https:\\\/\\\/www.altercampagne.net\\\/#\\\/schema\\\/person\\\/0f261460c09e430caa0f9bcffa319109\"},\"headline\":\"Lundi, l\u2019AlterTour faisait une escale d\u00e9sob\u00e9issante dans les rues de Lille\",\"datePublished\":\"2015-08-17T20:13:48+00:00\",\"dateModified\":\"2024-08-27T14:50:11+00:00\",\"mainEntityOfPage\":{\"@id\":\"https:\\\/\\\/www.altercampagne.net\\\/?p=1870\"},\"wordCount\":455,\"keywords\":[\"\u00c9glise de la Tr\u00e8s Sainte Consommation\",\"D\u00e9boulonneurs de Lille\",\"grand-place\",\"2015\",\"Nord-Pas-de-Calais\",\"Mouscron\",\"Loos-en-Gohelle\",\"Nord\",\"Nord-Pas-de-Calais-Picardie\",\"stop pub\",\"belgique\",\"la Voix du Nord\",\"anti-pub\",\"d\u00e9boulonneurs\",\"cop21\",\"18 juillet 2015\",\"AlterTour 2015\",\"climat\",\"Lille\"],\"articleSection\":[\"Revue de presse\"],\"inLanguage\":\"fr-FR\"},{\"@type\":\"WebPage\",\"@id\":\"https:\\\/\\\/www.altercampagne.net\\\/?p=1870\",\"url\":\"https:\\\/\\\/www.altercampagne.net\\\/?p=1870\",\"name\":\"Lundi, l\u2019AlterTour faisait une escale d\u00e9sob\u00e9issante dans les rues de Lille - AlterTour\",\"isPartOf\":{\"@id\":\"https:\\\/\\\/www.altercampagne.net\\\/#website\"},\"datePublished\":\"2015-08-17T20:13:48+00:00\",\"dateModified\":\"2024-08-27T14:50:11+00:00\",\"author\":{\"@id\":\"https:\\\/\\\/www.altercampagne.net\\\/#\\\/schema\\\/person\\\/0f261460c09e430caa0f9bcffa319109\"},\"breadcrumb\":{\"@id\":\"https:\\\/\\\/www.altercampagne.net\\\/?p=1870#breadcrumb\"},\"inLanguage\":\"fr-FR\",\"potentialAction\":[{\"@type\":\"ReadAction\",\"target\":[\"https:\\\/\\\/www.altercampagne.net\\\/?p=1870\"]}]},{\"@type\":\"BreadcrumbList\",\"@id\":\"https:\\\/\\\/www.altercampagne.net\\\/?p=1870#breadcrumb\",\"itemListElement\":[{\"@type\":\"ListItem\",\"position\":1,\"name\":\"Accueil\",\"item\":\"https:\\\/\\\/www.altercampagne.net\\\/\"},{\"@type\":\"ListItem\",\"position\":2,\"name\":\"Lundi, l\u2019AlterTour faisait une escale d\u00e9sob\u00e9issante dans les rues de Lille\"}]},{\"@type\":\"WebSite\",\"@id\":\"https:\\\/\\\/www.altercampagne.net\\\/#website\",\"url\":\"https:\\\/\\\/www.altercampagne.net\\\/\",\"name\":\"AlterTour\",\"description\":\"Reliez les Alternatives \u00e0 v\u00e9lo\",\"potentialAction\":[{\"@type\":\"SearchAction\",\"target\":{\"@type\":\"EntryPoint\",\"urlTemplate\":\"https:\\\/\\\/www.altercampagne.net\\\/?s={search_term_string}\"},\"query-input\":{\"@type\":\"PropertyValueSpecification\",\"valueRequired\":true,\"valueName\":\"search_term_string\"}}],\"inLanguage\":\"fr-FR\"},{\"@type\":\"Person\",\"@id\":\"https:\\\/\\\/www.altercampagne.net\\\/#\\\/schema\\\/person\\\/0f261460c09e430caa0f9bcffa319109\",\"name\":\"Mathieu\",\"image\":{\"@type\":\"ImageObject\",\"inLanguage\":\"fr-FR\",\"@id\":\"https:\\\/\\\/secure.gravatar.com\\\/avatar\\\/aa9d3d24c83f2141e5e2709d0f63d09a99f6be6bb7a50abc4915838d9f54501a?s=96&d=mm&r=g\",\"url\":\"https:\\\/\\\/secure.gravatar.com\\\/avatar\\\/aa9d3d24c83f2141e5e2709d0f63d09a99f6be6bb7a50abc4915838d9f54501a?s=96&d=mm&r=g\",\"contentUrl\":\"https:\\\/\\\/secure.gravatar.com\\\/avatar\\\/aa9d3d24c83f2141e5e2709d0f63d09a99f6be6bb7a50abc4915838d9f54501a?s=96&d=mm&r=g\",\"caption\":\"Mathieu\"},\"url\":\"https:\\\/\\\/www.altercampagne.net\\\/?author=214\"}]}<\/script>\n<!-- \/ Yoast SEO plugin. -->","yoast_head_json":{"title":"Lundi, l\u2019AlterTour faisait une escale d\u00e9sob\u00e9issante dans les rues de Lille - AlterTour","robots":{"index":"index","follow":"follow","max-snippet":"max-snippet:-1","max-image-preview":"max-image-preview:large","max-video-preview":"max-video-preview:-1"},"canonical":"https:\/\/www.altercampagne.net\/?p=1870","og_locale":"fr_FR","og_type":"article","og_title":"Lundi, l\u2019AlterTour faisait une escale d\u00e9sob\u00e9issante dans les rues de Lille - AlterTour","og_description":"Lundi, une cinquantaine d\u2019\u00ab alter-cyclistes \u00bb partis de Mouscron ont pos\u00e9 leur biclou \u00e0 Lille. Au programme, des ateliers, des actions et de la convivialit\u00e9. On les a suivis du bois de Boulogne \u00e0 la grand-place de Lille. L\u2019AlterTour, vous connaissez ? Pour faire bref, on va dire que c\u2019est ... Read More","og_url":"https:\/\/www.altercampagne.net\/?p=1870","og_site_name":"AlterTour","article_published_time":"2015-08-17T20:13:48+00:00","article_modified_time":"2024-08-27T14:50:11+00:00","author":"Mathieu","twitter_card":"summary_large_image","twitter_misc":{"\u00c9crit par":"Mathieu","Dur\u00e9e de lecture estim\u00e9e":"3 minutes"},"schema":{"@context":"https:\/\/schema.org","@graph":[{"@type":"Article","@id":"https:\/\/www.altercampagne.net\/?p=1870#article","isPartOf":{"@id":"https:\/\/www.altercampagne.net\/?p=1870"},"author":{"name":"Mathieu","@id":"https:\/\/www.altercampagne.net\/#\/schema\/person\/0f261460c09e430caa0f9bcffa319109"},"headline":"Lundi, l\u2019AlterTour faisait une escale d\u00e9sob\u00e9issante dans les rues de Lille","datePublished":"2015-08-17T20:13:48+00:00","dateModified":"2024-08-27T14:50:11+00:00","mainEntityOfPage":{"@id":"https:\/\/www.altercampagne.net\/?p=1870"},"wordCount":455,"keywords":["\u00c9glise de la Tr\u00e8s Sainte Consommation","D\u00e9boulonneurs de Lille","grand-place","2015","Nord-Pas-de-Calais","Mouscron","Loos-en-Gohelle","Nord","Nord-Pas-de-Calais-Picardie","stop pub","belgique","la Voix du Nord","anti-pub","d\u00e9boulonneurs","cop21","18 juillet 2015","AlterTour 2015","climat","Lille"],"articleSection":["Revue de presse"],"inLanguage":"fr-FR"},{"@type":"WebPage","@id":"https:\/\/www.altercampagne.net\/?p=1870","url":"https:\/\/www.altercampagne.net\/?p=1870","name":"Lundi, l\u2019AlterTour faisait une escale d\u00e9sob\u00e9issante dans les rues de Lille - AlterTour","isPartOf":{"@id":"https:\/\/www.altercampagne.net\/#website"},"datePublished":"2015-08-17T20:13:48+00:00","dateModified":"2024-08-27T14:50:11+00:00","author":{"@id":"https:\/\/www.altercampagne.net\/#\/schema\/person\/0f261460c09e430caa0f9bcffa319109"},"breadcrumb":{"@id":"https:\/\/www.altercampagne.net\/?p=1870#breadcrumb"},"inLanguage":"fr-FR","potentialAction":[{"@type":"ReadAction","target":["https:\/\/www.altercampagne.net\/?p=1870"]}]},{"@type":"BreadcrumbList","@id":"https:\/\/www.altercampagne.net\/?p=1870#breadcrumb","itemListElement":[{"@type":"ListItem","position":1,"name":"Accueil","item":"https:\/\/www.altercampagne.net\/"},{"@type":"ListItem","position":2,"name":"Lundi, l\u2019AlterTour faisait une escale d\u00e9sob\u00e9issante dans les rues de Lille"}]},{"@type":"WebSite","@id":"https:\/\/www.altercampagne.net\/#website","url":"https:\/\/www.altercampagne.net\/","name":"AlterTour","description":"Reliez les Alternatives \u00e0 v\u00e9lo","potentialAction":[{"@type":"SearchAction","target":{"@type":"EntryPoint","urlTemplate":"https:\/\/www.altercampagne.net\/?s={search_term_string}"},"query-input":{"@type":"PropertyValueSpecification","valueRequired":true,"valueName":"search_term_string"}}],"inLanguage":"fr-FR"},{"@type":"Person","@id":"https:\/\/www.altercampagne.net\/#\/schema\/person\/0f261460c09e430caa0f9bcffa319109","name":"Mathieu","image":{"@type":"ImageObject","inLanguage":"fr-FR","@id":"https:\/\/secure.gravatar.com\/avatar\/aa9d3d24c83f2141e5e2709d0f63d09a99f6be6bb7a50abc4915838d9f54501a?s=96&d=mm&r=g","url":"https:\/\/secure.gravatar.com\/avatar\/aa9d3d24c83f2141e5e2709d0f63d09a99f6be6bb7a50abc4915838d9f54501a?s=96&d=mm&r=g","contentUrl":"https:\/\/secure.gravatar.com\/avatar\/aa9d3d24c83f2141e5e2709d0f63d09a99f6be6bb7a50abc4915838d9f54501a?s=96&d=mm&r=g","caption":"Mathieu"},"url":"https:\/\/www.altercampagne.net\/?author=214"}]}},"_links":{"self":[{"href":"https:\/\/www.altercampagne.net\/index.php?rest_route=\/wp\/v2\/posts\/1870","targetHints":{"allow":["GET"]}}],"collection":[{"href":"https:\/\/www.altercampagne.net\/index.php?rest_route=\/wp\/v2\/posts"}],"about":[{"href":"https:\/\/www.altercampagne.net\/index.php?rest_route=\/wp\/v2\/types\/post"}],"author":[{"embeddable":true,"href":"https:\/\/www.altercampagne.net\/index.php?rest_route=\/wp\/v2\/users\/214"}],"replies":[{"embeddable":true,"href":"https:\/\/www.altercampagne.net\/index.php?rest_route=%2Fwp%2Fv2%2Fcomments&post=1870"}],"version-history":[{"count":1,"href":"https:\/\/www.altercampagne.net\/index.php?rest_route=\/wp\/v2\/posts\/1870\/revisions"}],"predecessor-version":[{"id":28630,"href":"https:\/\/www.altercampagne.net\/index.php?rest_route=\/wp\/v2\/posts\/1870\/revisions\/28630"}],"wp:attachment":[{"href":"https:\/\/www.altercampagne.net\/index.php?rest_route=%2Fwp%2Fv2%2Fmedia&parent=1870"}],"wp:term":[{"taxonomy":"category","embeddable":true,"href":"https:\/\/www.altercampagne.net\/index.php?rest_route=%2Fwp%2Fv2%2Fcategories&post=1870"},{"taxonomy":"post_tag","embeddable":true,"href":"https:\/\/www.altercampagne.net\/index.php?rest_route=%2Fwp%2Fv2%2Ftags&post=1870"}],"curies":[{"name":"wp","href":"https:\/\/api.w.org\/{rel}","templated":true}]}}