{"id":1885,"date":"2015-07-24T23:55:27","date_gmt":"2015-07-24T21:55:27","guid":{"rendered":"http:\/\/www.altercampagne.net\/?p=1885"},"modified":"2019-09-16T10:11:50","modified_gmt":"2019-09-16T08:11:50","slug":"graine-dorties-ca-pique-ca-demange-ca-reveille","status":"publish","type":"post","link":"https:\/\/www.altercampagne.net\/?p=1885","title":{"rendered":"Graine d&rsquo;Orties, \u00e7a pique, \u00e7a d\u00e9mange, \u00e7a r\u00e9veille !"},"content":{"rendered":"<p><em><a href=\"http:\/\/www.altercampagne.net\/wp-content\/uploads\/2015\/08\/2015-07-24_17.29.32_2928.jpg\"><img loading=\"lazy\" decoding=\"async\" class=\"alignright wp-image-1886 size-medium\" src=\"http:\/\/www.altercampagne.net\/wp-content\/uploads\/2015\/08\/2015-07-24_17.29.32_2928-200x300.jpg\" alt=\"2015-07-24_17.29.32_2928\" width=\"200\" height=\"300\" srcset=\"https:\/\/www.altercampagne.net\/wp-content\/uploads\/2015\/08\/2015-07-24_17.29.32_2928-200x300.jpg 200w, https:\/\/www.altercampagne.net\/wp-content\/uploads\/2015\/08\/2015-07-24_17.29.32_2928.jpg 341w\" sizes=\"auto, (max-width: 200px) 100vw, 200px\" \/><\/a><\/em>Les cloches en bas dans la vall\u00e9e et un carr\u00e9 de lumi\u00e8re me r\u00e9veillent. Cette nuit quelques Altertouristes d\u00e9cadents ont dormi dans les chaleureux gites de SOLEOLE. Mais le militantisme r\u00e9siste, d\u00e8s le r\u00e9veil, d\u00e9bat sur le portable (sondage au petit d\u00e9jeuner sur un \u00e9chantillon repr\u00e9sentatif&nbsp;: 17 portables \u00e9teints, 7 allum\u00e9s, 1 ne sais pas, et 6 sans).<\/p>\n<p>Est-lanc\u00e9 un projet de World Caf\u00e9 sur le portable, 3 d\u00e9bats&nbsp;: l\u2019impact sur l\u2019environnement, sur relation avec les autres, sur soi-m\u00eame.<\/p>\n<p>Journ\u00e9e cool&nbsp;: 2 petite \u00e9tapes s\u00e9par\u00e9es par une halte lac-baignade-volley coop\u00e9ratif (merci \u00e0 Mila de nous avoir pr\u00eat\u00e9 son petit ballon coccinelle) bienvenue dans le cagnard.<\/p>\n<p>\u00c9tape \u00e0 Ancy-sur-Moselle, visite de <a href=\"http:\/\/www.graine-ortie.fr\/\" target=\"_blank\" rel=\"noopener noreferrer\">Graine d\u2019Ortie<\/a> : jardin partag\u00e9, espace nature, p\u00e9dagogie, f\u00eate bio ouverte \u00e0 tous. Pourquoi Orties&nbsp;? Parce-ce que \u00e7a pique, \u00e7a d\u00e9mange, \u00e7a r\u00e9veille&nbsp;! (pourquoi Graines&nbsp;? vous aurez devin\u00e9 que la sensibilisation des enfants y est primordiale \u2013 digression personnelle, foutu soci\u00e9t\u00e9 schizophr\u00e8ne qui sensibilise les enfants \u00e0 l\u2019\u00e9cole sur l\u2019\u00e9cologie et le respect pour les balancer adultes dans ce monde sauvage consommateur\u2026).<\/p>\n<p>Dans le partage du d\u00eener, et la nuit naissante post-orage, un arc-en-ciel d\u2019espoir<em>.<\/em><\/p>\n<p><a href=\"http:\/\/www.altercampagne.net\/wp-content\/uploads\/2015\/08\/2015-07-24_21.26.40_2942.jpg\"><img loading=\"lazy\" decoding=\"async\" class=\"aligncenter size-full wp-image-1887\" src=\"http:\/\/www.altercampagne.net\/wp-content\/uploads\/2015\/08\/2015-07-24_21.26.40_2942.jpg\" alt=\"2015-07-24_21.26.40_2942\" width=\"720\" height=\"480\" srcset=\"https:\/\/www.altercampagne.net\/wp-content\/uploads\/2015\/08\/2015-07-24_21.26.40_2942.jpg 720w, https:\/\/www.altercampagne.net\/wp-content\/uploads\/2015\/08\/2015-07-24_21.26.40_2942-300x200.jpg 300w\" sizes=\"auto, (max-width: 720px) 100vw, 720px\" \/><\/a><\/p>\n","protected":false},"excerpt":{"rendered":"<p>Les cloches en bas dans la vall\u00e9e et un carr\u00e9 de lumi\u00e8re me r\u00e9veillent. Cette nuit quelques Altertouristes d\u00e9cadents ont dormi dans les chaleureux gites de SOLEOLE. Mais le militantisme r\u00e9siste, d\u00e8s le r\u00e9veil, d\u00e9bat sur le portable (sondage au petit d\u00e9jeuner sur un \u00e9chantillon repr\u00e9sentatif&nbsp;: 17 portables \u00e9teints, 7 &#8230; <\/p>\n<div><a href=\"https:\/\/www.altercampagne.net\/?p=1885\" class=\"more-link\">Read More<\/a><\/div>\n","protected":false},"author":214,"featured_media":15642,"comment_status":"closed","ping_status":"closed","sticky":false,"template":"","format":"standard","meta":{"footnotes":""},"categories":[3475,3938,3486,3460],"tags":[44,192,233,245,247,350,1546,1552,1553,1672,2704],"class_list":["post-1885","post","type-post","status-publish","format-standard","has-post-thumbnail","hentry","category-grand-est","category-education","category-environnement","category-edition-2015","tag-climat","tag-altertour-2015","tag-cop21","tag-soleole","tag-lorraine","tag-graine-dorties","tag-moselle","tag-ancy-sur-moselle","tag-graines-dorties","tag-1672","tag-alterjournaliste"],"yoast_head":"<!-- This site is optimized with the Yoast SEO plugin v27.3 - https:\/\/yoast.com\/product\/yoast-seo-wordpress\/ -->\n<title>Graine d&#039;Orties, \u00e7a pique, \u00e7a d\u00e9mange, \u00e7a r\u00e9veille ! - AlterTour<\/title>\n<meta name=\"robots\" content=\"index, follow, max-snippet:-1, max-image-preview:large, max-video-preview:-1\" \/>\n<link rel=\"canonical\" href=\"https:\/\/www.altercampagne.net\/?p=1885\" \/>\n<meta property=\"og:locale\" content=\"fr_FR\" \/>\n<meta property=\"og:type\" content=\"article\" \/>\n<meta property=\"og:title\" content=\"Graine d&#039;Orties, \u00e7a pique, \u00e7a d\u00e9mange, \u00e7a r\u00e9veille ! - AlterTour\" \/>\n<meta property=\"og:description\" content=\"Les cloches en bas dans la vall\u00e9e et un carr\u00e9 de lumi\u00e8re me r\u00e9veillent. Cette nuit quelques Altertouristes d\u00e9cadents ont dormi dans les chaleureux gites de SOLEOLE. Mais le militantisme r\u00e9siste, d\u00e8s le r\u00e9veil, d\u00e9bat sur le portable (sondage au petit d\u00e9jeuner sur un \u00e9chantillon repr\u00e9sentatif&nbsp;: 17 portables \u00e9teints, 7 ... Read More\" \/>\n<meta property=\"og:url\" content=\"https:\/\/www.altercampagne.net\/?p=1885\" \/>\n<meta property=\"og:site_name\" content=\"AlterTour\" \/>\n<meta property=\"article:published_time\" content=\"2015-07-24T21:55:27+00:00\" \/>\n<meta property=\"article:modified_time\" content=\"2019-09-16T08:11:50+00:00\" \/>\n<meta property=\"og:image\" content=\"https:\/\/www.altercampagne.net\/wp-content\/uploads\/2015\/07\/2015-07-24_17.03.jpg\" \/>\n\t<meta property=\"og:image:width\" content=\"902\" \/>\n\t<meta property=\"og:image:height\" content=\"472\" \/>\n\t<meta property=\"og:image:type\" content=\"image\/jpeg\" \/>\n<meta name=\"author\" content=\"Mathieu\" \/>\n<meta name=\"twitter:card\" content=\"summary_large_image\" \/>\n<meta name=\"twitter:label1\" content=\"\u00c9crit par\" \/>\n\t<meta name=\"twitter:data1\" content=\"Mathieu\" \/>\n\t<meta name=\"twitter:label2\" content=\"Dur\u00e9e de lecture estim\u00e9e\" \/>\n\t<meta name=\"twitter:data2\" content=\"1 minute\" \/>\n<script type=\"application\/ld+json\" class=\"yoast-schema-graph\">{\"@context\":\"https:\\\/\\\/schema.org\",\"@graph\":[{\"@type\":\"Article\",\"@id\":\"https:\\\/\\\/www.altercampagne.net\\\/?p=1885#article\",\"isPartOf\":{\"@id\":\"https:\\\/\\\/www.altercampagne.net\\\/?p=1885\"},\"author\":{\"name\":\"Mathieu\",\"@id\":\"https:\\\/\\\/www.altercampagne.net\\\/#\\\/schema\\\/person\\\/0f261460c09e430caa0f9bcffa319109\"},\"headline\":\"Graine d&rsquo;Orties, \u00e7a pique, \u00e7a d\u00e9mange, \u00e7a r\u00e9veille !\",\"datePublished\":\"2015-07-24T21:55:27+00:00\",\"dateModified\":\"2019-09-16T08:11:50+00:00\",\"mainEntityOfPage\":{\"@id\":\"https:\\\/\\\/www.altercampagne.net\\\/?p=1885\"},\"wordCount\":221,\"image\":{\"@id\":\"https:\\\/\\\/www.altercampagne.net\\\/?p=1885#primaryimage\"},\"thumbnailUrl\":\"https:\\\/\\\/www.altercampagne.net\\\/wp-content\\\/uploads\\\/2015\\\/07\\\/2015-07-24_17.03.jpg\",\"keywords\":[\"climat\",\"AlterTour 2015\",\"cop21\",\"Sol\u00e9ole\",\"Lorraine\",\"graine d'orties\",\"Moselle\",\"Ancy-sur-Moselle\",\"Graines d\u2019Orties\",\"2015\",\"alterjournaliste\"],\"articleSection\":[\"Grand Est\",\"Education\",\"Environnement\",\"\u00c9dition 2015\"],\"inLanguage\":\"fr-FR\"},{\"@type\":\"WebPage\",\"@id\":\"https:\\\/\\\/www.altercampagne.net\\\/?p=1885\",\"url\":\"https:\\\/\\\/www.altercampagne.net\\\/?p=1885\",\"name\":\"Graine d'Orties, \u00e7a pique, \u00e7a d\u00e9mange, \u00e7a r\u00e9veille ! - AlterTour\",\"isPartOf\":{\"@id\":\"https:\\\/\\\/www.altercampagne.net\\\/#website\"},\"primaryImageOfPage\":{\"@id\":\"https:\\\/\\\/www.altercampagne.net\\\/?p=1885#primaryimage\"},\"image\":{\"@id\":\"https:\\\/\\\/www.altercampagne.net\\\/?p=1885#primaryimage\"},\"thumbnailUrl\":\"https:\\\/\\\/www.altercampagne.net\\\/wp-content\\\/uploads\\\/2015\\\/07\\\/2015-07-24_17.03.jpg\",\"datePublished\":\"2015-07-24T21:55:27+00:00\",\"dateModified\":\"2019-09-16T08:11:50+00:00\",\"author\":{\"@id\":\"https:\\\/\\\/www.altercampagne.net\\\/#\\\/schema\\\/person\\\/0f261460c09e430caa0f9bcffa319109\"},\"breadcrumb\":{\"@id\":\"https:\\\/\\\/www.altercampagne.net\\\/?p=1885#breadcrumb\"},\"inLanguage\":\"fr-FR\",\"potentialAction\":[{\"@type\":\"ReadAction\",\"target\":[\"https:\\\/\\\/www.altercampagne.net\\\/?p=1885\"]}]},{\"@type\":\"ImageObject\",\"inLanguage\":\"fr-FR\",\"@id\":\"https:\\\/\\\/www.altercampagne.net\\\/?p=1885#primaryimage\",\"url\":\"https:\\\/\\\/www.altercampagne.net\\\/wp-content\\\/uploads\\\/2015\\\/07\\\/2015-07-24_17.03.jpg\",\"contentUrl\":\"https:\\\/\\\/www.altercampagne.net\\\/wp-content\\\/uploads\\\/2015\\\/07\\\/2015-07-24_17.03.jpg\",\"width\":902,\"height\":472},{\"@type\":\"BreadcrumbList\",\"@id\":\"https:\\\/\\\/www.altercampagne.net\\\/?p=1885#breadcrumb\",\"itemListElement\":[{\"@type\":\"ListItem\",\"position\":1,\"name\":\"Accueil\",\"item\":\"https:\\\/\\\/www.altercampagne.net\\\/\"},{\"@type\":\"ListItem\",\"position\":2,\"name\":\"Graine d&rsquo;Orties, \u00e7a pique, \u00e7a d\u00e9mange, \u00e7a r\u00e9veille !\"}]},{\"@type\":\"WebSite\",\"@id\":\"https:\\\/\\\/www.altercampagne.net\\\/#website\",\"url\":\"https:\\\/\\\/www.altercampagne.net\\\/\",\"name\":\"AlterTour\",\"description\":\"Reliez les Alternatives \u00e0 v\u00e9lo\",\"potentialAction\":[{\"@type\":\"SearchAction\",\"target\":{\"@type\":\"EntryPoint\",\"urlTemplate\":\"https:\\\/\\\/www.altercampagne.net\\\/?s={search_term_string}\"},\"query-input\":{\"@type\":\"PropertyValueSpecification\",\"valueRequired\":true,\"valueName\":\"search_term_string\"}}],\"inLanguage\":\"fr-FR\"},{\"@type\":\"Person\",\"@id\":\"https:\\\/\\\/www.altercampagne.net\\\/#\\\/schema\\\/person\\\/0f261460c09e430caa0f9bcffa319109\",\"name\":\"Mathieu\",\"image\":{\"@type\":\"ImageObject\",\"inLanguage\":\"fr-FR\",\"@id\":\"https:\\\/\\\/secure.gravatar.com\\\/avatar\\\/aa9d3d24c83f2141e5e2709d0f63d09a99f6be6bb7a50abc4915838d9f54501a?s=96&d=mm&r=g\",\"url\":\"https:\\\/\\\/secure.gravatar.com\\\/avatar\\\/aa9d3d24c83f2141e5e2709d0f63d09a99f6be6bb7a50abc4915838d9f54501a?s=96&d=mm&r=g\",\"contentUrl\":\"https:\\\/\\\/secure.gravatar.com\\\/avatar\\\/aa9d3d24c83f2141e5e2709d0f63d09a99f6be6bb7a50abc4915838d9f54501a?s=96&d=mm&r=g\",\"caption\":\"Mathieu\"},\"url\":\"https:\\\/\\\/www.altercampagne.net\\\/?author=214\"}]}<\/script>\n<!-- \/ Yoast SEO plugin. -->","yoast_head_json":{"title":"Graine d'Orties, \u00e7a pique, \u00e7a d\u00e9mange, \u00e7a r\u00e9veille ! - AlterTour","robots":{"index":"index","follow":"follow","max-snippet":"max-snippet:-1","max-image-preview":"max-image-preview:large","max-video-preview":"max-video-preview:-1"},"canonical":"https:\/\/www.altercampagne.net\/?p=1885","og_locale":"fr_FR","og_type":"article","og_title":"Graine d'Orties, \u00e7a pique, \u00e7a d\u00e9mange, \u00e7a r\u00e9veille ! - AlterTour","og_description":"Les cloches en bas dans la vall\u00e9e et un carr\u00e9 de lumi\u00e8re me r\u00e9veillent. Cette nuit quelques Altertouristes d\u00e9cadents ont dormi dans les chaleureux gites de SOLEOLE. Mais le militantisme r\u00e9siste, d\u00e8s le r\u00e9veil, d\u00e9bat sur le portable (sondage au petit d\u00e9jeuner sur un \u00e9chantillon repr\u00e9sentatif&nbsp;: 17 portables \u00e9teints, 7 ... Read More","og_url":"https:\/\/www.altercampagne.net\/?p=1885","og_site_name":"AlterTour","article_published_time":"2015-07-24T21:55:27+00:00","article_modified_time":"2019-09-16T08:11:50+00:00","og_image":[{"width":902,"height":472,"url":"https:\/\/www.altercampagne.net\/wp-content\/uploads\/2015\/07\/2015-07-24_17.03.jpg","type":"image\/jpeg"}],"author":"Mathieu","twitter_card":"summary_large_image","twitter_misc":{"\u00c9crit par":"Mathieu","Dur\u00e9e de lecture estim\u00e9e":"1 minute"},"schema":{"@context":"https:\/\/schema.org","@graph":[{"@type":"Article","@id":"https:\/\/www.altercampagne.net\/?p=1885#article","isPartOf":{"@id":"https:\/\/www.altercampagne.net\/?p=1885"},"author":{"name":"Mathieu","@id":"https:\/\/www.altercampagne.net\/#\/schema\/person\/0f261460c09e430caa0f9bcffa319109"},"headline":"Graine d&rsquo;Orties, \u00e7a pique, \u00e7a d\u00e9mange, \u00e7a r\u00e9veille !","datePublished":"2015-07-24T21:55:27+00:00","dateModified":"2019-09-16T08:11:50+00:00","mainEntityOfPage":{"@id":"https:\/\/www.altercampagne.net\/?p=1885"},"wordCount":221,"image":{"@id":"https:\/\/www.altercampagne.net\/?p=1885#primaryimage"},"thumbnailUrl":"https:\/\/www.altercampagne.net\/wp-content\/uploads\/2015\/07\/2015-07-24_17.03.jpg","keywords":["climat","AlterTour 2015","cop21","Sol\u00e9ole","Lorraine","graine d'orties","Moselle","Ancy-sur-Moselle","Graines d\u2019Orties","2015","alterjournaliste"],"articleSection":["Grand Est","Education","Environnement","\u00c9dition 2015"],"inLanguage":"fr-FR"},{"@type":"WebPage","@id":"https:\/\/www.altercampagne.net\/?p=1885","url":"https:\/\/www.altercampagne.net\/?p=1885","name":"Graine d'Orties, \u00e7a pique, \u00e7a d\u00e9mange, \u00e7a r\u00e9veille ! - AlterTour","isPartOf":{"@id":"https:\/\/www.altercampagne.net\/#website"},"primaryImageOfPage":{"@id":"https:\/\/www.altercampagne.net\/?p=1885#primaryimage"},"image":{"@id":"https:\/\/www.altercampagne.net\/?p=1885#primaryimage"},"thumbnailUrl":"https:\/\/www.altercampagne.net\/wp-content\/uploads\/2015\/07\/2015-07-24_17.03.jpg","datePublished":"2015-07-24T21:55:27+00:00","dateModified":"2019-09-16T08:11:50+00:00","author":{"@id":"https:\/\/www.altercampagne.net\/#\/schema\/person\/0f261460c09e430caa0f9bcffa319109"},"breadcrumb":{"@id":"https:\/\/www.altercampagne.net\/?p=1885#breadcrumb"},"inLanguage":"fr-FR","potentialAction":[{"@type":"ReadAction","target":["https:\/\/www.altercampagne.net\/?p=1885"]}]},{"@type":"ImageObject","inLanguage":"fr-FR","@id":"https:\/\/www.altercampagne.net\/?p=1885#primaryimage","url":"https:\/\/www.altercampagne.net\/wp-content\/uploads\/2015\/07\/2015-07-24_17.03.jpg","contentUrl":"https:\/\/www.altercampagne.net\/wp-content\/uploads\/2015\/07\/2015-07-24_17.03.jpg","width":902,"height":472},{"@type":"BreadcrumbList","@id":"https:\/\/www.altercampagne.net\/?p=1885#breadcrumb","itemListElement":[{"@type":"ListItem","position":1,"name":"Accueil","item":"https:\/\/www.altercampagne.net\/"},{"@type":"ListItem","position":2,"name":"Graine d&rsquo;Orties, \u00e7a pique, \u00e7a d\u00e9mange, \u00e7a r\u00e9veille !"}]},{"@type":"WebSite","@id":"https:\/\/www.altercampagne.net\/#website","url":"https:\/\/www.altercampagne.net\/","name":"AlterTour","description":"Reliez les Alternatives \u00e0 v\u00e9lo","potentialAction":[{"@type":"SearchAction","target":{"@type":"EntryPoint","urlTemplate":"https:\/\/www.altercampagne.net\/?s={search_term_string}"},"query-input":{"@type":"PropertyValueSpecification","valueRequired":true,"valueName":"search_term_string"}}],"inLanguage":"fr-FR"},{"@type":"Person","@id":"https:\/\/www.altercampagne.net\/#\/schema\/person\/0f261460c09e430caa0f9bcffa319109","name":"Mathieu","image":{"@type":"ImageObject","inLanguage":"fr-FR","@id":"https:\/\/secure.gravatar.com\/avatar\/aa9d3d24c83f2141e5e2709d0f63d09a99f6be6bb7a50abc4915838d9f54501a?s=96&d=mm&r=g","url":"https:\/\/secure.gravatar.com\/avatar\/aa9d3d24c83f2141e5e2709d0f63d09a99f6be6bb7a50abc4915838d9f54501a?s=96&d=mm&r=g","contentUrl":"https:\/\/secure.gravatar.com\/avatar\/aa9d3d24c83f2141e5e2709d0f63d09a99f6be6bb7a50abc4915838d9f54501a?s=96&d=mm&r=g","caption":"Mathieu"},"url":"https:\/\/www.altercampagne.net\/?author=214"}]}},"_links":{"self":[{"href":"https:\/\/www.altercampagne.net\/index.php?rest_route=\/wp\/v2\/posts\/1885","targetHints":{"allow":["GET"]}}],"collection":[{"href":"https:\/\/www.altercampagne.net\/index.php?rest_route=\/wp\/v2\/posts"}],"about":[{"href":"https:\/\/www.altercampagne.net\/index.php?rest_route=\/wp\/v2\/types\/post"}],"author":[{"embeddable":true,"href":"https:\/\/www.altercampagne.net\/index.php?rest_route=\/wp\/v2\/users\/214"}],"replies":[{"embeddable":true,"href":"https:\/\/www.altercampagne.net\/index.php?rest_route=%2Fwp%2Fv2%2Fcomments&post=1885"}],"version-history":[{"count":0,"href":"https:\/\/www.altercampagne.net\/index.php?rest_route=\/wp\/v2\/posts\/1885\/revisions"}],"wp:featuredmedia":[{"embeddable":true,"href":"https:\/\/www.altercampagne.net\/index.php?rest_route=\/wp\/v2\/media\/15642"}],"wp:attachment":[{"href":"https:\/\/www.altercampagne.net\/index.php?rest_route=%2Fwp%2Fv2%2Fmedia&parent=1885"}],"wp:term":[{"taxonomy":"category","embeddable":true,"href":"https:\/\/www.altercampagne.net\/index.php?rest_route=%2Fwp%2Fv2%2Fcategories&post=1885"},{"taxonomy":"post_tag","embeddable":true,"href":"https:\/\/www.altercampagne.net\/index.php?rest_route=%2Fwp%2Fv2%2Ftags&post=1885"}],"curies":[{"name":"wp","href":"https:\/\/api.w.org\/{rel}","templated":true}]}}