{"id":18876,"date":"2020-07-08T17:10:00","date_gmt":"2020-07-08T15:10:00","guid":{"rendered":"http:\/\/www.altercampagne.net\/?p=18876"},"modified":"2024-08-27T16:36:08","modified_gmt":"2024-08-27T14:36:08","slug":"un-brin-dcausette-a-grenoble","status":"publish","type":"post","link":"https:\/\/www.altercampagne.net\/?p=18876","title":{"rendered":"Un Brin d&#8217;causette \u00e0 Grenoble"},"content":{"rendered":"\n<p> C&rsquo;est parti pour le premier jour de l&rsquo;AterTour !<\/p>\n\n\n\n<p>Le  petit groupe du BeforeTour laisse derri\u00e8re lui, les hauteurs d&rsquo;Herbeys et d\u00e9valle la vall\u00e9e qui nous m\u00e8ne au Jardin de la Poterne, o\u00f9 l&rsquo;asso <a rel=\"noreferrer noopener\" aria-label=\"Brin d'Grelinette (s\u2019ouvre dans un nouvel onglet)\" href=\"https:\/\/www.brindgre.org\/\" target=\"_blank\"><strong>Brin d&rsquo;Grelinette<\/strong><\/a> y fait pousser des id\u00e9es alternatives dans un quartier populaire de Grenoble.<\/p>\n\n\n\n<h5 class=\"wp-block-heading\">Se reconnecter avec les saisons<\/h5>\n\n\n\n<p>A deux pas de l\u00e0, Christophe, choisi de nous faire d\u00e9couvrir le <a rel=\"noreferrer noopener\" aria-label=\"Verger  Aventure (s\u2019ouvre dans un nouvel onglet)\" href=\"http:\/\/vergeraventure.canalblog.com\/\" target=\"_blank\"><strong>Verger  Aventure<\/strong><\/a>, un espace de nature p\u00e9dagogique, sur le domaine public. \u00ab\u00a0C&rsquo;est  en traversant le verger que les promeneurs constaterons les p\u00e9riodes de  floraison ou de fructification\u00a0\u00bb. Ainsi ils peuvent se reconnecter avec les saisons, ce qui les am\u00e8nera peut-\u00eatre \u00e0 changer leurs habitudes de  consommation.<\/p>\n\n\n\n<h5 class=\"wp-block-heading\">Un jardin en prise avec la r\u00e9alit\u00e9 du quartier<\/h5>\n\n\n\n<p>Le lieu a \u00e9t\u00e9 pens\u00e9 comme un bien commun mis \u00e0 la disposition du public.  L&rsquo;association ne cherche pas \u00e0 r\u00e9colter les fruits et l\u00e9gumes pour son  propre compte et invite le visiteur \u00e0 une cueillette raisonn\u00e9e.<br>\u00ab\u00a0Ici, ce n&rsquo;est pas un coin de paradis, mais un jardin en prise avec la r\u00e9alit\u00e9 du quartier\u00a0\u00bb. D\u00e9gradation ou r\u00e9coltes \u00e9go\u00efstes de certains passants sont parfois le lot du collectif qui entretient le lieu.<br>Presque tout y est comestible. Neflier, cognassier, amandier, mais aussi des  plantes moins ordinaires : Fresnes, Sureau, Guimauve, Raifort, Soja, Lupin&#8230;<\/p>\n\n\n\n<h5 class=\"wp-block-heading\">Les abeilles reviennent en ville<\/h5>\n\n\n\n<p>Malgr\u00e9 un environnement proche tr\u00e8s industriel, les deux majestueux Saules Pleureurs qui accueillent les promeneurs nous rappellent que le terrain  humide est propice \u00e0 la culture. Laiss\u00e9 en partie sauvage, les esp\u00e8ces mellif\u00e8res sont mises \u00e0 l&rsquo;honneur. \u00ab\u00a0Depuis d\u00e9j\u00e0 des ann\u00e9es nous  constatons partout en France que dans les milieux urbains, l\u00e0 o\u00f9 l&rsquo;usage  des \u00ab\u00a0produits-phyto-cides\u00a0\u00bb sont interdits, les ruches y sont plus productives qu&rsquo;\u00e0 la campagne\u00a0\u00bb nous rappelle Christophe.<\/p>\n\n\n\n<h5 class=\"wp-block-heading\">Les jeunes du quartier entretiennent le jardin<\/h5>\n\n\n\n<figure class=\"wp-block-image size-large\"><img loading=\"lazy\" decoding=\"async\" width=\"900\" height=\"667\" src=\"http:\/\/www.altercampagne.net\/wp-content\/uploads\/2020\/07\/08072020_sanssouci_VR0108.jpg\" alt=\"\" class=\"wp-image-18897\" srcset=\"https:\/\/www.altercampagne.net\/wp-content\/uploads\/2020\/07\/08072020_sanssouci_VR0108.jpg 900w, https:\/\/www.altercampagne.net\/wp-content\/uploads\/2020\/07\/08072020_sanssouci_VR0108-300x222.jpg 300w, https:\/\/www.altercampagne.net\/wp-content\/uploads\/2020\/07\/08072020_sanssouci_VR0108-768x569.jpg 768w, https:\/\/www.altercampagne.net\/wp-content\/uploads\/2020\/07\/08072020_sanssouci_VR0108-610x452.jpg 610w, https:\/\/www.altercampagne.net\/wp-content\/uploads\/2020\/07\/08072020_sanssouci_VR0108-100x74.jpg 100w, https:\/\/www.altercampagne.net\/wp-content\/uploads\/2020\/07\/08072020_sanssouci_VR0108-862x639.jpg 862w\" sizes=\"auto, (max-width: 900px) 100vw, 900px\" \/><\/figure>\n\n\n\n<p>L&rsquo;apr\u00e8s-midi, certains altercyclistes fauchent, plantent et piochent au verger au c\u00f4t\u00e9 d&rsquo;un Chantier Jeune encadr\u00e9 par l&rsquo;association un Brin d&rsquo;Grelinette. Un  dispositif \u00ab\u00a0argent de poche\u00a0\u00bb mis en place par la ville de Grenoble pour  lequel des jeunes peuvent postuler pour des chantiers \u00e0 la demie-journ\u00e9e, aupr\u00e8s des personnes ag\u00e9es, d&rsquo;Emma\u00fcs, ou encore du secours populaire.<br>Une autre partie des Altercyclistes se sont rendus au <a rel=\"noreferrer noopener\" aria-label=\"Jardin sans Souci (s\u2019ouvre dans un nouvel onglet)\" href=\"https:\/\/www.lepassejardins.fr\/jardin-des-sans-souci\" target=\"_blank\"><strong>Jardin sans Souci<\/strong><\/a>, toujours g\u00e9r\u00e9 par l&rsquo;association, guid\u00e9s par Myl\u00e8ne.&nbsp;Elle y est b\u00e9n\u00e9vole depuis 4 ans. A l&rsquo;\u00e9poque, elle cherchait un compost dans son quartier.&nbsp;Sur  le lieu de 400m2, le collectif y exp\u00e9rimentent techniques de jardinage  durable, vari\u00e9t\u00e9s paysannes et associations de plantes. L&rsquo;apr\u00e8s-midi fut l&rsquo;occasion de r\u00e9colter, trier et \u00e9tiqueter les graines des diff\u00e9rentes esp\u00e8ces, descendances g\u00e9n\u00e9tiques de semences <a rel=\"noreferrer noopener\" aria-label=\"Kokopelli (s\u2019ouvre dans un nouvel onglet)\" href=\"https:\/\/kokopelli-semences.fr\/fr\/\" target=\"_blank\"><strong>Kokopelli<\/strong><\/a>.<\/p>\n\n\n\n<p>Demain, au programme &#8230;&nbsp;<br>&#8230; on nous a promis des douches chaudes. <\/p>\n\n\n\n<p class=\"has-text-align-right\"><strong>Beno\u00eet<\/strong><\/p>\n","protected":false},"excerpt":{"rendered":"<p>C&rsquo;est parti pour le premier jour de l&rsquo;AterTour ! Le petit groupe du BeforeTour laisse derri\u00e8re lui, les hauteurs d&rsquo;Herbeys et d\u00e9valle la vall\u00e9e qui nous m\u00e8ne au Jardin de la Poterne, o\u00f9 l&rsquo;asso Brin d&rsquo;Grelinette y fait pousser des id\u00e9es alternatives dans un quartier populaire de Grenoble. Se reconnecter &#8230; <\/p>\n<div><a href=\"https:\/\/www.altercampagne.net\/?p=18876\" class=\"more-link\">Read More<\/a><\/div>\n","protected":false},"author":214,"featured_media":18899,"comment_status":"closed","ping_status":"closed","sticky":false,"template":"","format":"standard","meta":{"footnotes":""},"categories":[3471,3483,4313,3967,3938],"tags":[1310,1372,4181,4486,4487,4488],"class_list":["post-18876","post","type-post","status-publish","format-standard","has-post-thumbnail","hentry","category-auvergne-rhone-alpes","category-agriculture","category-altertour","category-edition-2020","category-education","tag-grenoble","tag-kokopelli","tag-brin-dgrelinette","tag-verger-aventure","tag-jardin-de-la-poterne","tag-jardin-sans-sauci"],"yoast_head":"<!-- This site is optimized with the Yoast SEO plugin v27.3 - https:\/\/yoast.com\/product\/yoast-seo-wordpress\/ -->\n<title>Un Brin d&#039;causette \u00e0 Grenoble - AlterTour<\/title>\n<meta name=\"robots\" content=\"index, follow, max-snippet:-1, max-image-preview:large, max-video-preview:-1\" \/>\n<link rel=\"canonical\" href=\"https:\/\/www.altercampagne.net\/?p=18876\" \/>\n<meta property=\"og:locale\" content=\"fr_FR\" \/>\n<meta property=\"og:type\" content=\"article\" \/>\n<meta property=\"og:title\" content=\"Un Brin d&#039;causette \u00e0 Grenoble - AlterTour\" \/>\n<meta property=\"og:description\" content=\"C&rsquo;est parti pour le premier jour de l&rsquo;AterTour ! Le petit groupe du BeforeTour laisse derri\u00e8re lui, les hauteurs d&rsquo;Herbeys et d\u00e9valle la vall\u00e9e qui nous m\u00e8ne au Jardin de la Poterne, o\u00f9 l&rsquo;asso Brin d&rsquo;Grelinette y fait pousser des id\u00e9es alternatives dans un quartier populaire de Grenoble. Se reconnecter ... Read More\" \/>\n<meta property=\"og:url\" content=\"https:\/\/www.altercampagne.net\/?p=18876\" \/>\n<meta property=\"og:site_name\" content=\"AlterTour\" \/>\n<meta property=\"article:published_time\" content=\"2020-07-08T15:10:00+00:00\" \/>\n<meta property=\"article:modified_time\" content=\"2024-08-27T14:36:08+00:00\" \/>\n<meta property=\"og:image\" content=\"https:\/\/www.altercampagne.net\/wp-content\/uploads\/2020\/07\/08072020_poterne_VR0118.jpg\" \/>\n\t<meta property=\"og:image:width\" content=\"1020\" \/>\n\t<meta property=\"og:image:height\" content=\"534\" \/>\n\t<meta property=\"og:image:type\" content=\"image\/jpeg\" \/>\n<meta name=\"author\" content=\"Mathieu\" \/>\n<meta name=\"twitter:card\" content=\"summary_large_image\" \/>\n<meta name=\"twitter:label1\" content=\"\u00c9crit par\" \/>\n\t<meta name=\"twitter:data1\" content=\"Mathieu\" \/>\n\t<meta name=\"twitter:label2\" content=\"Dur\u00e9e de lecture estim\u00e9e\" \/>\n\t<meta name=\"twitter:data2\" content=\"3 minutes\" \/>\n<script type=\"application\/ld+json\" class=\"yoast-schema-graph\">{\"@context\":\"https:\\\/\\\/schema.org\",\"@graph\":[{\"@type\":\"Article\",\"@id\":\"https:\\\/\\\/www.altercampagne.net\\\/?p=18876#article\",\"isPartOf\":{\"@id\":\"https:\\\/\\\/www.altercampagne.net\\\/?p=18876\"},\"author\":{\"name\":\"Mathieu\",\"@id\":\"https:\\\/\\\/www.altercampagne.net\\\/#\\\/schema\\\/person\\\/0f261460c09e430caa0f9bcffa319109\"},\"headline\":\"Un Brin d&#8217;causette \u00e0 Grenoble\",\"datePublished\":\"2020-07-08T15:10:00+00:00\",\"dateModified\":\"2024-08-27T14:36:08+00:00\",\"mainEntityOfPage\":{\"@id\":\"https:\\\/\\\/www.altercampagne.net\\\/?p=18876\"},\"wordCount\":494,\"image\":{\"@id\":\"https:\\\/\\\/www.altercampagne.net\\\/?p=18876#primaryimage\"},\"thumbnailUrl\":\"https:\\\/\\\/www.altercampagne.net\\\/wp-content\\\/uploads\\\/2020\\\/07\\\/08072020_poterne_VR0118.jpg\",\"keywords\":[\"Grenoble\",\"Kokopelli\",\"Brin d&#039;Grelinette\",\"Verger Aventure\",\"Jardin de la Poterne\",\"Jardin sans sauci\"],\"articleSection\":[\"Auvergne-Rh\u00f4ne-Alpes\",\"Agriculture\",\"AlterTour\",\"Edition 2020\",\"Education\"],\"inLanguage\":\"fr-FR\"},{\"@type\":\"WebPage\",\"@id\":\"https:\\\/\\\/www.altercampagne.net\\\/?p=18876\",\"url\":\"https:\\\/\\\/www.altercampagne.net\\\/?p=18876\",\"name\":\"Un Brin d'causette \u00e0 Grenoble - AlterTour\",\"isPartOf\":{\"@id\":\"https:\\\/\\\/www.altercampagne.net\\\/#website\"},\"primaryImageOfPage\":{\"@id\":\"https:\\\/\\\/www.altercampagne.net\\\/?p=18876#primaryimage\"},\"image\":{\"@id\":\"https:\\\/\\\/www.altercampagne.net\\\/?p=18876#primaryimage\"},\"thumbnailUrl\":\"https:\\\/\\\/www.altercampagne.net\\\/wp-content\\\/uploads\\\/2020\\\/07\\\/08072020_poterne_VR0118.jpg\",\"datePublished\":\"2020-07-08T15:10:00+00:00\",\"dateModified\":\"2024-08-27T14:36:08+00:00\",\"author\":{\"@id\":\"https:\\\/\\\/www.altercampagne.net\\\/#\\\/schema\\\/person\\\/0f261460c09e430caa0f9bcffa319109\"},\"breadcrumb\":{\"@id\":\"https:\\\/\\\/www.altercampagne.net\\\/?p=18876#breadcrumb\"},\"inLanguage\":\"fr-FR\",\"potentialAction\":[{\"@type\":\"ReadAction\",\"target\":[\"https:\\\/\\\/www.altercampagne.net\\\/?p=18876\"]}]},{\"@type\":\"ImageObject\",\"inLanguage\":\"fr-FR\",\"@id\":\"https:\\\/\\\/www.altercampagne.net\\\/?p=18876#primaryimage\",\"url\":\"https:\\\/\\\/www.altercampagne.net\\\/wp-content\\\/uploads\\\/2020\\\/07\\\/08072020_poterne_VR0118.jpg\",\"contentUrl\":\"https:\\\/\\\/www.altercampagne.net\\\/wp-content\\\/uploads\\\/2020\\\/07\\\/08072020_poterne_VR0118.jpg\",\"width\":1020,\"height\":534},{\"@type\":\"BreadcrumbList\",\"@id\":\"https:\\\/\\\/www.altercampagne.net\\\/?p=18876#breadcrumb\",\"itemListElement\":[{\"@type\":\"ListItem\",\"position\":1,\"name\":\"Accueil\",\"item\":\"https:\\\/\\\/www.altercampagne.net\\\/\"},{\"@type\":\"ListItem\",\"position\":2,\"name\":\"Un Brin d&#8217;causette \u00e0 Grenoble\"}]},{\"@type\":\"WebSite\",\"@id\":\"https:\\\/\\\/www.altercampagne.net\\\/#website\",\"url\":\"https:\\\/\\\/www.altercampagne.net\\\/\",\"name\":\"AlterTour\",\"description\":\"Reliez les Alternatives \u00e0 v\u00e9lo\",\"potentialAction\":[{\"@type\":\"SearchAction\",\"target\":{\"@type\":\"EntryPoint\",\"urlTemplate\":\"https:\\\/\\\/www.altercampagne.net\\\/?s={search_term_string}\"},\"query-input\":{\"@type\":\"PropertyValueSpecification\",\"valueRequired\":true,\"valueName\":\"search_term_string\"}}],\"inLanguage\":\"fr-FR\"},{\"@type\":\"Person\",\"@id\":\"https:\\\/\\\/www.altercampagne.net\\\/#\\\/schema\\\/person\\\/0f261460c09e430caa0f9bcffa319109\",\"name\":\"Mathieu\",\"image\":{\"@type\":\"ImageObject\",\"inLanguage\":\"fr-FR\",\"@id\":\"https:\\\/\\\/secure.gravatar.com\\\/avatar\\\/aa9d3d24c83f2141e5e2709d0f63d09a99f6be6bb7a50abc4915838d9f54501a?s=96&d=mm&r=g\",\"url\":\"https:\\\/\\\/secure.gravatar.com\\\/avatar\\\/aa9d3d24c83f2141e5e2709d0f63d09a99f6be6bb7a50abc4915838d9f54501a?s=96&d=mm&r=g\",\"contentUrl\":\"https:\\\/\\\/secure.gravatar.com\\\/avatar\\\/aa9d3d24c83f2141e5e2709d0f63d09a99f6be6bb7a50abc4915838d9f54501a?s=96&d=mm&r=g\",\"caption\":\"Mathieu\"},\"url\":\"https:\\\/\\\/www.altercampagne.net\\\/?author=214\"}]}<\/script>\n<!-- \/ Yoast SEO plugin. -->","yoast_head_json":{"title":"Un Brin d'causette \u00e0 Grenoble - AlterTour","robots":{"index":"index","follow":"follow","max-snippet":"max-snippet:-1","max-image-preview":"max-image-preview:large","max-video-preview":"max-video-preview:-1"},"canonical":"https:\/\/www.altercampagne.net\/?p=18876","og_locale":"fr_FR","og_type":"article","og_title":"Un Brin d'causette \u00e0 Grenoble - AlterTour","og_description":"C&rsquo;est parti pour le premier jour de l&rsquo;AterTour ! Le petit groupe du BeforeTour laisse derri\u00e8re lui, les hauteurs d&rsquo;Herbeys et d\u00e9valle la vall\u00e9e qui nous m\u00e8ne au Jardin de la Poterne, o\u00f9 l&rsquo;asso Brin d&rsquo;Grelinette y fait pousser des id\u00e9es alternatives dans un quartier populaire de Grenoble. Se reconnecter ... Read More","og_url":"https:\/\/www.altercampagne.net\/?p=18876","og_site_name":"AlterTour","article_published_time":"2020-07-08T15:10:00+00:00","article_modified_time":"2024-08-27T14:36:08+00:00","og_image":[{"width":1020,"height":534,"url":"https:\/\/www.altercampagne.net\/wp-content\/uploads\/2020\/07\/08072020_poterne_VR0118.jpg","type":"image\/jpeg"}],"author":"Mathieu","twitter_card":"summary_large_image","twitter_misc":{"\u00c9crit par":"Mathieu","Dur\u00e9e de lecture estim\u00e9e":"3 minutes"},"schema":{"@context":"https:\/\/schema.org","@graph":[{"@type":"Article","@id":"https:\/\/www.altercampagne.net\/?p=18876#article","isPartOf":{"@id":"https:\/\/www.altercampagne.net\/?p=18876"},"author":{"name":"Mathieu","@id":"https:\/\/www.altercampagne.net\/#\/schema\/person\/0f261460c09e430caa0f9bcffa319109"},"headline":"Un Brin d&#8217;causette \u00e0 Grenoble","datePublished":"2020-07-08T15:10:00+00:00","dateModified":"2024-08-27T14:36:08+00:00","mainEntityOfPage":{"@id":"https:\/\/www.altercampagne.net\/?p=18876"},"wordCount":494,"image":{"@id":"https:\/\/www.altercampagne.net\/?p=18876#primaryimage"},"thumbnailUrl":"https:\/\/www.altercampagne.net\/wp-content\/uploads\/2020\/07\/08072020_poterne_VR0118.jpg","keywords":["Grenoble","Kokopelli","Brin d&#039;Grelinette","Verger Aventure","Jardin de la Poterne","Jardin sans sauci"],"articleSection":["Auvergne-Rh\u00f4ne-Alpes","Agriculture","AlterTour","Edition 2020","Education"],"inLanguage":"fr-FR"},{"@type":"WebPage","@id":"https:\/\/www.altercampagne.net\/?p=18876","url":"https:\/\/www.altercampagne.net\/?p=18876","name":"Un Brin d'causette \u00e0 Grenoble - AlterTour","isPartOf":{"@id":"https:\/\/www.altercampagne.net\/#website"},"primaryImageOfPage":{"@id":"https:\/\/www.altercampagne.net\/?p=18876#primaryimage"},"image":{"@id":"https:\/\/www.altercampagne.net\/?p=18876#primaryimage"},"thumbnailUrl":"https:\/\/www.altercampagne.net\/wp-content\/uploads\/2020\/07\/08072020_poterne_VR0118.jpg","datePublished":"2020-07-08T15:10:00+00:00","dateModified":"2024-08-27T14:36:08+00:00","author":{"@id":"https:\/\/www.altercampagne.net\/#\/schema\/person\/0f261460c09e430caa0f9bcffa319109"},"breadcrumb":{"@id":"https:\/\/www.altercampagne.net\/?p=18876#breadcrumb"},"inLanguage":"fr-FR","potentialAction":[{"@type":"ReadAction","target":["https:\/\/www.altercampagne.net\/?p=18876"]}]},{"@type":"ImageObject","inLanguage":"fr-FR","@id":"https:\/\/www.altercampagne.net\/?p=18876#primaryimage","url":"https:\/\/www.altercampagne.net\/wp-content\/uploads\/2020\/07\/08072020_poterne_VR0118.jpg","contentUrl":"https:\/\/www.altercampagne.net\/wp-content\/uploads\/2020\/07\/08072020_poterne_VR0118.jpg","width":1020,"height":534},{"@type":"BreadcrumbList","@id":"https:\/\/www.altercampagne.net\/?p=18876#breadcrumb","itemListElement":[{"@type":"ListItem","position":1,"name":"Accueil","item":"https:\/\/www.altercampagne.net\/"},{"@type":"ListItem","position":2,"name":"Un Brin d&#8217;causette \u00e0 Grenoble"}]},{"@type":"WebSite","@id":"https:\/\/www.altercampagne.net\/#website","url":"https:\/\/www.altercampagne.net\/","name":"AlterTour","description":"Reliez les Alternatives \u00e0 v\u00e9lo","potentialAction":[{"@type":"SearchAction","target":{"@type":"EntryPoint","urlTemplate":"https:\/\/www.altercampagne.net\/?s={search_term_string}"},"query-input":{"@type":"PropertyValueSpecification","valueRequired":true,"valueName":"search_term_string"}}],"inLanguage":"fr-FR"},{"@type":"Person","@id":"https:\/\/www.altercampagne.net\/#\/schema\/person\/0f261460c09e430caa0f9bcffa319109","name":"Mathieu","image":{"@type":"ImageObject","inLanguage":"fr-FR","@id":"https:\/\/secure.gravatar.com\/avatar\/aa9d3d24c83f2141e5e2709d0f63d09a99f6be6bb7a50abc4915838d9f54501a?s=96&d=mm&r=g","url":"https:\/\/secure.gravatar.com\/avatar\/aa9d3d24c83f2141e5e2709d0f63d09a99f6be6bb7a50abc4915838d9f54501a?s=96&d=mm&r=g","contentUrl":"https:\/\/secure.gravatar.com\/avatar\/aa9d3d24c83f2141e5e2709d0f63d09a99f6be6bb7a50abc4915838d9f54501a?s=96&d=mm&r=g","caption":"Mathieu"},"url":"https:\/\/www.altercampagne.net\/?author=214"}]}},"_links":{"self":[{"href":"https:\/\/www.altercampagne.net\/index.php?rest_route=\/wp\/v2\/posts\/18876","targetHints":{"allow":["GET"]}}],"collection":[{"href":"https:\/\/www.altercampagne.net\/index.php?rest_route=\/wp\/v2\/posts"}],"about":[{"href":"https:\/\/www.altercampagne.net\/index.php?rest_route=\/wp\/v2\/types\/post"}],"author":[{"embeddable":true,"href":"https:\/\/www.altercampagne.net\/index.php?rest_route=\/wp\/v2\/users\/214"}],"replies":[{"embeddable":true,"href":"https:\/\/www.altercampagne.net\/index.php?rest_route=%2Fwp%2Fv2%2Fcomments&post=18876"}],"version-history":[{"count":6,"href":"https:\/\/www.altercampagne.net\/index.php?rest_route=\/wp\/v2\/posts\/18876\/revisions"}],"predecessor-version":[{"id":18901,"href":"https:\/\/www.altercampagne.net\/index.php?rest_route=\/wp\/v2\/posts\/18876\/revisions\/18901"}],"wp:featuredmedia":[{"embeddable":true,"href":"https:\/\/www.altercampagne.net\/index.php?rest_route=\/wp\/v2\/media\/18899"}],"wp:attachment":[{"href":"https:\/\/www.altercampagne.net\/index.php?rest_route=%2Fwp%2Fv2%2Fmedia&parent=18876"}],"wp:term":[{"taxonomy":"category","embeddable":true,"href":"https:\/\/www.altercampagne.net\/index.php?rest_route=%2Fwp%2Fv2%2Fcategories&post=18876"},{"taxonomy":"post_tag","embeddable":true,"href":"https:\/\/www.altercampagne.net\/index.php?rest_route=%2Fwp%2Fv2%2Ftags&post=18876"}],"curies":[{"name":"wp","href":"https:\/\/api.w.org\/{rel}","templated":true}]}}