{"id":1889,"date":"2015-08-06T23:04:13","date_gmt":"2015-08-06T21:04:13","guid":{"rendered":"http:\/\/www.altercampagne.net\/?p=1889"},"modified":"2019-09-16T09:32:54","modified_gmt":"2019-09-16T07:32:54","slug":"1889","status":"publish","type":"post","link":"https:\/\/www.altercampagne.net\/?p=1889","title":{"rendered":"R\u00e9flexions sur l&rsquo;autogestion du mercredi 5 ao\u00fbt"},"content":{"rendered":"<p><strong>Compte-rendu sinon d\u00e9taill\u00e9, du moins circonstanci\u00e9 de la soir\u00e9e du mercredi 5 ao\u00fbt, en guise de journal de bord pour aujourd\u2019hui, ni plus, ni moins\u2026<\/strong><\/p>\n<p>Pour faire court, et aller donc derechef \u00e0 l\u2019essentiel &#8211; ce qui me co\u00fbte, mais les imp\u00e9ratifs de place ne me permettent aucune digression\u2026-, voici donc quelques propositions concr\u00e8tes, mais non exhaustives, destin\u00e9es \u00e0 faciliter l\u2019AlterTour pour la suite, dans les domaines suivants, pr\u00e9-s\u00e9lectionn\u00e9s par un membre proche, selon des sources bien inform\u00e9es, du Comit\u00e9 Pr\u00e9visationnel.<\/p>\n<p><em>Pour ce qui est du mic-mac organisationel et autres embrouillaminis relationnels\u00a0:<\/em><\/p>\n<ul>\n<li>Pr\u00e9sentation crois\u00e9e des nouveaux (c\u2019est-\u00e0-dire que deux nouveaux arrivants se pr\u00e9sentent mutuellement, en fonction de ce qu\u2019ils se sont dit au pr\u00e9alable).<\/li>\n<li>plus d\u2019accompagnement (en mode tutorat), pour les t\u00e2ches en bin\u00f4me pour la conduite des v\u00e9hicules, la cuisine, etc., avec une r\u00e9partition (dans l\u2019espace lors du briefing) entre exp\u00e9riment\u00e9s et nouveaux\u00a0;<\/li>\n<li>faire un pr\u00e9-briefing entre les nouveaux et les accueillants\u00a0: leur pr\u00e9senter le fonctionnement, les t\u00e2ches, etc.\u00a0;<\/li>\n<li>pr\u00e9senter davantage, et de mani\u00e8re pratique, les modes d\u2019autogestion sur le site\/dans les courriels\u00a0;<\/li>\n<li>cr\u00e9er un tableau des personnes pr\u00e9sentes et de leurs centres d\u2019int\u00e9r\u00eats, champs de connaissances, exp\u00e9riences \u00e0 partager.<\/li>\n<\/ul>\n<p><em>Pour ce qui est de la v\u00e9locip\u00e9die roulationnelle\u00a0&amp; s\u00e9curationelle :<\/em><\/p>\n<ul>\n<li>pr\u00e9voir des dossards jaunes fluo (\u00e0 l\u2019effigie de l\u2019AlterTour, si, si, c\u2019est possible), des \u00e9carteurs, des r\u00e9troviseurs pliables\u00a0;<\/li>\n<li>donner un r\u00f4le plus actif \u00e0 la fl\u00e8che, notamment pour la pr\u00e9sence ou non de v\u00e9hicules en vue, et le d\u00e9part en petits groupes sur des axes fr\u00e9quent\u00e9s\u00a0;<\/li>\n<li>respecter imp\u00e9rativement une distance de s\u00e9curit\u00e9 en petits groupes\u00a0;<\/li>\n<li>port du casque instamment recommand\u00e9, mais non obligatoire\u00a0;<\/li>\n<li>avoir le n\u00b0 de tel d\u2019une personne r\u00e9f\u00e9rente, au cas de n\u00e9cessit\u00e9 -perdu(e) au milieu des vaches avec pour seules interlocutrices quelques vaches goguenardes, par exemple &#8211;\u00a0;<\/li>\n<li>fixer le contenu de son panier, vite \u00e9parpill\u00e9 sur la route en cas de cahot, et source potentielle d\u2019accident\u00a0;<\/li>\n<li>faire un signe pour s\u2019arr\u00eater (lever le bras \u00e0 la verticale)\u00a0;<\/li>\n<li>prendre en compte un temps de r\u00e9cup\u00e9ration indispensable pour les derniers arriv\u00e9s lors des mini-pauses destin\u00e9es justement \u00e0 attendre les derniers\u00a0;<\/li>\n<li>briefer les nouveaux (par les exp\u00e9riment\u00e9s en m\u00e9canique) par rapport \u00e0 la hauteur de la selle, la torsion de la cha\u00eene, l\u2019anticipation du changement de vitesses, etc.<\/li>\n<\/ul>\n<p><em>En guise de conclusion provisoire\u00a0:<\/em><\/p>\n<p>Voir si des groupes r\u00e9gionaux, d\u00e9partementaux, peuvent organiser des retrouvailles dans l\u2019ann\u00e9e pour, par exemple, des sorties d\u2019une journ\u00e9e, d\u2019un week-end aux beaux jours pour se pr\u00e9parer \u00e0 l\u2019AlterTour (sans oublier la d\u00e9co de son fid\u00e8le v\u00e9locip\u00e8de).<\/p>\n<p style=\"text-align: right;\"><strong>Herv\u00e9<\/strong><\/p>\n","protected":false},"excerpt":{"rendered":"<p>Compte-rendu sinon d\u00e9taill\u00e9, du moins circonstanci\u00e9 de la soir\u00e9e du mercredi 5 ao\u00fbt, en guise de journal de bord pour aujourd\u2019hui, ni plus, ni moins\u2026 Pour faire court, et aller donc derechef \u00e0 l\u2019essentiel &#8211; ce qui me co\u00fbte, mais les imp\u00e9ratifs de place ne me permettent aucune digression\u2026-, voici &#8230; <\/p>\n<div><a href=\"https:\/\/www.altercampagne.net\/?p=1889\" class=\"more-link\">Read More<\/a><\/div>\n","protected":false},"author":214,"featured_media":15618,"comment_status":"closed","ping_status":"closed","sticky":false,"template":"","format":"standard","meta":{"footnotes":""},"categories":[3526,3460],"tags":[35,44,192,233,351,1672,1680,2704],"class_list":["post-1889","post","type-post","status-publish","format-standard","has-post-thumbnail","hentry","category-belgique","category-edition-2015","tag-autogestion","tag-climat","tag-altertour-2015","tag-cop21","tag-debat-orthonorme","tag-1672","tag-wallon","tag-alterjournaliste"],"yoast_head":"<!-- This site is optimized with the Yoast SEO plugin v27.3 - https:\/\/yoast.com\/product\/yoast-seo-wordpress\/ -->\n<title>R\u00e9flexions sur l&#039;autogestion du mercredi 5 ao\u00fbt - AlterTour<\/title>\n<meta name=\"robots\" content=\"index, follow, max-snippet:-1, max-image-preview:large, max-video-preview:-1\" \/>\n<link rel=\"canonical\" href=\"https:\/\/www.altercampagne.net\/?p=1889\" \/>\n<meta property=\"og:locale\" content=\"fr_FR\" \/>\n<meta property=\"og:type\" content=\"article\" \/>\n<meta property=\"og:title\" content=\"R\u00e9flexions sur l&#039;autogestion du mercredi 5 ao\u00fbt - AlterTour\" \/>\n<meta property=\"og:description\" content=\"Compte-rendu sinon d\u00e9taill\u00e9, du moins circonstanci\u00e9 de la soir\u00e9e du mercredi 5 ao\u00fbt, en guise de journal de bord pour aujourd\u2019hui, ni plus, ni moins\u2026 Pour faire court, et aller donc derechef \u00e0 l\u2019essentiel &#8211; ce qui me co\u00fbte, mais les imp\u00e9ratifs de place ne me permettent aucune digression\u2026-, voici ... Read More\" \/>\n<meta property=\"og:url\" content=\"https:\/\/www.altercampagne.net\/?p=1889\" \/>\n<meta property=\"og:site_name\" content=\"AlterTour\" \/>\n<meta property=\"article:published_time\" content=\"2015-08-06T21:04:13+00:00\" \/>\n<meta property=\"article:modified_time\" content=\"2019-09-16T07:32:54+00:00\" \/>\n<meta property=\"og:image\" content=\"https:\/\/www.altercampagne.net\/wp-content\/uploads\/2015\/08\/2015-08-06_09.07.jpg\" \/>\n\t<meta property=\"og:image:width\" content=\"902\" \/>\n\t<meta property=\"og:image:height\" content=\"472\" \/>\n\t<meta property=\"og:image:type\" content=\"image\/jpeg\" \/>\n<meta name=\"author\" content=\"Mathieu\" \/>\n<meta name=\"twitter:card\" content=\"summary_large_image\" \/>\n<meta name=\"twitter:label1\" content=\"\u00c9crit par\" \/>\n\t<meta name=\"twitter:data1\" content=\"Mathieu\" \/>\n\t<meta name=\"twitter:label2\" content=\"Dur\u00e9e de lecture estim\u00e9e\" \/>\n\t<meta name=\"twitter:data2\" content=\"2 minutes\" \/>\n<script type=\"application\/ld+json\" class=\"yoast-schema-graph\">{\"@context\":\"https:\\\/\\\/schema.org\",\"@graph\":[{\"@type\":\"Article\",\"@id\":\"https:\\\/\\\/www.altercampagne.net\\\/?p=1889#article\",\"isPartOf\":{\"@id\":\"https:\\\/\\\/www.altercampagne.net\\\/?p=1889\"},\"author\":{\"name\":\"Mathieu\",\"@id\":\"https:\\\/\\\/www.altercampagne.net\\\/#\\\/schema\\\/person\\\/0f261460c09e430caa0f9bcffa319109\"},\"headline\":\"R\u00e9flexions sur l&rsquo;autogestion du mercredi 5 ao\u00fbt\",\"datePublished\":\"2015-08-06T21:04:13+00:00\",\"dateModified\":\"2019-09-16T07:32:54+00:00\",\"mainEntityOfPage\":{\"@id\":\"https:\\\/\\\/www.altercampagne.net\\\/?p=1889\"},\"wordCount\":502,\"image\":{\"@id\":\"https:\\\/\\\/www.altercampagne.net\\\/?p=1889#primaryimage\"},\"thumbnailUrl\":\"https:\\\/\\\/www.altercampagne.net\\\/wp-content\\\/uploads\\\/2015\\\/08\\\/2015-08-06_09.07.jpg\",\"keywords\":[\"autogestion\",\"climat\",\"AlterTour 2015\",\"cop21\",\"d\u00e9bat orthonorm\u00e9\",\"2015\",\"wallon\",\"alterjournaliste\"],\"articleSection\":[\"Belgique\",\"\u00c9dition 2015\"],\"inLanguage\":\"fr-FR\"},{\"@type\":\"WebPage\",\"@id\":\"https:\\\/\\\/www.altercampagne.net\\\/?p=1889\",\"url\":\"https:\\\/\\\/www.altercampagne.net\\\/?p=1889\",\"name\":\"R\u00e9flexions sur l'autogestion du mercredi 5 ao\u00fbt - AlterTour\",\"isPartOf\":{\"@id\":\"https:\\\/\\\/www.altercampagne.net\\\/#website\"},\"primaryImageOfPage\":{\"@id\":\"https:\\\/\\\/www.altercampagne.net\\\/?p=1889#primaryimage\"},\"image\":{\"@id\":\"https:\\\/\\\/www.altercampagne.net\\\/?p=1889#primaryimage\"},\"thumbnailUrl\":\"https:\\\/\\\/www.altercampagne.net\\\/wp-content\\\/uploads\\\/2015\\\/08\\\/2015-08-06_09.07.jpg\",\"datePublished\":\"2015-08-06T21:04:13+00:00\",\"dateModified\":\"2019-09-16T07:32:54+00:00\",\"author\":{\"@id\":\"https:\\\/\\\/www.altercampagne.net\\\/#\\\/schema\\\/person\\\/0f261460c09e430caa0f9bcffa319109\"},\"breadcrumb\":{\"@id\":\"https:\\\/\\\/www.altercampagne.net\\\/?p=1889#breadcrumb\"},\"inLanguage\":\"fr-FR\",\"potentialAction\":[{\"@type\":\"ReadAction\",\"target\":[\"https:\\\/\\\/www.altercampagne.net\\\/?p=1889\"]}]},{\"@type\":\"ImageObject\",\"inLanguage\":\"fr-FR\",\"@id\":\"https:\\\/\\\/www.altercampagne.net\\\/?p=1889#primaryimage\",\"url\":\"https:\\\/\\\/www.altercampagne.net\\\/wp-content\\\/uploads\\\/2015\\\/08\\\/2015-08-06_09.07.jpg\",\"contentUrl\":\"https:\\\/\\\/www.altercampagne.net\\\/wp-content\\\/uploads\\\/2015\\\/08\\\/2015-08-06_09.07.jpg\",\"width\":902,\"height\":472},{\"@type\":\"BreadcrumbList\",\"@id\":\"https:\\\/\\\/www.altercampagne.net\\\/?p=1889#breadcrumb\",\"itemListElement\":[{\"@type\":\"ListItem\",\"position\":1,\"name\":\"Accueil\",\"item\":\"https:\\\/\\\/www.altercampagne.net\\\/\"},{\"@type\":\"ListItem\",\"position\":2,\"name\":\"R\u00e9flexions sur l&rsquo;autogestion du mercredi 5 ao\u00fbt\"}]},{\"@type\":\"WebSite\",\"@id\":\"https:\\\/\\\/www.altercampagne.net\\\/#website\",\"url\":\"https:\\\/\\\/www.altercampagne.net\\\/\",\"name\":\"AlterTour\",\"description\":\"Reliez les Alternatives \u00e0 v\u00e9lo\",\"potentialAction\":[{\"@type\":\"SearchAction\",\"target\":{\"@type\":\"EntryPoint\",\"urlTemplate\":\"https:\\\/\\\/www.altercampagne.net\\\/?s={search_term_string}\"},\"query-input\":{\"@type\":\"PropertyValueSpecification\",\"valueRequired\":true,\"valueName\":\"search_term_string\"}}],\"inLanguage\":\"fr-FR\"},{\"@type\":\"Person\",\"@id\":\"https:\\\/\\\/www.altercampagne.net\\\/#\\\/schema\\\/person\\\/0f261460c09e430caa0f9bcffa319109\",\"name\":\"Mathieu\",\"image\":{\"@type\":\"ImageObject\",\"inLanguage\":\"fr-FR\",\"@id\":\"https:\\\/\\\/secure.gravatar.com\\\/avatar\\\/aa9d3d24c83f2141e5e2709d0f63d09a99f6be6bb7a50abc4915838d9f54501a?s=96&d=mm&r=g\",\"url\":\"https:\\\/\\\/secure.gravatar.com\\\/avatar\\\/aa9d3d24c83f2141e5e2709d0f63d09a99f6be6bb7a50abc4915838d9f54501a?s=96&d=mm&r=g\",\"contentUrl\":\"https:\\\/\\\/secure.gravatar.com\\\/avatar\\\/aa9d3d24c83f2141e5e2709d0f63d09a99f6be6bb7a50abc4915838d9f54501a?s=96&d=mm&r=g\",\"caption\":\"Mathieu\"},\"url\":\"https:\\\/\\\/www.altercampagne.net\\\/?author=214\"}]}<\/script>\n<!-- \/ Yoast SEO plugin. -->","yoast_head_json":{"title":"R\u00e9flexions sur l'autogestion du mercredi 5 ao\u00fbt - AlterTour","robots":{"index":"index","follow":"follow","max-snippet":"max-snippet:-1","max-image-preview":"max-image-preview:large","max-video-preview":"max-video-preview:-1"},"canonical":"https:\/\/www.altercampagne.net\/?p=1889","og_locale":"fr_FR","og_type":"article","og_title":"R\u00e9flexions sur l'autogestion du mercredi 5 ao\u00fbt - AlterTour","og_description":"Compte-rendu sinon d\u00e9taill\u00e9, du moins circonstanci\u00e9 de la soir\u00e9e du mercredi 5 ao\u00fbt, en guise de journal de bord pour aujourd\u2019hui, ni plus, ni moins\u2026 Pour faire court, et aller donc derechef \u00e0 l\u2019essentiel &#8211; ce qui me co\u00fbte, mais les imp\u00e9ratifs de place ne me permettent aucune digression\u2026-, voici ... Read More","og_url":"https:\/\/www.altercampagne.net\/?p=1889","og_site_name":"AlterTour","article_published_time":"2015-08-06T21:04:13+00:00","article_modified_time":"2019-09-16T07:32:54+00:00","og_image":[{"width":902,"height":472,"url":"https:\/\/www.altercampagne.net\/wp-content\/uploads\/2015\/08\/2015-08-06_09.07.jpg","type":"image\/jpeg"}],"author":"Mathieu","twitter_card":"summary_large_image","twitter_misc":{"\u00c9crit par":"Mathieu","Dur\u00e9e de lecture estim\u00e9e":"2 minutes"},"schema":{"@context":"https:\/\/schema.org","@graph":[{"@type":"Article","@id":"https:\/\/www.altercampagne.net\/?p=1889#article","isPartOf":{"@id":"https:\/\/www.altercampagne.net\/?p=1889"},"author":{"name":"Mathieu","@id":"https:\/\/www.altercampagne.net\/#\/schema\/person\/0f261460c09e430caa0f9bcffa319109"},"headline":"R\u00e9flexions sur l&rsquo;autogestion du mercredi 5 ao\u00fbt","datePublished":"2015-08-06T21:04:13+00:00","dateModified":"2019-09-16T07:32:54+00:00","mainEntityOfPage":{"@id":"https:\/\/www.altercampagne.net\/?p=1889"},"wordCount":502,"image":{"@id":"https:\/\/www.altercampagne.net\/?p=1889#primaryimage"},"thumbnailUrl":"https:\/\/www.altercampagne.net\/wp-content\/uploads\/2015\/08\/2015-08-06_09.07.jpg","keywords":["autogestion","climat","AlterTour 2015","cop21","d\u00e9bat orthonorm\u00e9","2015","wallon","alterjournaliste"],"articleSection":["Belgique","\u00c9dition 2015"],"inLanguage":"fr-FR"},{"@type":"WebPage","@id":"https:\/\/www.altercampagne.net\/?p=1889","url":"https:\/\/www.altercampagne.net\/?p=1889","name":"R\u00e9flexions sur l'autogestion du mercredi 5 ao\u00fbt - AlterTour","isPartOf":{"@id":"https:\/\/www.altercampagne.net\/#website"},"primaryImageOfPage":{"@id":"https:\/\/www.altercampagne.net\/?p=1889#primaryimage"},"image":{"@id":"https:\/\/www.altercampagne.net\/?p=1889#primaryimage"},"thumbnailUrl":"https:\/\/www.altercampagne.net\/wp-content\/uploads\/2015\/08\/2015-08-06_09.07.jpg","datePublished":"2015-08-06T21:04:13+00:00","dateModified":"2019-09-16T07:32:54+00:00","author":{"@id":"https:\/\/www.altercampagne.net\/#\/schema\/person\/0f261460c09e430caa0f9bcffa319109"},"breadcrumb":{"@id":"https:\/\/www.altercampagne.net\/?p=1889#breadcrumb"},"inLanguage":"fr-FR","potentialAction":[{"@type":"ReadAction","target":["https:\/\/www.altercampagne.net\/?p=1889"]}]},{"@type":"ImageObject","inLanguage":"fr-FR","@id":"https:\/\/www.altercampagne.net\/?p=1889#primaryimage","url":"https:\/\/www.altercampagne.net\/wp-content\/uploads\/2015\/08\/2015-08-06_09.07.jpg","contentUrl":"https:\/\/www.altercampagne.net\/wp-content\/uploads\/2015\/08\/2015-08-06_09.07.jpg","width":902,"height":472},{"@type":"BreadcrumbList","@id":"https:\/\/www.altercampagne.net\/?p=1889#breadcrumb","itemListElement":[{"@type":"ListItem","position":1,"name":"Accueil","item":"https:\/\/www.altercampagne.net\/"},{"@type":"ListItem","position":2,"name":"R\u00e9flexions sur l&rsquo;autogestion du mercredi 5 ao\u00fbt"}]},{"@type":"WebSite","@id":"https:\/\/www.altercampagne.net\/#website","url":"https:\/\/www.altercampagne.net\/","name":"AlterTour","description":"Reliez les Alternatives \u00e0 v\u00e9lo","potentialAction":[{"@type":"SearchAction","target":{"@type":"EntryPoint","urlTemplate":"https:\/\/www.altercampagne.net\/?s={search_term_string}"},"query-input":{"@type":"PropertyValueSpecification","valueRequired":true,"valueName":"search_term_string"}}],"inLanguage":"fr-FR"},{"@type":"Person","@id":"https:\/\/www.altercampagne.net\/#\/schema\/person\/0f261460c09e430caa0f9bcffa319109","name":"Mathieu","image":{"@type":"ImageObject","inLanguage":"fr-FR","@id":"https:\/\/secure.gravatar.com\/avatar\/aa9d3d24c83f2141e5e2709d0f63d09a99f6be6bb7a50abc4915838d9f54501a?s=96&d=mm&r=g","url":"https:\/\/secure.gravatar.com\/avatar\/aa9d3d24c83f2141e5e2709d0f63d09a99f6be6bb7a50abc4915838d9f54501a?s=96&d=mm&r=g","contentUrl":"https:\/\/secure.gravatar.com\/avatar\/aa9d3d24c83f2141e5e2709d0f63d09a99f6be6bb7a50abc4915838d9f54501a?s=96&d=mm&r=g","caption":"Mathieu"},"url":"https:\/\/www.altercampagne.net\/?author=214"}]}},"_links":{"self":[{"href":"https:\/\/www.altercampagne.net\/index.php?rest_route=\/wp\/v2\/posts\/1889","targetHints":{"allow":["GET"]}}],"collection":[{"href":"https:\/\/www.altercampagne.net\/index.php?rest_route=\/wp\/v2\/posts"}],"about":[{"href":"https:\/\/www.altercampagne.net\/index.php?rest_route=\/wp\/v2\/types\/post"}],"author":[{"embeddable":true,"href":"https:\/\/www.altercampagne.net\/index.php?rest_route=\/wp\/v2\/users\/214"}],"replies":[{"embeddable":true,"href":"https:\/\/www.altercampagne.net\/index.php?rest_route=%2Fwp%2Fv2%2Fcomments&post=1889"}],"version-history":[{"count":0,"href":"https:\/\/www.altercampagne.net\/index.php?rest_route=\/wp\/v2\/posts\/1889\/revisions"}],"wp:featuredmedia":[{"embeddable":true,"href":"https:\/\/www.altercampagne.net\/index.php?rest_route=\/wp\/v2\/media\/15618"}],"wp:attachment":[{"href":"https:\/\/www.altercampagne.net\/index.php?rest_route=%2Fwp%2Fv2%2Fmedia&parent=1889"}],"wp:term":[{"taxonomy":"category","embeddable":true,"href":"https:\/\/www.altercampagne.net\/index.php?rest_route=%2Fwp%2Fv2%2Fcategories&post=1889"},{"taxonomy":"post_tag","embeddable":true,"href":"https:\/\/www.altercampagne.net\/index.php?rest_route=%2Fwp%2Fv2%2Ftags&post=1889"}],"curies":[{"name":"wp","href":"https:\/\/api.w.org\/{rel}","templated":true}]}}