{"id":18905,"date":"2020-07-10T14:19:00","date_gmt":"2020-07-10T12:19:00","guid":{"rendered":"http:\/\/www.altercampagne.net\/?p=18905"},"modified":"2021-05-06T10:39:42","modified_gmt":"2021-05-06T08:39:42","slug":"a-la-rencontre-du-chateau-partage-1-2","status":"publish","type":"post","link":"https:\/\/www.altercampagne.net\/?p=18905","title":{"rendered":"A la rencontre du ch\u00e2teau partag\u00e9 (1\/2)"},"content":{"rendered":"\n<p>Vendredi 10 juillet, le tour est \u00e0 peine parti que <strong>d\u00e9j\u00e0 les premiers cols se dressent<\/strong> face aux valeureux altercyclistes debout d\u00e8s l&rsquo;aube. Alertes et bard\u00e9s d\u2019id\u00e9aux, ils s&rsquo;\u00e9lancent pleins d&rsquo;\u00e9nergie \u00e0 l&rsquo;assaut des montagnes. C&rsquo;est s\u00fbr, l&rsquo;Is\u00e8re ne les aura pas \u00e0 l&rsquo;usure. A 8h00 tapante, les premiers coups de p\u00e9dale r\u00e9chauffent les jambes des athl\u00e8tes et \u00e0 8h02, la pente s&rsquo;\u00e9l\u00e8ve sans autre forme de proc\u00e8s. L&rsquo;\u00e9tape sera rude. <\/p>\n\n\n\n<figure class=\"wp-block-image size-large\"><img loading=\"lazy\" decoding=\"async\" width=\"1024\" height=\"680\" src=\"http:\/\/www.altercampagne.net\/wp-content\/uploads\/2020\/07\/DSC_0041-1024x680.jpg\" alt=\"\" class=\"wp-image-18932\"\/><\/figure>\n\n\n\n<h4 class=\"wp-block-heading\">Une journ\u00e9e \u00e9prouvante&#8230;<\/h4>\n\n\n\n<p>La troupe n&rsquo;a qu&rsquo;une id\u00e9e en t\u00eate : rallier Dullin et le<a href=\"http:\/\/www.lechateaupartage.fr\/\"> Ch\u00e2teau Partag\u00e9<\/a>. Tels d&rsquo;authentiques chevaliers en qu\u00eate d&rsquo;\u00e9pop\u00e9e collective,<strong> ils traversent la Chartreuse en danseuse<\/strong>. Entre sueurs, stupeur et quelques pleurs, les kilom\u00e8tres s&rsquo;enfilent au rythme des serre-files. Mieux que l&rsquo;assistance \u00e9lectrique, c&rsquo;est l&rsquo;<strong>assistance humaine<\/strong> qui a guid\u00e9 le groupe soud\u00e9 vers les sommets. Chacun entrainant son voisin pour d\u00e9passer ses limites et finalement voir se dresser face \u00e0 nous le Ch\u00e2teau. <\/p>\n\n\n\n<h4 class=\"wp-block-heading\">&#8230; pour une vision inspirante !<\/h4>\n\n\n\n<p>Apr\u00e8s une derni\u00e8re mont\u00e9e que n&rsquo;auraient pas reni\u00e9 les plus valeureux maillots \u00e0 pois, un d\u00e9licieux go\u00fbter nous attend avant la pr\u00e9sentation des lieux. <strong>Le Ch\u00e2teau Partag\u00e9 est un lieu de vie vieux de dix ans<\/strong> qui regroupe actuellement dix-huit personnes. C&rsquo;est une ancienne colonie de vacances qui a \u00e9t\u00e9 rachet\u00e9e et transform\u00e9e en six appartements lumineux. <strong>Les habitants gardent ainsi leur ind\u00e9pendance<\/strong> mais partagent \u00e9norm\u00e9ment de choses et d&rsquo;espaces communs. Ils se r\u00e9unissent tous les mardis pour discuter des projets collectifs, de leurs envies et de leurs ressentis. <br>Apr\u00e8s plusieurs essais au cours de ces dix derni\u00e8res ann\u00e9es, ils sont maintenant locataires de la SCI (<a href=\"https:\/\/www.journaldunet.fr\/patrimoine\/guide-de-l-immobilier\/1202271-sci-societe-civile-immobiliere-definition-et-avantages\/\">soci\u00e9t\u00e9 civile immobili\u00e8re<\/a>) qu&rsquo;ils ont fond\u00e9e. Leur <strong>loyer permet de garantir une caisse commune<\/strong> utilis\u00e9e pour les diff\u00e9rents travaux d&rsquo;entretien. <\/p>\n\n\n\n<p>A l&rsquo;heure d&rsquo;\u00e9crire ces quelques lignes, le four \u00e0 pain de Thomas, le boulanger, tourne \u00e0 plein r\u00e9gime pour <strong>remplir de pizzas les ventres affam\u00e9s<\/strong> des cyclistes. <br>Rendez-vous dans le prochain article pour d\u00e9couvrir les autres activit\u00e9s existantes sur le lieu. <\/p>\n","protected":false},"excerpt":{"rendered":"<p>Vendredi 10 juillet, le tour est \u00e0 peine parti que d\u00e9j\u00e0 les premiers cols se dressent face aux valeureux altercyclistes debout d\u00e8s l&rsquo;aube. Alertes et bard\u00e9s d\u2019id\u00e9aux, il s&rsquo;\u00e9lancent plein d&rsquo;\u00e9nergie \u00e0 l&rsquo;assaut des montagnes. C&rsquo;est sur, l&rsquo;Is\u00e8re ne les aura pas \u00e0 l&rsquo;usure. A 8h tapante, les premiers coups de p\u00e9dale r\u00e9chauffent les jambes des athl\u00e8tes et \u00e0 8h02, la pente s&rsquo;\u00e9l\u00e8ve sans autre forme de proc\u00e8s. L&rsquo;\u00e9tape sera rude.<\/p>\n","protected":false},"author":268,"featured_media":18930,"comment_status":"closed","ping_status":"closed","sticky":false,"template":"","format":"standard","meta":{"footnotes":""},"categories":[3471,4313,3967,3485],"tags":[818,4176,4182],"class_list":["post-18905","post","type-post","status-publish","format-standard","has-post-thumbnail","hentry","category-auvergne-rhone-alpes","category-altertour","category-edition-2020","category-habitat","tag-savoie","tag-dullin","tag-chateau-partage"],"yoast_head":"<!-- This site is optimized with the Yoast SEO plugin v27.3 - https:\/\/yoast.com\/product\/yoast-seo-wordpress\/ -->\n<title>A la rencontre du ch\u00e2teau partag\u00e9 (1\/2) - AlterTour<\/title>\n<meta name=\"robots\" content=\"index, follow, max-snippet:-1, max-image-preview:large, max-video-preview:-1\" \/>\n<link rel=\"canonical\" href=\"https:\/\/www.altercampagne.net\/?p=18905\" \/>\n<meta property=\"og:locale\" content=\"fr_FR\" \/>\n<meta property=\"og:type\" content=\"article\" \/>\n<meta property=\"og:title\" content=\"A la rencontre du ch\u00e2teau partag\u00e9 (1\/2) - AlterTour\" \/>\n<meta property=\"og:description\" content=\"Vendredi 10 juillet, le tour est \u00e0 peine parti que d\u00e9j\u00e0 les premiers cols se dressent face aux valeureux altercyclistes debout d\u00e8s l&#039;aube. Alertes et bard\u00e9s d\u2019id\u00e9aux, il s&#039;\u00e9lancent plein d&#039;\u00e9nergie \u00e0 l&#039;assaut des montagnes. C&#039;est sur, l&#039;Is\u00e8re ne les aura pas \u00e0 l&#039;usure. A 8h tapante, les premiers coups de p\u00e9dale r\u00e9chauffent les jambes des athl\u00e8tes et \u00e0 8h02, la pente s&#039;\u00e9l\u00e8ve sans autre forme de proc\u00e8s. L&#039;\u00e9tape sera rude.\" \/>\n<meta property=\"og:url\" content=\"https:\/\/www.altercampagne.net\/?p=18905\" \/>\n<meta property=\"og:site_name\" content=\"AlterTour\" \/>\n<meta property=\"article:published_time\" content=\"2020-07-10T12:19:00+00:00\" \/>\n<meta property=\"article:modified_time\" content=\"2021-05-06T08:39:42+00:00\" \/>\n<meta property=\"og:image\" content=\"https:\/\/www.altercampagne.net\/wp-content\/uploads\/2020\/07\/Chateau_partag\u00e9_1.jpg\" \/>\n\t<meta property=\"og:image:width\" content=\"1020\" \/>\n\t<meta property=\"og:image:height\" content=\"522\" \/>\n\t<meta property=\"og:image:type\" content=\"image\/jpeg\" \/>\n<meta name=\"author\" content=\"Ana\u00efs\" \/>\n<meta name=\"twitter:card\" content=\"summary_large_image\" \/>\n<meta name=\"twitter:label1\" content=\"\u00c9crit par\" \/>\n\t<meta name=\"twitter:data1\" content=\"Ana\u00efs\" \/>\n\t<meta name=\"twitter:label2\" content=\"Dur\u00e9e de lecture estim\u00e9e\" \/>\n\t<meta name=\"twitter:data2\" content=\"2 minutes\" \/>\n<script type=\"application\/ld+json\" class=\"yoast-schema-graph\">{\"@context\":\"https:\\\/\\\/schema.org\",\"@graph\":[{\"@type\":\"Article\",\"@id\":\"https:\\\/\\\/www.altercampagne.net\\\/?p=18905#article\",\"isPartOf\":{\"@id\":\"https:\\\/\\\/www.altercampagne.net\\\/?p=18905\"},\"author\":{\"name\":\"Ana\u00efs\",\"@id\":\"https:\\\/\\\/www.altercampagne.net\\\/#\\\/schema\\\/person\\\/a30a8baa8175bfc0a4112d137cce1f7e\"},\"headline\":\"A la rencontre du ch\u00e2teau partag\u00e9 (1\\\/2)\",\"datePublished\":\"2020-07-10T12:19:00+00:00\",\"dateModified\":\"2021-05-06T08:39:42+00:00\",\"mainEntityOfPage\":{\"@id\":\"https:\\\/\\\/www.altercampagne.net\\\/?p=18905\"},\"wordCount\":385,\"image\":{\"@id\":\"https:\\\/\\\/www.altercampagne.net\\\/?p=18905#primaryimage\"},\"thumbnailUrl\":\"https:\\\/\\\/www.altercampagne.net\\\/wp-content\\\/uploads\\\/2020\\\/07\\\/Chateau_partag\u00e9_1.jpg\",\"keywords\":[\"Savoie\",\"Dullin\",\"Ch\u00e2teau partag\u00e9\"],\"articleSection\":[\"Auvergne-Rh\u00f4ne-Alpes\",\"AlterTour\",\"Edition 2020\",\"Habitat\"],\"inLanguage\":\"fr-FR\"},{\"@type\":\"WebPage\",\"@id\":\"https:\\\/\\\/www.altercampagne.net\\\/?p=18905\",\"url\":\"https:\\\/\\\/www.altercampagne.net\\\/?p=18905\",\"name\":\"A la rencontre du ch\u00e2teau partag\u00e9 (1\\\/2) - AlterTour\",\"isPartOf\":{\"@id\":\"https:\\\/\\\/www.altercampagne.net\\\/#website\"},\"primaryImageOfPage\":{\"@id\":\"https:\\\/\\\/www.altercampagne.net\\\/?p=18905#primaryimage\"},\"image\":{\"@id\":\"https:\\\/\\\/www.altercampagne.net\\\/?p=18905#primaryimage\"},\"thumbnailUrl\":\"https:\\\/\\\/www.altercampagne.net\\\/wp-content\\\/uploads\\\/2020\\\/07\\\/Chateau_partag\u00e9_1.jpg\",\"datePublished\":\"2020-07-10T12:19:00+00:00\",\"dateModified\":\"2021-05-06T08:39:42+00:00\",\"author\":{\"@id\":\"https:\\\/\\\/www.altercampagne.net\\\/#\\\/schema\\\/person\\\/a30a8baa8175bfc0a4112d137cce1f7e\"},\"breadcrumb\":{\"@id\":\"https:\\\/\\\/www.altercampagne.net\\\/?p=18905#breadcrumb\"},\"inLanguage\":\"fr-FR\",\"potentialAction\":[{\"@type\":\"ReadAction\",\"target\":[\"https:\\\/\\\/www.altercampagne.net\\\/?p=18905\"]}]},{\"@type\":\"ImageObject\",\"inLanguage\":\"fr-FR\",\"@id\":\"https:\\\/\\\/www.altercampagne.net\\\/?p=18905#primaryimage\",\"url\":\"https:\\\/\\\/www.altercampagne.net\\\/wp-content\\\/uploads\\\/2020\\\/07\\\/Chateau_partag\u00e9_1.jpg\",\"contentUrl\":\"https:\\\/\\\/www.altercampagne.net\\\/wp-content\\\/uploads\\\/2020\\\/07\\\/Chateau_partag\u00e9_1.jpg\",\"width\":1020,\"height\":522},{\"@type\":\"BreadcrumbList\",\"@id\":\"https:\\\/\\\/www.altercampagne.net\\\/?p=18905#breadcrumb\",\"itemListElement\":[{\"@type\":\"ListItem\",\"position\":1,\"name\":\"Accueil\",\"item\":\"https:\\\/\\\/www.altercampagne.net\\\/\"},{\"@type\":\"ListItem\",\"position\":2,\"name\":\"A la rencontre du ch\u00e2teau partag\u00e9 (1\\\/2)\"}]},{\"@type\":\"WebSite\",\"@id\":\"https:\\\/\\\/www.altercampagne.net\\\/#website\",\"url\":\"https:\\\/\\\/www.altercampagne.net\\\/\",\"name\":\"AlterTour\",\"description\":\"Reliez les Alternatives \u00e0 v\u00e9lo\",\"potentialAction\":[{\"@type\":\"SearchAction\",\"target\":{\"@type\":\"EntryPoint\",\"urlTemplate\":\"https:\\\/\\\/www.altercampagne.net\\\/?s={search_term_string}\"},\"query-input\":{\"@type\":\"PropertyValueSpecification\",\"valueRequired\":true,\"valueName\":\"search_term_string\"}}],\"inLanguage\":\"fr-FR\"},{\"@type\":\"Person\",\"@id\":\"https:\\\/\\\/www.altercampagne.net\\\/#\\\/schema\\\/person\\\/a30a8baa8175bfc0a4112d137cce1f7e\",\"name\":\"Ana\u00efs\",\"image\":{\"@type\":\"ImageObject\",\"inLanguage\":\"fr-FR\",\"@id\":\"https:\\\/\\\/secure.gravatar.com\\\/avatar\\\/18dec56515bca61c0a9436d515ca3cedd61cc2631d5479560f52e382c4b005f8?s=96&d=mm&r=g\",\"url\":\"https:\\\/\\\/secure.gravatar.com\\\/avatar\\\/18dec56515bca61c0a9436d515ca3cedd61cc2631d5479560f52e382c4b005f8?s=96&d=mm&r=g\",\"contentUrl\":\"https:\\\/\\\/secure.gravatar.com\\\/avatar\\\/18dec56515bca61c0a9436d515ca3cedd61cc2631d5479560f52e382c4b005f8?s=96&d=mm&r=g\",\"caption\":\"Ana\u00efs\"},\"url\":\"https:\\\/\\\/www.altercampagne.net\\\/?author=268\"}]}<\/script>\n<!-- \/ Yoast SEO plugin. -->","yoast_head_json":{"title":"A la rencontre du ch\u00e2teau partag\u00e9 (1\/2) - AlterTour","robots":{"index":"index","follow":"follow","max-snippet":"max-snippet:-1","max-image-preview":"max-image-preview:large","max-video-preview":"max-video-preview:-1"},"canonical":"https:\/\/www.altercampagne.net\/?p=18905","og_locale":"fr_FR","og_type":"article","og_title":"A la rencontre du ch\u00e2teau partag\u00e9 (1\/2) - AlterTour","og_description":"Vendredi 10 juillet, le tour est \u00e0 peine parti que d\u00e9j\u00e0 les premiers cols se dressent face aux valeureux altercyclistes debout d\u00e8s l'aube. Alertes et bard\u00e9s d\u2019id\u00e9aux, il s'\u00e9lancent plein d'\u00e9nergie \u00e0 l'assaut des montagnes. C'est sur, l'Is\u00e8re ne les aura pas \u00e0 l'usure. A 8h tapante, les premiers coups de p\u00e9dale r\u00e9chauffent les jambes des athl\u00e8tes et \u00e0 8h02, la pente s'\u00e9l\u00e8ve sans autre forme de proc\u00e8s. L'\u00e9tape sera rude.","og_url":"https:\/\/www.altercampagne.net\/?p=18905","og_site_name":"AlterTour","article_published_time":"2020-07-10T12:19:00+00:00","article_modified_time":"2021-05-06T08:39:42+00:00","og_image":[{"width":1020,"height":522,"url":"https:\/\/www.altercampagne.net\/wp-content\/uploads\/2020\/07\/Chateau_partag\u00e9_1.jpg","type":"image\/jpeg"}],"author":"Ana\u00efs","twitter_card":"summary_large_image","twitter_misc":{"\u00c9crit par":"Ana\u00efs","Dur\u00e9e de lecture estim\u00e9e":"2 minutes"},"schema":{"@context":"https:\/\/schema.org","@graph":[{"@type":"Article","@id":"https:\/\/www.altercampagne.net\/?p=18905#article","isPartOf":{"@id":"https:\/\/www.altercampagne.net\/?p=18905"},"author":{"name":"Ana\u00efs","@id":"https:\/\/www.altercampagne.net\/#\/schema\/person\/a30a8baa8175bfc0a4112d137cce1f7e"},"headline":"A la rencontre du ch\u00e2teau partag\u00e9 (1\/2)","datePublished":"2020-07-10T12:19:00+00:00","dateModified":"2021-05-06T08:39:42+00:00","mainEntityOfPage":{"@id":"https:\/\/www.altercampagne.net\/?p=18905"},"wordCount":385,"image":{"@id":"https:\/\/www.altercampagne.net\/?p=18905#primaryimage"},"thumbnailUrl":"https:\/\/www.altercampagne.net\/wp-content\/uploads\/2020\/07\/Chateau_partag\u00e9_1.jpg","keywords":["Savoie","Dullin","Ch\u00e2teau partag\u00e9"],"articleSection":["Auvergne-Rh\u00f4ne-Alpes","AlterTour","Edition 2020","Habitat"],"inLanguage":"fr-FR"},{"@type":"WebPage","@id":"https:\/\/www.altercampagne.net\/?p=18905","url":"https:\/\/www.altercampagne.net\/?p=18905","name":"A la rencontre du ch\u00e2teau partag\u00e9 (1\/2) - AlterTour","isPartOf":{"@id":"https:\/\/www.altercampagne.net\/#website"},"primaryImageOfPage":{"@id":"https:\/\/www.altercampagne.net\/?p=18905#primaryimage"},"image":{"@id":"https:\/\/www.altercampagne.net\/?p=18905#primaryimage"},"thumbnailUrl":"https:\/\/www.altercampagne.net\/wp-content\/uploads\/2020\/07\/Chateau_partag\u00e9_1.jpg","datePublished":"2020-07-10T12:19:00+00:00","dateModified":"2021-05-06T08:39:42+00:00","author":{"@id":"https:\/\/www.altercampagne.net\/#\/schema\/person\/a30a8baa8175bfc0a4112d137cce1f7e"},"breadcrumb":{"@id":"https:\/\/www.altercampagne.net\/?p=18905#breadcrumb"},"inLanguage":"fr-FR","potentialAction":[{"@type":"ReadAction","target":["https:\/\/www.altercampagne.net\/?p=18905"]}]},{"@type":"ImageObject","inLanguage":"fr-FR","@id":"https:\/\/www.altercampagne.net\/?p=18905#primaryimage","url":"https:\/\/www.altercampagne.net\/wp-content\/uploads\/2020\/07\/Chateau_partag\u00e9_1.jpg","contentUrl":"https:\/\/www.altercampagne.net\/wp-content\/uploads\/2020\/07\/Chateau_partag\u00e9_1.jpg","width":1020,"height":522},{"@type":"BreadcrumbList","@id":"https:\/\/www.altercampagne.net\/?p=18905#breadcrumb","itemListElement":[{"@type":"ListItem","position":1,"name":"Accueil","item":"https:\/\/www.altercampagne.net\/"},{"@type":"ListItem","position":2,"name":"A la rencontre du ch\u00e2teau partag\u00e9 (1\/2)"}]},{"@type":"WebSite","@id":"https:\/\/www.altercampagne.net\/#website","url":"https:\/\/www.altercampagne.net\/","name":"AlterTour","description":"Reliez les Alternatives \u00e0 v\u00e9lo","potentialAction":[{"@type":"SearchAction","target":{"@type":"EntryPoint","urlTemplate":"https:\/\/www.altercampagne.net\/?s={search_term_string}"},"query-input":{"@type":"PropertyValueSpecification","valueRequired":true,"valueName":"search_term_string"}}],"inLanguage":"fr-FR"},{"@type":"Person","@id":"https:\/\/www.altercampagne.net\/#\/schema\/person\/a30a8baa8175bfc0a4112d137cce1f7e","name":"Ana\u00efs","image":{"@type":"ImageObject","inLanguage":"fr-FR","@id":"https:\/\/secure.gravatar.com\/avatar\/18dec56515bca61c0a9436d515ca3cedd61cc2631d5479560f52e382c4b005f8?s=96&d=mm&r=g","url":"https:\/\/secure.gravatar.com\/avatar\/18dec56515bca61c0a9436d515ca3cedd61cc2631d5479560f52e382c4b005f8?s=96&d=mm&r=g","contentUrl":"https:\/\/secure.gravatar.com\/avatar\/18dec56515bca61c0a9436d515ca3cedd61cc2631d5479560f52e382c4b005f8?s=96&d=mm&r=g","caption":"Ana\u00efs"},"url":"https:\/\/www.altercampagne.net\/?author=268"}]}},"_links":{"self":[{"href":"https:\/\/www.altercampagne.net\/index.php?rest_route=\/wp\/v2\/posts\/18905","targetHints":{"allow":["GET"]}}],"collection":[{"href":"https:\/\/www.altercampagne.net\/index.php?rest_route=\/wp\/v2\/posts"}],"about":[{"href":"https:\/\/www.altercampagne.net\/index.php?rest_route=\/wp\/v2\/types\/post"}],"author":[{"embeddable":true,"href":"https:\/\/www.altercampagne.net\/index.php?rest_route=\/wp\/v2\/users\/268"}],"replies":[{"embeddable":true,"href":"https:\/\/www.altercampagne.net\/index.php?rest_route=%2Fwp%2Fv2%2Fcomments&post=18905"}],"version-history":[{"count":10,"href":"https:\/\/www.altercampagne.net\/index.php?rest_route=\/wp\/v2\/posts\/18905\/revisions"}],"predecessor-version":[{"id":18941,"href":"https:\/\/www.altercampagne.net\/index.php?rest_route=\/wp\/v2\/posts\/18905\/revisions\/18941"}],"wp:featuredmedia":[{"embeddable":true,"href":"https:\/\/www.altercampagne.net\/index.php?rest_route=\/wp\/v2\/media\/18930"}],"wp:attachment":[{"href":"https:\/\/www.altercampagne.net\/index.php?rest_route=%2Fwp%2Fv2%2Fmedia&parent=18905"}],"wp:term":[{"taxonomy":"category","embeddable":true,"href":"https:\/\/www.altercampagne.net\/index.php?rest_route=%2Fwp%2Fv2%2Fcategories&post=18905"},{"taxonomy":"post_tag","embeddable":true,"href":"https:\/\/www.altercampagne.net\/index.php?rest_route=%2Fwp%2Fv2%2Ftags&post=18905"}],"curies":[{"name":"wp","href":"https:\/\/api.w.org\/{rel}","templated":true}]}}