{"id":18919,"date":"2020-07-11T11:07:00","date_gmt":"2020-07-11T09:07:00","guid":{"rendered":"http:\/\/www.altercampagne.net\/?p=18919"},"modified":"2021-05-06T10:39:42","modified_gmt":"2021-05-06T08:39:42","slug":"a-la-rencontre-du-chateau-partage-2","status":"publish","type":"post","link":"https:\/\/www.altercampagne.net\/?p=18919","title":{"rendered":"A la rencontre du Ch\u00e2teau Partag\u00e9 (2\/2)"},"content":{"rendered":"\n<h4 class=\"wp-block-heading\">Du four au bois, du bois a la charrette, de la charrette \u00e0 Radieuse&#8230;.<\/h4>\n\n\n\n<p>Radieuse, c&rsquo;est le cheval de traie, une puissante comtoise. Elle est bien mise, comme on dit dans le m\u00e9tier, pour tracter les 6 st\u00e8res de bois de ce jour. Elle ne tire pas la charrette, elle la pousse. Elle op\u00e8re un appui dense de tout son poids au niveau du collier plac\u00e9 \u00e0 hauteur d&rsquo;\u00e9paule. <br>Elle se concentre et hop ! Et l\u00e0,&nbsp;la notion de muscle saillant prend tout son sens. La charrette se met \u00e0 bouger. <strong>Nous sommes babas<\/strong>.&nbsp;<\/p>\n\n\n\n<h4 class=\"wp-block-heading\">Un cheval, du pain&#8230;<\/h4>\n\n\n\n<p>En chiffre \u00e7a fait 30 st\u00e8res de bois tract\u00e9es par ann\u00e9e \u00e0 raison de 6 st\u00e8res par charrette. Je vous laisse compter le nombre de fois o\u00f9 Radieuse \u00e9pate de ses muscles saillants et de sa tranquille force.&nbsp;Des chiffres encore ?&nbsp;\u00c7a fait environ<strong> 250 kgs de pain par semaine<\/strong> cuits \u00e0 la Fournilli\u00e8re, dans un <strong>four \u00e0 gueulard auto-construit<\/strong>. <br>Pour faire un four \u00e0 gueulard tu prends du sable, tu prends des briques, tu poses tes briques avec du ciment r\u00e9fractaire, tu chiades ta cl\u00e9 de vo\u00fbte, t&rsquo;attends trois jours et <strong>tu pries le ciel quand t&rsquo;enl\u00e8ves le sable&#8230;<\/strong>&nbsp;<br><\/p>\n\n\n\n<h4 class=\"wp-block-heading\">&#8230;et tellement d&rsquo;autres choses ! <\/h4>\n\n\n\n<p>Je vous parle du four, du pain, de Radieuse et pourtant il y a bien d&rsquo;autres choses. Mais pour visiter l&rsquo;habitat group\u00e9 et ses activit\u00e9s \u00e9conomiques l&rsquo;AlterTour s&rsquo;est d\u00e9group\u00e9 dans <strong>diff\u00e9rents ateliers<\/strong> et moi j&rsquo;\u00e9tais avec Radieuse !&nbsp;<br> Je sais tout de m\u00eame qu&rsquo;il y avait un atelier binage avec le mara\u00eecher et un atelier visite de l&rsquo;habitat avec Magda, qui nous a parl\u00e9 du <strong>mode de gouvernance du ch\u00e2teau<\/strong>, du syst\u00e8me juridique, de leur r\u00e9union mensuelle&#8230; Il y aurait beaucoup \u00e0 dire mais l\u00e0, la bi\u00e8re est servie ! <\/p>\n\n\n\n<p>Vous pouvez trouver des infos sur le site du <a href=\"http:\/\/www.lechateaupartage.fr\/\">ch\u00e2teau<\/a>. &nbsp; <br>Merci \u00e0 nos accueillants pour leur g\u00e9n\u00e9reuses infos pr\u00e9cieuses&#8230; et radieuses.&nbsp;<\/p>\n\n\n\n<p class=\"has-text-align-right\"><em>Manoell<\/em><\/p>\n","protected":false},"excerpt":{"rendered":"<p>Du four au bois, du bois a la charrette, de la charrette \u00e0 Radieuse&#8230;.<\/p>\n","protected":false},"author":215,"featured_media":18971,"comment_status":"closed","ping_status":"closed","sticky":false,"template":"","format":"standard","meta":{"footnotes":""},"categories":[3471,3483,4313,3967,3485,3540],"tags":[818,4176,4182],"class_list":["post-18919","post","type-post","status-publish","format-standard","has-post-thumbnail","hentry","category-auvergne-rhone-alpes","category-agriculture","category-altertour","category-edition-2020","category-habitat","category-transverse","tag-savoie","tag-dullin","tag-chateau-partage"],"yoast_head":"<!-- This site is optimized with the Yoast SEO plugin v27.3 - https:\/\/yoast.com\/product\/yoast-seo-wordpress\/ -->\n<title>A la rencontre du Ch\u00e2teau Partag\u00e9 (2\/2) - AlterTour<\/title>\n<meta name=\"robots\" content=\"index, follow, max-snippet:-1, max-image-preview:large, max-video-preview:-1\" \/>\n<link rel=\"canonical\" href=\"https:\/\/www.altercampagne.net\/?p=18919\" \/>\n<meta property=\"og:locale\" content=\"fr_FR\" \/>\n<meta property=\"og:type\" content=\"article\" \/>\n<meta property=\"og:title\" content=\"A la rencontre du Ch\u00e2teau Partag\u00e9 (2\/2) - AlterTour\" \/>\n<meta property=\"og:description\" content=\"Du four au bois, du bois a la charrette, de la charrette \u00e0 Radieuse....\" \/>\n<meta property=\"og:url\" content=\"https:\/\/www.altercampagne.net\/?p=18919\" \/>\n<meta property=\"og:site_name\" content=\"AlterTour\" \/>\n<meta property=\"article:published_time\" content=\"2020-07-11T09:07:00+00:00\" \/>\n<meta property=\"article:modified_time\" content=\"2021-05-06T08:39:42+00:00\" \/>\n<meta property=\"og:image\" content=\"https:\/\/www.altercampagne.net\/wp-content\/uploads\/2020\/07\/2020-07-11-Chateau-partag\u00e9-Sans-titre-1024x689-1.jpg\" \/>\n\t<meta property=\"og:image:width\" content=\"600\" \/>\n\t<meta property=\"og:image:height\" content=\"313\" \/>\n\t<meta property=\"og:image:type\" content=\"image\/jpeg\" \/>\n<meta name=\"author\" content=\"AlterTour\" \/>\n<meta name=\"twitter:card\" content=\"summary_large_image\" \/>\n<meta name=\"twitter:label1\" content=\"\u00c9crit par\" \/>\n\t<meta name=\"twitter:data1\" content=\"AlterTour\" \/>\n\t<meta name=\"twitter:label2\" content=\"Dur\u00e9e de lecture estim\u00e9e\" \/>\n\t<meta name=\"twitter:data2\" content=\"2 minutes\" \/>\n<script type=\"application\/ld+json\" class=\"yoast-schema-graph\">{\"@context\":\"https:\\\/\\\/schema.org\",\"@graph\":[{\"@type\":\"Article\",\"@id\":\"https:\\\/\\\/www.altercampagne.net\\\/?p=18919#article\",\"isPartOf\":{\"@id\":\"https:\\\/\\\/www.altercampagne.net\\\/?p=18919\"},\"author\":{\"name\":\"AlterTour\",\"@id\":\"https:\\\/\\\/www.altercampagne.net\\\/#\\\/schema\\\/person\\\/e5b68c803196f649c2152249d262d94a\"},\"headline\":\"A la rencontre du Ch\u00e2teau Partag\u00e9 (2\\\/2)\",\"datePublished\":\"2020-07-11T09:07:00+00:00\",\"dateModified\":\"2021-05-06T08:39:42+00:00\",\"mainEntityOfPage\":{\"@id\":\"https:\\\/\\\/www.altercampagne.net\\\/?p=18919\"},\"wordCount\":350,\"image\":{\"@id\":\"https:\\\/\\\/www.altercampagne.net\\\/?p=18919#primaryimage\"},\"thumbnailUrl\":\"https:\\\/\\\/www.altercampagne.net\\\/wp-content\\\/uploads\\\/2020\\\/07\\\/2020-07-11-Chateau-partag\u00e9-Sans-titre-1024x689-1.jpg\",\"keywords\":[\"Savoie\",\"Dullin\",\"Ch\u00e2teau partag\u00e9\"],\"articleSection\":[\"Auvergne-Rh\u00f4ne-Alpes\",\"Agriculture\",\"AlterTour\",\"Edition 2020\",\"Habitat\",\"Transverse\"],\"inLanguage\":\"fr-FR\"},{\"@type\":\"WebPage\",\"@id\":\"https:\\\/\\\/www.altercampagne.net\\\/?p=18919\",\"url\":\"https:\\\/\\\/www.altercampagne.net\\\/?p=18919\",\"name\":\"A la rencontre du Ch\u00e2teau Partag\u00e9 (2\\\/2) - AlterTour\",\"isPartOf\":{\"@id\":\"https:\\\/\\\/www.altercampagne.net\\\/#website\"},\"primaryImageOfPage\":{\"@id\":\"https:\\\/\\\/www.altercampagne.net\\\/?p=18919#primaryimage\"},\"image\":{\"@id\":\"https:\\\/\\\/www.altercampagne.net\\\/?p=18919#primaryimage\"},\"thumbnailUrl\":\"https:\\\/\\\/www.altercampagne.net\\\/wp-content\\\/uploads\\\/2020\\\/07\\\/2020-07-11-Chateau-partag\u00e9-Sans-titre-1024x689-1.jpg\",\"datePublished\":\"2020-07-11T09:07:00+00:00\",\"dateModified\":\"2021-05-06T08:39:42+00:00\",\"author\":{\"@id\":\"https:\\\/\\\/www.altercampagne.net\\\/#\\\/schema\\\/person\\\/e5b68c803196f649c2152249d262d94a\"},\"breadcrumb\":{\"@id\":\"https:\\\/\\\/www.altercampagne.net\\\/?p=18919#breadcrumb\"},\"inLanguage\":\"fr-FR\",\"potentialAction\":[{\"@type\":\"ReadAction\",\"target\":[\"https:\\\/\\\/www.altercampagne.net\\\/?p=18919\"]}]},{\"@type\":\"ImageObject\",\"inLanguage\":\"fr-FR\",\"@id\":\"https:\\\/\\\/www.altercampagne.net\\\/?p=18919#primaryimage\",\"url\":\"https:\\\/\\\/www.altercampagne.net\\\/wp-content\\\/uploads\\\/2020\\\/07\\\/2020-07-11-Chateau-partag\u00e9-Sans-titre-1024x689-1.jpg\",\"contentUrl\":\"https:\\\/\\\/www.altercampagne.net\\\/wp-content\\\/uploads\\\/2020\\\/07\\\/2020-07-11-Chateau-partag\u00e9-Sans-titre-1024x689-1.jpg\",\"width\":600,\"height\":313},{\"@type\":\"BreadcrumbList\",\"@id\":\"https:\\\/\\\/www.altercampagne.net\\\/?p=18919#breadcrumb\",\"itemListElement\":[{\"@type\":\"ListItem\",\"position\":1,\"name\":\"Accueil\",\"item\":\"https:\\\/\\\/www.altercampagne.net\\\/\"},{\"@type\":\"ListItem\",\"position\":2,\"name\":\"A la rencontre du Ch\u00e2teau Partag\u00e9 (2\\\/2)\"}]},{\"@type\":\"WebSite\",\"@id\":\"https:\\\/\\\/www.altercampagne.net\\\/#website\",\"url\":\"https:\\\/\\\/www.altercampagne.net\\\/\",\"name\":\"AlterTour\",\"description\":\"Reliez les Alternatives \u00e0 v\u00e9lo\",\"potentialAction\":[{\"@type\":\"SearchAction\",\"target\":{\"@type\":\"EntryPoint\",\"urlTemplate\":\"https:\\\/\\\/www.altercampagne.net\\\/?s={search_term_string}\"},\"query-input\":{\"@type\":\"PropertyValueSpecification\",\"valueRequired\":true,\"valueName\":\"search_term_string\"}}],\"inLanguage\":\"fr-FR\"},{\"@type\":\"Person\",\"@id\":\"https:\\\/\\\/www.altercampagne.net\\\/#\\\/schema\\\/person\\\/e5b68c803196f649c2152249d262d94a\",\"name\":\"AlterTour\",\"image\":{\"@type\":\"ImageObject\",\"inLanguage\":\"fr-FR\",\"@id\":\"https:\\\/\\\/secure.gravatar.com\\\/avatar\\\/3f2ed77f8506b8ea264ad5938bb0114bfa10f35b64086a66dfbb6e9f58ad9693?s=96&d=mm&r=g\",\"url\":\"https:\\\/\\\/secure.gravatar.com\\\/avatar\\\/3f2ed77f8506b8ea264ad5938bb0114bfa10f35b64086a66dfbb6e9f58ad9693?s=96&d=mm&r=g\",\"contentUrl\":\"https:\\\/\\\/secure.gravatar.com\\\/avatar\\\/3f2ed77f8506b8ea264ad5938bb0114bfa10f35b64086a66dfbb6e9f58ad9693?s=96&d=mm&r=g\",\"caption\":\"AlterTour\"},\"url\":\"https:\\\/\\\/www.altercampagne.net\\\/?author=215\"}]}<\/script>\n<!-- \/ Yoast SEO plugin. -->","yoast_head_json":{"title":"A la rencontre du Ch\u00e2teau Partag\u00e9 (2\/2) - AlterTour","robots":{"index":"index","follow":"follow","max-snippet":"max-snippet:-1","max-image-preview":"max-image-preview:large","max-video-preview":"max-video-preview:-1"},"canonical":"https:\/\/www.altercampagne.net\/?p=18919","og_locale":"fr_FR","og_type":"article","og_title":"A la rencontre du Ch\u00e2teau Partag\u00e9 (2\/2) - AlterTour","og_description":"Du four au bois, du bois a la charrette, de la charrette \u00e0 Radieuse....","og_url":"https:\/\/www.altercampagne.net\/?p=18919","og_site_name":"AlterTour","article_published_time":"2020-07-11T09:07:00+00:00","article_modified_time":"2021-05-06T08:39:42+00:00","og_image":[{"width":600,"height":313,"url":"https:\/\/www.altercampagne.net\/wp-content\/uploads\/2020\/07\/2020-07-11-Chateau-partag\u00e9-Sans-titre-1024x689-1.jpg","type":"image\/jpeg"}],"author":"AlterTour","twitter_card":"summary_large_image","twitter_misc":{"\u00c9crit par":"AlterTour","Dur\u00e9e de lecture estim\u00e9e":"2 minutes"},"schema":{"@context":"https:\/\/schema.org","@graph":[{"@type":"Article","@id":"https:\/\/www.altercampagne.net\/?p=18919#article","isPartOf":{"@id":"https:\/\/www.altercampagne.net\/?p=18919"},"author":{"name":"AlterTour","@id":"https:\/\/www.altercampagne.net\/#\/schema\/person\/e5b68c803196f649c2152249d262d94a"},"headline":"A la rencontre du Ch\u00e2teau Partag\u00e9 (2\/2)","datePublished":"2020-07-11T09:07:00+00:00","dateModified":"2021-05-06T08:39:42+00:00","mainEntityOfPage":{"@id":"https:\/\/www.altercampagne.net\/?p=18919"},"wordCount":350,"image":{"@id":"https:\/\/www.altercampagne.net\/?p=18919#primaryimage"},"thumbnailUrl":"https:\/\/www.altercampagne.net\/wp-content\/uploads\/2020\/07\/2020-07-11-Chateau-partag\u00e9-Sans-titre-1024x689-1.jpg","keywords":["Savoie","Dullin","Ch\u00e2teau partag\u00e9"],"articleSection":["Auvergne-Rh\u00f4ne-Alpes","Agriculture","AlterTour","Edition 2020","Habitat","Transverse"],"inLanguage":"fr-FR"},{"@type":"WebPage","@id":"https:\/\/www.altercampagne.net\/?p=18919","url":"https:\/\/www.altercampagne.net\/?p=18919","name":"A la rencontre du Ch\u00e2teau Partag\u00e9 (2\/2) - AlterTour","isPartOf":{"@id":"https:\/\/www.altercampagne.net\/#website"},"primaryImageOfPage":{"@id":"https:\/\/www.altercampagne.net\/?p=18919#primaryimage"},"image":{"@id":"https:\/\/www.altercampagne.net\/?p=18919#primaryimage"},"thumbnailUrl":"https:\/\/www.altercampagne.net\/wp-content\/uploads\/2020\/07\/2020-07-11-Chateau-partag\u00e9-Sans-titre-1024x689-1.jpg","datePublished":"2020-07-11T09:07:00+00:00","dateModified":"2021-05-06T08:39:42+00:00","author":{"@id":"https:\/\/www.altercampagne.net\/#\/schema\/person\/e5b68c803196f649c2152249d262d94a"},"breadcrumb":{"@id":"https:\/\/www.altercampagne.net\/?p=18919#breadcrumb"},"inLanguage":"fr-FR","potentialAction":[{"@type":"ReadAction","target":["https:\/\/www.altercampagne.net\/?p=18919"]}]},{"@type":"ImageObject","inLanguage":"fr-FR","@id":"https:\/\/www.altercampagne.net\/?p=18919#primaryimage","url":"https:\/\/www.altercampagne.net\/wp-content\/uploads\/2020\/07\/2020-07-11-Chateau-partag\u00e9-Sans-titre-1024x689-1.jpg","contentUrl":"https:\/\/www.altercampagne.net\/wp-content\/uploads\/2020\/07\/2020-07-11-Chateau-partag\u00e9-Sans-titre-1024x689-1.jpg","width":600,"height":313},{"@type":"BreadcrumbList","@id":"https:\/\/www.altercampagne.net\/?p=18919#breadcrumb","itemListElement":[{"@type":"ListItem","position":1,"name":"Accueil","item":"https:\/\/www.altercampagne.net\/"},{"@type":"ListItem","position":2,"name":"A la rencontre du Ch\u00e2teau Partag\u00e9 (2\/2)"}]},{"@type":"WebSite","@id":"https:\/\/www.altercampagne.net\/#website","url":"https:\/\/www.altercampagne.net\/","name":"AlterTour","description":"Reliez les Alternatives \u00e0 v\u00e9lo","potentialAction":[{"@type":"SearchAction","target":{"@type":"EntryPoint","urlTemplate":"https:\/\/www.altercampagne.net\/?s={search_term_string}"},"query-input":{"@type":"PropertyValueSpecification","valueRequired":true,"valueName":"search_term_string"}}],"inLanguage":"fr-FR"},{"@type":"Person","@id":"https:\/\/www.altercampagne.net\/#\/schema\/person\/e5b68c803196f649c2152249d262d94a","name":"AlterTour","image":{"@type":"ImageObject","inLanguage":"fr-FR","@id":"https:\/\/secure.gravatar.com\/avatar\/3f2ed77f8506b8ea264ad5938bb0114bfa10f35b64086a66dfbb6e9f58ad9693?s=96&d=mm&r=g","url":"https:\/\/secure.gravatar.com\/avatar\/3f2ed77f8506b8ea264ad5938bb0114bfa10f35b64086a66dfbb6e9f58ad9693?s=96&d=mm&r=g","contentUrl":"https:\/\/secure.gravatar.com\/avatar\/3f2ed77f8506b8ea264ad5938bb0114bfa10f35b64086a66dfbb6e9f58ad9693?s=96&d=mm&r=g","caption":"AlterTour"},"url":"https:\/\/www.altercampagne.net\/?author=215"}]}},"_links":{"self":[{"href":"https:\/\/www.altercampagne.net\/index.php?rest_route=\/wp\/v2\/posts\/18919","targetHints":{"allow":["GET"]}}],"collection":[{"href":"https:\/\/www.altercampagne.net\/index.php?rest_route=\/wp\/v2\/posts"}],"about":[{"href":"https:\/\/www.altercampagne.net\/index.php?rest_route=\/wp\/v2\/types\/post"}],"author":[{"embeddable":true,"href":"https:\/\/www.altercampagne.net\/index.php?rest_route=\/wp\/v2\/users\/215"}],"replies":[{"embeddable":true,"href":"https:\/\/www.altercampagne.net\/index.php?rest_route=%2Fwp%2Fv2%2Fcomments&post=18919"}],"version-history":[{"count":7,"href":"https:\/\/www.altercampagne.net\/index.php?rest_route=\/wp\/v2\/posts\/18919\/revisions"}],"predecessor-version":[{"id":19049,"href":"https:\/\/www.altercampagne.net\/index.php?rest_route=\/wp\/v2\/posts\/18919\/revisions\/19049"}],"wp:featuredmedia":[{"embeddable":true,"href":"https:\/\/www.altercampagne.net\/index.php?rest_route=\/wp\/v2\/media\/18971"}],"wp:attachment":[{"href":"https:\/\/www.altercampagne.net\/index.php?rest_route=%2Fwp%2Fv2%2Fmedia&parent=18919"}],"wp:term":[{"taxonomy":"category","embeddable":true,"href":"https:\/\/www.altercampagne.net\/index.php?rest_route=%2Fwp%2Fv2%2Fcategories&post=18919"},{"taxonomy":"post_tag","embeddable":true,"href":"https:\/\/www.altercampagne.net\/index.php?rest_route=%2Fwp%2Fv2%2Ftags&post=18919"}],"curies":[{"name":"wp","href":"https:\/\/api.w.org\/{rel}","templated":true}]}}