{"id":1894,"date":"2015-07-29T23:13:58","date_gmt":"2015-07-29T21:13:58","guid":{"rendered":"http:\/\/www.altercampagne.net\/?p=1894"},"modified":"2019-09-16T09:58:49","modified_gmt":"2019-09-16T07:58:49","slug":"20-aout-de-bure-a-pierre-la-treiche","status":"publish","type":"post","link":"https:\/\/www.altercampagne.net\/?p=1894","title":{"rendered":"\u00c9tape du 20 juillet : De Bure \u00e0 Pierre-la-Treiche"},"content":{"rendered":"<p>Pour la premi\u00e8re grosse journ\u00e9e (environ 60 km) nous avions un temps id\u00e9al\u00a0: plut\u00f4t nuageux le matin, plus ensoleill\u00e9 l&rsquo;apr\u00e8s-midi, chaleur supportable, petit vent agr\u00e9able, des vus \u00e9tendues sur des paysages vallon\u00e9s de cultures et quelques passages rafra\u00eechissants en for\u00eat. En partant, nous avons fait le d\u00e9tour par le site du laboratoire de stockage de d\u00e9chets nucl\u00e9aires de Bure pour dire au revoir aux veilleurs de Bure Stop qui campent devant. Par leur pr\u00e9sence ils rappellent que tous ne sont pas d&rsquo;accord avec ce projet.<\/p>\n<p>\u00c0 la premi\u00e8re pause dans un village, deux habitants sont venus nous encourager puis nous faire part de leurs difficult\u00e9s personnelles. Le lien social, c&rsquo;est aussi \u00e7a.<\/p>\n<p>\u00c0 la pause de midi, \u00e0 Rigny-la-Salle, nous d\u00e9couvrions une fontaine d&rsquo;eau potable avec un grand lavoir, certains ont m\u00eame plong\u00e9 dedans. D&rsquo;autres ont profit\u00e9 d&rsquo;une visite de l&rsquo;\u00e9glise par une habitante, construite de 1506 \u00e0 1512 sous l&rsquo;\u00e9gide de l&rsquo;\u00e9v\u00eaque Hugues des Hazards.<\/p>\n<p>Apr\u00e8s deux tron\u00e7ons assez courts nous sommes arriv\u00e9s \u00e0 Pierre-la-Treiche, village de 500 habitants pr\u00e8s de Toul, dans la <a href=\"http:\/\/fermelachaudeau.canalblog.com\/\" target=\"_blank\" rel=\"noopener noreferrer\"><strong>Ferme de la Chaudeau<\/strong><\/a> de S\u00e9bastien et Lucile. Depuis deux ans ils ont repris une ferme industrielle sinistr\u00e9e par la temp\u00eate de 1999 puis abandonn\u00e9e et finalement rachet\u00e9e par <a href=\"http:\/\/www.terredeliens.org\/\" target=\"_blank\" rel=\"noopener noreferrer\"><strong>Terre de Liens<\/strong><\/a>. Cette association, comme on nous a expliqu\u00e9, est financ\u00e9e par des dons et des souscriptions de parts sociales. Elle ach\u00e8te des terres agricoles pour permettre l&rsquo;installation de jeunes agriculteurs et p\u00e9renniser ainsi l&rsquo;usage de ces terres.<\/p>\n<p>Le maire et le d\u00e9put\u00e9 sont \u00e9galement intervenus, leurs position ont suscit\u00e9 un d\u00e9bat qui s&rsquo;est prolong\u00e9, pour certains, jusqu&rsquo;\u00e0 la nuit. Une visite de la ferme de mara\u00eechage bio maintenant, qui comprend aussi la culture et la transformation de safran, \u00e9tait fort instructive. S\u00e9bastien nous a montr\u00e9 ses exp\u00e9riences, par exemple treiller\u00a0(faire courir sur un fil vertical) ses concombres pour optimiser la place. Il a \u00e9voqu\u00e9 les al\u00e9as qu&rsquo;il ne ma\u00eetrise pas\u00a0: l&rsquo;ann\u00e9e derni\u00e8re les aubergines n&rsquo;ont pas donn\u00e9 pour une raison inconnue, cet \u00e9t\u00e9 les choux souffrent de la chaleur s\u00e8che. Son enthousiasme joyeux se transmettait aux visiteurs. Il vend sa production en paniers AMAP et est en lien direct avec ses clients. Parall\u00e8lement \u00e0 cette visite, un atelier sur les cosm\u00e9tique fut propos\u00e9, avec la fabrication de savon. Du savon maison \u00e9tait d&rsquo;ailleurs \u00e0 notre disposition dans les douches, petite attention, grand plaisir ! Deux personnes agr\u00e9mentaient le repas partag\u00e9 avec des chansons, puis un orchestre animait des danses folkloriques. N&rsquo;oublions pas la bi\u00e8re locale, ainsi que les glaces, sorbets et cr\u00eapes faits par une productrice de fruits qui \u00e9tait venue avec son camion ambulant.<\/p>\n<p style=\"text-align: right;\"><strong>Dutti<\/strong><\/p>\n","protected":false},"excerpt":{"rendered":"<p>Pour la premi\u00e8re grosse journ\u00e9e (environ 60 km) nous avions un temps id\u00e9al\u00a0: plut\u00f4t nuageux le matin, plus ensoleill\u00e9 l&rsquo;apr\u00e8s-midi, chaleur supportable, petit vent agr\u00e9able, des vus \u00e9tendues sur des paysages vallon\u00e9s de cultures et quelques passages rafra\u00eechissants en for\u00eat. En partant, nous avons fait le d\u00e9tour par le site &#8230; <\/p>\n<div><a href=\"https:\/\/www.altercampagne.net\/?p=1894\" class=\"more-link\">Read More<\/a><\/div>\n","protected":false},"author":214,"featured_media":15633,"comment_status":"closed","ping_status":"closed","sticky":false,"template":"","format":"standard","meta":{"footnotes":""},"categories":[3483,3475,3460],"tags":[353,2704,1672,1542,1541,1540,1515,429,354,25,352,247,240,233,192,172,44],"class_list":["post-1894","post","type-post","status-publish","format-standard","has-post-thumbnail","hentry","category-agriculture","category-grand-est","category-edition-2015","tag-les-baba-de-safran","tag-alterjournaliste","tag-1672","tag-safran","tag-rigny-la-salle","tag-meurthe-et-moselle","tag-alsace-champagne-ardenne-lorraine","tag-terre-de-liens","tag-terre-de-liens-lorraine","tag-bure","tag-pierre-la-treiche","tag-lorraine","tag-bure-stop","tag-cop21","tag-altertour-2015","tag-ferme-de-la-chaudeau","tag-climat"],"yoast_head":"<!-- This site is optimized with the Yoast SEO plugin v27.3 - https:\/\/yoast.com\/product\/yoast-seo-wordpress\/ -->\n<title>\u00c9tape du 20 juillet : De Bure \u00e0 Pierre-la-Treiche - AlterTour<\/title>\n<meta name=\"robots\" content=\"index, follow, max-snippet:-1, max-image-preview:large, max-video-preview:-1\" \/>\n<link rel=\"canonical\" href=\"https:\/\/www.altercampagne.net\/?p=1894\" \/>\n<meta property=\"og:locale\" content=\"fr_FR\" \/>\n<meta property=\"og:type\" content=\"article\" \/>\n<meta property=\"og:title\" content=\"\u00c9tape du 20 juillet : De Bure \u00e0 Pierre-la-Treiche - AlterTour\" \/>\n<meta property=\"og:description\" content=\"Pour la premi\u00e8re grosse journ\u00e9e (environ 60 km) nous avions un temps id\u00e9al\u00a0: plut\u00f4t nuageux le matin, plus ensoleill\u00e9 l&rsquo;apr\u00e8s-midi, chaleur supportable, petit vent agr\u00e9able, des vus \u00e9tendues sur des paysages vallon\u00e9s de cultures et quelques passages rafra\u00eechissants en for\u00eat. En partant, nous avons fait le d\u00e9tour par le site ... Read More\" \/>\n<meta property=\"og:url\" content=\"https:\/\/www.altercampagne.net\/?p=1894\" \/>\n<meta property=\"og:site_name\" content=\"AlterTour\" \/>\n<meta property=\"article:published_time\" content=\"2015-07-29T21:13:58+00:00\" \/>\n<meta property=\"article:modified_time\" content=\"2019-09-16T07:58:49+00:00\" \/>\n<meta property=\"og:image\" content=\"https:\/\/www.altercampagne.net\/wp-content\/uploads\/2015\/07\/2015-07-20_19.01.jpg\" \/>\n\t<meta property=\"og:image:width\" content=\"902\" \/>\n\t<meta property=\"og:image:height\" content=\"472\" \/>\n\t<meta property=\"og:image:type\" content=\"image\/jpeg\" \/>\n<meta name=\"author\" content=\"Mathieu\" \/>\n<meta name=\"twitter:card\" content=\"summary_large_image\" \/>\n<meta name=\"twitter:label1\" content=\"\u00c9crit par\" \/>\n\t<meta name=\"twitter:data1\" content=\"Mathieu\" \/>\n\t<meta name=\"twitter:label2\" content=\"Dur\u00e9e de lecture estim\u00e9e\" \/>\n\t<meta name=\"twitter:data2\" content=\"2 minutes\" \/>\n<script type=\"application\/ld+json\" class=\"yoast-schema-graph\">{\"@context\":\"https:\\\/\\\/schema.org\",\"@graph\":[{\"@type\":\"Article\",\"@id\":\"https:\\\/\\\/www.altercampagne.net\\\/?p=1894#article\",\"isPartOf\":{\"@id\":\"https:\\\/\\\/www.altercampagne.net\\\/?p=1894\"},\"author\":{\"name\":\"Mathieu\",\"@id\":\"https:\\\/\\\/www.altercampagne.net\\\/#\\\/schema\\\/person\\\/0f261460c09e430caa0f9bcffa319109\"},\"headline\":\"\u00c9tape du 20 juillet : De Bure \u00e0 Pierre-la-Treiche\",\"datePublished\":\"2015-07-29T21:13:58+00:00\",\"dateModified\":\"2019-09-16T07:58:49+00:00\",\"mainEntityOfPage\":{\"@id\":\"https:\\\/\\\/www.altercampagne.net\\\/?p=1894\"},\"wordCount\":488,\"image\":{\"@id\":\"https:\\\/\\\/www.altercampagne.net\\\/?p=1894#primaryimage\"},\"thumbnailUrl\":\"https:\\\/\\\/www.altercampagne.net\\\/wp-content\\\/uploads\\\/2015\\\/07\\\/2015-07-20_19.01.jpg\",\"keywords\":[\"les Baba de Safran\",\"alterjournaliste\",\"2015\",\"safran\",\"Rigny-la-Salle\",\"Meurthe-et-Moselle\",\"Alsace-Champagne-Ardenne-Lorraine\",\"terre de liens\",\"Terre de Liens Lorraine\",\"Bure\",\"Pierre-la-Treiche\",\"Lorraine\",\"bure-stop\",\"cop21\",\"AlterTour 2015\",\"Ferme de la Chaudeau\",\"climat\"],\"articleSection\":[\"Agriculture\",\"Grand Est\",\"\u00c9dition 2015\"],\"inLanguage\":\"fr-FR\"},{\"@type\":\"WebPage\",\"@id\":\"https:\\\/\\\/www.altercampagne.net\\\/?p=1894\",\"url\":\"https:\\\/\\\/www.altercampagne.net\\\/?p=1894\",\"name\":\"\u00c9tape du 20 juillet : De Bure \u00e0 Pierre-la-Treiche - AlterTour\",\"isPartOf\":{\"@id\":\"https:\\\/\\\/www.altercampagne.net\\\/#website\"},\"primaryImageOfPage\":{\"@id\":\"https:\\\/\\\/www.altercampagne.net\\\/?p=1894#primaryimage\"},\"image\":{\"@id\":\"https:\\\/\\\/www.altercampagne.net\\\/?p=1894#primaryimage\"},\"thumbnailUrl\":\"https:\\\/\\\/www.altercampagne.net\\\/wp-content\\\/uploads\\\/2015\\\/07\\\/2015-07-20_19.01.jpg\",\"datePublished\":\"2015-07-29T21:13:58+00:00\",\"dateModified\":\"2019-09-16T07:58:49+00:00\",\"author\":{\"@id\":\"https:\\\/\\\/www.altercampagne.net\\\/#\\\/schema\\\/person\\\/0f261460c09e430caa0f9bcffa319109\"},\"breadcrumb\":{\"@id\":\"https:\\\/\\\/www.altercampagne.net\\\/?p=1894#breadcrumb\"},\"inLanguage\":\"fr-FR\",\"potentialAction\":[{\"@type\":\"ReadAction\",\"target\":[\"https:\\\/\\\/www.altercampagne.net\\\/?p=1894\"]}]},{\"@type\":\"ImageObject\",\"inLanguage\":\"fr-FR\",\"@id\":\"https:\\\/\\\/www.altercampagne.net\\\/?p=1894#primaryimage\",\"url\":\"https:\\\/\\\/www.altercampagne.net\\\/wp-content\\\/uploads\\\/2015\\\/07\\\/2015-07-20_19.01.jpg\",\"contentUrl\":\"https:\\\/\\\/www.altercampagne.net\\\/wp-content\\\/uploads\\\/2015\\\/07\\\/2015-07-20_19.01.jpg\",\"width\":902,\"height\":472},{\"@type\":\"BreadcrumbList\",\"@id\":\"https:\\\/\\\/www.altercampagne.net\\\/?p=1894#breadcrumb\",\"itemListElement\":[{\"@type\":\"ListItem\",\"position\":1,\"name\":\"Accueil\",\"item\":\"https:\\\/\\\/www.altercampagne.net\\\/\"},{\"@type\":\"ListItem\",\"position\":2,\"name\":\"\u00c9tape du 20 juillet : De Bure \u00e0 Pierre-la-Treiche\"}]},{\"@type\":\"WebSite\",\"@id\":\"https:\\\/\\\/www.altercampagne.net\\\/#website\",\"url\":\"https:\\\/\\\/www.altercampagne.net\\\/\",\"name\":\"AlterTour\",\"description\":\"Reliez les Alternatives \u00e0 v\u00e9lo\",\"potentialAction\":[{\"@type\":\"SearchAction\",\"target\":{\"@type\":\"EntryPoint\",\"urlTemplate\":\"https:\\\/\\\/www.altercampagne.net\\\/?s={search_term_string}\"},\"query-input\":{\"@type\":\"PropertyValueSpecification\",\"valueRequired\":true,\"valueName\":\"search_term_string\"}}],\"inLanguage\":\"fr-FR\"},{\"@type\":\"Person\",\"@id\":\"https:\\\/\\\/www.altercampagne.net\\\/#\\\/schema\\\/person\\\/0f261460c09e430caa0f9bcffa319109\",\"name\":\"Mathieu\",\"image\":{\"@type\":\"ImageObject\",\"inLanguage\":\"fr-FR\",\"@id\":\"https:\\\/\\\/secure.gravatar.com\\\/avatar\\\/aa9d3d24c83f2141e5e2709d0f63d09a99f6be6bb7a50abc4915838d9f54501a?s=96&d=mm&r=g\",\"url\":\"https:\\\/\\\/secure.gravatar.com\\\/avatar\\\/aa9d3d24c83f2141e5e2709d0f63d09a99f6be6bb7a50abc4915838d9f54501a?s=96&d=mm&r=g\",\"contentUrl\":\"https:\\\/\\\/secure.gravatar.com\\\/avatar\\\/aa9d3d24c83f2141e5e2709d0f63d09a99f6be6bb7a50abc4915838d9f54501a?s=96&d=mm&r=g\",\"caption\":\"Mathieu\"},\"url\":\"https:\\\/\\\/www.altercampagne.net\\\/?author=214\"}]}<\/script>\n<!-- \/ Yoast SEO plugin. -->","yoast_head_json":{"title":"\u00c9tape du 20 juillet : De Bure \u00e0 Pierre-la-Treiche - AlterTour","robots":{"index":"index","follow":"follow","max-snippet":"max-snippet:-1","max-image-preview":"max-image-preview:large","max-video-preview":"max-video-preview:-1"},"canonical":"https:\/\/www.altercampagne.net\/?p=1894","og_locale":"fr_FR","og_type":"article","og_title":"\u00c9tape du 20 juillet : De Bure \u00e0 Pierre-la-Treiche - AlterTour","og_description":"Pour la premi\u00e8re grosse journ\u00e9e (environ 60 km) nous avions un temps id\u00e9al\u00a0: plut\u00f4t nuageux le matin, plus ensoleill\u00e9 l&rsquo;apr\u00e8s-midi, chaleur supportable, petit vent agr\u00e9able, des vus \u00e9tendues sur des paysages vallon\u00e9s de cultures et quelques passages rafra\u00eechissants en for\u00eat. En partant, nous avons fait le d\u00e9tour par le site ... Read More","og_url":"https:\/\/www.altercampagne.net\/?p=1894","og_site_name":"AlterTour","article_published_time":"2015-07-29T21:13:58+00:00","article_modified_time":"2019-09-16T07:58:49+00:00","og_image":[{"width":902,"height":472,"url":"https:\/\/www.altercampagne.net\/wp-content\/uploads\/2015\/07\/2015-07-20_19.01.jpg","type":"image\/jpeg"}],"author":"Mathieu","twitter_card":"summary_large_image","twitter_misc":{"\u00c9crit par":"Mathieu","Dur\u00e9e de lecture estim\u00e9e":"2 minutes"},"schema":{"@context":"https:\/\/schema.org","@graph":[{"@type":"Article","@id":"https:\/\/www.altercampagne.net\/?p=1894#article","isPartOf":{"@id":"https:\/\/www.altercampagne.net\/?p=1894"},"author":{"name":"Mathieu","@id":"https:\/\/www.altercampagne.net\/#\/schema\/person\/0f261460c09e430caa0f9bcffa319109"},"headline":"\u00c9tape du 20 juillet : De Bure \u00e0 Pierre-la-Treiche","datePublished":"2015-07-29T21:13:58+00:00","dateModified":"2019-09-16T07:58:49+00:00","mainEntityOfPage":{"@id":"https:\/\/www.altercampagne.net\/?p=1894"},"wordCount":488,"image":{"@id":"https:\/\/www.altercampagne.net\/?p=1894#primaryimage"},"thumbnailUrl":"https:\/\/www.altercampagne.net\/wp-content\/uploads\/2015\/07\/2015-07-20_19.01.jpg","keywords":["les Baba de Safran","alterjournaliste","2015","safran","Rigny-la-Salle","Meurthe-et-Moselle","Alsace-Champagne-Ardenne-Lorraine","terre de liens","Terre de Liens Lorraine","Bure","Pierre-la-Treiche","Lorraine","bure-stop","cop21","AlterTour 2015","Ferme de la Chaudeau","climat"],"articleSection":["Agriculture","Grand Est","\u00c9dition 2015"],"inLanguage":"fr-FR"},{"@type":"WebPage","@id":"https:\/\/www.altercampagne.net\/?p=1894","url":"https:\/\/www.altercampagne.net\/?p=1894","name":"\u00c9tape du 20 juillet : De Bure \u00e0 Pierre-la-Treiche - AlterTour","isPartOf":{"@id":"https:\/\/www.altercampagne.net\/#website"},"primaryImageOfPage":{"@id":"https:\/\/www.altercampagne.net\/?p=1894#primaryimage"},"image":{"@id":"https:\/\/www.altercampagne.net\/?p=1894#primaryimage"},"thumbnailUrl":"https:\/\/www.altercampagne.net\/wp-content\/uploads\/2015\/07\/2015-07-20_19.01.jpg","datePublished":"2015-07-29T21:13:58+00:00","dateModified":"2019-09-16T07:58:49+00:00","author":{"@id":"https:\/\/www.altercampagne.net\/#\/schema\/person\/0f261460c09e430caa0f9bcffa319109"},"breadcrumb":{"@id":"https:\/\/www.altercampagne.net\/?p=1894#breadcrumb"},"inLanguage":"fr-FR","potentialAction":[{"@type":"ReadAction","target":["https:\/\/www.altercampagne.net\/?p=1894"]}]},{"@type":"ImageObject","inLanguage":"fr-FR","@id":"https:\/\/www.altercampagne.net\/?p=1894#primaryimage","url":"https:\/\/www.altercampagne.net\/wp-content\/uploads\/2015\/07\/2015-07-20_19.01.jpg","contentUrl":"https:\/\/www.altercampagne.net\/wp-content\/uploads\/2015\/07\/2015-07-20_19.01.jpg","width":902,"height":472},{"@type":"BreadcrumbList","@id":"https:\/\/www.altercampagne.net\/?p=1894#breadcrumb","itemListElement":[{"@type":"ListItem","position":1,"name":"Accueil","item":"https:\/\/www.altercampagne.net\/"},{"@type":"ListItem","position":2,"name":"\u00c9tape du 20 juillet : De Bure \u00e0 Pierre-la-Treiche"}]},{"@type":"WebSite","@id":"https:\/\/www.altercampagne.net\/#website","url":"https:\/\/www.altercampagne.net\/","name":"AlterTour","description":"Reliez les Alternatives \u00e0 v\u00e9lo","potentialAction":[{"@type":"SearchAction","target":{"@type":"EntryPoint","urlTemplate":"https:\/\/www.altercampagne.net\/?s={search_term_string}"},"query-input":{"@type":"PropertyValueSpecification","valueRequired":true,"valueName":"search_term_string"}}],"inLanguage":"fr-FR"},{"@type":"Person","@id":"https:\/\/www.altercampagne.net\/#\/schema\/person\/0f261460c09e430caa0f9bcffa319109","name":"Mathieu","image":{"@type":"ImageObject","inLanguage":"fr-FR","@id":"https:\/\/secure.gravatar.com\/avatar\/aa9d3d24c83f2141e5e2709d0f63d09a99f6be6bb7a50abc4915838d9f54501a?s=96&d=mm&r=g","url":"https:\/\/secure.gravatar.com\/avatar\/aa9d3d24c83f2141e5e2709d0f63d09a99f6be6bb7a50abc4915838d9f54501a?s=96&d=mm&r=g","contentUrl":"https:\/\/secure.gravatar.com\/avatar\/aa9d3d24c83f2141e5e2709d0f63d09a99f6be6bb7a50abc4915838d9f54501a?s=96&d=mm&r=g","caption":"Mathieu"},"url":"https:\/\/www.altercampagne.net\/?author=214"}]}},"_links":{"self":[{"href":"https:\/\/www.altercampagne.net\/index.php?rest_route=\/wp\/v2\/posts\/1894","targetHints":{"allow":["GET"]}}],"collection":[{"href":"https:\/\/www.altercampagne.net\/index.php?rest_route=\/wp\/v2\/posts"}],"about":[{"href":"https:\/\/www.altercampagne.net\/index.php?rest_route=\/wp\/v2\/types\/post"}],"author":[{"embeddable":true,"href":"https:\/\/www.altercampagne.net\/index.php?rest_route=\/wp\/v2\/users\/214"}],"replies":[{"embeddable":true,"href":"https:\/\/www.altercampagne.net\/index.php?rest_route=%2Fwp%2Fv2%2Fcomments&post=1894"}],"version-history":[{"count":0,"href":"https:\/\/www.altercampagne.net\/index.php?rest_route=\/wp\/v2\/posts\/1894\/revisions"}],"wp:featuredmedia":[{"embeddable":true,"href":"https:\/\/www.altercampagne.net\/index.php?rest_route=\/wp\/v2\/media\/15633"}],"wp:attachment":[{"href":"https:\/\/www.altercampagne.net\/index.php?rest_route=%2Fwp%2Fv2%2Fmedia&parent=1894"}],"wp:term":[{"taxonomy":"category","embeddable":true,"href":"https:\/\/www.altercampagne.net\/index.php?rest_route=%2Fwp%2Fv2%2Fcategories&post=1894"},{"taxonomy":"post_tag","embeddable":true,"href":"https:\/\/www.altercampagne.net\/index.php?rest_route=%2Fwp%2Fv2%2Ftags&post=1894"}],"curies":[{"name":"wp","href":"https:\/\/api.w.org\/{rel}","templated":true}]}}