{"id":1899,"date":"2015-08-20T22:09:43","date_gmt":"2015-08-20T20:09:43","guid":{"rendered":"http:\/\/www.altercampagne.net\/?p=1899"},"modified":"2019-09-16T09:15:12","modified_gmt":"2019-09-16T07:15:12","slug":"solidarite-avec-les-migrants","status":"publish","type":"post","link":"https:\/\/www.altercampagne.net\/?p=1899","title":{"rendered":"Solidarit\u00e9 avec les migrants"},"content":{"rendered":"<p>Nous quittons Loos en Gohelle, les corons, les terrils et leurs mineurs de fonds. Direction Norrent-Fontes, ou plut\u00f4t son camp de migrants o\u00f9 vivent en ce moment 150 Erythr\u00e9ens, Ethiopiens et Soudanais, soutenus par l\u2019association <strong><a href=\"https:\/\/terreerrance.wordpress.com\/\" target=\"_blank\" rel=\"noopener noreferrer\">Terre d\u2019errance<\/a><\/strong>. Autant de femmes que d\u2019hommes. Beaucoup de jeunes et des adolescents, qui dorment dans des tentes. Et un \u00ab\u00a0quartier\u00a0\u00bb principal form\u00e9 de trois abris en dur. Les v\u00e9los \u00e0 peine pos\u00e9s, des petits groupes se forment et des discussions s\u2019engagent entre \u00ab\u00a0eux\u00a0\u00bb et \u00ab\u00a0nous\u00a0\u00bb. Echanges facilit\u00e9s par le fait que nombre d\u2019entre eux parlent anglais. Les questions fusent. \u00ab\u00a0Depuis quand \u00eates-vous ici\u00a0?\u00a0\u00bb, \u00ab\u00a0Comment \u00eates-vous arriv\u00e9s jusqu\u2019ici\u00a0?\u00a0\u00bb, \u00ab\u00a0Avez-vous de la famille en Angleterre\u00a0?\u00a0\u00bb<\/p>\n<p><a href=\"http:\/\/www.altercampagne.net\/wp-content\/uploads\/2015\/08\/2015-08-21_19.04.12_0369.jpg\"><img loading=\"lazy\" decoding=\"async\" class=\"aligncenter size-full wp-image-1943\" src=\"http:\/\/www.altercampagne.net\/wp-content\/uploads\/2015\/08\/2015-08-21_19.04.12_0369.jpg\" alt=\"2015-08-21_19.04.12_0369\" width=\"586\" height=\"873\" srcset=\"https:\/\/www.altercampagne.net\/wp-content\/uploads\/2015\/08\/2015-08-21_19.04.12_0369.jpg 586w, https:\/\/www.altercampagne.net\/wp-content\/uploads\/2015\/08\/2015-08-21_19.04.12_0369-201x300.jpg 201w\" sizes=\"auto, (max-width: 586px) 100vw, 586px\" \/><\/a>Norrent-Fontes, village de 1500 habitants, est l\u2019une des 8 ou 9 communes concern\u00e9es par les \u00ab\u00a0migrants de passage\u00a0\u00bb. S\u2019ils se sont arr\u00eat\u00e9s ici, \u00e0 une heure de route de Calais, c\u2019est qu\u2019ils comptent rejoindre l\u2019Angleterre. Derri\u00e8re le camp, au bout d\u2019un chemin de terre, il y a une aire d\u2019autoroute o\u00f9 s\u2019arr\u00eatent des poids lourds qui vont traverser la Manche. Au bout de l\u2019autoroute, l\u2019espoir d\u2019une vie meilleure. Encore faut-il pouvoir monter dans un de ces camions, puis d\u00e9jouer la vigilance de la police. Chaque nuit, un groupe tente sa chance. Depuis le premier juin, plusieurs d\u2019entre eux se sont bless\u00e9s ou ont perdu la vie en essayant de passer. Ils doivent parfois patienter jusqu\u2019\u00e0 6 mois pour y parvenir.<\/p>\n<p><a href=\"http:\/\/www.altercampagne.net\/wp-content\/uploads\/2015\/08\/2015-08-20_15.18.36_6910.jpg\"><img loading=\"lazy\" decoding=\"async\" class=\"aligncenter size-full wp-image-1940\" src=\"http:\/\/www.altercampagne.net\/wp-content\/uploads\/2015\/08\/2015-08-20_15.18.36_6910.jpg\" alt=\"2015-08-20_15.18.36_6910\" width=\"959\" height=\"639\" srcset=\"https:\/\/www.altercampagne.net\/wp-content\/uploads\/2015\/08\/2015-08-20_15.18.36_6910.jpg 959w, https:\/\/www.altercampagne.net\/wp-content\/uploads\/2015\/08\/2015-08-20_15.18.36_6910-300x200.jpg 300w\" sizes=\"auto, (max-width: 959px) 100vw, 959px\" \/><\/a><strong>Angleterre, terre promise\u00a0?<\/strong><\/p>\n<p>Mais pourquoi l\u2019Angleterre\u00a0? Pour trois raisons, selon Nan Suel, pr\u00e9sidente de Terre d\u2019errance. D\u2019abord \u00e0 cause de la langue (beaucoup de migrants de la Corne de l\u2019Afrique parlent l\u2019anglais) et de la possibilit\u00e9 d\u2019obtenir des \u00e9quivalences de dipl\u00f4mes. Ensuite, parce que les demandes d\u2019asile y sont trait\u00e9es beaucoup plus rapidement (entre 3 et 6 mois) qu\u2019en France (18 mois). En outre, pendant l\u2019instruction de la demande d\u2019asile, \u00ab\u00a0l\u2019immense majorit\u00e9 des personnes sont prises en charge et prot\u00e9g\u00e9es\u00a0\u00bb, ajoute Nan. Enfin, il est g\u00e9n\u00e9ralement plus facile de trouver un petit boulot en Angleterre que chez nous. Les migrants ne connaissent pas pour autant ce pays. Beaucoup nous questionnent\u00a0: \u00ab\u00a0Vous y \u00eates d\u00e9j\u00e0 all\u00e9s\u00a0? Comment vit-on l\u00e0-bas\u00a0?\u00a0\u00bb Certains n\u2019avaient qu\u2019une id\u00e9e en t\u00eate en partant\u00a0: fuir les pers\u00e9cutions dont ils \u00e9taient victimes dans leur pays. C\u2019est le cas de Mikael, 31 ans, qui travaillait comme coiffeur en Erythr\u00e9e. \u00ab\u00a0Dans notre pays, seulement deux religions sont autoris\u00e9es\u00a0: l\u2019islam et le catholicisme orthodoxe.\u00a0\u00bb Mikael est Pentec\u00f4tiste. A Londres, il esp\u00e8re reprendre les \u00e9tudes qu\u2019il a d\u00fb interrompre. En attendant, il est au camp de Norrent-Fontes depuis d\u00e9j\u00e0 3 mois. \u00ab\u00a0Dans la jungle, c\u2019est difficile. Ce n\u2019est pas confortable. Parfois il fait tr\u00e8s froid.\u00a0\u00bb Trois litres d\u2019eau par jour, voil\u00e0 la ration de chacun pour boire et se laver. Et puis il y a ces deux abris en dur qui ont br\u00fbl\u00e9 accidentellement en avril dernier et qui, depuis sont devenus une pomme de discorde entre Terre d\u2019errance et le maire de Norrent-Fontes. Celui-ci, soutenu par le sous-pr\u00e9fet, a pris un arr\u00eat\u00e9 interdisant la reconstruction des abris. L\u2019affaire est \u00e9galement en cours de jugement.<\/p>\n<p><a href=\"http:\/\/www.altercampagne.net\/wp-content\/uploads\/2015\/08\/2015-08-20_15.45.40_6955.jpg\"><img loading=\"lazy\" decoding=\"async\" class=\"aligncenter size-full wp-image-1939\" src=\"http:\/\/www.altercampagne.net\/wp-content\/uploads\/2015\/08\/2015-08-20_15.45.40_6955.jpg\" alt=\"2015-08-20_15.45.40_6955\" width=\"959\" height=\"639\" srcset=\"https:\/\/www.altercampagne.net\/wp-content\/uploads\/2015\/08\/2015-08-20_15.45.40_6955.jpg 959w, https:\/\/www.altercampagne.net\/wp-content\/uploads\/2015\/08\/2015-08-20_15.45.40_6955-300x200.jpg 300w\" sizes=\"auto, (max-width: 959px) 100vw, 959px\" \/><\/a>Au centre d\u2019un grand cercle form\u00e9 par les migrants et les altercyclistes, Nan, traduite en anglais puis en ahmaric raconte le combat de l\u2019association pour am\u00e9liorer les conditions de vie des migrants. \u00ab\u00a0On est des lanceurs d\u2019alerte. En plus de l\u2019aide humanitaire et sociale, on sensibilise le public et les habitants de la commune sur ces questions\u00a0\u00bb. Comme les 20 autres membres de l\u2019association, Nan est r\u00e9volt\u00e9e par le traitement que la France inflige aux migrants. \u00ab\u00a0Qu\u2019est devenue la question de l\u2019hospitalit\u00e9\u00a0?\u00a0\u00bb, s\u2019interroge-t-elle. Nous, altercyclistes de passage, n\u2019oublierons pas cette journ\u00e9e \u00e0 parler, manger, jouer au foot avec ceux qui nous ont accueillis dans ce camp de transit de Norrent-Fontes.<\/p>\n<p style=\"text-align: right;\">\u00a0<strong>Samy<\/strong><\/p>\n<p style=\"text-align: left;\"><a href=\"http:\/\/www.altercampagne.net\/wp-content\/uploads\/2015\/08\/2015-08-20_17.04.52_7119.jpg\"><img loading=\"lazy\" decoding=\"async\" class=\"aligncenter size-full wp-image-1938\" src=\"http:\/\/www.altercampagne.net\/wp-content\/uploads\/2015\/08\/2015-08-20_17.04.52_7119.jpg\" alt=\"2015-08-20_17.04.52_7119\" width=\"959\" height=\"639\" srcset=\"https:\/\/www.altercampagne.net\/wp-content\/uploads\/2015\/08\/2015-08-20_17.04.52_7119.jpg 959w, https:\/\/www.altercampagne.net\/wp-content\/uploads\/2015\/08\/2015-08-20_17.04.52_7119-300x200.jpg 300w\" sizes=\"auto, (max-width: 959px) 100vw, 959px\" \/><\/a><\/p>\n","protected":false},"excerpt":{"rendered":"<p>Nous quittons Loos en Gohelle, les corons, les terrils et leurs mineurs de fonds. Direction Norrent-Fontes, ou plut\u00f4t son camp de migrants o\u00f9 vivent en ce moment 150 Erythr\u00e9ens, Ethiopiens et Soudanais, soutenus par l\u2019association Terre d\u2019errance. Autant de femmes que d\u2019hommes. Beaucoup de jeunes et des adolescents, qui dorment &#8230; <\/p>\n<div><a href=\"https:\/\/www.altercampagne.net\/?p=1899\" class=\"more-link\">Read More<\/a><\/div>\n","protected":false},"author":214,"featured_media":15602,"comment_status":"closed","ping_status":"closed","sticky":false,"template":"","format":"standard","meta":{"footnotes":""},"categories":[3476,3460,3542],"tags":[33,44,192,202,233,320,323,356,357,1599,1672,2704],"class_list":["post-1899","post","type-post","status-publish","format-standard","has-post-thumbnail","hentry","category-hauts-de-france","category-edition-2015","category-lutte","tag-calais","tag-climat","tag-altertour-2015","tag-terre-derrance","tag-cop21","tag-norrent-fontes","tag-pas-de-calais","tag-migrants","tag-angleterre","tag-nord-pas-de-calais","tag-1672","tag-alterjournaliste"],"yoast_head":"<!-- This site is optimized with the Yoast SEO plugin v27.3 - https:\/\/yoast.com\/product\/yoast-seo-wordpress\/ -->\n<title>Solidarit\u00e9 avec les migrants - AlterTour<\/title>\n<meta name=\"robots\" content=\"index, follow, max-snippet:-1, max-image-preview:large, max-video-preview:-1\" \/>\n<link rel=\"canonical\" href=\"https:\/\/www.altercampagne.net\/?p=1899\" \/>\n<meta property=\"og:locale\" content=\"fr_FR\" \/>\n<meta property=\"og:type\" content=\"article\" \/>\n<meta property=\"og:title\" content=\"Solidarit\u00e9 avec les migrants - AlterTour\" \/>\n<meta property=\"og:description\" content=\"Nous quittons Loos en Gohelle, les corons, les terrils et leurs mineurs de fonds. Direction Norrent-Fontes, ou plut\u00f4t son camp de migrants o\u00f9 vivent en ce moment 150 Erythr\u00e9ens, Ethiopiens et Soudanais, soutenus par l\u2019association Terre d\u2019errance. Autant de femmes que d\u2019hommes. Beaucoup de jeunes et des adolescents, qui dorment ... Read More\" \/>\n<meta property=\"og:url\" content=\"https:\/\/www.altercampagne.net\/?p=1899\" \/>\n<meta property=\"og:site_name\" content=\"AlterTour\" \/>\n<meta property=\"article:published_time\" content=\"2015-08-20T20:09:43+00:00\" \/>\n<meta property=\"article:modified_time\" content=\"2019-09-16T07:15:12+00:00\" \/>\n<meta property=\"og:image\" content=\"https:\/\/www.altercampagne.net\/wp-content\/uploads\/2015\/08\/2015-08-20_14.31.jpg\" \/>\n\t<meta property=\"og:image:width\" content=\"907\" \/>\n\t<meta property=\"og:image:height\" content=\"474\" \/>\n\t<meta property=\"og:image:type\" content=\"image\/jpeg\" \/>\n<meta name=\"author\" content=\"Mathieu\" \/>\n<meta name=\"twitter:card\" content=\"summary_large_image\" \/>\n<meta name=\"twitter:label1\" content=\"\u00c9crit par\" \/>\n\t<meta name=\"twitter:data1\" content=\"Mathieu\" \/>\n\t<meta name=\"twitter:label2\" content=\"Dur\u00e9e de lecture estim\u00e9e\" \/>\n\t<meta name=\"twitter:data2\" content=\"3 minutes\" \/>\n<script type=\"application\/ld+json\" class=\"yoast-schema-graph\">{\"@context\":\"https:\\\/\\\/schema.org\",\"@graph\":[{\"@type\":\"Article\",\"@id\":\"https:\\\/\\\/www.altercampagne.net\\\/?p=1899#article\",\"isPartOf\":{\"@id\":\"https:\\\/\\\/www.altercampagne.net\\\/?p=1899\"},\"author\":{\"name\":\"Mathieu\",\"@id\":\"https:\\\/\\\/www.altercampagne.net\\\/#\\\/schema\\\/person\\\/0f261460c09e430caa0f9bcffa319109\"},\"headline\":\"Solidarit\u00e9 avec les migrants\",\"datePublished\":\"2015-08-20T20:09:43+00:00\",\"dateModified\":\"2019-09-16T07:15:12+00:00\",\"mainEntityOfPage\":{\"@id\":\"https:\\\/\\\/www.altercampagne.net\\\/?p=1899\"},\"wordCount\":688,\"image\":{\"@id\":\"https:\\\/\\\/www.altercampagne.net\\\/?p=1899#primaryimage\"},\"thumbnailUrl\":\"https:\\\/\\\/www.altercampagne.net\\\/wp-content\\\/uploads\\\/2015\\\/08\\\/2015-08-20_14.31.jpg\",\"keywords\":[\"Calais\",\"climat\",\"AlterTour 2015\",\"Terre d'Errance\",\"cop21\",\"norrent-fontes\",\"pas de calais\",\"migrants\",\"angleterre\",\"Nord-Pas-de-Calais\",\"2015\",\"alterjournaliste\"],\"articleSection\":[\"Hauts-de-France\",\"\u00c9dition 2015\",\"Lutte\"],\"inLanguage\":\"fr-FR\"},{\"@type\":\"WebPage\",\"@id\":\"https:\\\/\\\/www.altercampagne.net\\\/?p=1899\",\"url\":\"https:\\\/\\\/www.altercampagne.net\\\/?p=1899\",\"name\":\"Solidarit\u00e9 avec les migrants - AlterTour\",\"isPartOf\":{\"@id\":\"https:\\\/\\\/www.altercampagne.net\\\/#website\"},\"primaryImageOfPage\":{\"@id\":\"https:\\\/\\\/www.altercampagne.net\\\/?p=1899#primaryimage\"},\"image\":{\"@id\":\"https:\\\/\\\/www.altercampagne.net\\\/?p=1899#primaryimage\"},\"thumbnailUrl\":\"https:\\\/\\\/www.altercampagne.net\\\/wp-content\\\/uploads\\\/2015\\\/08\\\/2015-08-20_14.31.jpg\",\"datePublished\":\"2015-08-20T20:09:43+00:00\",\"dateModified\":\"2019-09-16T07:15:12+00:00\",\"author\":{\"@id\":\"https:\\\/\\\/www.altercampagne.net\\\/#\\\/schema\\\/person\\\/0f261460c09e430caa0f9bcffa319109\"},\"breadcrumb\":{\"@id\":\"https:\\\/\\\/www.altercampagne.net\\\/?p=1899#breadcrumb\"},\"inLanguage\":\"fr-FR\",\"potentialAction\":[{\"@type\":\"ReadAction\",\"target\":[\"https:\\\/\\\/www.altercampagne.net\\\/?p=1899\"]}]},{\"@type\":\"ImageObject\",\"inLanguage\":\"fr-FR\",\"@id\":\"https:\\\/\\\/www.altercampagne.net\\\/?p=1899#primaryimage\",\"url\":\"https:\\\/\\\/www.altercampagne.net\\\/wp-content\\\/uploads\\\/2015\\\/08\\\/2015-08-20_14.31.jpg\",\"contentUrl\":\"https:\\\/\\\/www.altercampagne.net\\\/wp-content\\\/uploads\\\/2015\\\/08\\\/2015-08-20_14.31.jpg\",\"width\":907,\"height\":474},{\"@type\":\"BreadcrumbList\",\"@id\":\"https:\\\/\\\/www.altercampagne.net\\\/?p=1899#breadcrumb\",\"itemListElement\":[{\"@type\":\"ListItem\",\"position\":1,\"name\":\"Accueil\",\"item\":\"https:\\\/\\\/www.altercampagne.net\\\/\"},{\"@type\":\"ListItem\",\"position\":2,\"name\":\"Solidarit\u00e9 avec les migrants\"}]},{\"@type\":\"WebSite\",\"@id\":\"https:\\\/\\\/www.altercampagne.net\\\/#website\",\"url\":\"https:\\\/\\\/www.altercampagne.net\\\/\",\"name\":\"AlterTour\",\"description\":\"Reliez les Alternatives \u00e0 v\u00e9lo\",\"potentialAction\":[{\"@type\":\"SearchAction\",\"target\":{\"@type\":\"EntryPoint\",\"urlTemplate\":\"https:\\\/\\\/www.altercampagne.net\\\/?s={search_term_string}\"},\"query-input\":{\"@type\":\"PropertyValueSpecification\",\"valueRequired\":true,\"valueName\":\"search_term_string\"}}],\"inLanguage\":\"fr-FR\"},{\"@type\":\"Person\",\"@id\":\"https:\\\/\\\/www.altercampagne.net\\\/#\\\/schema\\\/person\\\/0f261460c09e430caa0f9bcffa319109\",\"name\":\"Mathieu\",\"image\":{\"@type\":\"ImageObject\",\"inLanguage\":\"fr-FR\",\"@id\":\"https:\\\/\\\/secure.gravatar.com\\\/avatar\\\/aa9d3d24c83f2141e5e2709d0f63d09a99f6be6bb7a50abc4915838d9f54501a?s=96&d=mm&r=g\",\"url\":\"https:\\\/\\\/secure.gravatar.com\\\/avatar\\\/aa9d3d24c83f2141e5e2709d0f63d09a99f6be6bb7a50abc4915838d9f54501a?s=96&d=mm&r=g\",\"contentUrl\":\"https:\\\/\\\/secure.gravatar.com\\\/avatar\\\/aa9d3d24c83f2141e5e2709d0f63d09a99f6be6bb7a50abc4915838d9f54501a?s=96&d=mm&r=g\",\"caption\":\"Mathieu\"},\"url\":\"https:\\\/\\\/www.altercampagne.net\\\/?author=214\"}]}<\/script>\n<!-- \/ Yoast SEO plugin. -->","yoast_head_json":{"title":"Solidarit\u00e9 avec les migrants - AlterTour","robots":{"index":"index","follow":"follow","max-snippet":"max-snippet:-1","max-image-preview":"max-image-preview:large","max-video-preview":"max-video-preview:-1"},"canonical":"https:\/\/www.altercampagne.net\/?p=1899","og_locale":"fr_FR","og_type":"article","og_title":"Solidarit\u00e9 avec les migrants - AlterTour","og_description":"Nous quittons Loos en Gohelle, les corons, les terrils et leurs mineurs de fonds. Direction Norrent-Fontes, ou plut\u00f4t son camp de migrants o\u00f9 vivent en ce moment 150 Erythr\u00e9ens, Ethiopiens et Soudanais, soutenus par l\u2019association Terre d\u2019errance. Autant de femmes que d\u2019hommes. Beaucoup de jeunes et des adolescents, qui dorment ... Read More","og_url":"https:\/\/www.altercampagne.net\/?p=1899","og_site_name":"AlterTour","article_published_time":"2015-08-20T20:09:43+00:00","article_modified_time":"2019-09-16T07:15:12+00:00","og_image":[{"width":907,"height":474,"url":"https:\/\/www.altercampagne.net\/wp-content\/uploads\/2015\/08\/2015-08-20_14.31.jpg","type":"image\/jpeg"}],"author":"Mathieu","twitter_card":"summary_large_image","twitter_misc":{"\u00c9crit par":"Mathieu","Dur\u00e9e de lecture estim\u00e9e":"3 minutes"},"schema":{"@context":"https:\/\/schema.org","@graph":[{"@type":"Article","@id":"https:\/\/www.altercampagne.net\/?p=1899#article","isPartOf":{"@id":"https:\/\/www.altercampagne.net\/?p=1899"},"author":{"name":"Mathieu","@id":"https:\/\/www.altercampagne.net\/#\/schema\/person\/0f261460c09e430caa0f9bcffa319109"},"headline":"Solidarit\u00e9 avec les migrants","datePublished":"2015-08-20T20:09:43+00:00","dateModified":"2019-09-16T07:15:12+00:00","mainEntityOfPage":{"@id":"https:\/\/www.altercampagne.net\/?p=1899"},"wordCount":688,"image":{"@id":"https:\/\/www.altercampagne.net\/?p=1899#primaryimage"},"thumbnailUrl":"https:\/\/www.altercampagne.net\/wp-content\/uploads\/2015\/08\/2015-08-20_14.31.jpg","keywords":["Calais","climat","AlterTour 2015","Terre d'Errance","cop21","norrent-fontes","pas de calais","migrants","angleterre","Nord-Pas-de-Calais","2015","alterjournaliste"],"articleSection":["Hauts-de-France","\u00c9dition 2015","Lutte"],"inLanguage":"fr-FR"},{"@type":"WebPage","@id":"https:\/\/www.altercampagne.net\/?p=1899","url":"https:\/\/www.altercampagne.net\/?p=1899","name":"Solidarit\u00e9 avec les migrants - AlterTour","isPartOf":{"@id":"https:\/\/www.altercampagne.net\/#website"},"primaryImageOfPage":{"@id":"https:\/\/www.altercampagne.net\/?p=1899#primaryimage"},"image":{"@id":"https:\/\/www.altercampagne.net\/?p=1899#primaryimage"},"thumbnailUrl":"https:\/\/www.altercampagne.net\/wp-content\/uploads\/2015\/08\/2015-08-20_14.31.jpg","datePublished":"2015-08-20T20:09:43+00:00","dateModified":"2019-09-16T07:15:12+00:00","author":{"@id":"https:\/\/www.altercampagne.net\/#\/schema\/person\/0f261460c09e430caa0f9bcffa319109"},"breadcrumb":{"@id":"https:\/\/www.altercampagne.net\/?p=1899#breadcrumb"},"inLanguage":"fr-FR","potentialAction":[{"@type":"ReadAction","target":["https:\/\/www.altercampagne.net\/?p=1899"]}]},{"@type":"ImageObject","inLanguage":"fr-FR","@id":"https:\/\/www.altercampagne.net\/?p=1899#primaryimage","url":"https:\/\/www.altercampagne.net\/wp-content\/uploads\/2015\/08\/2015-08-20_14.31.jpg","contentUrl":"https:\/\/www.altercampagne.net\/wp-content\/uploads\/2015\/08\/2015-08-20_14.31.jpg","width":907,"height":474},{"@type":"BreadcrumbList","@id":"https:\/\/www.altercampagne.net\/?p=1899#breadcrumb","itemListElement":[{"@type":"ListItem","position":1,"name":"Accueil","item":"https:\/\/www.altercampagne.net\/"},{"@type":"ListItem","position":2,"name":"Solidarit\u00e9 avec les migrants"}]},{"@type":"WebSite","@id":"https:\/\/www.altercampagne.net\/#website","url":"https:\/\/www.altercampagne.net\/","name":"AlterTour","description":"Reliez les Alternatives \u00e0 v\u00e9lo","potentialAction":[{"@type":"SearchAction","target":{"@type":"EntryPoint","urlTemplate":"https:\/\/www.altercampagne.net\/?s={search_term_string}"},"query-input":{"@type":"PropertyValueSpecification","valueRequired":true,"valueName":"search_term_string"}}],"inLanguage":"fr-FR"},{"@type":"Person","@id":"https:\/\/www.altercampagne.net\/#\/schema\/person\/0f261460c09e430caa0f9bcffa319109","name":"Mathieu","image":{"@type":"ImageObject","inLanguage":"fr-FR","@id":"https:\/\/secure.gravatar.com\/avatar\/aa9d3d24c83f2141e5e2709d0f63d09a99f6be6bb7a50abc4915838d9f54501a?s=96&d=mm&r=g","url":"https:\/\/secure.gravatar.com\/avatar\/aa9d3d24c83f2141e5e2709d0f63d09a99f6be6bb7a50abc4915838d9f54501a?s=96&d=mm&r=g","contentUrl":"https:\/\/secure.gravatar.com\/avatar\/aa9d3d24c83f2141e5e2709d0f63d09a99f6be6bb7a50abc4915838d9f54501a?s=96&d=mm&r=g","caption":"Mathieu"},"url":"https:\/\/www.altercampagne.net\/?author=214"}]}},"_links":{"self":[{"href":"https:\/\/www.altercampagne.net\/index.php?rest_route=\/wp\/v2\/posts\/1899","targetHints":{"allow":["GET"]}}],"collection":[{"href":"https:\/\/www.altercampagne.net\/index.php?rest_route=\/wp\/v2\/posts"}],"about":[{"href":"https:\/\/www.altercampagne.net\/index.php?rest_route=\/wp\/v2\/types\/post"}],"author":[{"embeddable":true,"href":"https:\/\/www.altercampagne.net\/index.php?rest_route=\/wp\/v2\/users\/214"}],"replies":[{"embeddable":true,"href":"https:\/\/www.altercampagne.net\/index.php?rest_route=%2Fwp%2Fv2%2Fcomments&post=1899"}],"version-history":[{"count":0,"href":"https:\/\/www.altercampagne.net\/index.php?rest_route=\/wp\/v2\/posts\/1899\/revisions"}],"wp:featuredmedia":[{"embeddable":true,"href":"https:\/\/www.altercampagne.net\/index.php?rest_route=\/wp\/v2\/media\/15602"}],"wp:attachment":[{"href":"https:\/\/www.altercampagne.net\/index.php?rest_route=%2Fwp%2Fv2%2Fmedia&parent=1899"}],"wp:term":[{"taxonomy":"category","embeddable":true,"href":"https:\/\/www.altercampagne.net\/index.php?rest_route=%2Fwp%2Fv2%2Fcategories&post=1899"},{"taxonomy":"post_tag","embeddable":true,"href":"https:\/\/www.altercampagne.net\/index.php?rest_route=%2Fwp%2Fv2%2Ftags&post=1899"}],"curies":[{"name":"wp","href":"https:\/\/api.w.org\/{rel}","templated":true}]}}