{"id":18994,"date":"2020-07-12T14:47:00","date_gmt":"2020-07-12T12:47:00","guid":{"rendered":"http:\/\/www.altercampagne.net\/?p=18994"},"modified":"2021-05-06T10:39:42","modified_gmt":"2021-05-06T08:39:42","slug":"velo-chateau-dodo","status":"publish","type":"post","link":"https:\/\/www.altercampagne.net\/?p=18994","title":{"rendered":"V\u00e9lo Ch\u00e2teau Dodo"},"content":{"rendered":"\n<p>Apr\u00e8s une journ\u00e9e de repos bien m\u00e9rit\u00e9e au Ch\u00e2teau Partag\u00e9, la cavalerie se remet en route en direction de Cognin (pr\u00e8s de Chamb\u00e9ry). <br>Une nouvelle journ\u00e9e faste et fort rieuse, qui nous m\u00e8nera de ch\u00e2teau en ch\u00e2teau.&nbsp;<br>Apr\u00e8s  avoir d\u00e9pass\u00e9 le village de Yenne (sans le moindre ricanement),  premi\u00e8re halte des chevaliers \u00e9chevel\u00e9s \u00e0 St Jean le Chevelu. Pendant que les montures paissent et que les minutes passent, les plus \u00e9chaud\u00e9s partent en qu\u00eate du Graal : ils \u00f4tent leurs oripeaux et se lancent dans l&rsquo;eau du lac.&nbsp;Le retour en selle est ardu car la pente est raide. Mais la lumi\u00e8re est bien l\u00e0, au bout du tunnel, avec une vue superbe sur le Lac du Bourget. <\/p>\n\n\n\n<h4 class=\"wp-block-heading\">Cognin nous accueille en grande pompe&#8230;<\/h4>\n\n\n\n<p>L&rsquo;atterrissage est alors imminent, et la chevauch\u00e9e s&rsquo;ach\u00e8ve chichement : malgr\u00e9 le cagnard de Cognin, nous atteignons le <strong>Ch\u00e2teau de Forezan<\/strong> fort ais\u00e9ment.&nbsp;L&rsquo;accueil est princier, dans son grand parc arbor\u00e9 sauv\u00e9 des griffes des  promoteurs immobiliers. Florence, <strong>maire de Cognin<\/strong>, est incontestablement une h\u00f4te au grand kir. Elle porte haut ses valeurs et <strong>pourfend le monopole de la voiture dans sa commune<\/strong>, o\u00f9 un <strong>\u00e9co-quartier<\/strong> a r\u00e9cemment  vu le jour.&nbsp;A ses c\u00f4t\u00e9s, de nobles \u00e2mes de  Chamb\u00e9ry nous attendent.<\/p>\n\n\n\n<h4 class=\"wp-block-heading\">&#8230;et les associations locales aussi<\/h4>\n\n\n\n<p>L&rsquo;association <a rel=\"noreferrer noopener\" aria-label=\"Compost'Action (s\u2019ouvre dans un nouvel onglet)\" href=\"https:\/\/www.compostaction.org\/\" target=\"_blank\"><strong>Compost&rsquo;Action<\/strong><\/a>, active dans les environs, lance, g\u00e8re et accompagne de nombreux compost de proximit\u00e9. Ils forment aussi moult <strong>Ma\u00eetres Composteur<\/strong> et leur chariot p\u00e9dagogique nous r\u00e9v\u00e8le bien vite tous les secrets des <strong>biod\u00e9chets<\/strong>. La joyeuse bande de <strong><a href=\"https:\/\/rouelibre.net\/\" target=\"_blank\" rel=\"noreferrer noopener\" aria-label=\"Roue Libre (s\u2019ouvre dans un nouvel onglet)\">Roue Libre<\/a><\/strong> est \u00e9galement de la partie, et nous fait b\u00e9n\u00e9ficier de son savoir-faire sans rouler des m\u00e9caniques. <strong>Ateliers d&rsquo;auto-r\u00e9paration<\/strong>, organisation de <strong>v\u00e9lorutions<\/strong>, inscription dans tout ce qui se fait de r\u00e9seaux cyclistes en France, ils n&rsquo;ont de cesse de combattre pour offrir au v\u00e9lo toutes ses lettres de noblesse.\u00a0Repus de connaissances mais tiraill\u00e9s par la faim, nos app\u00e9tits aiguis\u00e9s nous poussent tout schuss vers le couscous. Un d\u00e9lice de yaourt de brebis vient clore le festin et nos paupi\u00e8res d\u00e9j\u00e0 lourdes. Et ni les tambours  endiabl\u00e9s du parc voisin, ni les grognements nocturnes d&rsquo;une myst\u00e9rieuse  b\u00eate du Forezan, ne viendront g\u00e2cher le sommeil des valeureux  altercyclistes. <\/p>\n\n\n\n<p class=\"has-text-align-right\"><strong>Remi<\/strong><\/p>\n","protected":false},"excerpt":{"rendered":"<p>Apr\u00e8s une journ\u00e9e de repos bien m\u00e9rit\u00e9e au Ch\u00e2teau Partag\u00e9, la cavalerie se remet en route en direction de Cognin (pr\u00e8s de Chamb\u00e9ry).<br \/>\nUne nouvelle journ\u00e9e faste et fort rieuse, qui nous m\u00e8nera de ch\u00e2teau en ch\u00e2teau. <\/p>\n","protected":false},"author":215,"featured_media":18997,"comment_status":"closed","ping_status":"closed","sticky":false,"template":"","format":"standard","meta":{"footnotes":""},"categories":[3471,4313,3967,3540],"tags":[102,4232,4235,4270],"class_list":["post-18994","post","type-post","status-publish","format-standard","has-post-thumbnail","hentry","category-auvergne-rhone-alpes","category-altertour","category-edition-2020","category-transverse","tag-velorution","tag-roue-libre","tag-compost-action","tag-chateau-de-forezan"],"yoast_head":"<!-- This site is optimized with the Yoast SEO plugin v27.3 - https:\/\/yoast.com\/product\/yoast-seo-wordpress\/ -->\n<title>V\u00e9lo Ch\u00e2teau Dodo - AlterTour<\/title>\n<meta name=\"robots\" content=\"index, follow, max-snippet:-1, max-image-preview:large, max-video-preview:-1\" \/>\n<link rel=\"canonical\" href=\"https:\/\/www.altercampagne.net\/?p=18994\" \/>\n<meta property=\"og:locale\" content=\"fr_FR\" \/>\n<meta property=\"og:type\" content=\"article\" \/>\n<meta property=\"og:title\" content=\"V\u00e9lo Ch\u00e2teau Dodo - AlterTour\" \/>\n<meta property=\"og:description\" content=\"Apr\u00e8s une journ\u00e9e de repos bien m\u00e9rit\u00e9e au Ch\u00e2teau Partag\u00e9, la cavalerie se remet en route en direction de Cognin (pr\u00e8s de Chamb\u00e9ry). Une nouvelle journ\u00e9e faste et fort rieuse, qui nous m\u00e8nera de ch\u00e2teau en ch\u00e2teau.\" \/>\n<meta property=\"og:url\" content=\"https:\/\/www.altercampagne.net\/?p=18994\" \/>\n<meta property=\"og:site_name\" content=\"AlterTour\" \/>\n<meta property=\"article:published_time\" content=\"2020-07-12T12:47:00+00:00\" \/>\n<meta property=\"article:modified_time\" content=\"2021-05-06T08:39:42+00:00\" \/>\n<meta property=\"og:image\" content=\"https:\/\/www.altercampagne.net\/wp-content\/uploads\/2020\/07\/11072020_Molesa_nWEB_VR0118-scaled.jpg\" \/>\n\t<meta property=\"og:image:width\" content=\"2560\" \/>\n\t<meta property=\"og:image:height\" content=\"1340\" \/>\n\t<meta property=\"og:image:type\" content=\"image\/jpeg\" \/>\n<meta name=\"author\" content=\"AlterTour\" \/>\n<meta name=\"twitter:card\" content=\"summary_large_image\" \/>\n<meta name=\"twitter:label1\" content=\"\u00c9crit par\" \/>\n\t<meta name=\"twitter:data1\" content=\"AlterTour\" \/>\n\t<meta name=\"twitter:label2\" content=\"Dur\u00e9e de lecture estim\u00e9e\" \/>\n\t<meta name=\"twitter:data2\" content=\"2 minutes\" \/>\n<script type=\"application\/ld+json\" class=\"yoast-schema-graph\">{\"@context\":\"https:\\\/\\\/schema.org\",\"@graph\":[{\"@type\":\"Article\",\"@id\":\"https:\\\/\\\/www.altercampagne.net\\\/?p=18994#article\",\"isPartOf\":{\"@id\":\"https:\\\/\\\/www.altercampagne.net\\\/?p=18994\"},\"author\":{\"name\":\"AlterTour\",\"@id\":\"https:\\\/\\\/www.altercampagne.net\\\/#\\\/schema\\\/person\\\/e5b68c803196f649c2152249d262d94a\"},\"headline\":\"V\u00e9lo Ch\u00e2teau Dodo\",\"datePublished\":\"2020-07-12T12:47:00+00:00\",\"dateModified\":\"2021-05-06T08:39:42+00:00\",\"mainEntityOfPage\":{\"@id\":\"https:\\\/\\\/www.altercampagne.net\\\/?p=18994\"},\"wordCount\":422,\"image\":{\"@id\":\"https:\\\/\\\/www.altercampagne.net\\\/?p=18994#primaryimage\"},\"thumbnailUrl\":\"https:\\\/\\\/www.altercampagne.net\\\/wp-content\\\/uploads\\\/2020\\\/07\\\/11072020_Molesa_nWEB_VR0118-scaled.jpg\",\"keywords\":[\"v\u00e9lorution\",\"roue libre\",\"Compost Action\",\"Ch\u00e2teau de Forezan\"],\"articleSection\":[\"Auvergne-Rh\u00f4ne-Alpes\",\"AlterTour\",\"Edition 2020\",\"Transverse\"],\"inLanguage\":\"fr-FR\"},{\"@type\":\"WebPage\",\"@id\":\"https:\\\/\\\/www.altercampagne.net\\\/?p=18994\",\"url\":\"https:\\\/\\\/www.altercampagne.net\\\/?p=18994\",\"name\":\"V\u00e9lo Ch\u00e2teau Dodo - AlterTour\",\"isPartOf\":{\"@id\":\"https:\\\/\\\/www.altercampagne.net\\\/#website\"},\"primaryImageOfPage\":{\"@id\":\"https:\\\/\\\/www.altercampagne.net\\\/?p=18994#primaryimage\"},\"image\":{\"@id\":\"https:\\\/\\\/www.altercampagne.net\\\/?p=18994#primaryimage\"},\"thumbnailUrl\":\"https:\\\/\\\/www.altercampagne.net\\\/wp-content\\\/uploads\\\/2020\\\/07\\\/11072020_Molesa_nWEB_VR0118-scaled.jpg\",\"datePublished\":\"2020-07-12T12:47:00+00:00\",\"dateModified\":\"2021-05-06T08:39:42+00:00\",\"author\":{\"@id\":\"https:\\\/\\\/www.altercampagne.net\\\/#\\\/schema\\\/person\\\/e5b68c803196f649c2152249d262d94a\"},\"breadcrumb\":{\"@id\":\"https:\\\/\\\/www.altercampagne.net\\\/?p=18994#breadcrumb\"},\"inLanguage\":\"fr-FR\",\"potentialAction\":[{\"@type\":\"ReadAction\",\"target\":[\"https:\\\/\\\/www.altercampagne.net\\\/?p=18994\"]}]},{\"@type\":\"ImageObject\",\"inLanguage\":\"fr-FR\",\"@id\":\"https:\\\/\\\/www.altercampagne.net\\\/?p=18994#primaryimage\",\"url\":\"https:\\\/\\\/www.altercampagne.net\\\/wp-content\\\/uploads\\\/2020\\\/07\\\/11072020_Molesa_nWEB_VR0118-scaled.jpg\",\"contentUrl\":\"https:\\\/\\\/www.altercampagne.net\\\/wp-content\\\/uploads\\\/2020\\\/07\\\/11072020_Molesa_nWEB_VR0118-scaled.jpg\",\"width\":2560,\"height\":1340},{\"@type\":\"BreadcrumbList\",\"@id\":\"https:\\\/\\\/www.altercampagne.net\\\/?p=18994#breadcrumb\",\"itemListElement\":[{\"@type\":\"ListItem\",\"position\":1,\"name\":\"Accueil\",\"item\":\"https:\\\/\\\/www.altercampagne.net\\\/\"},{\"@type\":\"ListItem\",\"position\":2,\"name\":\"V\u00e9lo Ch\u00e2teau Dodo\"}]},{\"@type\":\"WebSite\",\"@id\":\"https:\\\/\\\/www.altercampagne.net\\\/#website\",\"url\":\"https:\\\/\\\/www.altercampagne.net\\\/\",\"name\":\"AlterTour\",\"description\":\"Reliez les Alternatives \u00e0 v\u00e9lo\",\"potentialAction\":[{\"@type\":\"SearchAction\",\"target\":{\"@type\":\"EntryPoint\",\"urlTemplate\":\"https:\\\/\\\/www.altercampagne.net\\\/?s={search_term_string}\"},\"query-input\":{\"@type\":\"PropertyValueSpecification\",\"valueRequired\":true,\"valueName\":\"search_term_string\"}}],\"inLanguage\":\"fr-FR\"},{\"@type\":\"Person\",\"@id\":\"https:\\\/\\\/www.altercampagne.net\\\/#\\\/schema\\\/person\\\/e5b68c803196f649c2152249d262d94a\",\"name\":\"AlterTour\",\"image\":{\"@type\":\"ImageObject\",\"inLanguage\":\"fr-FR\",\"@id\":\"https:\\\/\\\/secure.gravatar.com\\\/avatar\\\/3f2ed77f8506b8ea264ad5938bb0114bfa10f35b64086a66dfbb6e9f58ad9693?s=96&d=mm&r=g\",\"url\":\"https:\\\/\\\/secure.gravatar.com\\\/avatar\\\/3f2ed77f8506b8ea264ad5938bb0114bfa10f35b64086a66dfbb6e9f58ad9693?s=96&d=mm&r=g\",\"contentUrl\":\"https:\\\/\\\/secure.gravatar.com\\\/avatar\\\/3f2ed77f8506b8ea264ad5938bb0114bfa10f35b64086a66dfbb6e9f58ad9693?s=96&d=mm&r=g\",\"caption\":\"AlterTour\"},\"url\":\"https:\\\/\\\/www.altercampagne.net\\\/?author=215\"}]}<\/script>\n<!-- \/ Yoast SEO plugin. -->","yoast_head_json":{"title":"V\u00e9lo Ch\u00e2teau Dodo - AlterTour","robots":{"index":"index","follow":"follow","max-snippet":"max-snippet:-1","max-image-preview":"max-image-preview:large","max-video-preview":"max-video-preview:-1"},"canonical":"https:\/\/www.altercampagne.net\/?p=18994","og_locale":"fr_FR","og_type":"article","og_title":"V\u00e9lo Ch\u00e2teau Dodo - AlterTour","og_description":"Apr\u00e8s une journ\u00e9e de repos bien m\u00e9rit\u00e9e au Ch\u00e2teau Partag\u00e9, la cavalerie se remet en route en direction de Cognin (pr\u00e8s de Chamb\u00e9ry). Une nouvelle journ\u00e9e faste et fort rieuse, qui nous m\u00e8nera de ch\u00e2teau en ch\u00e2teau.","og_url":"https:\/\/www.altercampagne.net\/?p=18994","og_site_name":"AlterTour","article_published_time":"2020-07-12T12:47:00+00:00","article_modified_time":"2021-05-06T08:39:42+00:00","og_image":[{"width":2560,"height":1340,"url":"https:\/\/www.altercampagne.net\/wp-content\/uploads\/2020\/07\/11072020_Molesa_nWEB_VR0118-scaled.jpg","type":"image\/jpeg"}],"author":"AlterTour","twitter_card":"summary_large_image","twitter_misc":{"\u00c9crit par":"AlterTour","Dur\u00e9e de lecture estim\u00e9e":"2 minutes"},"schema":{"@context":"https:\/\/schema.org","@graph":[{"@type":"Article","@id":"https:\/\/www.altercampagne.net\/?p=18994#article","isPartOf":{"@id":"https:\/\/www.altercampagne.net\/?p=18994"},"author":{"name":"AlterTour","@id":"https:\/\/www.altercampagne.net\/#\/schema\/person\/e5b68c803196f649c2152249d262d94a"},"headline":"V\u00e9lo Ch\u00e2teau Dodo","datePublished":"2020-07-12T12:47:00+00:00","dateModified":"2021-05-06T08:39:42+00:00","mainEntityOfPage":{"@id":"https:\/\/www.altercampagne.net\/?p=18994"},"wordCount":422,"image":{"@id":"https:\/\/www.altercampagne.net\/?p=18994#primaryimage"},"thumbnailUrl":"https:\/\/www.altercampagne.net\/wp-content\/uploads\/2020\/07\/11072020_Molesa_nWEB_VR0118-scaled.jpg","keywords":["v\u00e9lorution","roue libre","Compost Action","Ch\u00e2teau de Forezan"],"articleSection":["Auvergne-Rh\u00f4ne-Alpes","AlterTour","Edition 2020","Transverse"],"inLanguage":"fr-FR"},{"@type":"WebPage","@id":"https:\/\/www.altercampagne.net\/?p=18994","url":"https:\/\/www.altercampagne.net\/?p=18994","name":"V\u00e9lo Ch\u00e2teau Dodo - AlterTour","isPartOf":{"@id":"https:\/\/www.altercampagne.net\/#website"},"primaryImageOfPage":{"@id":"https:\/\/www.altercampagne.net\/?p=18994#primaryimage"},"image":{"@id":"https:\/\/www.altercampagne.net\/?p=18994#primaryimage"},"thumbnailUrl":"https:\/\/www.altercampagne.net\/wp-content\/uploads\/2020\/07\/11072020_Molesa_nWEB_VR0118-scaled.jpg","datePublished":"2020-07-12T12:47:00+00:00","dateModified":"2021-05-06T08:39:42+00:00","author":{"@id":"https:\/\/www.altercampagne.net\/#\/schema\/person\/e5b68c803196f649c2152249d262d94a"},"breadcrumb":{"@id":"https:\/\/www.altercampagne.net\/?p=18994#breadcrumb"},"inLanguage":"fr-FR","potentialAction":[{"@type":"ReadAction","target":["https:\/\/www.altercampagne.net\/?p=18994"]}]},{"@type":"ImageObject","inLanguage":"fr-FR","@id":"https:\/\/www.altercampagne.net\/?p=18994#primaryimage","url":"https:\/\/www.altercampagne.net\/wp-content\/uploads\/2020\/07\/11072020_Molesa_nWEB_VR0118-scaled.jpg","contentUrl":"https:\/\/www.altercampagne.net\/wp-content\/uploads\/2020\/07\/11072020_Molesa_nWEB_VR0118-scaled.jpg","width":2560,"height":1340},{"@type":"BreadcrumbList","@id":"https:\/\/www.altercampagne.net\/?p=18994#breadcrumb","itemListElement":[{"@type":"ListItem","position":1,"name":"Accueil","item":"https:\/\/www.altercampagne.net\/"},{"@type":"ListItem","position":2,"name":"V\u00e9lo Ch\u00e2teau Dodo"}]},{"@type":"WebSite","@id":"https:\/\/www.altercampagne.net\/#website","url":"https:\/\/www.altercampagne.net\/","name":"AlterTour","description":"Reliez les Alternatives \u00e0 v\u00e9lo","potentialAction":[{"@type":"SearchAction","target":{"@type":"EntryPoint","urlTemplate":"https:\/\/www.altercampagne.net\/?s={search_term_string}"},"query-input":{"@type":"PropertyValueSpecification","valueRequired":true,"valueName":"search_term_string"}}],"inLanguage":"fr-FR"},{"@type":"Person","@id":"https:\/\/www.altercampagne.net\/#\/schema\/person\/e5b68c803196f649c2152249d262d94a","name":"AlterTour","image":{"@type":"ImageObject","inLanguage":"fr-FR","@id":"https:\/\/secure.gravatar.com\/avatar\/3f2ed77f8506b8ea264ad5938bb0114bfa10f35b64086a66dfbb6e9f58ad9693?s=96&d=mm&r=g","url":"https:\/\/secure.gravatar.com\/avatar\/3f2ed77f8506b8ea264ad5938bb0114bfa10f35b64086a66dfbb6e9f58ad9693?s=96&d=mm&r=g","contentUrl":"https:\/\/secure.gravatar.com\/avatar\/3f2ed77f8506b8ea264ad5938bb0114bfa10f35b64086a66dfbb6e9f58ad9693?s=96&d=mm&r=g","caption":"AlterTour"},"url":"https:\/\/www.altercampagne.net\/?author=215"}]}},"_links":{"self":[{"href":"https:\/\/www.altercampagne.net\/index.php?rest_route=\/wp\/v2\/posts\/18994","targetHints":{"allow":["GET"]}}],"collection":[{"href":"https:\/\/www.altercampagne.net\/index.php?rest_route=\/wp\/v2\/posts"}],"about":[{"href":"https:\/\/www.altercampagne.net\/index.php?rest_route=\/wp\/v2\/types\/post"}],"author":[{"embeddable":true,"href":"https:\/\/www.altercampagne.net\/index.php?rest_route=\/wp\/v2\/users\/215"}],"replies":[{"embeddable":true,"href":"https:\/\/www.altercampagne.net\/index.php?rest_route=%2Fwp%2Fv2%2Fcomments&post=18994"}],"version-history":[{"count":8,"href":"https:\/\/www.altercampagne.net\/index.php?rest_route=\/wp\/v2\/posts\/18994\/revisions"}],"predecessor-version":[{"id":20053,"href":"https:\/\/www.altercampagne.net\/index.php?rest_route=\/wp\/v2\/posts\/18994\/revisions\/20053"}],"wp:featuredmedia":[{"embeddable":true,"href":"https:\/\/www.altercampagne.net\/index.php?rest_route=\/wp\/v2\/media\/18997"}],"wp:attachment":[{"href":"https:\/\/www.altercampagne.net\/index.php?rest_route=%2Fwp%2Fv2%2Fmedia&parent=18994"}],"wp:term":[{"taxonomy":"category","embeddable":true,"href":"https:\/\/www.altercampagne.net\/index.php?rest_route=%2Fwp%2Fv2%2Fcategories&post=18994"},{"taxonomy":"post_tag","embeddable":true,"href":"https:\/\/www.altercampagne.net\/index.php?rest_route=%2Fwp%2Fv2%2Ftags&post=18994"}],"curies":[{"name":"wp","href":"https:\/\/api.w.org\/{rel}","templated":true}]}}