{"id":1901,"date":"2015-08-21T22:22:57","date_gmt":"2015-08-21T20:22:57","guid":{"rendered":"http:\/\/www.altercampagne.net\/?p=1901"},"modified":"2020-02-24T15:11:32","modified_gmt":"2020-02-24T14:11:32","slug":"dans-le-pas-de-calais-le-droit-de-fumeur-a-toujours-cours","status":"publish","type":"post","link":"https:\/\/www.altercampagne.net\/?p=1901","title":{"rendered":"Dans le Pas de Calais le droit de fumeur a toujours cours"},"content":{"rendered":"<p>Aujourd\u2019hui, il s\u2019est pass\u00e9 plusieurs choses exceptionnelles. Tout d\u2019abord, il a fait beau. Sur le trajet entre Hecques et Macquinghem, nous avons p\u00e9dal\u00e9 sous le soleil parmi les bocages de l\u2019Audomarois (ben oui, le pays de Saint-Omer, quoi&nbsp;!) et du Boulonnais (du c\u00f4t\u00e9 de Boulogne- sur-Mer dans le 62). Pour la premi\u00e8re fois depuis de nombreuses \u00e9tapes (de m\u00e9moire d\u2019altercycliste) la nature \u00e9tait belle. Apr\u00e8s les Flandres et l\u2019agriculture intensive, apr\u00e8s les vaches au cul surdimensionn\u00e9 par les hormones, nous avons retrouv\u00e9 de jolies haies d\u2019arbustes, des maisons de pierre et des toits \u00e0 deux pentes en tuile, des vaches normales, de la for\u00eat. Pourtant il y a de nombreuses maisons \u00e0 vendre. Le \u00ab&nbsp;droit de fumeur&nbsp;\u00bb, une commission au black qu\u2019on paie traditionnellement au vendeur (jusqu\u2019\u00e0 10% du prix d\u2019achat), n\u2019incite peut-\u00eatre pas les jeunes agriculteurs \u00e0 s\u2019y installer. Deuxi\u00e8me \u00e9v\u00e9nement de la journ\u00e9e, en traversant une succession de villages en \u00ab&nbsp;hem&nbsp;\u00bb, Brigitte a crev\u00e9, sur son v\u00e9lo \u00e9lectrique, celui qui nous double dans les c\u00f4tes. On s\u2019est mis \u00e0 quinze pour r\u00e9parer, mais ce sont les serre-files (les maillots jaunes qui cl\u00f4turent le peloton) qui ont fini le boulot. C\u2019est l\u00e0 qu\u2019on a \u00e9t\u00e9 rejoints par le garde-p\u00eache venu nous dire que (troisi\u00e8me \u00e9v\u00e9nement exceptionnel) l\u2019un des n\u00f4tres avait p\u00each\u00e9 une truite dans l\u2019Aa et que c\u2019est interdit, surtout les truites, qu\u2019on r\u00e9introduit. Pour ceux qui ne font pas de mots-crois\u00e9s, l\u2019Aa est cette fameuse rivi\u00e8re du nord de la France, en deux lettres. C\u2019est vrai que \u00e7a la fout de mal, surtout pour des \u00e9colos, de p\u00eacher quand c\u2019est interdit. Arriv\u00e9s \u00e0 la ferme on a mang\u00e9 du sarrasin (tr\u00e8s bien cuisin\u00e9 c\u2019est bon) et je dois vous laisser pour aller go\u00fbter la tarte Papin pr\u00e9par\u00e9e par nos accueillants, j\u2019esp\u00e8re qu\u2019il en reste.<\/p>\n<p style=\"text-align: right;\">Karine<\/p>\n","protected":false},"excerpt":{"rendered":"<p>Aujourd\u2019hui, il s\u2019est pass\u00e9 plusieurs choses exceptionnelles. Tout d\u2019abord, il a fait beau. Sur le trajet entre Hecques et Macquinghem, nous avons p\u00e9dal\u00e9 sous le soleil parmi les bocages de l\u2019Audomarois (ben oui, le pays de Saint-Omer, quoi&nbsp;!) et du Boulonnais (du c\u00f4t\u00e9 de Boulogne- sur-Mer dans le 62). Pour &#8230; <\/p>\n<div><a href=\"https:\/\/www.altercampagne.net\/?p=1901\" class=\"more-link\">Read More<\/a><\/div>\n","protected":false},"author":214,"featured_media":0,"comment_status":"closed","ping_status":"closed","sticky":false,"template":"","format":"standard","meta":{"footnotes":""},"categories":[3476,3460],"tags":[44,192,233,323,359,360,361,1493,1494,1495,1496,1599,1672,2704],"class_list":["post-1901","post","type-post","status-publish","format-standard","hentry","category-hauts-de-france","category-edition-2015","tag-climat","tag-altertour-2015","tag-cop21","tag-pas-de-calais","tag-poisson","tag-peche","tag-tarte-papin","tag-hecques","tag-macquinghem","tag-saint-omer","tag-boulogne-sur-mer","tag-nord-pas-de-calais","tag-1672","tag-alterjournaliste","no-post-thumbnail"],"yoast_head":"<!-- This site is optimized with the Yoast SEO plugin v27.3 - https:\/\/yoast.com\/product\/yoast-seo-wordpress\/ -->\n<title>Dans le Pas de Calais le droit de fumeur a toujours cours - AlterTour<\/title>\n<meta name=\"robots\" content=\"index, follow, max-snippet:-1, max-image-preview:large, max-video-preview:-1\" \/>\n<link rel=\"canonical\" href=\"https:\/\/www.altercampagne.net\/?p=1901\" \/>\n<meta property=\"og:locale\" content=\"fr_FR\" \/>\n<meta property=\"og:type\" content=\"article\" \/>\n<meta property=\"og:title\" content=\"Dans le Pas de Calais le droit de fumeur a toujours cours - AlterTour\" \/>\n<meta property=\"og:description\" content=\"Aujourd\u2019hui, il s\u2019est pass\u00e9 plusieurs choses exceptionnelles. Tout d\u2019abord, il a fait beau. Sur le trajet entre Hecques et Macquinghem, nous avons p\u00e9dal\u00e9 sous le soleil parmi les bocages de l\u2019Audomarois (ben oui, le pays de Saint-Omer, quoi&nbsp;!) et du Boulonnais (du c\u00f4t\u00e9 de Boulogne- sur-Mer dans le 62). Pour ... Read More\" \/>\n<meta property=\"og:url\" content=\"https:\/\/www.altercampagne.net\/?p=1901\" \/>\n<meta property=\"og:site_name\" content=\"AlterTour\" \/>\n<meta property=\"article:published_time\" content=\"2015-08-21T20:22:57+00:00\" \/>\n<meta property=\"article:modified_time\" content=\"2020-02-24T14:11:32+00:00\" \/>\n<meta name=\"author\" content=\"Mathieu\" \/>\n<meta name=\"twitter:card\" content=\"summary_large_image\" \/>\n<meta name=\"twitter:label1\" content=\"\u00c9crit par\" \/>\n\t<meta name=\"twitter:data1\" content=\"Mathieu\" \/>\n\t<meta name=\"twitter:label2\" content=\"Dur\u00e9e de lecture estim\u00e9e\" \/>\n\t<meta name=\"twitter:data2\" content=\"2 minutes\" \/>\n<script type=\"application\/ld+json\" class=\"yoast-schema-graph\">{\"@context\":\"https:\\\/\\\/schema.org\",\"@graph\":[{\"@type\":\"Article\",\"@id\":\"https:\\\/\\\/www.altercampagne.net\\\/?p=1901#article\",\"isPartOf\":{\"@id\":\"https:\\\/\\\/www.altercampagne.net\\\/?p=1901\"},\"author\":{\"name\":\"Mathieu\",\"@id\":\"https:\\\/\\\/www.altercampagne.net\\\/#\\\/schema\\\/person\\\/0f261460c09e430caa0f9bcffa319109\"},\"headline\":\"Dans le Pas de Calais le droit de fumeur a toujours cours\",\"datePublished\":\"2015-08-21T20:22:57+00:00\",\"dateModified\":\"2020-02-24T14:11:32+00:00\",\"mainEntityOfPage\":{\"@id\":\"https:\\\/\\\/www.altercampagne.net\\\/?p=1901\"},\"wordCount\":361,\"keywords\":[\"climat\",\"AlterTour 2015\",\"cop21\",\"pas de calais\",\"poisson\",\"p\u00eache\",\"tarte Papin\",\"Hecques\",\"Macquinghem\",\"saint-Omer\",\"Boulogne-sur-Mer\",\"Nord-Pas-de-Calais\",\"2015\",\"alterjournaliste\"],\"articleSection\":[\"Hauts-de-France\",\"\u00c9dition 2015\"],\"inLanguage\":\"fr-FR\"},{\"@type\":\"WebPage\",\"@id\":\"https:\\\/\\\/www.altercampagne.net\\\/?p=1901\",\"url\":\"https:\\\/\\\/www.altercampagne.net\\\/?p=1901\",\"name\":\"Dans le Pas de Calais le droit de fumeur a toujours cours - AlterTour\",\"isPartOf\":{\"@id\":\"https:\\\/\\\/www.altercampagne.net\\\/#website\"},\"datePublished\":\"2015-08-21T20:22:57+00:00\",\"dateModified\":\"2020-02-24T14:11:32+00:00\",\"author\":{\"@id\":\"https:\\\/\\\/www.altercampagne.net\\\/#\\\/schema\\\/person\\\/0f261460c09e430caa0f9bcffa319109\"},\"breadcrumb\":{\"@id\":\"https:\\\/\\\/www.altercampagne.net\\\/?p=1901#breadcrumb\"},\"inLanguage\":\"fr-FR\",\"potentialAction\":[{\"@type\":\"ReadAction\",\"target\":[\"https:\\\/\\\/www.altercampagne.net\\\/?p=1901\"]}]},{\"@type\":\"BreadcrumbList\",\"@id\":\"https:\\\/\\\/www.altercampagne.net\\\/?p=1901#breadcrumb\",\"itemListElement\":[{\"@type\":\"ListItem\",\"position\":1,\"name\":\"Accueil\",\"item\":\"https:\\\/\\\/www.altercampagne.net\\\/\"},{\"@type\":\"ListItem\",\"position\":2,\"name\":\"Dans le Pas de Calais le droit de fumeur a toujours cours\"}]},{\"@type\":\"WebSite\",\"@id\":\"https:\\\/\\\/www.altercampagne.net\\\/#website\",\"url\":\"https:\\\/\\\/www.altercampagne.net\\\/\",\"name\":\"AlterTour\",\"description\":\"Reliez les Alternatives \u00e0 v\u00e9lo\",\"potentialAction\":[{\"@type\":\"SearchAction\",\"target\":{\"@type\":\"EntryPoint\",\"urlTemplate\":\"https:\\\/\\\/www.altercampagne.net\\\/?s={search_term_string}\"},\"query-input\":{\"@type\":\"PropertyValueSpecification\",\"valueRequired\":true,\"valueName\":\"search_term_string\"}}],\"inLanguage\":\"fr-FR\"},{\"@type\":\"Person\",\"@id\":\"https:\\\/\\\/www.altercampagne.net\\\/#\\\/schema\\\/person\\\/0f261460c09e430caa0f9bcffa319109\",\"name\":\"Mathieu\",\"image\":{\"@type\":\"ImageObject\",\"inLanguage\":\"fr-FR\",\"@id\":\"https:\\\/\\\/secure.gravatar.com\\\/avatar\\\/aa9d3d24c83f2141e5e2709d0f63d09a99f6be6bb7a50abc4915838d9f54501a?s=96&d=mm&r=g\",\"url\":\"https:\\\/\\\/secure.gravatar.com\\\/avatar\\\/aa9d3d24c83f2141e5e2709d0f63d09a99f6be6bb7a50abc4915838d9f54501a?s=96&d=mm&r=g\",\"contentUrl\":\"https:\\\/\\\/secure.gravatar.com\\\/avatar\\\/aa9d3d24c83f2141e5e2709d0f63d09a99f6be6bb7a50abc4915838d9f54501a?s=96&d=mm&r=g\",\"caption\":\"Mathieu\"},\"url\":\"https:\\\/\\\/www.altercampagne.net\\\/?author=214\"}]}<\/script>\n<!-- \/ Yoast SEO plugin. -->","yoast_head_json":{"title":"Dans le Pas de Calais le droit de fumeur a toujours cours - AlterTour","robots":{"index":"index","follow":"follow","max-snippet":"max-snippet:-1","max-image-preview":"max-image-preview:large","max-video-preview":"max-video-preview:-1"},"canonical":"https:\/\/www.altercampagne.net\/?p=1901","og_locale":"fr_FR","og_type":"article","og_title":"Dans le Pas de Calais le droit de fumeur a toujours cours - AlterTour","og_description":"Aujourd\u2019hui, il s\u2019est pass\u00e9 plusieurs choses exceptionnelles. Tout d\u2019abord, il a fait beau. Sur le trajet entre Hecques et Macquinghem, nous avons p\u00e9dal\u00e9 sous le soleil parmi les bocages de l\u2019Audomarois (ben oui, le pays de Saint-Omer, quoi&nbsp;!) et du Boulonnais (du c\u00f4t\u00e9 de Boulogne- sur-Mer dans le 62). Pour ... Read More","og_url":"https:\/\/www.altercampagne.net\/?p=1901","og_site_name":"AlterTour","article_published_time":"2015-08-21T20:22:57+00:00","article_modified_time":"2020-02-24T14:11:32+00:00","author":"Mathieu","twitter_card":"summary_large_image","twitter_misc":{"\u00c9crit par":"Mathieu","Dur\u00e9e de lecture estim\u00e9e":"2 minutes"},"schema":{"@context":"https:\/\/schema.org","@graph":[{"@type":"Article","@id":"https:\/\/www.altercampagne.net\/?p=1901#article","isPartOf":{"@id":"https:\/\/www.altercampagne.net\/?p=1901"},"author":{"name":"Mathieu","@id":"https:\/\/www.altercampagne.net\/#\/schema\/person\/0f261460c09e430caa0f9bcffa319109"},"headline":"Dans le Pas de Calais le droit de fumeur a toujours cours","datePublished":"2015-08-21T20:22:57+00:00","dateModified":"2020-02-24T14:11:32+00:00","mainEntityOfPage":{"@id":"https:\/\/www.altercampagne.net\/?p=1901"},"wordCount":361,"keywords":["climat","AlterTour 2015","cop21","pas de calais","poisson","p\u00eache","tarte Papin","Hecques","Macquinghem","saint-Omer","Boulogne-sur-Mer","Nord-Pas-de-Calais","2015","alterjournaliste"],"articleSection":["Hauts-de-France","\u00c9dition 2015"],"inLanguage":"fr-FR"},{"@type":"WebPage","@id":"https:\/\/www.altercampagne.net\/?p=1901","url":"https:\/\/www.altercampagne.net\/?p=1901","name":"Dans le Pas de Calais le droit de fumeur a toujours cours - AlterTour","isPartOf":{"@id":"https:\/\/www.altercampagne.net\/#website"},"datePublished":"2015-08-21T20:22:57+00:00","dateModified":"2020-02-24T14:11:32+00:00","author":{"@id":"https:\/\/www.altercampagne.net\/#\/schema\/person\/0f261460c09e430caa0f9bcffa319109"},"breadcrumb":{"@id":"https:\/\/www.altercampagne.net\/?p=1901#breadcrumb"},"inLanguage":"fr-FR","potentialAction":[{"@type":"ReadAction","target":["https:\/\/www.altercampagne.net\/?p=1901"]}]},{"@type":"BreadcrumbList","@id":"https:\/\/www.altercampagne.net\/?p=1901#breadcrumb","itemListElement":[{"@type":"ListItem","position":1,"name":"Accueil","item":"https:\/\/www.altercampagne.net\/"},{"@type":"ListItem","position":2,"name":"Dans le Pas de Calais le droit de fumeur a toujours cours"}]},{"@type":"WebSite","@id":"https:\/\/www.altercampagne.net\/#website","url":"https:\/\/www.altercampagne.net\/","name":"AlterTour","description":"Reliez les Alternatives \u00e0 v\u00e9lo","potentialAction":[{"@type":"SearchAction","target":{"@type":"EntryPoint","urlTemplate":"https:\/\/www.altercampagne.net\/?s={search_term_string}"},"query-input":{"@type":"PropertyValueSpecification","valueRequired":true,"valueName":"search_term_string"}}],"inLanguage":"fr-FR"},{"@type":"Person","@id":"https:\/\/www.altercampagne.net\/#\/schema\/person\/0f261460c09e430caa0f9bcffa319109","name":"Mathieu","image":{"@type":"ImageObject","inLanguage":"fr-FR","@id":"https:\/\/secure.gravatar.com\/avatar\/aa9d3d24c83f2141e5e2709d0f63d09a99f6be6bb7a50abc4915838d9f54501a?s=96&d=mm&r=g","url":"https:\/\/secure.gravatar.com\/avatar\/aa9d3d24c83f2141e5e2709d0f63d09a99f6be6bb7a50abc4915838d9f54501a?s=96&d=mm&r=g","contentUrl":"https:\/\/secure.gravatar.com\/avatar\/aa9d3d24c83f2141e5e2709d0f63d09a99f6be6bb7a50abc4915838d9f54501a?s=96&d=mm&r=g","caption":"Mathieu"},"url":"https:\/\/www.altercampagne.net\/?author=214"}]}},"_links":{"self":[{"href":"https:\/\/www.altercampagne.net\/index.php?rest_route=\/wp\/v2\/posts\/1901","targetHints":{"allow":["GET"]}}],"collection":[{"href":"https:\/\/www.altercampagne.net\/index.php?rest_route=\/wp\/v2\/posts"}],"about":[{"href":"https:\/\/www.altercampagne.net\/index.php?rest_route=\/wp\/v2\/types\/post"}],"author":[{"embeddable":true,"href":"https:\/\/www.altercampagne.net\/index.php?rest_route=\/wp\/v2\/users\/214"}],"replies":[{"embeddable":true,"href":"https:\/\/www.altercampagne.net\/index.php?rest_route=%2Fwp%2Fv2%2Fcomments&post=1901"}],"version-history":[{"count":2,"href":"https:\/\/www.altercampagne.net\/index.php?rest_route=\/wp\/v2\/posts\/1901\/revisions"}],"predecessor-version":[{"id":17344,"href":"https:\/\/www.altercampagne.net\/index.php?rest_route=\/wp\/v2\/posts\/1901\/revisions\/17344"}],"wp:attachment":[{"href":"https:\/\/www.altercampagne.net\/index.php?rest_route=%2Fwp%2Fv2%2Fmedia&parent=1901"}],"wp:term":[{"taxonomy":"category","embeddable":true,"href":"https:\/\/www.altercampagne.net\/index.php?rest_route=%2Fwp%2Fv2%2Fcategories&post=1901"},{"taxonomy":"post_tag","embeddable":true,"href":"https:\/\/www.altercampagne.net\/index.php?rest_route=%2Fwp%2Fv2%2Ftags&post=1901"}],"curies":[{"name":"wp","href":"https:\/\/api.w.org\/{rel}","templated":true}]}}