{"id":1904,"date":"2015-08-20T22:31:29","date_gmt":"2015-08-20T20:31:29","guid":{"rendered":"http:\/\/www.altercampagne.net\/?p=1904"},"modified":"2024-10-22T14:51:36","modified_gmt":"2024-10-22T12:51:36","slug":"norrent-fontes-les-cinquante-cyclistes-de-lalter-tour-font-une-halte-au-camp-de-migrants","status":"publish","type":"post","link":"https:\/\/www.altercampagne.net\/?p=1904","title":{"rendered":"Norrent-Fontes : les cinquante cyclistes de l\u2019AlterTour font une halte au camp de migrants"},"content":{"rendered":"<p class=\"chapo\"><span class=\"author vcard fn\">PAR REYNALD CLOUET, PHOTOS JOHAN BEN AZZOUZ<\/span><\/p>\n<p class=\"chapo\">Cinq semaines durant, les b\u00e9n\u00e9voles de l\u2019association Alter campagne parcourent la France. Leur but ? Faire des rencontres et partager des exp\u00e9riences solidaires, comme ici au camp de Norrent-Fontes.<\/p>\n<p><a href=\"http:\/\/www.altercampagne.net\/wp-content\/uploads\/2015\/08\/132625377_B976334316Z.1_20150820203335_000_GU6520L9V.2-0.jpg\"><img loading=\"lazy\" decoding=\"async\" class=\" size-medium wp-image-3836 alignleft\" src=\"http:\/\/www.altercampagne.net\/wp-content\/uploads\/2015\/08\/132625377_B976334316Z.1_20150820203335_000_GU6520L9V.2-0-300x171.jpg\" alt=\"132625377_B976334316Z.1_20150820203335_000_GU6520L9V.2-0\" width=\"300\" height=\"171\" srcset=\"https:\/\/www.altercampagne.net\/wp-content\/uploads\/2015\/08\/132625377_B976334316Z.1_20150820203335_000_GU6520L9V.2-0-300x171.jpg 300w, https:\/\/www.altercampagne.net\/wp-content\/uploads\/2015\/08\/132625377_B976334316Z.1_20150820203335_000_GU6520L9V.2-0.jpg 589w\" sizes=\"auto, (max-width: 300px) 100vw, 300px\" \/><\/a>Lorsqu\u2019ils ont trac\u00e9 sur la carte fin septembre le trajet entre Bar-le-Duc et Calais, les organisateurs de l\u2019Alter-tour ont cibl\u00e9 des \u00e9tapes susceptibles de nourir leur philosophie de vie. Le camp de Norrent-Fontes s\u2019est impos\u00e9 \u00e0 eux comme une \u00e9vidence. Coordinateur de l\u2019AlterTour, Mathieu Fromont s\u2019en explique : \u00ab <i>Nous souhaitions prendre trois heures de notre temps pour discuter avec les migrants, entendre ce qu\u2019ils ont \u00e0 nous dire, montrer notre solidarit\u00e9 envers eux et les personnes qui les soutiennent<\/i>. \u00bb Nan Suel, pr\u00e9sidente de Terre d\u2019errance, \u00e9tait pr\u00e9sente pour accueillir ces invit\u00e9s venus de Bretagne, de la r\u00e9gion parisienne, du centre ou encore du sud-est de la France.<\/p>\n<p>La plupart n\u2019avaient jamais visit\u00e9 un tel camp mais celui-ci correspondait bien \u00e0 l\u2019image qu\u2019ils s\u2019en faisaient. \u00ab <i>C\u2019est notre mode de vie d\u2019Europ\u00e9en qui cr\u00e9e tout \u00e7a. Derri\u00e8re, on ne peut pas fermer les yeux et dire que ce n\u2019est pas notre probl\u00e8me<\/i> \u00bb, d\u00e9plorait Mathieu Fromont, s\u2019adressant \u00e0 Nan Suel.<\/p>\n<div class=\"entry-content\">\n<p>Un peu plus loin, Elsa et Nico et leur b\u00e9b\u00e9 de seize mois participent \u00e0 ce p\u00e9riple avec un v\u00e9lo hollandais sans vitesse. \u00ab <i>Cette rencontre nous donne envie de mieux comprendre encore ce qui se passe avec les migrants. Si nous \u00e9tions n\u00e9s en \u00c9rythr\u00e9e, je pense que nous serions des migrants, comme eux. <\/i> \u00bb En faisant la vaisselle avec les r\u00e9sidents, ces deux-l\u00e0 ont constat\u00e9 \u00e0 quel point le manque d\u2019eau sur le camp pose probl\u00e8me. Actuellement, la ration est limit\u00e9e \u00e0 deux litres par jour et par personne.<\/p>\n<p>Source, la Voix du Nord : <a href=\"http:\/\/www.lavoixdunord.fr\/region\/norrent-fontes-les-cinquante-cyclistes-de-l-alter-tour-ia32b54017n3000152\" target=\"_blank\" rel=\"noopener noreferrer\">http:\/\/www.lavoixdunord.fr\/region\/norrent-fontes-les-cinquante-cyclistes-de-l-alter-tour-ia32b54017n3000152<\/a><\/p>\n<\/div>\n","protected":false},"excerpt":{"rendered":"<p>PAR REYNALD CLOUET, PHOTOS JOHAN BEN AZZOUZ Cinq semaines durant, les b\u00e9n\u00e9voles de l\u2019association Alter campagne parcourent la France. Leur but ? Faire des rencontres et partager des exp\u00e9riences solidaires, comme ici au camp de Norrent-Fontes. Lorsqu\u2019ils ont trac\u00e9 sur la carte fin septembre le trajet entre Bar-le-Duc et Calais, &#8230; <\/p>\n<div><a href=\"https:\/\/www.altercampagne.net\/?p=1904\" class=\"more-link\">Read More<\/a><\/div>\n","protected":false},"author":215,"featured_media":15625,"comment_status":"closed","ping_status":"closed","sticky":false,"template":"","format":"standard","meta":{"footnotes":""},"categories":[239,3476,3460,3542],"tags":[52,192,202,320,323,356,362,363,1498,1599],"class_list":["post-1904","post","type-post","status-publish","format-standard","has-post-thumbnail","hentry","category-revue-de-presse","category-hauts-de-france","category-edition-2015","category-lutte","tag-accueillant-2015","tag-altertour-2015","tag-terre-derrance","tag-norrent-fontes","tag-pas-de-calais","tag-migrants","tag-erythree","tag-voix-de-nord","tag-nan-suel","tag-nord-pas-de-calais"],"yoast_head":"<!-- This site is optimized with the Yoast SEO plugin v27.3 - https:\/\/yoast.com\/product\/yoast-seo-wordpress\/ -->\n<title>Norrent-Fontes : les cinquante cyclistes de l\u2019AlterTour font une halte au camp de migrants - AlterTour<\/title>\n<meta name=\"robots\" content=\"index, follow, max-snippet:-1, max-image-preview:large, max-video-preview:-1\" \/>\n<link rel=\"canonical\" href=\"https:\/\/www.altercampagne.net\/?p=1904\" \/>\n<meta property=\"og:locale\" content=\"fr_FR\" \/>\n<meta property=\"og:type\" content=\"article\" \/>\n<meta property=\"og:title\" content=\"Norrent-Fontes : les cinquante cyclistes de l\u2019AlterTour font une halte au camp de migrants - AlterTour\" \/>\n<meta property=\"og:description\" content=\"PAR REYNALD CLOUET, PHOTOS JOHAN BEN AZZOUZ Cinq semaines durant, les b\u00e9n\u00e9voles de l\u2019association Alter campagne parcourent la France. Leur but ? Faire des rencontres et partager des exp\u00e9riences solidaires, comme ici au camp de Norrent-Fontes. Lorsqu\u2019ils ont trac\u00e9 sur la carte fin septembre le trajet entre Bar-le-Duc et Calais, ... Read More\" \/>\n<meta property=\"og:url\" content=\"https:\/\/www.altercampagne.net\/?p=1904\" \/>\n<meta property=\"og:site_name\" content=\"AlterTour\" \/>\n<meta property=\"article:published_time\" content=\"2015-08-20T20:31:29+00:00\" \/>\n<meta property=\"article:modified_time\" content=\"2024-10-22T12:51:36+00:00\" \/>\n<meta property=\"og:image\" content=\"https:\/\/www.altercampagne.net\/wp-content\/uploads\/2015\/08\/2015-08-20_15.17.jpg\" \/>\n\t<meta property=\"og:image:width\" content=\"905\" \/>\n\t<meta property=\"og:image:height\" content=\"473\" \/>\n\t<meta property=\"og:image:type\" content=\"image\/jpeg\" \/>\n<meta name=\"author\" content=\"AlterTour\" \/>\n<meta name=\"twitter:card\" content=\"summary_large_image\" \/>\n<meta name=\"twitter:label1\" content=\"\u00c9crit par\" \/>\n\t<meta name=\"twitter:data1\" content=\"AlterTour\" \/>\n\t<meta name=\"twitter:label2\" content=\"Dur\u00e9e de lecture estim\u00e9e\" \/>\n\t<meta name=\"twitter:data2\" content=\"2 minutes\" \/>\n<script type=\"application\/ld+json\" class=\"yoast-schema-graph\">{\"@context\":\"https:\\\/\\\/schema.org\",\"@graph\":[{\"@type\":\"Article\",\"@id\":\"https:\\\/\\\/www.altercampagne.net\\\/?p=1904#article\",\"isPartOf\":{\"@id\":\"https:\\\/\\\/www.altercampagne.net\\\/?p=1904\"},\"author\":{\"name\":\"AlterTour\",\"@id\":\"https:\\\/\\\/www.altercampagne.net\\\/#\\\/schema\\\/person\\\/e5b68c803196f649c2152249d262d94a\"},\"headline\":\"Norrent-Fontes : les cinquante cyclistes de l\u2019AlterTour font une halte au camp de migrants\",\"datePublished\":\"2015-08-20T20:31:29+00:00\",\"dateModified\":\"2024-10-22T12:51:36+00:00\",\"mainEntityOfPage\":{\"@id\":\"https:\\\/\\\/www.altercampagne.net\\\/?p=1904\"},\"wordCount\":337,\"image\":{\"@id\":\"https:\\\/\\\/www.altercampagne.net\\\/?p=1904#primaryimage\"},\"thumbnailUrl\":\"https:\\\/\\\/www.altercampagne.net\\\/wp-content\\\/uploads\\\/2015\\\/08\\\/2015-08-20_15.17.jpg\",\"keywords\":[\"accueillant 2015\",\"AlterTour 2015\",\"Terre d'Errance\",\"norrent-fontes\",\"pas de calais\",\"migrants\",\"\u00e9rythr\u00e9e\",\"voix de nord\",\"Nan Suel\",\"Nord-Pas-de-Calais\"],\"articleSection\":[\"Revue de presse\",\"Hauts-de-France\",\"\u00c9dition 2015\",\"Lutte\"],\"inLanguage\":\"fr-FR\"},{\"@type\":\"WebPage\",\"@id\":\"https:\\\/\\\/www.altercampagne.net\\\/?p=1904\",\"url\":\"https:\\\/\\\/www.altercampagne.net\\\/?p=1904\",\"name\":\"Norrent-Fontes : les cinquante cyclistes de l\u2019AlterTour font une halte au camp de migrants - AlterTour\",\"isPartOf\":{\"@id\":\"https:\\\/\\\/www.altercampagne.net\\\/#website\"},\"primaryImageOfPage\":{\"@id\":\"https:\\\/\\\/www.altercampagne.net\\\/?p=1904#primaryimage\"},\"image\":{\"@id\":\"https:\\\/\\\/www.altercampagne.net\\\/?p=1904#primaryimage\"},\"thumbnailUrl\":\"https:\\\/\\\/www.altercampagne.net\\\/wp-content\\\/uploads\\\/2015\\\/08\\\/2015-08-20_15.17.jpg\",\"datePublished\":\"2015-08-20T20:31:29+00:00\",\"dateModified\":\"2024-10-22T12:51:36+00:00\",\"author\":{\"@id\":\"https:\\\/\\\/www.altercampagne.net\\\/#\\\/schema\\\/person\\\/e5b68c803196f649c2152249d262d94a\"},\"breadcrumb\":{\"@id\":\"https:\\\/\\\/www.altercampagne.net\\\/?p=1904#breadcrumb\"},\"inLanguage\":\"fr-FR\",\"potentialAction\":[{\"@type\":\"ReadAction\",\"target\":[\"https:\\\/\\\/www.altercampagne.net\\\/?p=1904\"]}]},{\"@type\":\"ImageObject\",\"inLanguage\":\"fr-FR\",\"@id\":\"https:\\\/\\\/www.altercampagne.net\\\/?p=1904#primaryimage\",\"url\":\"https:\\\/\\\/www.altercampagne.net\\\/wp-content\\\/uploads\\\/2015\\\/08\\\/2015-08-20_15.17.jpg\",\"contentUrl\":\"https:\\\/\\\/www.altercampagne.net\\\/wp-content\\\/uploads\\\/2015\\\/08\\\/2015-08-20_15.17.jpg\",\"width\":905,\"height\":473},{\"@type\":\"BreadcrumbList\",\"@id\":\"https:\\\/\\\/www.altercampagne.net\\\/?p=1904#breadcrumb\",\"itemListElement\":[{\"@type\":\"ListItem\",\"position\":1,\"name\":\"Accueil\",\"item\":\"https:\\\/\\\/www.altercampagne.net\\\/\"},{\"@type\":\"ListItem\",\"position\":2,\"name\":\"Norrent-Fontes : les cinquante cyclistes de l\u2019AlterTour font une halte au camp de migrants\"}]},{\"@type\":\"WebSite\",\"@id\":\"https:\\\/\\\/www.altercampagne.net\\\/#website\",\"url\":\"https:\\\/\\\/www.altercampagne.net\\\/\",\"name\":\"AlterTour\",\"description\":\"Reliez les Alternatives \u00e0 v\u00e9lo\",\"potentialAction\":[{\"@type\":\"SearchAction\",\"target\":{\"@type\":\"EntryPoint\",\"urlTemplate\":\"https:\\\/\\\/www.altercampagne.net\\\/?s={search_term_string}\"},\"query-input\":{\"@type\":\"PropertyValueSpecification\",\"valueRequired\":true,\"valueName\":\"search_term_string\"}}],\"inLanguage\":\"fr-FR\"},{\"@type\":\"Person\",\"@id\":\"https:\\\/\\\/www.altercampagne.net\\\/#\\\/schema\\\/person\\\/e5b68c803196f649c2152249d262d94a\",\"name\":\"AlterTour\",\"image\":{\"@type\":\"ImageObject\",\"inLanguage\":\"fr-FR\",\"@id\":\"https:\\\/\\\/secure.gravatar.com\\\/avatar\\\/3f2ed77f8506b8ea264ad5938bb0114bfa10f35b64086a66dfbb6e9f58ad9693?s=96&d=mm&r=g\",\"url\":\"https:\\\/\\\/secure.gravatar.com\\\/avatar\\\/3f2ed77f8506b8ea264ad5938bb0114bfa10f35b64086a66dfbb6e9f58ad9693?s=96&d=mm&r=g\",\"contentUrl\":\"https:\\\/\\\/secure.gravatar.com\\\/avatar\\\/3f2ed77f8506b8ea264ad5938bb0114bfa10f35b64086a66dfbb6e9f58ad9693?s=96&d=mm&r=g\",\"caption\":\"AlterTour\"},\"url\":\"https:\\\/\\\/www.altercampagne.net\\\/?author=215\"}]}<\/script>\n<!-- \/ Yoast SEO plugin. -->","yoast_head_json":{"title":"Norrent-Fontes : les cinquante cyclistes de l\u2019AlterTour font une halte au camp de migrants - AlterTour","robots":{"index":"index","follow":"follow","max-snippet":"max-snippet:-1","max-image-preview":"max-image-preview:large","max-video-preview":"max-video-preview:-1"},"canonical":"https:\/\/www.altercampagne.net\/?p=1904","og_locale":"fr_FR","og_type":"article","og_title":"Norrent-Fontes : les cinquante cyclistes de l\u2019AlterTour font une halte au camp de migrants - AlterTour","og_description":"PAR REYNALD CLOUET, PHOTOS JOHAN BEN AZZOUZ Cinq semaines durant, les b\u00e9n\u00e9voles de l\u2019association Alter campagne parcourent la France. Leur but ? Faire des rencontres et partager des exp\u00e9riences solidaires, comme ici au camp de Norrent-Fontes. Lorsqu\u2019ils ont trac\u00e9 sur la carte fin septembre le trajet entre Bar-le-Duc et Calais, ... Read More","og_url":"https:\/\/www.altercampagne.net\/?p=1904","og_site_name":"AlterTour","article_published_time":"2015-08-20T20:31:29+00:00","article_modified_time":"2024-10-22T12:51:36+00:00","og_image":[{"width":905,"height":473,"url":"https:\/\/www.altercampagne.net\/wp-content\/uploads\/2015\/08\/2015-08-20_15.17.jpg","type":"image\/jpeg"}],"author":"AlterTour","twitter_card":"summary_large_image","twitter_misc":{"\u00c9crit par":"AlterTour","Dur\u00e9e de lecture estim\u00e9e":"2 minutes"},"schema":{"@context":"https:\/\/schema.org","@graph":[{"@type":"Article","@id":"https:\/\/www.altercampagne.net\/?p=1904#article","isPartOf":{"@id":"https:\/\/www.altercampagne.net\/?p=1904"},"author":{"name":"AlterTour","@id":"https:\/\/www.altercampagne.net\/#\/schema\/person\/e5b68c803196f649c2152249d262d94a"},"headline":"Norrent-Fontes : les cinquante cyclistes de l\u2019AlterTour font une halte au camp de migrants","datePublished":"2015-08-20T20:31:29+00:00","dateModified":"2024-10-22T12:51:36+00:00","mainEntityOfPage":{"@id":"https:\/\/www.altercampagne.net\/?p=1904"},"wordCount":337,"image":{"@id":"https:\/\/www.altercampagne.net\/?p=1904#primaryimage"},"thumbnailUrl":"https:\/\/www.altercampagne.net\/wp-content\/uploads\/2015\/08\/2015-08-20_15.17.jpg","keywords":["accueillant 2015","AlterTour 2015","Terre d'Errance","norrent-fontes","pas de calais","migrants","\u00e9rythr\u00e9e","voix de nord","Nan Suel","Nord-Pas-de-Calais"],"articleSection":["Revue de presse","Hauts-de-France","\u00c9dition 2015","Lutte"],"inLanguage":"fr-FR"},{"@type":"WebPage","@id":"https:\/\/www.altercampagne.net\/?p=1904","url":"https:\/\/www.altercampagne.net\/?p=1904","name":"Norrent-Fontes : les cinquante cyclistes de l\u2019AlterTour font une halte au camp de migrants - AlterTour","isPartOf":{"@id":"https:\/\/www.altercampagne.net\/#website"},"primaryImageOfPage":{"@id":"https:\/\/www.altercampagne.net\/?p=1904#primaryimage"},"image":{"@id":"https:\/\/www.altercampagne.net\/?p=1904#primaryimage"},"thumbnailUrl":"https:\/\/www.altercampagne.net\/wp-content\/uploads\/2015\/08\/2015-08-20_15.17.jpg","datePublished":"2015-08-20T20:31:29+00:00","dateModified":"2024-10-22T12:51:36+00:00","author":{"@id":"https:\/\/www.altercampagne.net\/#\/schema\/person\/e5b68c803196f649c2152249d262d94a"},"breadcrumb":{"@id":"https:\/\/www.altercampagne.net\/?p=1904#breadcrumb"},"inLanguage":"fr-FR","potentialAction":[{"@type":"ReadAction","target":["https:\/\/www.altercampagne.net\/?p=1904"]}]},{"@type":"ImageObject","inLanguage":"fr-FR","@id":"https:\/\/www.altercampagne.net\/?p=1904#primaryimage","url":"https:\/\/www.altercampagne.net\/wp-content\/uploads\/2015\/08\/2015-08-20_15.17.jpg","contentUrl":"https:\/\/www.altercampagne.net\/wp-content\/uploads\/2015\/08\/2015-08-20_15.17.jpg","width":905,"height":473},{"@type":"BreadcrumbList","@id":"https:\/\/www.altercampagne.net\/?p=1904#breadcrumb","itemListElement":[{"@type":"ListItem","position":1,"name":"Accueil","item":"https:\/\/www.altercampagne.net\/"},{"@type":"ListItem","position":2,"name":"Norrent-Fontes : les cinquante cyclistes de l\u2019AlterTour font une halte au camp de migrants"}]},{"@type":"WebSite","@id":"https:\/\/www.altercampagne.net\/#website","url":"https:\/\/www.altercampagne.net\/","name":"AlterTour","description":"Reliez les Alternatives \u00e0 v\u00e9lo","potentialAction":[{"@type":"SearchAction","target":{"@type":"EntryPoint","urlTemplate":"https:\/\/www.altercampagne.net\/?s={search_term_string}"},"query-input":{"@type":"PropertyValueSpecification","valueRequired":true,"valueName":"search_term_string"}}],"inLanguage":"fr-FR"},{"@type":"Person","@id":"https:\/\/www.altercampagne.net\/#\/schema\/person\/e5b68c803196f649c2152249d262d94a","name":"AlterTour","image":{"@type":"ImageObject","inLanguage":"fr-FR","@id":"https:\/\/secure.gravatar.com\/avatar\/3f2ed77f8506b8ea264ad5938bb0114bfa10f35b64086a66dfbb6e9f58ad9693?s=96&d=mm&r=g","url":"https:\/\/secure.gravatar.com\/avatar\/3f2ed77f8506b8ea264ad5938bb0114bfa10f35b64086a66dfbb6e9f58ad9693?s=96&d=mm&r=g","contentUrl":"https:\/\/secure.gravatar.com\/avatar\/3f2ed77f8506b8ea264ad5938bb0114bfa10f35b64086a66dfbb6e9f58ad9693?s=96&d=mm&r=g","caption":"AlterTour"},"url":"https:\/\/www.altercampagne.net\/?author=215"}]}},"_links":{"self":[{"href":"https:\/\/www.altercampagne.net\/index.php?rest_route=\/wp\/v2\/posts\/1904","targetHints":{"allow":["GET"]}}],"collection":[{"href":"https:\/\/www.altercampagne.net\/index.php?rest_route=\/wp\/v2\/posts"}],"about":[{"href":"https:\/\/www.altercampagne.net\/index.php?rest_route=\/wp\/v2\/types\/post"}],"author":[{"embeddable":true,"href":"https:\/\/www.altercampagne.net\/index.php?rest_route=\/wp\/v2\/users\/215"}],"replies":[{"embeddable":true,"href":"https:\/\/www.altercampagne.net\/index.php?rest_route=%2Fwp%2Fv2%2Fcomments&post=1904"}],"version-history":[{"count":1,"href":"https:\/\/www.altercampagne.net\/index.php?rest_route=\/wp\/v2\/posts\/1904\/revisions"}],"predecessor-version":[{"id":28792,"href":"https:\/\/www.altercampagne.net\/index.php?rest_route=\/wp\/v2\/posts\/1904\/revisions\/28792"}],"wp:featuredmedia":[{"embeddable":true,"href":"https:\/\/www.altercampagne.net\/index.php?rest_route=\/wp\/v2\/media\/15625"}],"wp:attachment":[{"href":"https:\/\/www.altercampagne.net\/index.php?rest_route=%2Fwp%2Fv2%2Fmedia&parent=1904"}],"wp:term":[{"taxonomy":"category","embeddable":true,"href":"https:\/\/www.altercampagne.net\/index.php?rest_route=%2Fwp%2Fv2%2Fcategories&post=1904"},{"taxonomy":"post_tag","embeddable":true,"href":"https:\/\/www.altercampagne.net\/index.php?rest_route=%2Fwp%2Fv2%2Ftags&post=1904"}],"curies":[{"name":"wp","href":"https:\/\/api.w.org\/{rel}","templated":true}]}}