{"id":1909,"date":"2015-08-19T22:42:45","date_gmt":"2015-08-19T20:42:45","guid":{"rendered":"http:\/\/www.altercampagne.net\/?p=1909"},"modified":"2019-09-16T09:43:18","modified_gmt":"2019-09-16T07:43:18","slug":"laltertour-qui-rencontre-les-alternatifs-fait-escale-a-ecques","status":"publish","type":"post","link":"https:\/\/www.altercampagne.net\/?p=1909","title":{"rendered":"L\u2019AlterTour, qui rencontre les alternatifs, fait escale \u00e0 Ecques"},"content":{"rendered":"<p class=\"chapo\">Apr\u00e8s Lille le 17 ao\u00fbt, l\u2019AlterTour fait \u00e9tape \u00e0 Ecques, jeudi 20 ao\u00fbt. Il rassemble 250 participants pour un p\u00e9riple parti de Bar-le-Duc le 18 juillet et qui s\u2019ach\u00e8vera \u00e0 Calais le 23 ao\u00fbt. Des membres de l\u2019Association intervillage pour un environnement sain (AIVES), qui lutte contre le projet de porcherie \u00e0 Heuringhem, doivent les rencontrer.<\/p>\n<p><a href=\"http:\/\/www.altercampagne.net\/wp-content\/uploads\/2015\/08\/2101337549_B976314823Z.1_20150819142720_000_GRB51HSJU.5-0.jpg\"><img loading=\"lazy\" decoding=\"async\" class=\" size-medium wp-image-3841 alignleft\" src=\"http:\/\/www.altercampagne.net\/wp-content\/uploads\/2015\/08\/2101337549_B976314823Z.1_20150819142720_000_GRB51HSJU.5-0-300x171.jpg\" alt=\"2101337549_B976314823Z.1_20150819142720_000_GRB51HSJU.5-0\" width=\"300\" height=\"171\" srcset=\"https:\/\/www.altercampagne.net\/wp-content\/uploads\/2015\/08\/2101337549_B976314823Z.1_20150819142720_000_GRB51HSJU.5-0-300x171.jpg 300w, https:\/\/www.altercampagne.net\/wp-content\/uploads\/2015\/08\/2101337549_B976314823Z.1_20150819142720_000_GRB51HSJU.5-0.jpg 589w\" sizes=\"auto, (max-width: 300px) 100vw, 300px\" \/><\/a>Une cinquantaine de cyclistes parcourent la r\u00e9gion \u00e0 la rencontre d\u2019initiatives alternatives. Sur la route depuis 2008, l\u2019AlterTour rassemble cette ann\u00e9e 250 participants qui se relaient durant cinq semaines. Ils sont partis le 18 juillet de Bar-le-Duc pr\u00e8s de Nancy et arriveront le 23 ao\u00fbt \u00e0 Calais. <a href=\"http:\/\/www.lavoixdunord.fr\/region\/lundi-l-alter-tour-faisait-une-escale-desobeissante-ia19b0n2995355\">Ils \u00e9taient lundi 17 ao\u00fbt \u00e0 Lille<\/a> pour une action de d\u00e9sob\u00e9issance civile : ils ont placard\u00e9 des slogans anti-pub pour d\u00e9noncer l\u2019affichage ill\u00e9gal.<\/p>\n<div class=\"entry-content\">\n<p>\u00ab Un juste \u00e9quilibre entre militantisme et visite d\u2019alternatifs \u00bb<\/p>\n<p>Ils feront \u00e9tape \u00e0 Ecques, jeudi 20 ao\u00fbt, apr\u00e8s un repas <a href=\"http:\/\/www.lavoixdunord.fr\/region\/norrent-fontes-l-etat-soutient-la-suspension-des-ia32b54017n2988500\">avec les migrants \u00e0 Norrent-Fontes<\/a>. \u00ab <i>On essaie d\u2019avoir un juste \u00e9quilibre entre le militantisme et la visite d\u2019alternatives : particuliers, associations, squats&#8230; qui \u0153uvrent en faveur de la transition \u00e9cologique <\/i> \u00bb, explique Mathieu Fromont, coordinateur. Le public, \u00e9clectique, est plus ou moins averti. Ceux qui viennent avant tout pour le v\u00e9lo sont une minorit\u00e9. \u00c0 coups de 30 kilom\u00e8tres par jour, les altercyclistes font halte dans des fermes bio, des maisons \u00e9co et auto-construites, etc.<\/p>\n<p>\u00c0 Ecques, ils arriveront vers 19 heures pour planter le camp \u00e0 la Sablonni\u00e8re, sur un terrain priv\u00e9. Suivra une soir\u00e9e contes. Des membres de l\u2019Association intervillage pour un environnement sain (AIVES), <a href=\"http:\/\/www.lavoixdunord.fr\/region\/porcherie-d-heuringhem-plus-d-un-millier-ia37b0n2907163\">qui lutte contre le projet de porcherie d\u2019Heuringhem<\/a>, ont pr\u00e9vu de les rejoindre.<\/p>\n<p>Source, la Voix du Nord : <a href=\"http:\/\/www.lavoixdunord.fr\/region\/l-alter-tour-qui-rencontre-les-alternatifs-fait-escale-ia37b0n2997782\" target=\"_blank\" rel=\"noopener noreferrer\">http:\/\/www.lavoixdunord.fr\/region\/l-alter-tour-qui-rencontre-les-alternatifs-fait-escale-ia37b0n2997782<\/a><\/p>\n<\/div>\n","protected":false},"excerpt":{"rendered":"<p>Apr\u00e8s Lille le 17 ao\u00fbt, l\u2019AlterTour fait \u00e9tape \u00e0 Ecques, jeudi 20 ao\u00fbt. Il rassemble 250 participants pour un p\u00e9riple parti de Bar-le-Duc le 18 juillet et qui s\u2019ach\u00e8vera \u00e0 Calais le 23 ao\u00fbt. Des membres de l\u2019Association intervillage pour un environnement sain (AIVES), qui lutte contre le projet de &#8230; <\/p>\n<div><a href=\"https:\/\/www.altercampagne.net\/?p=1909\" class=\"more-link\">Read More<\/a><\/div>\n","protected":false},"author":214,"featured_media":15626,"comment_status":"closed","ping_status":"closed","sticky":false,"template":"","format":"standard","meta":{"footnotes":""},"categories":[239,3476,3460,3542],"tags":[44,192,233,320,323,364,365,366,552,1499,1500,1599,1672],"class_list":["post-1909","post","type-post","status-publish","format-standard","has-post-thumbnail","hentry","category-revue-de-presse","category-hauts-de-france","category-edition-2015","category-lutte","tag-climat","tag-altertour-2015","tag-cop21","tag-norrent-fontes","tag-pas-de-calais","tag-voix-du-nord","tag-aives","tag-porcherie","tag-mathieu-fromont","tag-ecques","tag-heuringhem","tag-nord-pas-de-calais","tag-1672"],"yoast_head":"<!-- This site is optimized with the Yoast SEO plugin v27.3 - https:\/\/yoast.com\/product\/yoast-seo-wordpress\/ -->\n<title>L\u2019AlterTour, qui rencontre les alternatifs, fait escale \u00e0 Ecques - AlterTour<\/title>\n<meta name=\"robots\" content=\"index, follow, max-snippet:-1, max-image-preview:large, max-video-preview:-1\" \/>\n<link rel=\"canonical\" href=\"https:\/\/www.altercampagne.net\/?p=1909\" \/>\n<meta property=\"og:locale\" content=\"fr_FR\" \/>\n<meta property=\"og:type\" content=\"article\" \/>\n<meta property=\"og:title\" content=\"L\u2019AlterTour, qui rencontre les alternatifs, fait escale \u00e0 Ecques - AlterTour\" \/>\n<meta property=\"og:description\" content=\"Apr\u00e8s Lille le 17 ao\u00fbt, l\u2019AlterTour fait \u00e9tape \u00e0 Ecques, jeudi 20 ao\u00fbt. Il rassemble 250 participants pour un p\u00e9riple parti de Bar-le-Duc le 18 juillet et qui s\u2019ach\u00e8vera \u00e0 Calais le 23 ao\u00fbt. Des membres de l\u2019Association intervillage pour un environnement sain (AIVES), qui lutte contre le projet de ... Read More\" \/>\n<meta property=\"og:url\" content=\"https:\/\/www.altercampagne.net\/?p=1909\" \/>\n<meta property=\"og:site_name\" content=\"AlterTour\" \/>\n<meta property=\"article:published_time\" content=\"2015-08-19T20:42:45+00:00\" \/>\n<meta property=\"article:modified_time\" content=\"2019-09-16T07:43:18+00:00\" \/>\n<meta property=\"og:image\" content=\"https:\/\/www.altercampagne.net\/wp-content\/uploads\/2015\/08\/2015-08-17_14.31.jpg\" \/>\n\t<meta property=\"og:image:width\" content=\"902\" \/>\n\t<meta property=\"og:image:height\" content=\"472\" \/>\n\t<meta property=\"og:image:type\" content=\"image\/jpeg\" \/>\n<meta name=\"author\" content=\"Mathieu\" \/>\n<meta name=\"twitter:card\" content=\"summary_large_image\" \/>\n<meta name=\"twitter:label1\" content=\"\u00c9crit par\" \/>\n\t<meta name=\"twitter:data1\" content=\"Mathieu\" \/>\n\t<meta name=\"twitter:label2\" content=\"Dur\u00e9e de lecture estim\u00e9e\" \/>\n\t<meta name=\"twitter:data2\" content=\"1 minute\" \/>\n<script type=\"application\/ld+json\" class=\"yoast-schema-graph\">{\"@context\":\"https:\\\/\\\/schema.org\",\"@graph\":[{\"@type\":\"Article\",\"@id\":\"https:\\\/\\\/www.altercampagne.net\\\/?p=1909#article\",\"isPartOf\":{\"@id\":\"https:\\\/\\\/www.altercampagne.net\\\/?p=1909\"},\"author\":{\"name\":\"Mathieu\",\"@id\":\"https:\\\/\\\/www.altercampagne.net\\\/#\\\/schema\\\/person\\\/0f261460c09e430caa0f9bcffa319109\"},\"headline\":\"L\u2019AlterTour, qui rencontre les alternatifs, fait escale \u00e0 Ecques\",\"datePublished\":\"2015-08-19T20:42:45+00:00\",\"dateModified\":\"2019-09-16T07:43:18+00:00\",\"mainEntityOfPage\":{\"@id\":\"https:\\\/\\\/www.altercampagne.net\\\/?p=1909\"},\"wordCount\":294,\"image\":{\"@id\":\"https:\\\/\\\/www.altercampagne.net\\\/?p=1909#primaryimage\"},\"thumbnailUrl\":\"https:\\\/\\\/www.altercampagne.net\\\/wp-content\\\/uploads\\\/2015\\\/08\\\/2015-08-17_14.31.jpg\",\"keywords\":[\"climat\",\"AlterTour 2015\",\"cop21\",\"norrent-fontes\",\"pas de calais\",\"voix du Nord\",\"AIVES\",\"porcherie\",\"Mathieu Fromont\",\"Ecques\",\"Heuringhem\",\"Nord-Pas-de-Calais\",\"2015\"],\"articleSection\":[\"Revue de presse\",\"Hauts-de-France\",\"\u00c9dition 2015\",\"Lutte\"],\"inLanguage\":\"fr-FR\"},{\"@type\":\"WebPage\",\"@id\":\"https:\\\/\\\/www.altercampagne.net\\\/?p=1909\",\"url\":\"https:\\\/\\\/www.altercampagne.net\\\/?p=1909\",\"name\":\"L\u2019AlterTour, qui rencontre les alternatifs, fait escale \u00e0 Ecques - AlterTour\",\"isPartOf\":{\"@id\":\"https:\\\/\\\/www.altercampagne.net\\\/#website\"},\"primaryImageOfPage\":{\"@id\":\"https:\\\/\\\/www.altercampagne.net\\\/?p=1909#primaryimage\"},\"image\":{\"@id\":\"https:\\\/\\\/www.altercampagne.net\\\/?p=1909#primaryimage\"},\"thumbnailUrl\":\"https:\\\/\\\/www.altercampagne.net\\\/wp-content\\\/uploads\\\/2015\\\/08\\\/2015-08-17_14.31.jpg\",\"datePublished\":\"2015-08-19T20:42:45+00:00\",\"dateModified\":\"2019-09-16T07:43:18+00:00\",\"author\":{\"@id\":\"https:\\\/\\\/www.altercampagne.net\\\/#\\\/schema\\\/person\\\/0f261460c09e430caa0f9bcffa319109\"},\"breadcrumb\":{\"@id\":\"https:\\\/\\\/www.altercampagne.net\\\/?p=1909#breadcrumb\"},\"inLanguage\":\"fr-FR\",\"potentialAction\":[{\"@type\":\"ReadAction\",\"target\":[\"https:\\\/\\\/www.altercampagne.net\\\/?p=1909\"]}]},{\"@type\":\"ImageObject\",\"inLanguage\":\"fr-FR\",\"@id\":\"https:\\\/\\\/www.altercampagne.net\\\/?p=1909#primaryimage\",\"url\":\"https:\\\/\\\/www.altercampagne.net\\\/wp-content\\\/uploads\\\/2015\\\/08\\\/2015-08-17_14.31.jpg\",\"contentUrl\":\"https:\\\/\\\/www.altercampagne.net\\\/wp-content\\\/uploads\\\/2015\\\/08\\\/2015-08-17_14.31.jpg\",\"width\":902,\"height\":472},{\"@type\":\"BreadcrumbList\",\"@id\":\"https:\\\/\\\/www.altercampagne.net\\\/?p=1909#breadcrumb\",\"itemListElement\":[{\"@type\":\"ListItem\",\"position\":1,\"name\":\"Accueil\",\"item\":\"https:\\\/\\\/www.altercampagne.net\\\/\"},{\"@type\":\"ListItem\",\"position\":2,\"name\":\"L\u2019AlterTour, qui rencontre les alternatifs, fait escale \u00e0 Ecques\"}]},{\"@type\":\"WebSite\",\"@id\":\"https:\\\/\\\/www.altercampagne.net\\\/#website\",\"url\":\"https:\\\/\\\/www.altercampagne.net\\\/\",\"name\":\"AlterTour\",\"description\":\"Reliez les Alternatives \u00e0 v\u00e9lo\",\"potentialAction\":[{\"@type\":\"SearchAction\",\"target\":{\"@type\":\"EntryPoint\",\"urlTemplate\":\"https:\\\/\\\/www.altercampagne.net\\\/?s={search_term_string}\"},\"query-input\":{\"@type\":\"PropertyValueSpecification\",\"valueRequired\":true,\"valueName\":\"search_term_string\"}}],\"inLanguage\":\"fr-FR\"},{\"@type\":\"Person\",\"@id\":\"https:\\\/\\\/www.altercampagne.net\\\/#\\\/schema\\\/person\\\/0f261460c09e430caa0f9bcffa319109\",\"name\":\"Mathieu\",\"image\":{\"@type\":\"ImageObject\",\"inLanguage\":\"fr-FR\",\"@id\":\"https:\\\/\\\/secure.gravatar.com\\\/avatar\\\/aa9d3d24c83f2141e5e2709d0f63d09a99f6be6bb7a50abc4915838d9f54501a?s=96&d=mm&r=g\",\"url\":\"https:\\\/\\\/secure.gravatar.com\\\/avatar\\\/aa9d3d24c83f2141e5e2709d0f63d09a99f6be6bb7a50abc4915838d9f54501a?s=96&d=mm&r=g\",\"contentUrl\":\"https:\\\/\\\/secure.gravatar.com\\\/avatar\\\/aa9d3d24c83f2141e5e2709d0f63d09a99f6be6bb7a50abc4915838d9f54501a?s=96&d=mm&r=g\",\"caption\":\"Mathieu\"},\"url\":\"https:\\\/\\\/www.altercampagne.net\\\/?author=214\"}]}<\/script>\n<!-- \/ Yoast SEO plugin. -->","yoast_head_json":{"title":"L\u2019AlterTour, qui rencontre les alternatifs, fait escale \u00e0 Ecques - AlterTour","robots":{"index":"index","follow":"follow","max-snippet":"max-snippet:-1","max-image-preview":"max-image-preview:large","max-video-preview":"max-video-preview:-1"},"canonical":"https:\/\/www.altercampagne.net\/?p=1909","og_locale":"fr_FR","og_type":"article","og_title":"L\u2019AlterTour, qui rencontre les alternatifs, fait escale \u00e0 Ecques - AlterTour","og_description":"Apr\u00e8s Lille le 17 ao\u00fbt, l\u2019AlterTour fait \u00e9tape \u00e0 Ecques, jeudi 20 ao\u00fbt. Il rassemble 250 participants pour un p\u00e9riple parti de Bar-le-Duc le 18 juillet et qui s\u2019ach\u00e8vera \u00e0 Calais le 23 ao\u00fbt. Des membres de l\u2019Association intervillage pour un environnement sain (AIVES), qui lutte contre le projet de ... Read More","og_url":"https:\/\/www.altercampagne.net\/?p=1909","og_site_name":"AlterTour","article_published_time":"2015-08-19T20:42:45+00:00","article_modified_time":"2019-09-16T07:43:18+00:00","og_image":[{"width":902,"height":472,"url":"https:\/\/www.altercampagne.net\/wp-content\/uploads\/2015\/08\/2015-08-17_14.31.jpg","type":"image\/jpeg"}],"author":"Mathieu","twitter_card":"summary_large_image","twitter_misc":{"\u00c9crit par":"Mathieu","Dur\u00e9e de lecture estim\u00e9e":"1 minute"},"schema":{"@context":"https:\/\/schema.org","@graph":[{"@type":"Article","@id":"https:\/\/www.altercampagne.net\/?p=1909#article","isPartOf":{"@id":"https:\/\/www.altercampagne.net\/?p=1909"},"author":{"name":"Mathieu","@id":"https:\/\/www.altercampagne.net\/#\/schema\/person\/0f261460c09e430caa0f9bcffa319109"},"headline":"L\u2019AlterTour, qui rencontre les alternatifs, fait escale \u00e0 Ecques","datePublished":"2015-08-19T20:42:45+00:00","dateModified":"2019-09-16T07:43:18+00:00","mainEntityOfPage":{"@id":"https:\/\/www.altercampagne.net\/?p=1909"},"wordCount":294,"image":{"@id":"https:\/\/www.altercampagne.net\/?p=1909#primaryimage"},"thumbnailUrl":"https:\/\/www.altercampagne.net\/wp-content\/uploads\/2015\/08\/2015-08-17_14.31.jpg","keywords":["climat","AlterTour 2015","cop21","norrent-fontes","pas de calais","voix du Nord","AIVES","porcherie","Mathieu Fromont","Ecques","Heuringhem","Nord-Pas-de-Calais","2015"],"articleSection":["Revue de presse","Hauts-de-France","\u00c9dition 2015","Lutte"],"inLanguage":"fr-FR"},{"@type":"WebPage","@id":"https:\/\/www.altercampagne.net\/?p=1909","url":"https:\/\/www.altercampagne.net\/?p=1909","name":"L\u2019AlterTour, qui rencontre les alternatifs, fait escale \u00e0 Ecques - AlterTour","isPartOf":{"@id":"https:\/\/www.altercampagne.net\/#website"},"primaryImageOfPage":{"@id":"https:\/\/www.altercampagne.net\/?p=1909#primaryimage"},"image":{"@id":"https:\/\/www.altercampagne.net\/?p=1909#primaryimage"},"thumbnailUrl":"https:\/\/www.altercampagne.net\/wp-content\/uploads\/2015\/08\/2015-08-17_14.31.jpg","datePublished":"2015-08-19T20:42:45+00:00","dateModified":"2019-09-16T07:43:18+00:00","author":{"@id":"https:\/\/www.altercampagne.net\/#\/schema\/person\/0f261460c09e430caa0f9bcffa319109"},"breadcrumb":{"@id":"https:\/\/www.altercampagne.net\/?p=1909#breadcrumb"},"inLanguage":"fr-FR","potentialAction":[{"@type":"ReadAction","target":["https:\/\/www.altercampagne.net\/?p=1909"]}]},{"@type":"ImageObject","inLanguage":"fr-FR","@id":"https:\/\/www.altercampagne.net\/?p=1909#primaryimage","url":"https:\/\/www.altercampagne.net\/wp-content\/uploads\/2015\/08\/2015-08-17_14.31.jpg","contentUrl":"https:\/\/www.altercampagne.net\/wp-content\/uploads\/2015\/08\/2015-08-17_14.31.jpg","width":902,"height":472},{"@type":"BreadcrumbList","@id":"https:\/\/www.altercampagne.net\/?p=1909#breadcrumb","itemListElement":[{"@type":"ListItem","position":1,"name":"Accueil","item":"https:\/\/www.altercampagne.net\/"},{"@type":"ListItem","position":2,"name":"L\u2019AlterTour, qui rencontre les alternatifs, fait escale \u00e0 Ecques"}]},{"@type":"WebSite","@id":"https:\/\/www.altercampagne.net\/#website","url":"https:\/\/www.altercampagne.net\/","name":"AlterTour","description":"Reliez les Alternatives \u00e0 v\u00e9lo","potentialAction":[{"@type":"SearchAction","target":{"@type":"EntryPoint","urlTemplate":"https:\/\/www.altercampagne.net\/?s={search_term_string}"},"query-input":{"@type":"PropertyValueSpecification","valueRequired":true,"valueName":"search_term_string"}}],"inLanguage":"fr-FR"},{"@type":"Person","@id":"https:\/\/www.altercampagne.net\/#\/schema\/person\/0f261460c09e430caa0f9bcffa319109","name":"Mathieu","image":{"@type":"ImageObject","inLanguage":"fr-FR","@id":"https:\/\/secure.gravatar.com\/avatar\/aa9d3d24c83f2141e5e2709d0f63d09a99f6be6bb7a50abc4915838d9f54501a?s=96&d=mm&r=g","url":"https:\/\/secure.gravatar.com\/avatar\/aa9d3d24c83f2141e5e2709d0f63d09a99f6be6bb7a50abc4915838d9f54501a?s=96&d=mm&r=g","contentUrl":"https:\/\/secure.gravatar.com\/avatar\/aa9d3d24c83f2141e5e2709d0f63d09a99f6be6bb7a50abc4915838d9f54501a?s=96&d=mm&r=g","caption":"Mathieu"},"url":"https:\/\/www.altercampagne.net\/?author=214"}]}},"_links":{"self":[{"href":"https:\/\/www.altercampagne.net\/index.php?rest_route=\/wp\/v2\/posts\/1909","targetHints":{"allow":["GET"]}}],"collection":[{"href":"https:\/\/www.altercampagne.net\/index.php?rest_route=\/wp\/v2\/posts"}],"about":[{"href":"https:\/\/www.altercampagne.net\/index.php?rest_route=\/wp\/v2\/types\/post"}],"author":[{"embeddable":true,"href":"https:\/\/www.altercampagne.net\/index.php?rest_route=\/wp\/v2\/users\/214"}],"replies":[{"embeddable":true,"href":"https:\/\/www.altercampagne.net\/index.php?rest_route=%2Fwp%2Fv2%2Fcomments&post=1909"}],"version-history":[{"count":0,"href":"https:\/\/www.altercampagne.net\/index.php?rest_route=\/wp\/v2\/posts\/1909\/revisions"}],"wp:featuredmedia":[{"embeddable":true,"href":"https:\/\/www.altercampagne.net\/index.php?rest_route=\/wp\/v2\/media\/15626"}],"wp:attachment":[{"href":"https:\/\/www.altercampagne.net\/index.php?rest_route=%2Fwp%2Fv2%2Fmedia&parent=1909"}],"wp:term":[{"taxonomy":"category","embeddable":true,"href":"https:\/\/www.altercampagne.net\/index.php?rest_route=%2Fwp%2Fv2%2Fcategories&post=1909"},{"taxonomy":"post_tag","embeddable":true,"href":"https:\/\/www.altercampagne.net\/index.php?rest_route=%2Fwp%2Fv2%2Ftags&post=1909"}],"curies":[{"name":"wp","href":"https:\/\/api.w.org\/{rel}","templated":true}]}}