{"id":1911,"date":"2015-07-25T22:43:46","date_gmt":"2015-07-25T20:43:46","guid":{"rendered":"http:\/\/www.altercampagne.net\/?p=1911"},"modified":"2016-04-10T21:22:26","modified_gmt":"2016-04-10T19:22:26","slug":"a-velo-le-tour-cycliste-des-alternatives-de-passage-a-soleole","status":"publish","type":"post","link":"https:\/\/www.altercampagne.net\/?p=1911","title":{"rendered":"\u00c0 v\u00e9lo &#8211; Le tour cycliste des alternatives de passage \u00e0 Sol\u00e9ole"},"content":{"rendered":"<p class=\"publication\">Landremont : l\u2019\u00e9tape de l\u2019AlterTour<\/p>\n<div class=\"ContentDetailImg\">\n<div class=\"mainImage\"><a class=\"zoomMedia\" title=\"Le briefing quotidien, apr\u00e8s que chacun a rempli la t\u00e2che qui lui incombe. Photo\" href=\"http:\/\/www.estrepublicain.fr\/edition-de-pont-a-mousson\/2015\/07\/25\/landremont-l-etape-de-l-altertour\" target=\"_blank\"> <img decoding=\"async\" class=\" alignleft\" src=\"http:\/\/s-www.estrepublicain.fr\/images\/E7562E79-0DB7-4E88-98F1-E44D068E17C2\/LER_15\/le-briefing-quotidien-apres-que-chacun-a-rempli-la-tache-qui-lui-incombe-photo.jpg\" alt=\"Le briefing quotidien, apr\u00e8s que chacun a rempli la t\u00e2che qui lui incombe. Photo\" \/> <\/a><\/p>\n<p class=\"caption\">Le briefing quotidien, apr\u00e8s que chacun a rempli la t\u00e2che qui lui incombe. Photo<\/p>\n<\/div>\n<\/div>\n<div class=\"contenu\">\n<p>CERTAINS TERMINENT une s\u00e9ance de relaxation, pendant que d\u2019autres r\u00e9parent leur v\u00e9lo. Jusqu\u2019\u00e0 ce que tout le monde se regroupe et forme un cercle pour le briefing quotidien. Dans le m\u00eame temps, sont pr\u00e9par\u00e9es des flammenkueches qui seront d\u00e9gust\u00e9es apr\u00e8s, avant une soir\u00e9e de repos qui promet d\u2019\u00eatre tranquille autant que sympa puisque Nicolas arrive pour jouer de la musique.<\/p>\n<p>\u00c7a se passe comme \u00e7a sur l\u2019AlterTour qui, en ce jeudi soir, s\u2019arr\u00eate \u00e0 Sol\u00e9ole. \u00ab C\u2019\u00e9tait \u00e9vident que l\u2019on s\u2019arr\u00eate ici \u00bb, glisse Guillaume, un des responsables. Logique parce que le g\u00eete de Landremont colle parfaitement \u00e0 la philosophie de cette manifestation cycliste tr\u00e8s originale.<\/p>\n<p>Parti de Bar-le-Duc le 18 juillet pour relier Bure d\u00e8s le premier jour, l\u2019AlterTour doit arriver \u00e0 Calais le 23 ao\u00fbt prochain, en sillonnant la Lorraine, le Luxembourg, la Belgique et pour finir le Nord-Pas-de-Calais. Ce parcours \u00e0 v\u00e9lo relie des alternatives qui font la promotion d\u2019un autre mod\u00e8le \u00e9conomique. \u00ab Qui vont \u00e0 l\u2019encontre de tout ce qui constitue le dopage de notre soci\u00e9t\u00e9. \u00bb D\u2019o\u00f9 le choix de Sol\u00e9ole qui a fond\u00e9 son exp\u00e9rience sur l\u2019autonomie \u00e9nerg\u00e9tique. Ce qu\u2019explique Alban Gigleux, qui se pr\u00e9sente comme un r\u00eaveur-alterna(c)tiviste, dans le recueil des alternatives \u00e9dit\u00e9 au pr\u00e9alable.<\/p>\n<p>\u00ab Cette ann\u00e9e, c\u2019est la huiti\u00e8me \u00e9dition de l\u2019AlterTour, et on change \u00e0 chaque fois de r\u00e9gion. En 2014, on avait travers\u00e9 l\u2019Auvergne, le Limousin et le Poitou-Charentes \u00bb, raconte Mathieu. \u00ab L\u00e0, on a choisi l\u2019Est parce qu\u2019on n\u2019y \u00e9tait pas revenu depuis 2009. \u00bb Une th\u00e9matique sert de fil conducteur : apr\u00e8s le travail l\u2019\u00e9t\u00e9 denier, le climat cette fois.<\/p>\n<p>Ils sont une cinquantaine d\u2019altercyclistes \u00e0 prendre chaque jour le d\u00e9part de l\u2019\u00e9tape d\u00e9finie. Personne ne reste les cinq semaines, beaucoup d\u2019une semaine \u00e0 dix jours. \u00ab On est oblig\u00e9 de limiter pour une question d\u2019organisation, mais au total on devrait compter deux cent vingt participants. En touchant des publics totalement diff\u00e9rents. \u00bb<\/p>\n<h4>Alimenter la r\u00e9flexion<\/h4>\n<p>On ne vient pas l\u00e0 pour faire la course, chacun p\u00e9dale \u00e0 son rythme. Et l\u2019on se retrouve ensemble pour le d\u00e9jeuner \u00e0 midi et le soir \u00e0 l\u2019arriv\u00e9e. \u00ab Il n\u2019y a aucune notion de performance physique et si quelqu\u2019un est fatigu\u00e9, il peut prendre place dans la voiture-balai. \u00bb Alors qu\u2019un petit camion, qui transporte tout le mat\u00e9riel logistique ainsi que les affaires de chacun avec le couchage, ouvre la route jusqu\u2019\u00e0 l\u2019escale suivante.<\/p>\n<p>Sur l\u2019AlterTour, on ne fait pas que rouler. \u00ab Les gens qui viennent, m\u00eame si ce sont d\u00e9j\u00e0 des convaincus, on les am\u00e8ne \u00e0 r\u00e9fl\u00e9chir sur leur propre mode de vie, la fa\u00e7on de consommer, et on leur donne des billes pour. \u00bb Comme avec ce d\u00e9bat autour de l\u2019autogestion qui avait \u00e9t\u00e9 organis\u00e9 par le Centre culturel autog\u00e9r\u00e9 de Nancy la veille du passage \u00e0 Sol\u00e9ole.<\/p>\n<p class=\"signature\" style=\"text-align: right;\"><span class=\"auteur\">F.-X. G.<\/span><\/p>\n<p class=\"signature\" style=\"text-align: left;\">Source, l&rsquo;Est R\u00e9publicain : <a href=\"http:\/\/www.estrepublicain.fr\/edition-de-pont-a-mousson\/2015\/07\/25\/landremont-l-etape-de-l-altertour\" target=\"_blank\">http:\/\/www.estrepublicain.fr\/edition-de-pont-a-mousson\/2015\/07\/25\/landremont-l-etape-de-l-altertour<\/a><\/p>\n<\/div>\n","protected":false},"excerpt":{"rendered":"<p>Landremont : l\u2019\u00e9tape de l\u2019AlterTour Le briefing quotidien, apr\u00e8s que chacun a rempli la t\u00e2che qui lui incombe. Photo CERTAINS TERMINENT une s\u00e9ance de relaxation, pendant que d\u2019autres r\u00e9parent leur v\u00e9lo. Jusqu\u2019\u00e0 ce que tout le monde se regroupe et forme un cercle pour le briefing quotidien. Dans le m\u00eame &#8230; <\/p>\n<div><a href=\"https:\/\/www.altercampagne.net\/?p=1911\" class=\"more-link\">Read More<\/a><\/div>\n","protected":false},"author":214,"featured_media":0,"comment_status":"closed","ping_status":"closed","sticky":false,"template":"","format":"standard","meta":{"footnotes":""},"categories":[239],"tags":[192,245,246,247,642,1515,1540,1550,1672],"class_list":["post-1911","post","type-post","status-publish","format-standard","hentry","category-revue-de-presse","tag-altertour-2015","tag-soleole","tag-landremont","tag-lorraine","tag-recueil-des-alternatives","tag-alsace-champagne-ardenne-lorraine","tag-meurthe-et-moselle","tag-alban-gigleux","tag-1672","no-post-thumbnail"],"yoast_head":"<!-- This site is optimized with the Yoast SEO plugin v27.3 - https:\/\/yoast.com\/product\/yoast-seo-wordpress\/ -->\n<title>\u00c0 v\u00e9lo - Le tour cycliste des alternatives de passage \u00e0 Sol\u00e9ole - AlterTour<\/title>\n<meta name=\"robots\" content=\"index, follow, max-snippet:-1, max-image-preview:large, max-video-preview:-1\" \/>\n<link rel=\"canonical\" href=\"https:\/\/www.altercampagne.net\/?p=1911\" \/>\n<meta property=\"og:locale\" content=\"fr_FR\" \/>\n<meta property=\"og:type\" content=\"article\" \/>\n<meta property=\"og:title\" content=\"\u00c0 v\u00e9lo - Le tour cycliste des alternatives de passage \u00e0 Sol\u00e9ole - AlterTour\" \/>\n<meta property=\"og:description\" content=\"Landremont : l\u2019\u00e9tape de l\u2019AlterTour Le briefing quotidien, apr\u00e8s que chacun a rempli la t\u00e2che qui lui incombe. Photo CERTAINS TERMINENT une s\u00e9ance de relaxation, pendant que d\u2019autres r\u00e9parent leur v\u00e9lo. Jusqu\u2019\u00e0 ce que tout le monde se regroupe et forme un cercle pour le briefing quotidien. Dans le m\u00eame ... Read More\" \/>\n<meta property=\"og:url\" content=\"https:\/\/www.altercampagne.net\/?p=1911\" \/>\n<meta property=\"og:site_name\" content=\"AlterTour\" \/>\n<meta property=\"article:published_time\" content=\"2015-07-25T20:43:46+00:00\" \/>\n<meta property=\"article:modified_time\" content=\"2016-04-10T19:22:26+00:00\" \/>\n<meta property=\"og:image\" content=\"http:\/\/s-www.estrepublicain.fr\/images\/E7562E79-0DB7-4E88-98F1-E44D068E17C2\/LER_15\/le-briefing-quotidien-apres-que-chacun-a-rempli-la-tache-qui-lui-incombe-photo.jpg\" \/>\n<meta name=\"author\" content=\"Mathieu\" \/>\n<meta name=\"twitter:card\" content=\"summary_large_image\" \/>\n<meta name=\"twitter:label1\" content=\"\u00c9crit par\" \/>\n\t<meta name=\"twitter:data1\" content=\"Mathieu\" \/>\n\t<meta name=\"twitter:label2\" content=\"Dur\u00e9e de lecture estim\u00e9e\" \/>\n\t<meta name=\"twitter:data2\" content=\"3 minutes\" \/>\n<script type=\"application\/ld+json\" class=\"yoast-schema-graph\">{\"@context\":\"https:\\\/\\\/schema.org\",\"@graph\":[{\"@type\":\"Article\",\"@id\":\"https:\\\/\\\/www.altercampagne.net\\\/?p=1911#article\",\"isPartOf\":{\"@id\":\"https:\\\/\\\/www.altercampagne.net\\\/?p=1911\"},\"author\":{\"name\":\"Mathieu\",\"@id\":\"https:\\\/\\\/www.altercampagne.net\\\/#\\\/schema\\\/person\\\/0f261460c09e430caa0f9bcffa319109\"},\"headline\":\"\u00c0 v\u00e9lo &#8211; Le tour cycliste des alternatives de passage \u00e0 Sol\u00e9ole\",\"datePublished\":\"2015-07-25T20:43:46+00:00\",\"dateModified\":\"2016-04-10T19:22:26+00:00\",\"mainEntityOfPage\":{\"@id\":\"https:\\\/\\\/www.altercampagne.net\\\/?p=1911\"},\"wordCount\":562,\"image\":{\"@id\":\"https:\\\/\\\/www.altercampagne.net\\\/?p=1911#primaryimage\"},\"thumbnailUrl\":\"http:\\\/\\\/s-www.estrepublicain.fr\\\/images\\\/E7562E79-0DB7-4E88-98F1-E44D068E17C2\\\/LER_15\\\/le-briefing-quotidien-apres-que-chacun-a-rempli-la-tache-qui-lui-incombe-photo.jpg\",\"keywords\":[\"AlterTour 2015\",\"Sol\u00e9ole\",\"Landremont\",\"Lorraine\",\"recueil des Alternatives\",\"Alsace-Champagne-Ardenne-Lorraine\",\"Meurthe-et-Moselle\",\"Alban Gigleux\",\"2015\"],\"articleSection\":[\"Revue de presse\"],\"inLanguage\":\"fr-FR\"},{\"@type\":\"WebPage\",\"@id\":\"https:\\\/\\\/www.altercampagne.net\\\/?p=1911\",\"url\":\"https:\\\/\\\/www.altercampagne.net\\\/?p=1911\",\"name\":\"\u00c0 v\u00e9lo - Le tour cycliste des alternatives de passage \u00e0 Sol\u00e9ole - AlterTour\",\"isPartOf\":{\"@id\":\"https:\\\/\\\/www.altercampagne.net\\\/#website\"},\"primaryImageOfPage\":{\"@id\":\"https:\\\/\\\/www.altercampagne.net\\\/?p=1911#primaryimage\"},\"image\":{\"@id\":\"https:\\\/\\\/www.altercampagne.net\\\/?p=1911#primaryimage\"},\"thumbnailUrl\":\"http:\\\/\\\/s-www.estrepublicain.fr\\\/images\\\/E7562E79-0DB7-4E88-98F1-E44D068E17C2\\\/LER_15\\\/le-briefing-quotidien-apres-que-chacun-a-rempli-la-tache-qui-lui-incombe-photo.jpg\",\"datePublished\":\"2015-07-25T20:43:46+00:00\",\"dateModified\":\"2016-04-10T19:22:26+00:00\",\"author\":{\"@id\":\"https:\\\/\\\/www.altercampagne.net\\\/#\\\/schema\\\/person\\\/0f261460c09e430caa0f9bcffa319109\"},\"breadcrumb\":{\"@id\":\"https:\\\/\\\/www.altercampagne.net\\\/?p=1911#breadcrumb\"},\"inLanguage\":\"fr-FR\",\"potentialAction\":[{\"@type\":\"ReadAction\",\"target\":[\"https:\\\/\\\/www.altercampagne.net\\\/?p=1911\"]}]},{\"@type\":\"ImageObject\",\"inLanguage\":\"fr-FR\",\"@id\":\"https:\\\/\\\/www.altercampagne.net\\\/?p=1911#primaryimage\",\"url\":\"http:\\\/\\\/s-www.estrepublicain.fr\\\/images\\\/E7562E79-0DB7-4E88-98F1-E44D068E17C2\\\/LER_15\\\/le-briefing-quotidien-apres-que-chacun-a-rempli-la-tache-qui-lui-incombe-photo.jpg\",\"contentUrl\":\"http:\\\/\\\/s-www.estrepublicain.fr\\\/images\\\/E7562E79-0DB7-4E88-98F1-E44D068E17C2\\\/LER_15\\\/le-briefing-quotidien-apres-que-chacun-a-rempli-la-tache-qui-lui-incombe-photo.jpg\"},{\"@type\":\"BreadcrumbList\",\"@id\":\"https:\\\/\\\/www.altercampagne.net\\\/?p=1911#breadcrumb\",\"itemListElement\":[{\"@type\":\"ListItem\",\"position\":1,\"name\":\"Accueil\",\"item\":\"https:\\\/\\\/www.altercampagne.net\\\/\"},{\"@type\":\"ListItem\",\"position\":2,\"name\":\"\u00c0 v\u00e9lo &#8211; Le tour cycliste des alternatives de passage \u00e0 Sol\u00e9ole\"}]},{\"@type\":\"WebSite\",\"@id\":\"https:\\\/\\\/www.altercampagne.net\\\/#website\",\"url\":\"https:\\\/\\\/www.altercampagne.net\\\/\",\"name\":\"AlterTour\",\"description\":\"Reliez les Alternatives \u00e0 v\u00e9lo\",\"potentialAction\":[{\"@type\":\"SearchAction\",\"target\":{\"@type\":\"EntryPoint\",\"urlTemplate\":\"https:\\\/\\\/www.altercampagne.net\\\/?s={search_term_string}\"},\"query-input\":{\"@type\":\"PropertyValueSpecification\",\"valueRequired\":true,\"valueName\":\"search_term_string\"}}],\"inLanguage\":\"fr-FR\"},{\"@type\":\"Person\",\"@id\":\"https:\\\/\\\/www.altercampagne.net\\\/#\\\/schema\\\/person\\\/0f261460c09e430caa0f9bcffa319109\",\"name\":\"Mathieu\",\"image\":{\"@type\":\"ImageObject\",\"inLanguage\":\"fr-FR\",\"@id\":\"https:\\\/\\\/secure.gravatar.com\\\/avatar\\\/aa9d3d24c83f2141e5e2709d0f63d09a99f6be6bb7a50abc4915838d9f54501a?s=96&d=mm&r=g\",\"url\":\"https:\\\/\\\/secure.gravatar.com\\\/avatar\\\/aa9d3d24c83f2141e5e2709d0f63d09a99f6be6bb7a50abc4915838d9f54501a?s=96&d=mm&r=g\",\"contentUrl\":\"https:\\\/\\\/secure.gravatar.com\\\/avatar\\\/aa9d3d24c83f2141e5e2709d0f63d09a99f6be6bb7a50abc4915838d9f54501a?s=96&d=mm&r=g\",\"caption\":\"Mathieu\"},\"url\":\"https:\\\/\\\/www.altercampagne.net\\\/?author=214\"}]}<\/script>\n<!-- \/ Yoast SEO plugin. -->","yoast_head_json":{"title":"\u00c0 v\u00e9lo - Le tour cycliste des alternatives de passage \u00e0 Sol\u00e9ole - AlterTour","robots":{"index":"index","follow":"follow","max-snippet":"max-snippet:-1","max-image-preview":"max-image-preview:large","max-video-preview":"max-video-preview:-1"},"canonical":"https:\/\/www.altercampagne.net\/?p=1911","og_locale":"fr_FR","og_type":"article","og_title":"\u00c0 v\u00e9lo - Le tour cycliste des alternatives de passage \u00e0 Sol\u00e9ole - AlterTour","og_description":"Landremont : l\u2019\u00e9tape de l\u2019AlterTour Le briefing quotidien, apr\u00e8s que chacun a rempli la t\u00e2che qui lui incombe. Photo CERTAINS TERMINENT une s\u00e9ance de relaxation, pendant que d\u2019autres r\u00e9parent leur v\u00e9lo. Jusqu\u2019\u00e0 ce que tout le monde se regroupe et forme un cercle pour le briefing quotidien. Dans le m\u00eame ... Read More","og_url":"https:\/\/www.altercampagne.net\/?p=1911","og_site_name":"AlterTour","article_published_time":"2015-07-25T20:43:46+00:00","article_modified_time":"2016-04-10T19:22:26+00:00","og_image":[{"url":"http:\/\/s-www.estrepublicain.fr\/images\/E7562E79-0DB7-4E88-98F1-E44D068E17C2\/LER_15\/le-briefing-quotidien-apres-que-chacun-a-rempli-la-tache-qui-lui-incombe-photo.jpg","type":"","width":"","height":""}],"author":"Mathieu","twitter_card":"summary_large_image","twitter_misc":{"\u00c9crit par":"Mathieu","Dur\u00e9e de lecture estim\u00e9e":"3 minutes"},"schema":{"@context":"https:\/\/schema.org","@graph":[{"@type":"Article","@id":"https:\/\/www.altercampagne.net\/?p=1911#article","isPartOf":{"@id":"https:\/\/www.altercampagne.net\/?p=1911"},"author":{"name":"Mathieu","@id":"https:\/\/www.altercampagne.net\/#\/schema\/person\/0f261460c09e430caa0f9bcffa319109"},"headline":"\u00c0 v\u00e9lo &#8211; Le tour cycliste des alternatives de passage \u00e0 Sol\u00e9ole","datePublished":"2015-07-25T20:43:46+00:00","dateModified":"2016-04-10T19:22:26+00:00","mainEntityOfPage":{"@id":"https:\/\/www.altercampagne.net\/?p=1911"},"wordCount":562,"image":{"@id":"https:\/\/www.altercampagne.net\/?p=1911#primaryimage"},"thumbnailUrl":"http:\/\/s-www.estrepublicain.fr\/images\/E7562E79-0DB7-4E88-98F1-E44D068E17C2\/LER_15\/le-briefing-quotidien-apres-que-chacun-a-rempli-la-tache-qui-lui-incombe-photo.jpg","keywords":["AlterTour 2015","Sol\u00e9ole","Landremont","Lorraine","recueil des Alternatives","Alsace-Champagne-Ardenne-Lorraine","Meurthe-et-Moselle","Alban Gigleux","2015"],"articleSection":["Revue de presse"],"inLanguage":"fr-FR"},{"@type":"WebPage","@id":"https:\/\/www.altercampagne.net\/?p=1911","url":"https:\/\/www.altercampagne.net\/?p=1911","name":"\u00c0 v\u00e9lo - Le tour cycliste des alternatives de passage \u00e0 Sol\u00e9ole - AlterTour","isPartOf":{"@id":"https:\/\/www.altercampagne.net\/#website"},"primaryImageOfPage":{"@id":"https:\/\/www.altercampagne.net\/?p=1911#primaryimage"},"image":{"@id":"https:\/\/www.altercampagne.net\/?p=1911#primaryimage"},"thumbnailUrl":"http:\/\/s-www.estrepublicain.fr\/images\/E7562E79-0DB7-4E88-98F1-E44D068E17C2\/LER_15\/le-briefing-quotidien-apres-que-chacun-a-rempli-la-tache-qui-lui-incombe-photo.jpg","datePublished":"2015-07-25T20:43:46+00:00","dateModified":"2016-04-10T19:22:26+00:00","author":{"@id":"https:\/\/www.altercampagne.net\/#\/schema\/person\/0f261460c09e430caa0f9bcffa319109"},"breadcrumb":{"@id":"https:\/\/www.altercampagne.net\/?p=1911#breadcrumb"},"inLanguage":"fr-FR","potentialAction":[{"@type":"ReadAction","target":["https:\/\/www.altercampagne.net\/?p=1911"]}]},{"@type":"ImageObject","inLanguage":"fr-FR","@id":"https:\/\/www.altercampagne.net\/?p=1911#primaryimage","url":"http:\/\/s-www.estrepublicain.fr\/images\/E7562E79-0DB7-4E88-98F1-E44D068E17C2\/LER_15\/le-briefing-quotidien-apres-que-chacun-a-rempli-la-tache-qui-lui-incombe-photo.jpg","contentUrl":"http:\/\/s-www.estrepublicain.fr\/images\/E7562E79-0DB7-4E88-98F1-E44D068E17C2\/LER_15\/le-briefing-quotidien-apres-que-chacun-a-rempli-la-tache-qui-lui-incombe-photo.jpg"},{"@type":"BreadcrumbList","@id":"https:\/\/www.altercampagne.net\/?p=1911#breadcrumb","itemListElement":[{"@type":"ListItem","position":1,"name":"Accueil","item":"https:\/\/www.altercampagne.net\/"},{"@type":"ListItem","position":2,"name":"\u00c0 v\u00e9lo &#8211; Le tour cycliste des alternatives de passage \u00e0 Sol\u00e9ole"}]},{"@type":"WebSite","@id":"https:\/\/www.altercampagne.net\/#website","url":"https:\/\/www.altercampagne.net\/","name":"AlterTour","description":"Reliez les Alternatives \u00e0 v\u00e9lo","potentialAction":[{"@type":"SearchAction","target":{"@type":"EntryPoint","urlTemplate":"https:\/\/www.altercampagne.net\/?s={search_term_string}"},"query-input":{"@type":"PropertyValueSpecification","valueRequired":true,"valueName":"search_term_string"}}],"inLanguage":"fr-FR"},{"@type":"Person","@id":"https:\/\/www.altercampagne.net\/#\/schema\/person\/0f261460c09e430caa0f9bcffa319109","name":"Mathieu","image":{"@type":"ImageObject","inLanguage":"fr-FR","@id":"https:\/\/secure.gravatar.com\/avatar\/aa9d3d24c83f2141e5e2709d0f63d09a99f6be6bb7a50abc4915838d9f54501a?s=96&d=mm&r=g","url":"https:\/\/secure.gravatar.com\/avatar\/aa9d3d24c83f2141e5e2709d0f63d09a99f6be6bb7a50abc4915838d9f54501a?s=96&d=mm&r=g","contentUrl":"https:\/\/secure.gravatar.com\/avatar\/aa9d3d24c83f2141e5e2709d0f63d09a99f6be6bb7a50abc4915838d9f54501a?s=96&d=mm&r=g","caption":"Mathieu"},"url":"https:\/\/www.altercampagne.net\/?author=214"}]}},"_links":{"self":[{"href":"https:\/\/www.altercampagne.net\/index.php?rest_route=\/wp\/v2\/posts\/1911","targetHints":{"allow":["GET"]}}],"collection":[{"href":"https:\/\/www.altercampagne.net\/index.php?rest_route=\/wp\/v2\/posts"}],"about":[{"href":"https:\/\/www.altercampagne.net\/index.php?rest_route=\/wp\/v2\/types\/post"}],"author":[{"embeddable":true,"href":"https:\/\/www.altercampagne.net\/index.php?rest_route=\/wp\/v2\/users\/214"}],"replies":[{"embeddable":true,"href":"https:\/\/www.altercampagne.net\/index.php?rest_route=%2Fwp%2Fv2%2Fcomments&post=1911"}],"version-history":[{"count":0,"href":"https:\/\/www.altercampagne.net\/index.php?rest_route=\/wp\/v2\/posts\/1911\/revisions"}],"wp:attachment":[{"href":"https:\/\/www.altercampagne.net\/index.php?rest_route=%2Fwp%2Fv2%2Fmedia&parent=1911"}],"wp:term":[{"taxonomy":"category","embeddable":true,"href":"https:\/\/www.altercampagne.net\/index.php?rest_route=%2Fwp%2Fv2%2Fcategories&post=1911"},{"taxonomy":"post_tag","embeddable":true,"href":"https:\/\/www.altercampagne.net\/index.php?rest_route=%2Fwp%2Fv2%2Ftags&post=1911"}],"curies":[{"name":"wp","href":"https:\/\/api.w.org\/{rel}","templated":true}]}}