{"id":1914,"date":"2015-08-15T22:46:37","date_gmt":"2015-08-15T20:46:37","guid":{"rendered":"http:\/\/www.altercampagne.net\/?p=1914"},"modified":"2024-10-22T14:48:34","modified_gmt":"2024-10-22T12:48:34","slug":"les-cyclistes-de-laltertour-en-belgique-ce-samedi","status":"publish","type":"post","link":"https:\/\/www.altercampagne.net\/?p=1914","title":{"rendered":"Les cyclistes de l&rsquo;AlterTour en Belgique ce samedi"},"content":{"rendered":"<figure class=\"col-xs-12 col-md-8 rtbf-article-main__cover\">\n<div class=\"rtbf-article-main__img-cover\">\n<div class=\"rtbf-article-main__img-cover\">\n<div class=\"www-img-16by9\"><\/div>\n<p><a id=\"image-8586803\" class=\"www-media www-media-fullscreen js-gallery-image\" href=\"http:\/\/www.rtbf.be\/info\/regions\/detail_les-cyclistes-de-l-altertour-en-belgique-aujourd-hui?id=9054631#\" data-id=\"8586803\"><\/a><span class=\"www-media-caption__text\">les 50 cyclistes sont arriv\u00e9s sous la pluie \u00e0 la ferme de Bernard et M\u00e9lanie \u00e0 Oeudeghien &#8211; \u00a9 Manu Delporte<\/span><\/p>\n<\/div>\n<\/div>\n<\/figure>\n<aside class=\"col-md-4 www-sidebar--imu-align-article pull-right visible-md-block visible-lg-block www-sidebar js-sidebar-top\">\n<div class=\"js-sidebar-widgets clearfix\">\n<div class=\"rtbf-article-main__author\">&nbsp;<cite><time datetime=\"2015-08-15T19:39:00+02:00\"><\/time><\/cite>L&rsquo;AlterTour, c&rsquo;est tour cycliste alternatif entre le nord de la France, la Belgique et le Luxembourg.<\/div>\n<\/div>\n<\/aside>\n<div class=\"col-xs-12 col-md-8 pull-left rtbf-article-main__content\">\n<div class=\"rtbf-paragraph\">\n<p>1200 km, 35 \u00e9tapes et un mot d&rsquo;ordre : pas de comp\u00e9tition.<br \/>\nL&rsquo;id\u00e9e c&rsquo;est de croiser le chemin de ceux qui r\u00e9fl\u00e9chissent et agissent pour un autre monde, plus durable et plus \u00e9quitable.<br \/>\nL&rsquo;AlterTour faisait \u00e9tape dans la r\u00e9gion d&rsquo;Ath ce samedi, apr\u00e8s un passage hier dans la r\u00e9gion de Renaix.<\/p>\n<p><a href=\"http:\/\/www.altercampagne.net\/wp-content\/uploads\/2015\/08\/93d6534d6b386e3b2941093897d8d746-1439660284.jpg\"><img loading=\"lazy\" decoding=\"async\" class=\" size-medium wp-image-3846 alignleft\" src=\"http:\/\/www.altercampagne.net\/wp-content\/uploads\/2015\/08\/93d6534d6b386e3b2941093897d8d746-1439660284-300x168.jpg\" alt=\"93d6534d6b386e3b2941093897d8d746-1439660284\" width=\"300\" height=\"168\" srcset=\"https:\/\/www.altercampagne.net\/wp-content\/uploads\/2015\/08\/93d6534d6b386e3b2941093897d8d746-1439660284-300x168.jpg 300w, https:\/\/www.altercampagne.net\/wp-content\/uploads\/2015\/08\/93d6534d6b386e3b2941093897d8d746-1439660284-1024x574.jpg 1024w, https:\/\/www.altercampagne.net\/wp-content\/uploads\/2015\/08\/93d6534d6b386e3b2941093897d8d746-1439660284.jpg 1248w\" sizes=\"auto, (max-width: 300px) 100vw, 300px\" \/><\/a>Les cyclistes sont une cinquantaine \u00e0 parcourir les \u00e9tapes. \u00ab\u00a0<em>On a \u00e9t\u00e9 rinc\u00e9s aujourd&rsquo;hui<\/em>\u00a0\u00bb explique Luc Sarlet un des organisateurs belges de cette \u00e9preuve \u00ab\u00a0<em>mais c&rsquo;est vraiment une bonne ambiance, hier nous avons vraiment v\u00e9cu des moments extraordinaires avec un agriculteurs pratiquant la permaculture<\/em>\u00ab\u00a0.<\/p>\n<p>A chaque \u00e9tape, les randonneurs re\u00e7oivent un accueil particulier, ici un fermier bio, l\u00e0 une exp\u00e9rience de vie en collectivit\u00e9, ou de simplicit\u00e9 volontaire. A Oeudeghien dans l&rsquo;entit\u00e9 de Frasnes, M\u00e9lanie et Bernard partagent avec les participants leur fa\u00e7on de cultiver, en respectant la nature \u00ab\u00a0<em>ici ils trouveront aussi de la permaculture, mais c&rsquo;est sans doute le seul endroit&nbsp;o\u00f9 ils d\u00e9couvriront une ferme z\u00e9ro p\u00e9trole. Nous n&rsquo;avons aucune machine \u00e0 moteur, pas de tracteur, pas de camion, pas de voiture, pas m\u00eame d&rsquo;aspirateur, si vous voulez savoir<\/em>\u00ab\u00a0. Et&nbsp;\u00e0 la question de savoir si ce r\u00e9gime est tenable, Bernard r\u00e9pond facilement <em>\u00ab\u00a0la nature est g\u00e9n\u00e9reuse, mais \u00e9videmment, nous n&rsquo;avons pas les m\u00eames objectifs que les fermiers classiques\u00a0\u00bb.<\/em> Le couple est en tout cas ravi d&rsquo;accueillir ce joyeuse \u00e9quipage bigarr\u00e9 pour la pause d\u00e9jeuner avant son d\u00e9part vers Ath, puis Mouscron et Herseaux demain<br \/>\nL&rsquo;AlterTour arrive le 23 ao\u00fbt \u00e0 Calais, une ligne d&rsquo;arriv\u00e9e, que Mathieu Fromont, un autre organisateur n&rsquo;a pas choisi par hasard : \u00ab\u00a0<em>nous voulons nous rendre compte par nous m\u00eame de ce qui se passe l\u00e0-bas, nous voulons rencontrer les migrants. S&rsquo;ils ont quitt\u00e9 leur pays, ce n&rsquo;est pas par choix, c&rsquo;est \u00e0 cause de la guerre et parfois \u00e0 cause du d\u00e9r\u00e8glement climatique, nous voulons leur dire que nous les soutenons\u00a0\u00bb<\/em>.<\/p>\n<p style=\"text-align: right;\"><cite>Manu Delporte <\/cite><\/p>\n<p style=\"text-align: left;\">Source, Rtbf : <a href=\"http:\/\/www.rtbf.be\/info\/regions\/detail_les-cyclistes-de-l-altertour-en-belgique-aujourd-hui?id=9054631\" target=\"_blank\" rel=\"noopener noreferrer\">http:\/\/www.rtbf.be\/info\/regions\/detail_les-cyclistes-de-l-altertour-en-belgique-aujourd-hui?id=9054631<\/a><\/p>\n<\/div>\n<\/div>\n","protected":false},"excerpt":{"rendered":"<p>les 50 cyclistes sont arriv\u00e9s sous la pluie \u00e0 la ferme de Bernard et M\u00e9lanie \u00e0 Oeudeghien &#8211; \u00a9 Manu Delporte &nbsp;L&rsquo;AlterTour, c&rsquo;est tour cycliste alternatif entre le nord de la France, la Belgique et le Luxembourg. 1200 km, 35 \u00e9tapes et un mot d&rsquo;ordre : pas de comp\u00e9tition. L&rsquo;id\u00e9e &#8230; <\/p>\n<div><a href=\"https:\/\/www.altercampagne.net\/?p=1914\" class=\"more-link\">Read More<\/a><\/div>\n","protected":false},"author":215,"featured_media":15608,"comment_status":"closed","ping_status":"closed","sticky":false,"template":"","format":"standard","meta":{"footnotes":""},"categories":[3483,3526,239,3460],"tags":[23,44,192,233,294,302,367,368,746,1503,1504,1505,1506,1507],"class_list":["post-1914","post","type-post","status-publish","format-standard","has-post-thumbnail","hentry","category-agriculture","category-belgique","category-revue-de-presse","category-edition-2015","tag-belgique","tag-climat","tag-altertour-2015","tag-cop21","tag-permaculture","tag-ath","tag-oeudeghien","tag-frasnes","tag-luc-sarlet","tag-mouscron","tag-herseaux","tag-region-wallonne","tag-province-de-hainaut","tag-frasnes-lez-anvaing"],"yoast_head":"<!-- This site is optimized with the Yoast SEO plugin v27.3 - https:\/\/yoast.com\/product\/yoast-seo-wordpress\/ -->\n<title>Les cyclistes de l&#039;AlterTour en Belgique ce samedi - AlterTour<\/title>\n<meta name=\"robots\" content=\"index, follow, max-snippet:-1, max-image-preview:large, max-video-preview:-1\" \/>\n<link rel=\"canonical\" href=\"https:\/\/www.altercampagne.net\/?p=1914\" \/>\n<meta property=\"og:locale\" content=\"fr_FR\" \/>\n<meta property=\"og:type\" content=\"article\" \/>\n<meta property=\"og:title\" content=\"Les cyclistes de l&#039;AlterTour en Belgique ce samedi - AlterTour\" \/>\n<meta property=\"og:description\" content=\"les 50 cyclistes sont arriv\u00e9s sous la pluie \u00e0 la ferme de Bernard et M\u00e9lanie \u00e0 Oeudeghien &#8211; \u00a9 Manu Delporte &nbsp;L&rsquo;AlterTour, c&rsquo;est tour cycliste alternatif entre le nord de la France, la Belgique et le Luxembourg. 1200 km, 35 \u00e9tapes et un mot d&rsquo;ordre : pas de comp\u00e9tition. L&rsquo;id\u00e9e ... Read More\" \/>\n<meta property=\"og:url\" content=\"https:\/\/www.altercampagne.net\/?p=1914\" \/>\n<meta property=\"og:site_name\" content=\"AlterTour\" \/>\n<meta property=\"article:published_time\" content=\"2015-08-15T20:46:37+00:00\" \/>\n<meta property=\"article:modified_time\" content=\"2024-10-22T12:48:34+00:00\" \/>\n<meta property=\"og:image\" content=\"https:\/\/www.altercampagne.net\/wp-content\/uploads\/2015\/08\/93d6534d6b386e3b2941093897d8d746-1439660284-300x1681.jpg\" \/>\n\t<meta property=\"og:image:width\" content=\"300\" \/>\n\t<meta property=\"og:image:height\" content=\"168\" \/>\n\t<meta property=\"og:image:type\" content=\"image\/jpeg\" \/>\n<meta name=\"author\" content=\"AlterTour\" \/>\n<meta name=\"twitter:card\" content=\"summary_large_image\" \/>\n<meta name=\"twitter:label1\" content=\"\u00c9crit par\" \/>\n\t<meta name=\"twitter:data1\" content=\"AlterTour\" \/>\n\t<meta name=\"twitter:label2\" content=\"Dur\u00e9e de lecture estim\u00e9e\" \/>\n\t<meta name=\"twitter:data2\" content=\"3 minutes\" \/>\n<script type=\"application\/ld+json\" class=\"yoast-schema-graph\">{\"@context\":\"https:\\\/\\\/schema.org\",\"@graph\":[{\"@type\":\"Article\",\"@id\":\"https:\\\/\\\/www.altercampagne.net\\\/?p=1914#article\",\"isPartOf\":{\"@id\":\"https:\\\/\\\/www.altercampagne.net\\\/?p=1914\"},\"author\":{\"name\":\"AlterTour\",\"@id\":\"https:\\\/\\\/www.altercampagne.net\\\/#\\\/schema\\\/person\\\/e5b68c803196f649c2152249d262d94a\"},\"headline\":\"Les cyclistes de l&rsquo;AlterTour en Belgique ce samedi\",\"datePublished\":\"2015-08-15T20:46:37+00:00\",\"dateModified\":\"2024-10-22T12:48:34+00:00\",\"mainEntityOfPage\":{\"@id\":\"https:\\\/\\\/www.altercampagne.net\\\/?p=1914\"},\"wordCount\":411,\"image\":{\"@id\":\"https:\\\/\\\/www.altercampagne.net\\\/?p=1914#primaryimage\"},\"thumbnailUrl\":\"https:\\\/\\\/www.altercampagne.net\\\/wp-content\\\/uploads\\\/2015\\\/08\\\/93d6534d6b386e3b2941093897d8d746-1439660284-300x1681.jpg\",\"keywords\":[\"belgique\",\"climat\",\"AlterTour 2015\",\"cop21\",\"permaculture\",\"ath\",\"Oeudeghien\",\"Frasnes\",\"luc sarlet\",\"Mouscron\",\"Herseaux\",\"R\u00e9gion wallonne\",\"province de Hainaut\",\"Frasnes-lez-Anvaing\"],\"articleSection\":[\"Agriculture\",\"Belgique\",\"Revue de presse\",\"\u00c9dition 2015\"],\"inLanguage\":\"fr-FR\"},{\"@type\":\"WebPage\",\"@id\":\"https:\\\/\\\/www.altercampagne.net\\\/?p=1914\",\"url\":\"https:\\\/\\\/www.altercampagne.net\\\/?p=1914\",\"name\":\"Les cyclistes de l'AlterTour en Belgique ce samedi - AlterTour\",\"isPartOf\":{\"@id\":\"https:\\\/\\\/www.altercampagne.net\\\/#website\"},\"primaryImageOfPage\":{\"@id\":\"https:\\\/\\\/www.altercampagne.net\\\/?p=1914#primaryimage\"},\"image\":{\"@id\":\"https:\\\/\\\/www.altercampagne.net\\\/?p=1914#primaryimage\"},\"thumbnailUrl\":\"https:\\\/\\\/www.altercampagne.net\\\/wp-content\\\/uploads\\\/2015\\\/08\\\/93d6534d6b386e3b2941093897d8d746-1439660284-300x1681.jpg\",\"datePublished\":\"2015-08-15T20:46:37+00:00\",\"dateModified\":\"2024-10-22T12:48:34+00:00\",\"author\":{\"@id\":\"https:\\\/\\\/www.altercampagne.net\\\/#\\\/schema\\\/person\\\/e5b68c803196f649c2152249d262d94a\"},\"breadcrumb\":{\"@id\":\"https:\\\/\\\/www.altercampagne.net\\\/?p=1914#breadcrumb\"},\"inLanguage\":\"fr-FR\",\"potentialAction\":[{\"@type\":\"ReadAction\",\"target\":[\"https:\\\/\\\/www.altercampagne.net\\\/?p=1914\"]}]},{\"@type\":\"ImageObject\",\"inLanguage\":\"fr-FR\",\"@id\":\"https:\\\/\\\/www.altercampagne.net\\\/?p=1914#primaryimage\",\"url\":\"https:\\\/\\\/www.altercampagne.net\\\/wp-content\\\/uploads\\\/2015\\\/08\\\/93d6534d6b386e3b2941093897d8d746-1439660284-300x1681.jpg\",\"contentUrl\":\"https:\\\/\\\/www.altercampagne.net\\\/wp-content\\\/uploads\\\/2015\\\/08\\\/93d6534d6b386e3b2941093897d8d746-1439660284-300x1681.jpg\",\"width\":300,\"height\":168},{\"@type\":\"BreadcrumbList\",\"@id\":\"https:\\\/\\\/www.altercampagne.net\\\/?p=1914#breadcrumb\",\"itemListElement\":[{\"@type\":\"ListItem\",\"position\":1,\"name\":\"Accueil\",\"item\":\"https:\\\/\\\/www.altercampagne.net\\\/\"},{\"@type\":\"ListItem\",\"position\":2,\"name\":\"Les cyclistes de l&rsquo;AlterTour en Belgique ce samedi\"}]},{\"@type\":\"WebSite\",\"@id\":\"https:\\\/\\\/www.altercampagne.net\\\/#website\",\"url\":\"https:\\\/\\\/www.altercampagne.net\\\/\",\"name\":\"AlterTour\",\"description\":\"Reliez les Alternatives \u00e0 v\u00e9lo\",\"potentialAction\":[{\"@type\":\"SearchAction\",\"target\":{\"@type\":\"EntryPoint\",\"urlTemplate\":\"https:\\\/\\\/www.altercampagne.net\\\/?s={search_term_string}\"},\"query-input\":{\"@type\":\"PropertyValueSpecification\",\"valueRequired\":true,\"valueName\":\"search_term_string\"}}],\"inLanguage\":\"fr-FR\"},{\"@type\":\"Person\",\"@id\":\"https:\\\/\\\/www.altercampagne.net\\\/#\\\/schema\\\/person\\\/e5b68c803196f649c2152249d262d94a\",\"name\":\"AlterTour\",\"image\":{\"@type\":\"ImageObject\",\"inLanguage\":\"fr-FR\",\"@id\":\"https:\\\/\\\/secure.gravatar.com\\\/avatar\\\/3f2ed77f8506b8ea264ad5938bb0114bfa10f35b64086a66dfbb6e9f58ad9693?s=96&d=mm&r=g\",\"url\":\"https:\\\/\\\/secure.gravatar.com\\\/avatar\\\/3f2ed77f8506b8ea264ad5938bb0114bfa10f35b64086a66dfbb6e9f58ad9693?s=96&d=mm&r=g\",\"contentUrl\":\"https:\\\/\\\/secure.gravatar.com\\\/avatar\\\/3f2ed77f8506b8ea264ad5938bb0114bfa10f35b64086a66dfbb6e9f58ad9693?s=96&d=mm&r=g\",\"caption\":\"AlterTour\"},\"url\":\"https:\\\/\\\/www.altercampagne.net\\\/?author=215\"}]}<\/script>\n<!-- \/ Yoast SEO plugin. -->","yoast_head_json":{"title":"Les cyclistes de l'AlterTour en Belgique ce samedi - AlterTour","robots":{"index":"index","follow":"follow","max-snippet":"max-snippet:-1","max-image-preview":"max-image-preview:large","max-video-preview":"max-video-preview:-1"},"canonical":"https:\/\/www.altercampagne.net\/?p=1914","og_locale":"fr_FR","og_type":"article","og_title":"Les cyclistes de l'AlterTour en Belgique ce samedi - AlterTour","og_description":"les 50 cyclistes sont arriv\u00e9s sous la pluie \u00e0 la ferme de Bernard et M\u00e9lanie \u00e0 Oeudeghien &#8211; \u00a9 Manu Delporte &nbsp;L&rsquo;AlterTour, c&rsquo;est tour cycliste alternatif entre le nord de la France, la Belgique et le Luxembourg. 1200 km, 35 \u00e9tapes et un mot d&rsquo;ordre : pas de comp\u00e9tition. L&rsquo;id\u00e9e ... Read More","og_url":"https:\/\/www.altercampagne.net\/?p=1914","og_site_name":"AlterTour","article_published_time":"2015-08-15T20:46:37+00:00","article_modified_time":"2024-10-22T12:48:34+00:00","og_image":[{"width":300,"height":168,"url":"https:\/\/www.altercampagne.net\/wp-content\/uploads\/2015\/08\/93d6534d6b386e3b2941093897d8d746-1439660284-300x1681.jpg","type":"image\/jpeg"}],"author":"AlterTour","twitter_card":"summary_large_image","twitter_misc":{"\u00c9crit par":"AlterTour","Dur\u00e9e de lecture estim\u00e9e":"3 minutes"},"schema":{"@context":"https:\/\/schema.org","@graph":[{"@type":"Article","@id":"https:\/\/www.altercampagne.net\/?p=1914#article","isPartOf":{"@id":"https:\/\/www.altercampagne.net\/?p=1914"},"author":{"name":"AlterTour","@id":"https:\/\/www.altercampagne.net\/#\/schema\/person\/e5b68c803196f649c2152249d262d94a"},"headline":"Les cyclistes de l&rsquo;AlterTour en Belgique ce samedi","datePublished":"2015-08-15T20:46:37+00:00","dateModified":"2024-10-22T12:48:34+00:00","mainEntityOfPage":{"@id":"https:\/\/www.altercampagne.net\/?p=1914"},"wordCount":411,"image":{"@id":"https:\/\/www.altercampagne.net\/?p=1914#primaryimage"},"thumbnailUrl":"https:\/\/www.altercampagne.net\/wp-content\/uploads\/2015\/08\/93d6534d6b386e3b2941093897d8d746-1439660284-300x1681.jpg","keywords":["belgique","climat","AlterTour 2015","cop21","permaculture","ath","Oeudeghien","Frasnes","luc sarlet","Mouscron","Herseaux","R\u00e9gion wallonne","province de Hainaut","Frasnes-lez-Anvaing"],"articleSection":["Agriculture","Belgique","Revue de presse","\u00c9dition 2015"],"inLanguage":"fr-FR"},{"@type":"WebPage","@id":"https:\/\/www.altercampagne.net\/?p=1914","url":"https:\/\/www.altercampagne.net\/?p=1914","name":"Les cyclistes de l'AlterTour en Belgique ce samedi - AlterTour","isPartOf":{"@id":"https:\/\/www.altercampagne.net\/#website"},"primaryImageOfPage":{"@id":"https:\/\/www.altercampagne.net\/?p=1914#primaryimage"},"image":{"@id":"https:\/\/www.altercampagne.net\/?p=1914#primaryimage"},"thumbnailUrl":"https:\/\/www.altercampagne.net\/wp-content\/uploads\/2015\/08\/93d6534d6b386e3b2941093897d8d746-1439660284-300x1681.jpg","datePublished":"2015-08-15T20:46:37+00:00","dateModified":"2024-10-22T12:48:34+00:00","author":{"@id":"https:\/\/www.altercampagne.net\/#\/schema\/person\/e5b68c803196f649c2152249d262d94a"},"breadcrumb":{"@id":"https:\/\/www.altercampagne.net\/?p=1914#breadcrumb"},"inLanguage":"fr-FR","potentialAction":[{"@type":"ReadAction","target":["https:\/\/www.altercampagne.net\/?p=1914"]}]},{"@type":"ImageObject","inLanguage":"fr-FR","@id":"https:\/\/www.altercampagne.net\/?p=1914#primaryimage","url":"https:\/\/www.altercampagne.net\/wp-content\/uploads\/2015\/08\/93d6534d6b386e3b2941093897d8d746-1439660284-300x1681.jpg","contentUrl":"https:\/\/www.altercampagne.net\/wp-content\/uploads\/2015\/08\/93d6534d6b386e3b2941093897d8d746-1439660284-300x1681.jpg","width":300,"height":168},{"@type":"BreadcrumbList","@id":"https:\/\/www.altercampagne.net\/?p=1914#breadcrumb","itemListElement":[{"@type":"ListItem","position":1,"name":"Accueil","item":"https:\/\/www.altercampagne.net\/"},{"@type":"ListItem","position":2,"name":"Les cyclistes de l&rsquo;AlterTour en Belgique ce samedi"}]},{"@type":"WebSite","@id":"https:\/\/www.altercampagne.net\/#website","url":"https:\/\/www.altercampagne.net\/","name":"AlterTour","description":"Reliez les Alternatives \u00e0 v\u00e9lo","potentialAction":[{"@type":"SearchAction","target":{"@type":"EntryPoint","urlTemplate":"https:\/\/www.altercampagne.net\/?s={search_term_string}"},"query-input":{"@type":"PropertyValueSpecification","valueRequired":true,"valueName":"search_term_string"}}],"inLanguage":"fr-FR"},{"@type":"Person","@id":"https:\/\/www.altercampagne.net\/#\/schema\/person\/e5b68c803196f649c2152249d262d94a","name":"AlterTour","image":{"@type":"ImageObject","inLanguage":"fr-FR","@id":"https:\/\/secure.gravatar.com\/avatar\/3f2ed77f8506b8ea264ad5938bb0114bfa10f35b64086a66dfbb6e9f58ad9693?s=96&d=mm&r=g","url":"https:\/\/secure.gravatar.com\/avatar\/3f2ed77f8506b8ea264ad5938bb0114bfa10f35b64086a66dfbb6e9f58ad9693?s=96&d=mm&r=g","contentUrl":"https:\/\/secure.gravatar.com\/avatar\/3f2ed77f8506b8ea264ad5938bb0114bfa10f35b64086a66dfbb6e9f58ad9693?s=96&d=mm&r=g","caption":"AlterTour"},"url":"https:\/\/www.altercampagne.net\/?author=215"}]}},"_links":{"self":[{"href":"https:\/\/www.altercampagne.net\/index.php?rest_route=\/wp\/v2\/posts\/1914","targetHints":{"allow":["GET"]}}],"collection":[{"href":"https:\/\/www.altercampagne.net\/index.php?rest_route=\/wp\/v2\/posts"}],"about":[{"href":"https:\/\/www.altercampagne.net\/index.php?rest_route=\/wp\/v2\/types\/post"}],"author":[{"embeddable":true,"href":"https:\/\/www.altercampagne.net\/index.php?rest_route=\/wp\/v2\/users\/215"}],"replies":[{"embeddable":true,"href":"https:\/\/www.altercampagne.net\/index.php?rest_route=%2Fwp%2Fv2%2Fcomments&post=1914"}],"version-history":[{"count":1,"href":"https:\/\/www.altercampagne.net\/index.php?rest_route=\/wp\/v2\/posts\/1914\/revisions"}],"predecessor-version":[{"id":28786,"href":"https:\/\/www.altercampagne.net\/index.php?rest_route=\/wp\/v2\/posts\/1914\/revisions\/28786"}],"wp:featuredmedia":[{"embeddable":true,"href":"https:\/\/www.altercampagne.net\/index.php?rest_route=\/wp\/v2\/media\/15608"}],"wp:attachment":[{"href":"https:\/\/www.altercampagne.net\/index.php?rest_route=%2Fwp%2Fv2%2Fmedia&parent=1914"}],"wp:term":[{"taxonomy":"category","embeddable":true,"href":"https:\/\/www.altercampagne.net\/index.php?rest_route=%2Fwp%2Fv2%2Fcategories&post=1914"},{"taxonomy":"post_tag","embeddable":true,"href":"https:\/\/www.altercampagne.net\/index.php?rest_route=%2Fwp%2Fv2%2Ftags&post=1914"}],"curies":[{"name":"wp","href":"https:\/\/api.w.org\/{rel}","templated":true}]}}