{"id":1916,"date":"2015-08-04T22:51:33","date_gmt":"2015-08-04T20:51:33","guid":{"rendered":"http:\/\/www.altercampagne.net\/?p=1916"},"modified":"2018-01-10T15:57:48","modified_gmt":"2018-01-10T14:57:48","slug":"laltertour-a-fait-etape-a-gedinne","status":"publish","type":"post","link":"https:\/\/www.altercampagne.net\/?p=1916","title":{"rendered":"L&rsquo;AlterTour a fait \u00e9tape \u00e0 Gedinne"},"content":{"rendered":"<p><img decoding=\"async\" id=\"media-258355\" title=\"\" src=\"http:\/\/static.blogs.sudinfo.be\/media\/33\/11782500_1642800892634407_7248770346849830826_o.jpg\" alt=\"11782500_1642800892634407_7248770346849830826_o.jpg\" \/><br \/>\nPhoto: Yvon Colsoulle<\/p>\n<p><img decoding=\"async\" id=\"media-258368\" title=\"\" src=\"http:\/\/static.blogs.sudinfo.be\/media\/33\/11011739_1642800492634447_3151520818516695319_o.jpg\" alt=\"11011739_1642800492634447_3151520818516695319_o.jpg\" \/><br \/>\nPhoto: Yvon Colsoulle<\/p>\n<p>Organis\u00e9e par les <strong>Incroyables Comestibles<\/strong> <strong>Gedinne<\/strong>, le <strong>Repair Caf\u00e9<\/strong>, <strong>Gedisel<\/strong>, <strong>Natagora Lesse Houille<\/strong>, <strong>Graines d\u2019adultes<\/strong>, l&rsquo;<strong>ACRF<\/strong>, et <strong>les Fauvettes<\/strong>, la halte-\u00e9tape de l&rsquo;<strong>Alter Tour 2015 \u00e0 Gedinne<\/strong> fut riche d&rsquo;activit\u00e9s bas\u00e9es sur les alternatives au d\u00e9r\u00e8glement climatique, \u00e0 notre consommation effr\u00e9n\u00e9e et au fonctionnement de notre soci\u00e9t\u00e9.<\/p>\n<p><img decoding=\"async\" id=\"media-258356\" title=\"\" src=\"http:\/\/static.blogs.sudinfo.be\/media\/33\/3460338503.jpg\" alt=\"IMG_5202.jpg\" \/><\/p>\n<p><img decoding=\"async\" id=\"media-258357\" title=\"\" src=\"http:\/\/static.blogs.sudinfo.be\/media\/33\/3634878482.jpg\" alt=\"IMG_5192.jpg\" \/><\/p>\n<p>Parti le 18 juillet de Bar-le-Duc, l&rsquo;AlterTour se compose de 250 cyclistes qui se relaient pour faire un parcours de 1200 km passant par la Belgique et le Luxembourg avant de rallier le 23 ao\u00fbt Calais.<\/p>\n<p><img decoding=\"async\" id=\"media-258360\" title=\"\" src=\"http:\/\/static.blogs.sudinfo.be\/media\/33\/3941834330.jpg\" alt=\"IMG_5287.jpg\" \/><\/p>\n<p><img decoding=\"async\" id=\"media-258358\" title=\"\" src=\"http:\/\/static.blogs.sudinfo.be\/media\/33\/1756494049.jpg\" alt=\"IMG_5243.jpg\" \/><\/p>\n<p>A chaque \u00e9tape, de multiples associations investies \u00a0dans le \u00ab\u00a0Vivre mieux, vivre plus sain pour nous et pour notre plan\u00e8te\u00a0\u00bb &#8211; vaste programme pour inventer la soci\u00e9t\u00e9 de demain ! &#8211; les\u00a0accueillent\u00a0et par la m\u00eame occasion, organisent\u00a0des ateliers pour mieux faire connaitre au public leurs actions locales.<\/p>\n<p><img decoding=\"async\" id=\"media-258359\" title=\"\" src=\"http:\/\/static.blogs.sudinfo.be\/media\/33\/2498091311.jpg\" alt=\"IMG_5271.jpg\" \/><\/p>\n<p><img decoding=\"async\" id=\"media-258364\" title=\"\" src=\"http:\/\/static.blogs.sudinfo.be\/media\/33\/11817218_1642796439301519_7738587693530546787_n.jpg\" alt=\"11817218_1642796439301519_7738587693530546787_n.jpg\" \/><br \/>\nPhoto: Yvon Colsoulle<\/p>\n<p>Cette \u00e9tape fut, entre deux farandoles, l&rsquo;occasion de conversations, d&rsquo;\u00e9changes de points de vue et de d\u00e9couvertes quant aux activit\u00e9s possibles pour <strong>conscientiser et impliquer chacun \u00e0 am\u00e9liorer sa fa\u00e7on de vivre<\/strong>.<\/p>\n<p><strong>VOIR TOUTES LES PHOTOS DE JFK:<\/strong><\/p>\n<p><strong><a href=\"http:\/\/www.kreutzjf.be\/15JuilletAlterTourGedinne\/\" target=\"_blank\" rel=\"noopener\">http:\/\/www.kreutzjf.be\/15JuilletAlterTourGedinne\/<\/a><\/strong><\/p>\n<p><strong>En savoir plus sur l&rsquo;AlterTour et l&rsquo;AlterCampagne:<\/strong> <strong><a href=\"http:\/\/www.altercampagne.net\/\" target=\"_blank\" rel=\"noopener\">http:\/\/www.altercampagne.net\/<\/a><\/strong><\/p>\n<p><img decoding=\"async\" id=\"media-258367\" title=\"\" src=\"http:\/\/static.blogs.sudinfo.be\/media\/33\/4099408733.jpg\" alt=\"IMG_5229.jpg\" \/><\/p>\n<p><img decoding=\"async\" id=\"media-258362\" title=\"\" src=\"http:\/\/static.blogs.sudinfo.be\/media\/33\/3559910207.jpg\" alt=\"IMG_5293.jpg\" \/><\/p>\n<p>JFK<\/p>\n","protected":false},"excerpt":{"rendered":"<p>Photo: Yvon Colsoulle Photo: Yvon Colsoulle Organis\u00e9e par les Incroyables Comestibles Gedinne, le Repair Caf\u00e9, Gedisel, Natagora Lesse Houille, Graines d\u2019adultes, l&rsquo;ACRF, et les Fauvettes, la halte-\u00e9tape de l&rsquo;Alter Tour 2015 \u00e0 Gedinne fut riche d&rsquo;activit\u00e9s bas\u00e9es sur les alternatives au d\u00e9r\u00e8glement climatique, \u00e0 notre consommation effr\u00e9n\u00e9e et au fonctionnement &#8230; <\/p>\n<div><a href=\"https:\/\/www.altercampagne.net\/?p=1916\" class=\"more-link\">Read More<\/a><\/div>\n","protected":false},"author":214,"featured_media":0,"comment_status":"closed","ping_status":"closed","sticky":false,"template":"","format":"standard","meta":{"footnotes":""},"categories":[239],"tags":[1505,1681,1680,1672,1525,1524,1523,1522,1521,23,771,369,233,226,225,192,44,29],"class_list":["post-1916","post","type-post","status-publish","format-standard","hentry","category-revue-de-presse","tag-region-wallonne","tag-fauvettes","tag-wallon","tag-1672","tag-acrf","tag-graines-dadultes","tag-natagora-lesse-houille","tag-gedisel","tag-province-de-namur","tag-belgique","tag-incroyables-comestibles-gedinne","tag-incroyables-comestibes","tag-cop21","tag-repair-cafe","tag-gedinne","tag-altertour-2015","tag-climat","tag-namur","no-post-thumbnail"],"yoast_head":"<!-- This site is optimized with the Yoast SEO plugin v27.3 - https:\/\/yoast.com\/product\/yoast-seo-wordpress\/ -->\n<title>L&#039;AlterTour a fait \u00e9tape \u00e0 Gedinne - AlterTour<\/title>\n<meta name=\"robots\" content=\"index, follow, max-snippet:-1, max-image-preview:large, max-video-preview:-1\" \/>\n<link rel=\"canonical\" href=\"https:\/\/www.altercampagne.net\/?p=1916\" \/>\n<meta property=\"og:locale\" content=\"fr_FR\" \/>\n<meta property=\"og:type\" content=\"article\" \/>\n<meta property=\"og:title\" content=\"L&#039;AlterTour a fait \u00e9tape \u00e0 Gedinne - AlterTour\" \/>\n<meta property=\"og:description\" content=\"Photo: Yvon Colsoulle Photo: Yvon Colsoulle Organis\u00e9e par les Incroyables Comestibles Gedinne, le Repair Caf\u00e9, Gedisel, Natagora Lesse Houille, Graines d\u2019adultes, l&rsquo;ACRF, et les Fauvettes, la halte-\u00e9tape de l&rsquo;Alter Tour 2015 \u00e0 Gedinne fut riche d&rsquo;activit\u00e9s bas\u00e9es sur les alternatives au d\u00e9r\u00e8glement climatique, \u00e0 notre consommation effr\u00e9n\u00e9e et au fonctionnement ... Read More\" \/>\n<meta property=\"og:url\" content=\"https:\/\/www.altercampagne.net\/?p=1916\" \/>\n<meta property=\"og:site_name\" content=\"AlterTour\" \/>\n<meta property=\"article:published_time\" content=\"2015-08-04T20:51:33+00:00\" \/>\n<meta property=\"article:modified_time\" content=\"2018-01-10T14:57:48+00:00\" \/>\n<meta property=\"og:image\" content=\"http:\/\/static.blogs.sudinfo.be\/media\/33\/11782500_1642800892634407_7248770346849830826_o.jpg\" \/>\n<meta name=\"author\" content=\"Mathieu\" \/>\n<meta name=\"twitter:card\" content=\"summary_large_image\" \/>\n<meta name=\"twitter:label1\" content=\"\u00c9crit par\" \/>\n\t<meta name=\"twitter:data1\" content=\"Mathieu\" \/>\n\t<meta name=\"twitter:label2\" content=\"Dur\u00e9e de lecture estim\u00e9e\" \/>\n\t<meta name=\"twitter:data2\" content=\"1 minute\" \/>\n<script type=\"application\/ld+json\" class=\"yoast-schema-graph\">{\"@context\":\"https:\\\/\\\/schema.org\",\"@graph\":[{\"@type\":\"Article\",\"@id\":\"https:\\\/\\\/www.altercampagne.net\\\/?p=1916#article\",\"isPartOf\":{\"@id\":\"https:\\\/\\\/www.altercampagne.net\\\/?p=1916\"},\"author\":{\"name\":\"Mathieu\",\"@id\":\"https:\\\/\\\/www.altercampagne.net\\\/#\\\/schema\\\/person\\\/0f261460c09e430caa0f9bcffa319109\"},\"headline\":\"L&rsquo;AlterTour a fait \u00e9tape \u00e0 Gedinne\",\"datePublished\":\"2015-08-04T20:51:33+00:00\",\"dateModified\":\"2018-01-10T14:57:48+00:00\",\"mainEntityOfPage\":{\"@id\":\"https:\\\/\\\/www.altercampagne.net\\\/?p=1916\"},\"wordCount\":220,\"image\":{\"@id\":\"https:\\\/\\\/www.altercampagne.net\\\/?p=1916#primaryimage\"},\"thumbnailUrl\":\"http:\\\/\\\/static.blogs.sudinfo.be\\\/media\\\/33\\\/11782500_1642800892634407_7248770346849830826_o.jpg\",\"keywords\":[\"R\u00e9gion wallonne\",\"Fauvettes\",\"wallon\",\"2015\",\"ACRF\",\"Graines d\u2019adultes\",\"Natagora Lesse Houille\",\"Gedisel\",\"province de Namur\",\"belgique\",\"Incroyables Comestibles Gedinne\",\"incroyables comestibes\",\"cop21\",\"Repair caf\u00e9\",\"Gedinne\",\"AlterTour 2015\",\"climat\",\"Namur\"],\"articleSection\":[\"Revue de presse\"],\"inLanguage\":\"fr-FR\"},{\"@type\":\"WebPage\",\"@id\":\"https:\\\/\\\/www.altercampagne.net\\\/?p=1916\",\"url\":\"https:\\\/\\\/www.altercampagne.net\\\/?p=1916\",\"name\":\"L'AlterTour a fait \u00e9tape \u00e0 Gedinne - AlterTour\",\"isPartOf\":{\"@id\":\"https:\\\/\\\/www.altercampagne.net\\\/#website\"},\"primaryImageOfPage\":{\"@id\":\"https:\\\/\\\/www.altercampagne.net\\\/?p=1916#primaryimage\"},\"image\":{\"@id\":\"https:\\\/\\\/www.altercampagne.net\\\/?p=1916#primaryimage\"},\"thumbnailUrl\":\"http:\\\/\\\/static.blogs.sudinfo.be\\\/media\\\/33\\\/11782500_1642800892634407_7248770346849830826_o.jpg\",\"datePublished\":\"2015-08-04T20:51:33+00:00\",\"dateModified\":\"2018-01-10T14:57:48+00:00\",\"author\":{\"@id\":\"https:\\\/\\\/www.altercampagne.net\\\/#\\\/schema\\\/person\\\/0f261460c09e430caa0f9bcffa319109\"},\"breadcrumb\":{\"@id\":\"https:\\\/\\\/www.altercampagne.net\\\/?p=1916#breadcrumb\"},\"inLanguage\":\"fr-FR\",\"potentialAction\":[{\"@type\":\"ReadAction\",\"target\":[\"https:\\\/\\\/www.altercampagne.net\\\/?p=1916\"]}]},{\"@type\":\"ImageObject\",\"inLanguage\":\"fr-FR\",\"@id\":\"https:\\\/\\\/www.altercampagne.net\\\/?p=1916#primaryimage\",\"url\":\"http:\\\/\\\/static.blogs.sudinfo.be\\\/media\\\/33\\\/11782500_1642800892634407_7248770346849830826_o.jpg\",\"contentUrl\":\"http:\\\/\\\/static.blogs.sudinfo.be\\\/media\\\/33\\\/11782500_1642800892634407_7248770346849830826_o.jpg\"},{\"@type\":\"BreadcrumbList\",\"@id\":\"https:\\\/\\\/www.altercampagne.net\\\/?p=1916#breadcrumb\",\"itemListElement\":[{\"@type\":\"ListItem\",\"position\":1,\"name\":\"Accueil\",\"item\":\"https:\\\/\\\/www.altercampagne.net\\\/\"},{\"@type\":\"ListItem\",\"position\":2,\"name\":\"L&rsquo;AlterTour a fait \u00e9tape \u00e0 Gedinne\"}]},{\"@type\":\"WebSite\",\"@id\":\"https:\\\/\\\/www.altercampagne.net\\\/#website\",\"url\":\"https:\\\/\\\/www.altercampagne.net\\\/\",\"name\":\"AlterTour\",\"description\":\"Reliez les Alternatives \u00e0 v\u00e9lo\",\"potentialAction\":[{\"@type\":\"SearchAction\",\"target\":{\"@type\":\"EntryPoint\",\"urlTemplate\":\"https:\\\/\\\/www.altercampagne.net\\\/?s={search_term_string}\"},\"query-input\":{\"@type\":\"PropertyValueSpecification\",\"valueRequired\":true,\"valueName\":\"search_term_string\"}}],\"inLanguage\":\"fr-FR\"},{\"@type\":\"Person\",\"@id\":\"https:\\\/\\\/www.altercampagne.net\\\/#\\\/schema\\\/person\\\/0f261460c09e430caa0f9bcffa319109\",\"name\":\"Mathieu\",\"image\":{\"@type\":\"ImageObject\",\"inLanguage\":\"fr-FR\",\"@id\":\"https:\\\/\\\/secure.gravatar.com\\\/avatar\\\/aa9d3d24c83f2141e5e2709d0f63d09a99f6be6bb7a50abc4915838d9f54501a?s=96&d=mm&r=g\",\"url\":\"https:\\\/\\\/secure.gravatar.com\\\/avatar\\\/aa9d3d24c83f2141e5e2709d0f63d09a99f6be6bb7a50abc4915838d9f54501a?s=96&d=mm&r=g\",\"contentUrl\":\"https:\\\/\\\/secure.gravatar.com\\\/avatar\\\/aa9d3d24c83f2141e5e2709d0f63d09a99f6be6bb7a50abc4915838d9f54501a?s=96&d=mm&r=g\",\"caption\":\"Mathieu\"},\"url\":\"https:\\\/\\\/www.altercampagne.net\\\/?author=214\"}]}<\/script>\n<!-- \/ Yoast SEO plugin. -->","yoast_head_json":{"title":"L'AlterTour a fait \u00e9tape \u00e0 Gedinne - AlterTour","robots":{"index":"index","follow":"follow","max-snippet":"max-snippet:-1","max-image-preview":"max-image-preview:large","max-video-preview":"max-video-preview:-1"},"canonical":"https:\/\/www.altercampagne.net\/?p=1916","og_locale":"fr_FR","og_type":"article","og_title":"L'AlterTour a fait \u00e9tape \u00e0 Gedinne - AlterTour","og_description":"Photo: Yvon Colsoulle Photo: Yvon Colsoulle Organis\u00e9e par les Incroyables Comestibles Gedinne, le Repair Caf\u00e9, Gedisel, Natagora Lesse Houille, Graines d\u2019adultes, l&rsquo;ACRF, et les Fauvettes, la halte-\u00e9tape de l&rsquo;Alter Tour 2015 \u00e0 Gedinne fut riche d&rsquo;activit\u00e9s bas\u00e9es sur les alternatives au d\u00e9r\u00e8glement climatique, \u00e0 notre consommation effr\u00e9n\u00e9e et au fonctionnement ... Read More","og_url":"https:\/\/www.altercampagne.net\/?p=1916","og_site_name":"AlterTour","article_published_time":"2015-08-04T20:51:33+00:00","article_modified_time":"2018-01-10T14:57:48+00:00","og_image":[{"url":"http:\/\/static.blogs.sudinfo.be\/media\/33\/11782500_1642800892634407_7248770346849830826_o.jpg","type":"","width":"","height":""}],"author":"Mathieu","twitter_card":"summary_large_image","twitter_misc":{"\u00c9crit par":"Mathieu","Dur\u00e9e de lecture estim\u00e9e":"1 minute"},"schema":{"@context":"https:\/\/schema.org","@graph":[{"@type":"Article","@id":"https:\/\/www.altercampagne.net\/?p=1916#article","isPartOf":{"@id":"https:\/\/www.altercampagne.net\/?p=1916"},"author":{"name":"Mathieu","@id":"https:\/\/www.altercampagne.net\/#\/schema\/person\/0f261460c09e430caa0f9bcffa319109"},"headline":"L&rsquo;AlterTour a fait \u00e9tape \u00e0 Gedinne","datePublished":"2015-08-04T20:51:33+00:00","dateModified":"2018-01-10T14:57:48+00:00","mainEntityOfPage":{"@id":"https:\/\/www.altercampagne.net\/?p=1916"},"wordCount":220,"image":{"@id":"https:\/\/www.altercampagne.net\/?p=1916#primaryimage"},"thumbnailUrl":"http:\/\/static.blogs.sudinfo.be\/media\/33\/11782500_1642800892634407_7248770346849830826_o.jpg","keywords":["R\u00e9gion wallonne","Fauvettes","wallon","2015","ACRF","Graines d\u2019adultes","Natagora Lesse Houille","Gedisel","province de Namur","belgique","Incroyables Comestibles Gedinne","incroyables comestibes","cop21","Repair caf\u00e9","Gedinne","AlterTour 2015","climat","Namur"],"articleSection":["Revue de presse"],"inLanguage":"fr-FR"},{"@type":"WebPage","@id":"https:\/\/www.altercampagne.net\/?p=1916","url":"https:\/\/www.altercampagne.net\/?p=1916","name":"L'AlterTour a fait \u00e9tape \u00e0 Gedinne - AlterTour","isPartOf":{"@id":"https:\/\/www.altercampagne.net\/#website"},"primaryImageOfPage":{"@id":"https:\/\/www.altercampagne.net\/?p=1916#primaryimage"},"image":{"@id":"https:\/\/www.altercampagne.net\/?p=1916#primaryimage"},"thumbnailUrl":"http:\/\/static.blogs.sudinfo.be\/media\/33\/11782500_1642800892634407_7248770346849830826_o.jpg","datePublished":"2015-08-04T20:51:33+00:00","dateModified":"2018-01-10T14:57:48+00:00","author":{"@id":"https:\/\/www.altercampagne.net\/#\/schema\/person\/0f261460c09e430caa0f9bcffa319109"},"breadcrumb":{"@id":"https:\/\/www.altercampagne.net\/?p=1916#breadcrumb"},"inLanguage":"fr-FR","potentialAction":[{"@type":"ReadAction","target":["https:\/\/www.altercampagne.net\/?p=1916"]}]},{"@type":"ImageObject","inLanguage":"fr-FR","@id":"https:\/\/www.altercampagne.net\/?p=1916#primaryimage","url":"http:\/\/static.blogs.sudinfo.be\/media\/33\/11782500_1642800892634407_7248770346849830826_o.jpg","contentUrl":"http:\/\/static.blogs.sudinfo.be\/media\/33\/11782500_1642800892634407_7248770346849830826_o.jpg"},{"@type":"BreadcrumbList","@id":"https:\/\/www.altercampagne.net\/?p=1916#breadcrumb","itemListElement":[{"@type":"ListItem","position":1,"name":"Accueil","item":"https:\/\/www.altercampagne.net\/"},{"@type":"ListItem","position":2,"name":"L&rsquo;AlterTour a fait \u00e9tape \u00e0 Gedinne"}]},{"@type":"WebSite","@id":"https:\/\/www.altercampagne.net\/#website","url":"https:\/\/www.altercampagne.net\/","name":"AlterTour","description":"Reliez les Alternatives \u00e0 v\u00e9lo","potentialAction":[{"@type":"SearchAction","target":{"@type":"EntryPoint","urlTemplate":"https:\/\/www.altercampagne.net\/?s={search_term_string}"},"query-input":{"@type":"PropertyValueSpecification","valueRequired":true,"valueName":"search_term_string"}}],"inLanguage":"fr-FR"},{"@type":"Person","@id":"https:\/\/www.altercampagne.net\/#\/schema\/person\/0f261460c09e430caa0f9bcffa319109","name":"Mathieu","image":{"@type":"ImageObject","inLanguage":"fr-FR","@id":"https:\/\/secure.gravatar.com\/avatar\/aa9d3d24c83f2141e5e2709d0f63d09a99f6be6bb7a50abc4915838d9f54501a?s=96&d=mm&r=g","url":"https:\/\/secure.gravatar.com\/avatar\/aa9d3d24c83f2141e5e2709d0f63d09a99f6be6bb7a50abc4915838d9f54501a?s=96&d=mm&r=g","contentUrl":"https:\/\/secure.gravatar.com\/avatar\/aa9d3d24c83f2141e5e2709d0f63d09a99f6be6bb7a50abc4915838d9f54501a?s=96&d=mm&r=g","caption":"Mathieu"},"url":"https:\/\/www.altercampagne.net\/?author=214"}]}},"_links":{"self":[{"href":"https:\/\/www.altercampagne.net\/index.php?rest_route=\/wp\/v2\/posts\/1916","targetHints":{"allow":["GET"]}}],"collection":[{"href":"https:\/\/www.altercampagne.net\/index.php?rest_route=\/wp\/v2\/posts"}],"about":[{"href":"https:\/\/www.altercampagne.net\/index.php?rest_route=\/wp\/v2\/types\/post"}],"author":[{"embeddable":true,"href":"https:\/\/www.altercampagne.net\/index.php?rest_route=\/wp\/v2\/users\/214"}],"replies":[{"embeddable":true,"href":"https:\/\/www.altercampagne.net\/index.php?rest_route=%2Fwp%2Fv2%2Fcomments&post=1916"}],"version-history":[{"count":0,"href":"https:\/\/www.altercampagne.net\/index.php?rest_route=\/wp\/v2\/posts\/1916\/revisions"}],"wp:attachment":[{"href":"https:\/\/www.altercampagne.net\/index.php?rest_route=%2Fwp%2Fv2%2Fmedia&parent=1916"}],"wp:term":[{"taxonomy":"category","embeddable":true,"href":"https:\/\/www.altercampagne.net\/index.php?rest_route=%2Fwp%2Fv2%2Fcategories&post=1916"},{"taxonomy":"post_tag","embeddable":true,"href":"https:\/\/www.altercampagne.net\/index.php?rest_route=%2Fwp%2Fv2%2Ftags&post=1916"}],"curies":[{"name":"wp","href":"https:\/\/api.w.org\/{rel}","templated":true}]}}